{"id":271080,"date":"2025-06-06T08:04:33","date_gmt":"2025-06-06T06:04:33","guid":{"rendered":"https:\/\/tuzlainfo.ba\/?p=271080"},"modified":"2025-06-05T17:59:01","modified_gmt":"2025-06-05T15:59:01","slug":"bajramska-cestitka-muftije-tuzlanskog-dr-vahid-ef-fazlovica","status":"publish","type":"post","link":"https:\/\/tuzlainfo.ba\/index.php\/novosti\/item\/271080-bajramska-cestitka-muftije-tuzlanskog-dr-vahid-ef-fazlovica\/","title":{"rendered":"Bajramska \u010destitka muftije tuzlanskog dr. Vahid-ef. Fazlovi\u0107a"},"content":{"rendered":"<p data-start=\"0\" data-end=\"288\">Muftija tuzlanski Vahid-ef. Fazlovi\u0107 uputio je bajramsku \u010destitku svim muslimanima povodom nastupaju\u0107eg Kurban-bajrama. U poruci vjernicima isti\u010de va\u017enost ibadeta, zajedni\u0161tva i \u010dinjenja dobra, posebno u danima kada se muslimani \u0161irom svijeta okupljaju u molitvi i predanosti Stvoritelju.<\/p>\n<p data-start=\"290\" data-end=\"341\">Prenosimo \u010destitku muftije Fazlovi\u0107a u cijelosti:<\/p>\n<p>Draga bra\u0107o, po\u0161tovane sestre!<\/p>\n<p>U proteklim mubarek-danima mjeseca zul-hid\u017ed\u017eeta muslimani su se intenzivno pripremali za susret sa svojim najve\u0107im blagdanom, i za obavljanje ibadeta had\u017ea i kurbana. Ovi temeljni ibadeti na\u0161e vjere nam poma\u017eu da bogobojaznost u\u010dvrstimo, da obnovimo i oja\u010damo svijest o Bo\u017eijoj svemo\u0107i i o na\u0161oj odgovornosti pred Svevi\u0161njim za sve \u0161to \u010dinimo.<\/p>\n<p>S tim ciljem su se u ovom velikom danu sa svih strana svijeta okupili milioni hodo\u010dasnika da na Arefatu, u blizini \u010casne Mekke, Gospodara svjetova ponizno mole za dobro ovog i budu\u0107eg svijeta.<\/p>\n<p>Tako\u0111er, prino\u0161enjem kurbanske \u017ertve svi mi iskazujemo duboku predanost pozivu Stvoritelja Mudrog u \u010cijem okrilju je milost i za\u0161tita za sve ljude. Njemu Svemilosnom skru\u0161eno upu\u0107ujemo svoje dove da na\u0161e kurbane primi i da ih u\u010dini zalogom sigurnosti i napretka na\u0161ih porodica.<\/p>\n<p>Vjernici i vjernice!<\/p>\n<p>Oslanjajmo se u svom \u017eivotu na Dragog Boga i gradimo me\u0111usobno povjerenje. Ovi blagoslovljeni dani su dragocjena prilika da muslimani svojom obnovljenom duhovnom snagom i bajramskim zajedni\u0161tvom osna\u017ee i u\u010dvrste me\u0111usobne spone. Istovremeno, Bajram nas svojim univerzalnim na\u010delima i porukama povezuje sa svim drugim ljudima.<\/p>\n<p>Neka su nam posebno na umu oni kojima je na\u0161a pa\u017enja i pomo\u0107 najpotrebnija. Najljep\u0161a manifestacija vjere je \u010diniti dobro ljudima.<\/p>\n<p>Svim muslimanima, vjernicima u ovom dijelu na\u0161e domovine Bosne i Hercegovine, svim d\u017eematlijama Muftiluka tuzlanskog, upu\u0107ujem srda\u010dne \u010destitke povodom Kurban-bajrama.<\/p>\n","protected":false},"excerpt":{"rendered":"<p>Muftija tuzlanski Vahid-ef. Fazlovi\u0107 uputio je bajramsku \u010destitku svim muslimanima povodom nastupaju\u0107eg Kurban-bajrama. U poruci vjernicima isti\u010de va\u017enost ibadeta, zajedni\u0161tva i \u010dinjenja dobra, posebno u danima kada se muslimani \u0161irom svijeta okupljaju u molitvi i predanosti Stvoritelju. Prenosimo \u010destitku muftije Fazlovi\u0107a u cijelosti: Draga bra\u0107o, po\u0161tovane sestre! U proteklim mubarek-danima mjeseca zul-hid\u017ed\u017eeta muslimani su se [&hellip;]<\/p>\n","protected":false},"author":4,"featured_media":135373,"comment_status":"closed","ping_status":"closed","sticky":false,"template":"","format":"standard","meta":{"footnotes":""},"categories":[304,12],"tags":[1846,507],"class_list":["post-271080","post","type-post","status-publish","format-standard","has-post-thumbnail","hentry","category-istaknuto","category-novosti","tag-kurban-bajram","tag-vahid-ef-fazlovic"],"yoast_head":"<!-- This site is optimized with the Yoast SEO plugin v28.4 - https:\/\/yoast.com\/product\/yoast-seo-wordpress\/ -->\n<title>Bajramska \u010destitka muftije tuzlanskog dr. Vahid-ef. Fazlovi\u0107a<\/title>\n<meta name=\"robots\" content=\"index, follow, max-snippet:-1, max-image-preview:large, max-video-preview:-1\" \/>\n<link rel=\"canonical\" href=\"https:\/\/tuzlainfo.ba\/index.php\/novosti\/item\/271080-bajramska-cestitka-muftije-tuzlanskog-dr-vahid-ef-fazlovica\/\" \/>\n<meta property=\"og:locale\" content=\"bs_BA\" \/>\n<meta property=\"og:type\" content=\"article\" \/>\n<meta property=\"og:title\" content=\"Bajramska \u010destitka muftije tuzlanskog dr. Vahid-ef. Fazlovi\u0107a\" \/>\n<meta property=\"og:description\" content=\"Muftija tuzlanski Vahid-ef. Fazlovi\u0107 uputio je bajramsku \u010destitku svim muslimanima povodom nastupaju\u0107eg Kurban-bajrama. U poruci vjernicima isti\u010de va\u017enost ibadeta, zajedni\u0161tva i \u010dinjenja dobra, posebno u danima kada se muslimani \u0161irom svijeta okupljaju u molitvi i predanosti Stvoritelju. Prenosimo \u010destitku muftije Fazlovi\u0107a u cijelosti: Draga bra\u0107o, po\u0161tovane sestre! U proteklim mubarek-danima mjeseca zul-hid\u017ed\u017eeta muslimani su se [&hellip;]\" \/>\n<meta property=\"og:url\" content=\"https:\/\/tuzlainfo.ba\/index.php\/novosti\/item\/271080-bajramska-cestitka-muftije-tuzlanskog-dr-vahid-ef-fazlovica\/\" \/>\n<meta property=\"og:site_name\" content=\"TuzlaInfo.ba\" \/>\n<meta property=\"article:publisher\" content=\"https:\/\/www.facebook.com\/tuzlainfo.ba\/\" \/>\n<meta property=\"article:published_time\" content=\"2025-06-06T06:04:33+00:00\" \/>\n<meta property=\"og:image\" content=\"https:\/\/tuzlainfo.ba\/wp-content\/uploads\/2021\/04\/1204_muftija_fazlovic.jpg\" \/>\n\t<meta property=\"og:image:width\" content=\"1100\" \/>\n\t<meta property=\"og:image:height\" content=\"733\" \/>\n\t<meta property=\"og:image:type\" content=\"image\/jpeg\" \/>\n<meta name=\"author\" content=\"Tuzla Info\" \/>\n<meta name=\"twitter:card\" content=\"summary_large_image\" \/>\n<meta name=\"twitter:label1\" content=\"Written by\" \/>\n\t<meta name=\"twitter:data1\" content=\"Tuzla Info\" \/>\n\t<meta name=\"twitter:label2\" content=\"Est. reading time\" \/>\n\t<meta name=\"twitter:data2\" content=\"2 minute\" \/>\n<script type=\"application\/ld+json\" class=\"yoast-schema-graph\">{\"@context\":\"https:\\\/\\\/schema.org\",\"@graph\":[{\"@type\":\"Article\",\"@id\":\"https:\\\/\\\/tuzlainfo.ba\\\/index.php\\\/novosti\\\/item\\\/271080-bajramska-cestitka-muftije-tuzlanskog-dr-vahid-ef-fazlovica\\\/#article\",\"isPartOf\":{\"@id\":\"https:\\\/\\\/tuzlainfo.ba\\\/index.php\\\/novosti\\\/item\\\/271080-bajramska-cestitka-muftije-tuzlanskog-dr-vahid-ef-fazlovica\\\/\"},\"author\":{\"name\":\"Tuzla Info\",\"@id\":\"https:\\\/\\\/tuzlainfo.ba\\\/#\\\/schema\\\/person\\\/46cad4c57790cbc50781edd14870825a\"},\"headline\":\"Bajramska \u010destitka muftije tuzlanskog dr. Vahid-ef. Fazlovi\u0107a\",\"datePublished\":\"2025-06-06T06:04:33+00:00\",\"mainEntityOfPage\":{\"@id\":\"https:\\\/\\\/tuzlainfo.ba\\\/index.php\\\/novosti\\\/item\\\/271080-bajramska-cestitka-muftije-tuzlanskog-dr-vahid-ef-fazlovica\\\/\"},\"wordCount\":312,\"publisher\":{\"@id\":\"https:\\\/\\\/tuzlainfo.ba\\\/#organization\"},\"image\":{\"@id\":\"https:\\\/\\\/tuzlainfo.ba\\\/index.php\\\/novosti\\\/item\\\/271080-bajramska-cestitka-muftije-tuzlanskog-dr-vahid-ef-fazlovica\\\/#primaryimage\"},\"thumbnailUrl\":\"https:\\\/\\\/tuzlainfo.ba\\\/wp-content\\\/uploads\\\/2021\\\/04\\\/1204_muftija_fazlovic.jpg\",\"keywords\":[\"kurban bajram\",\"Vahid-ef. Fazlovi\u0107\"],\"articleSection\":[\"Istaknuto\",\"Novosti\"],\"inLanguage\":\"bs-BA\",\"copyrightYear\":\"2025\",\"copyrightHolder\":{\"@id\":\"https:\\\/\\\/tuzlainfo.ba\\\/#organization\"}},{\"@type\":\"WebPage\",\"@id\":\"https:\\\/\\\/tuzlainfo.ba\\\/index.php\\\/novosti\\\/item\\\/271080-bajramska-cestitka-muftije-tuzlanskog-dr-vahid-ef-fazlovica\\\/\",\"url\":\"https:\\\/\\\/tuzlainfo.ba\\\/index.php\\\/novosti\\\/item\\\/271080-bajramska-cestitka-muftije-tuzlanskog-dr-vahid-ef-fazlovica\\\/\",\"name\":\"Bajramska \u010destitka muftije tuzlanskog dr. Vahid-ef. Fazlovi\u0107a\",\"isPartOf\":{\"@id\":\"https:\\\/\\\/tuzlainfo.ba\\\/#website\"},\"primaryImageOfPage\":{\"@id\":\"https:\\\/\\\/tuzlainfo.ba\\\/index.php\\\/novosti\\\/item\\\/271080-bajramska-cestitka-muftije-tuzlanskog-dr-vahid-ef-fazlovica\\\/#primaryimage\"},\"image\":{\"@id\":\"https:\\\/\\\/tuzlainfo.ba\\\/index.php\\\/novosti\\\/item\\\/271080-bajramska-cestitka-muftije-tuzlanskog-dr-vahid-ef-fazlovica\\\/#primaryimage\"},\"thumbnailUrl\":\"https:\\\/\\\/tuzlainfo.ba\\\/wp-content\\\/uploads\\\/2021\\\/04\\\/1204_muftija_fazlovic.jpg\",\"datePublished\":\"2025-06-06T06:04:33+00:00\",\"breadcrumb\":{\"@id\":\"https:\\\/\\\/tuzlainfo.ba\\\/index.php\\\/novosti\\\/item\\\/271080-bajramska-cestitka-muftije-tuzlanskog-dr-vahid-ef-fazlovica\\\/#breadcrumb\"},\"inLanguage\":\"bs-BA\",\"potentialAction\":[{\"@type\":\"ReadAction\",\"target\":[\"https:\\\/\\\/tuzlainfo.ba\\\/index.php\\\/novosti\\\/item\\\/271080-bajramska-cestitka-muftije-tuzlanskog-dr-vahid-ef-fazlovica\\\/\"]}]},{\"@type\":\"ImageObject\",\"inLanguage\":\"bs-BA\",\"@id\":\"https:\\\/\\\/tuzlainfo.ba\\\/index.php\\\/novosti\\\/item\\\/271080-bajramska-cestitka-muftije-tuzlanskog-dr-vahid-ef-fazlovica\\\/#primaryimage\",\"url\":\"https:\\\/\\\/tuzlainfo.ba\\\/wp-content\\\/uploads\\\/2021\\\/04\\\/1204_muftija_fazlovic.jpg\",\"contentUrl\":\"https:\\\/\\\/tuzlainfo.ba\\\/wp-content\\\/uploads\\\/2021\\\/04\\\/1204_muftija_fazlovic.jpg\",\"width\":1100,\"height\":733},{\"@type\":\"BreadcrumbList\",\"@id\":\"https:\\\/\\\/tuzlainfo.ba\\\/index.php\\\/novosti\\\/item\\\/271080-bajramska-cestitka-muftije-tuzlanskog-dr-vahid-ef-fazlovica\\\/#breadcrumb\",\"itemListElement\":[{\"@type\":\"ListItem\",\"position\":1,\"name\":\"Home\",\"item\":\"https:\\\/\\\/tuzlainfo.ba\\\/\"},{\"@type\":\"ListItem\",\"position\":2,\"name\":\"Bajramska \u010destitka muftije tuzlanskog dr. Vahid-ef. Fazlovi\u0107a\"}]},{\"@type\":\"WebSite\",\"@id\":\"https:\\\/\\\/tuzlainfo.ba\\\/#website\",\"url\":\"https:\\\/\\\/tuzlainfo.ba\\\/\",\"name\":\"TuzlaInfo.ba\",\"description\":\"Tuzla info, gradski informator - Tuzla na dlanu\",\"publisher\":{\"@id\":\"https:\\\/\\\/tuzlainfo.ba\\\/#organization\"},\"potentialAction\":[{\"@type\":\"SearchAction\",\"target\":{\"@type\":\"EntryPoint\",\"urlTemplate\":\"https:\\\/\\\/tuzlainfo.ba\\\/?s={search_term_string}\"},\"query-input\":{\"@type\":\"PropertyValueSpecification\",\"valueRequired\":true,\"valueName\":\"search_term_string\"}}],\"inLanguage\":\"bs-BA\"},{\"@type\":\"Organization\",\"@id\":\"https:\\\/\\\/tuzlainfo.ba\\\/#organization\",\"name\":\"TuzlaInfo.ba\",\"url\":\"https:\\\/\\\/tuzlainfo.ba\\\/\",\"logo\":{\"@type\":\"ImageObject\",\"inLanguage\":\"bs-BA\",\"@id\":\"https:\\\/\\\/tuzlainfo.ba\\\/#\\\/schema\\\/logo\\\/image\\\/\",\"url\":\"https:\\\/\\\/tuzlainfo.ba\\\/wp-content\\\/uploads\\\/2021\\\/03\\\/logo-ver-3-1.png\",\"contentUrl\":\"https:\\\/\\\/tuzlainfo.ba\\\/wp-content\\\/uploads\\\/2021\\\/03\\\/logo-ver-3-1.png\",\"width\":350,\"height\":95,\"caption\":\"TuzlaInfo.ba\"},\"image\":{\"@id\":\"https:\\\/\\\/tuzlainfo.ba\\\/#\\\/schema\\\/logo\\\/image\\\/\"},\"sameAs\":[\"https:\\\/\\\/www.facebook.com\\\/tuzlainfo.ba\\\/\"]},{\"@type\":\"Person\",\"@id\":\"https:\\\/\\\/tuzlainfo.ba\\\/#\\\/schema\\\/person\\\/46cad4c57790cbc50781edd14870825a\",\"name\":\"Tuzla Info\",\"image\":{\"@type\":\"ImageObject\",\"inLanguage\":\"bs-BA\",\"@id\":\"https:\\\/\\\/secure.gravatar.com\\\/avatar\\\/e980921b00fa2e552723a2386544734ce6885d2b2304ccca3f45186f9ca4031d?s=96&d=mm&r=g\",\"url\":\"https:\\\/\\\/secure.gravatar.com\\\/avatar\\\/e980921b00fa2e552723a2386544734ce6885d2b2304ccca3f45186f9ca4031d?s=96&d=mm&r=g\",\"contentUrl\":\"https:\\\/\\\/secure.gravatar.com\\\/avatar\\\/e980921b00fa2e552723a2386544734ce6885d2b2304ccca3f45186f9ca4031d?s=96&d=mm&r=g\",\"caption\":\"Tuzla Info\"}}]}<\/script>\n<!-- \/ Yoast SEO plugin. -->","yoast_head_json":{"title":"Bajramska \u010destitka muftije tuzlanskog dr. Vahid-ef. Fazlovi\u0107a","robots":{"index":"index","follow":"follow","max-snippet":"max-snippet:-1","max-image-preview":"max-image-preview:large","max-video-preview":"max-video-preview:-1"},"canonical":"https:\/\/tuzlainfo.ba\/index.php\/novosti\/item\/271080-bajramska-cestitka-muftije-tuzlanskog-dr-vahid-ef-fazlovica\/","og_locale":"bs_BA","og_type":"article","og_title":"Bajramska \u010destitka muftije tuzlanskog dr. Vahid-ef. Fazlovi\u0107a","og_description":"Muftija tuzlanski Vahid-ef. Fazlovi\u0107 uputio je bajramsku \u010destitku svim muslimanima povodom nastupaju\u0107eg Kurban-bajrama. U poruci vjernicima isti\u010de va\u017enost ibadeta, zajedni\u0161tva i \u010dinjenja dobra, posebno u danima kada se muslimani \u0161irom svijeta okupljaju u molitvi i predanosti Stvoritelju. Prenosimo \u010destitku muftije Fazlovi\u0107a u cijelosti: Draga bra\u0107o, po\u0161tovane sestre! U proteklim mubarek-danima mjeseca zul-hid\u017ed\u017eeta muslimani su se [&hellip;]","og_url":"https:\/\/tuzlainfo.ba\/index.php\/novosti\/item\/271080-bajramska-cestitka-muftije-tuzlanskog-dr-vahid-ef-fazlovica\/","og_site_name":"TuzlaInfo.ba","article_publisher":"https:\/\/www.facebook.com\/tuzlainfo.ba\/","article_published_time":"2025-06-06T06:04:33+00:00","og_image":[{"width":1100,"height":733,"url":"https:\/\/tuzlainfo.ba\/wp-content\/uploads\/2021\/04\/1204_muftija_fazlovic.jpg","type":"image\/jpeg"}],"author":"Tuzla Info","twitter_card":"summary_large_image","twitter_misc":{"Written by":"Tuzla Info","Est. reading time":"2 minute"},"schema":{"@context":"https:\/\/schema.org","@graph":[{"@type":"Article","@id":"https:\/\/tuzlainfo.ba\/index.php\/novosti\/item\/271080-bajramska-cestitka-muftije-tuzlanskog-dr-vahid-ef-fazlovica\/#article","isPartOf":{"@id":"https:\/\/tuzlainfo.ba\/index.php\/novosti\/item\/271080-bajramska-cestitka-muftije-tuzlanskog-dr-vahid-ef-fazlovica\/"},"author":{"name":"Tuzla Info","@id":"https:\/\/tuzlainfo.ba\/#\/schema\/person\/46cad4c57790cbc50781edd14870825a"},"headline":"Bajramska \u010destitka muftije tuzlanskog dr. Vahid-ef. Fazlovi\u0107a","datePublished":"2025-06-06T06:04:33+00:00","mainEntityOfPage":{"@id":"https:\/\/tuzlainfo.ba\/index.php\/novosti\/item\/271080-bajramska-cestitka-muftije-tuzlanskog-dr-vahid-ef-fazlovica\/"},"wordCount":312,"publisher":{"@id":"https:\/\/tuzlainfo.ba\/#organization"},"image":{"@id":"https:\/\/tuzlainfo.ba\/index.php\/novosti\/item\/271080-bajramska-cestitka-muftije-tuzlanskog-dr-vahid-ef-fazlovica\/#primaryimage"},"thumbnailUrl":"https:\/\/tuzlainfo.ba\/wp-content\/uploads\/2021\/04\/1204_muftija_fazlovic.jpg","keywords":["kurban bajram","Vahid-ef. Fazlovi\u0107"],"articleSection":["Istaknuto","Novosti"],"inLanguage":"bs-BA","copyrightYear":"2025","copyrightHolder":{"@id":"https:\/\/tuzlainfo.ba\/#organization"}},{"@type":"WebPage","@id":"https:\/\/tuzlainfo.ba\/index.php\/novosti\/item\/271080-bajramska-cestitka-muftije-tuzlanskog-dr-vahid-ef-fazlovica\/","url":"https:\/\/tuzlainfo.ba\/index.php\/novosti\/item\/271080-bajramska-cestitka-muftije-tuzlanskog-dr-vahid-ef-fazlovica\/","name":"Bajramska \u010destitka muftije tuzlanskog dr. Vahid-ef. Fazlovi\u0107a","isPartOf":{"@id":"https:\/\/tuzlainfo.ba\/#website"},"primaryImageOfPage":{"@id":"https:\/\/tuzlainfo.ba\/index.php\/novosti\/item\/271080-bajramska-cestitka-muftije-tuzlanskog-dr-vahid-ef-fazlovica\/#primaryimage"},"image":{"@id":"https:\/\/tuzlainfo.ba\/index.php\/novosti\/item\/271080-bajramska-cestitka-muftije-tuzlanskog-dr-vahid-ef-fazlovica\/#primaryimage"},"thumbnailUrl":"https:\/\/tuzlainfo.ba\/wp-content\/uploads\/2021\/04\/1204_muftija_fazlovic.jpg","datePublished":"2025-06-06T06:04:33+00:00","breadcrumb":{"@id":"https:\/\/tuzlainfo.ba\/index.php\/novosti\/item\/271080-bajramska-cestitka-muftije-tuzlanskog-dr-vahid-ef-fazlovica\/#breadcrumb"},"inLanguage":"bs-BA","potentialAction":[{"@type":"ReadAction","target":["https:\/\/tuzlainfo.ba\/index.php\/novosti\/item\/271080-bajramska-cestitka-muftije-tuzlanskog-dr-vahid-ef-fazlovica\/"]}]},{"@type":"ImageObject","inLanguage":"bs-BA","@id":"https:\/\/tuzlainfo.ba\/index.php\/novosti\/item\/271080-bajramska-cestitka-muftije-tuzlanskog-dr-vahid-ef-fazlovica\/#primaryimage","url":"https:\/\/tuzlainfo.ba\/wp-content\/uploads\/2021\/04\/1204_muftija_fazlovic.jpg","contentUrl":"https:\/\/tuzlainfo.ba\/wp-content\/uploads\/2021\/04\/1204_muftija_fazlovic.jpg","width":1100,"height":733},{"@type":"BreadcrumbList","@id":"https:\/\/tuzlainfo.ba\/index.php\/novosti\/item\/271080-bajramska-cestitka-muftije-tuzlanskog-dr-vahid-ef-fazlovica\/#breadcrumb","itemListElement":[{"@type":"ListItem","position":1,"name":"Home","item":"https:\/\/tuzlainfo.ba\/"},{"@type":"ListItem","position":2,"name":"Bajramska \u010destitka muftije tuzlanskog dr. Vahid-ef. Fazlovi\u0107a"}]},{"@type":"WebSite","@id":"https:\/\/tuzlainfo.ba\/#website","url":"https:\/\/tuzlainfo.ba\/","name":"TuzlaInfo.ba","description":"Tuzla info, gradski informator - Tuzla na dlanu","publisher":{"@id":"https:\/\/tuzlainfo.ba\/#organization"},"potentialAction":[{"@type":"SearchAction","target":{"@type":"EntryPoint","urlTemplate":"https:\/\/tuzlainfo.ba\/?s={search_term_string}"},"query-input":{"@type":"PropertyValueSpecification","valueRequired":true,"valueName":"search_term_string"}}],"inLanguage":"bs-BA"},{"@type":"Organization","@id":"https:\/\/tuzlainfo.ba\/#organization","name":"TuzlaInfo.ba","url":"https:\/\/tuzlainfo.ba\/","logo":{"@type":"ImageObject","inLanguage":"bs-BA","@id":"https:\/\/tuzlainfo.ba\/#\/schema\/logo\/image\/","url":"https:\/\/tuzlainfo.ba\/wp-content\/uploads\/2021\/03\/logo-ver-3-1.png","contentUrl":"https:\/\/tuzlainfo.ba\/wp-content\/uploads\/2021\/03\/logo-ver-3-1.png","width":350,"height":95,"caption":"TuzlaInfo.ba"},"image":{"@id":"https:\/\/tuzlainfo.ba\/#\/schema\/logo\/image\/"},"sameAs":["https:\/\/www.facebook.com\/tuzlainfo.ba\/"]},{"@type":"Person","@id":"https:\/\/tuzlainfo.ba\/#\/schema\/person\/46cad4c57790cbc50781edd14870825a","name":"Tuzla Info","image":{"@type":"ImageObject","inLanguage":"bs-BA","@id":"https:\/\/secure.gravatar.com\/avatar\/e980921b00fa2e552723a2386544734ce6885d2b2304ccca3f45186f9ca4031d?s=96&d=mm&r=g","url":"https:\/\/secure.gravatar.com\/avatar\/e980921b00fa2e552723a2386544734ce6885d2b2304ccca3f45186f9ca4031d?s=96&d=mm&r=g","contentUrl":"https:\/\/secure.gravatar.com\/avatar\/e980921b00fa2e552723a2386544734ce6885d2b2304ccca3f45186f9ca4031d?s=96&d=mm&r=g","caption":"Tuzla Info"}}]}},"_links":{"self":[{"href":"https:\/\/tuzlainfo.ba\/index.php\/wp-json\/wp\/v2\/posts\/271080","targetHints":{"allow":["GET"]}}],"collection":[{"href":"https:\/\/tuzlainfo.ba\/index.php\/wp-json\/wp\/v2\/posts"}],"about":[{"href":"https:\/\/tuzlainfo.ba\/index.php\/wp-json\/wp\/v2\/types\/post"}],"author":[{"embeddable":true,"href":"https:\/\/tuzlainfo.ba\/index.php\/wp-json\/wp\/v2\/users\/4"}],"replies":[{"embeddable":true,"href":"https:\/\/tuzlainfo.ba\/index.php\/wp-json\/wp\/v2\/comments?post=271080"}],"version-history":[{"count":1,"href":"https:\/\/tuzlainfo.ba\/index.php\/wp-json\/wp\/v2\/posts\/271080\/revisions"}],"predecessor-version":[{"id":271081,"href":"https:\/\/tuzlainfo.ba\/index.php\/wp-json\/wp\/v2\/posts\/271080\/revisions\/271081"}],"wp:featuredmedia":[{"embeddable":true,"href":"https:\/\/tuzlainfo.ba\/index.php\/wp-json\/wp\/v2\/media\/135373"}],"wp:attachment":[{"href":"https:\/\/tuzlainfo.ba\/index.php\/wp-json\/wp\/v2\/media?parent=271080"}],"wp:term":[{"taxonomy":"category","embeddable":true,"href":"https:\/\/tuzlainfo.ba\/index.php\/wp-json\/wp\/v2\/categories?post=271080"},{"taxonomy":"post_tag","embeddable":true,"href":"https:\/\/tuzlainfo.ba\/index.php\/wp-json\/wp\/v2\/tags?post=271080"}],"curies":[{"name":"wp","href":"https:\/\/api.w.org\/{rel}","templated":true}]}}