{"id":270595,"date":"2025-05-30T10:02:31","date_gmt":"2025-05-30T08:02:31","guid":{"rendered":"https:\/\/tuzlainfo.ba\/?p=270595"},"modified":"2025-05-30T18:19:09","modified_gmt":"2025-05-30T16:19:09","slug":"panonska-jezera-otvaraju-sezonu-uz-festival-koncerte-i-nove-cijene-ulaznica","status":"publish","type":"post","link":"https:\/\/tuzlainfo.ba\/index.php\/novosti\/item\/270595-panonska-jezera-otvaraju-sezonu-uz-festival-koncerte-i-nove-cijene-ulaznica\/","title":{"rendered":"Panonska jezera otvaraju sezonu uz festival, koncerte i nove cijene ulaznica"},"content":{"rendered":"<p>Sezona na Panonskim jezerima, 22. po redu, \u0107e zvani\u010dno \u0107e po\u010deti 1. juna, a\u00a0 biti \u0107e otvorena velikim trodnevnim festivalom \u201eTuzlanski dani piva\u201c, koji se odr\u017eava od 30. maja do 1. juna.<\/p>\n<p>Festivalska zona smje\u0161tena je izme\u0111u Prvog i Drugog jezera, a posjetitelji \u0107e mo\u0107i u\u017eivati u koncertima Isaka \u0160abanovi\u0107a, Vanne i Harija Mata Harija, koji \u0107e u nedjelju sve\u010dano otvoriti Ljetnu turisti\u010dku sezonu 2025. Ulaz na sve sadr\u017eaje u ova tri dana je besplatan, a manifestaciju podr\u017eavaju Grad Tuzla, JP \u201cPannonica\u201d i Ministarstvo trgovine, turizma i saobra\u0107aja TK.<\/p>\n<p>Kako isti\u010di iz JKP Pannonica kompleks Panonskih jezera spremno do\u010dekuje prve posjetitelje uz zavr\u0161ene pripreme koje uklju\u010duju adaptaciju stepeni\u0161ta, slapova, dodatne pristupne staze, te unapre\u0111enje ugostiteljskih i prodajnih objekata.<\/p>\n<p>Poseban akcenat stavljen je na kvalitet usluge i sadr\u017eaje za porodice i djecu, kao i bogat kulturno-zabavni program tokom cijelog ljeta. Pro\u0161le godine Panoniku je posjetilo vi\u0161e od 534.000 gostiju, a o\u010dekivanja su da bi, uz povoljne vremenske uslove, taj broj mogao biti prema\u0161en.<\/p>\n<h3>Nove cijene ulaznica<\/h3>\n<p>Cijene ulaznica za sezonu 2025. blago su pove\u0107ane, a dnevna ulaznica radnim danom sada ko\u0161ta 7,00 KM, dok je vikendom 9,00 KM. Penzioneri, osobe starije od 65 godina, RVI, porodice poginulih boraca i \u0161ehida, te osobe sa invaliditetom pla\u0107aju povla\u0161tene ulaznice po cijeni od 4,50 KM radnim danom i 5,50 KM vikendom. Dje\u010dije ulaznice (za djecu od 4 do 14 godina) iznose 4,50 KM radnim danom i 5,00 KM vikendom, dok mali\u0161ani mla\u0111i od \u010detiri godine imaju besplatan ulaz. Dostupne su i porodi\u010dne ulaznice: za dvoje odraslih i jedno dijete cijena je 17,50 KM radnim danom i 21,50 KM vikendom, uz mogu\u0107nost kombinacija i za vi\u0161e djece.<\/p>\n<p>Nova pogodnost je uvo\u0111enje papirne narukvice za vi\u0161ekratni ulazak u toku jednog dana \u2013 narukvica se preuzima na ulazu, a uz doplatu od 0,50 KM omogu\u0107ava povratak nakon izlaska iz kompleksa. Ulaz za osobe sa 100% invaliditetom i dalje je besplatan, uz va\u017ee\u0107u sezonsku kartu. Kompletan cjenovnik dostupan je na zvani\u010dnoj stranici Panonike.<\/p>\n<p><strong>PRO\u010cITAJTE I OVO: &gt;&gt;&gt;&gt;&gt;<\/strong><br \/>\n<a href=\"https:\/\/tuzlainfo.ba\/index.php\/novosti\/item\/269724-panonska-jezera-pred-novu-sezonu-nove-cijene-ulaznica-uvode-se-i-narukvice\/\"><span style=\"text-decoration: underline; color: #ff0000;\"><strong>Panonska jezera pred novu sezonu: Nove cijene ulaznica, uvode se i \u201cnarukvice\u201d<\/strong><\/span><\/a><\/p>\n<p>Kvalitet vode, kao klju\u010dni parametar za po\u010detak sezone, je na visokom nivou prema nalazima Zavoda za javno zdravstvo TK, a kompleks i ove godine garantuje sigurnost uz stalno prisustvo spasila\u010dkih slu\u017ebi. Tako\u0111er, ove sezone anga\u017eirano je vi\u0161e od 190 radnika, \u0161to dodatno potvr\u0111uje ozbiljnost organizacije.<\/p>\n<p>&nbsp;<\/p>\n<h3>Odr\u017eivi razvoj<\/h3>\n<p>Panonika nastavlja s ulaganjem u odr\u017eivi razvoj, a uz podr\u0161ku Grada Tuzla, Ministarstva prostornog ure\u0111enja i za\u0161tite okolice TK i Vlade TK realizovani su projekti instalacije solarnih elektrana ukupne snage 50 kW. Iz uprave Panonike navode da je cilj je dose\u0107i 70 kW kapaciteta iz obnovljivih izvora, \u010dime bi se pokrivalo do 40 posto potreba za elektri\u010dnom energijom.<\/p>\n<p>Ono \u0161to je siguno pred po\u010detak sezone je da Panonska jezera i ove godine ostaju jedna od najpo\u017eeljnijih ljetnih destinacija u regiji, nude\u0107i kvalitetan sadr\u017eaj, sigurnost, \u010distu vodu i gostoprimstvo koje svake godine privla\u010di stotine hiljada posjetitelja.<strong>\/Tuzlainfo.ba\/<\/strong><\/p>\n","protected":false},"excerpt":{"rendered":"<p>Sezona na Panonskim jezerima, 22. po redu, \u0107e zvani\u010dno \u0107e po\u010deti 1. juna, a\u00a0 biti&hellip;<\/p>\n","protected":false},"author":2,"featured_media":240132,"comment_status":"closed","ping_status":"closed","sticky":false,"template":"","format":"standard","meta":{"_acf_changed":false,"footnotes":""},"categories":[304,12,306],"tags":[12261,47,46],"acf":[],"yoast_head":"<!-- This site is optimized with the Yoast SEO plugin v23.5 - https:\/\/yoast.com\/wordpress\/plugins\/seo\/ -->\n<title>Panonska jezera otvaraju sezonu uz festival, koncerte i nove cijene ulaznica - TuzlaInfo.ba<\/title>\n<meta name=\"robots\" content=\"index, follow, max-snippet:-1, max-image-preview:large, max-video-preview:-1\" \/>\n<link rel=\"canonical\" href=\"https:\/\/tuzlainfo.ba\/index.php\/novosti\/item\/270595-panonska-jezera-otvaraju-sezonu-uz-festival-koncerte-i-nove-cijene-ulaznica\/\" \/>\n<meta property=\"og:locale\" content=\"bs_BA\" \/>\n<meta property=\"og:type\" content=\"article\" \/>\n<meta property=\"og:title\" content=\"Panonska jezera otvaraju sezonu uz festival, koncerte i nove cijene ulaznica - TuzlaInfo.ba\" \/>\n<meta property=\"og:description\" content=\"Sezona na Panonskim jezerima, 22. po redu, \u0107e zvani\u010dno \u0107e po\u010deti 1. juna, a\u00a0 biti&hellip;\" \/>\n<meta property=\"og:url\" content=\"https:\/\/tuzlainfo.ba\/index.php\/novosti\/item\/270595-panonska-jezera-otvaraju-sezonu-uz-festival-koncerte-i-nove-cijene-ulaznica\/\" \/>\n<meta property=\"og:site_name\" content=\"TuzlaInfo.ba\" \/>\n<meta property=\"article:publisher\" content=\"https:\/\/www.facebook.com\/tuzlainfo.ba\/\" \/>\n<meta property=\"article:published_time\" content=\"2025-05-30T08:02:31+00:00\" \/>\n<meta property=\"article:modified_time\" content=\"2025-05-30T16:19:09+00:00\" \/>\n<meta property=\"og:image\" content=\"https:\/\/tuzlainfo.ba\/wp-content\/uploads\/2024\/06\/0106_panonika_juni_panonska-4-e1748586822615.jpg\" \/>\n\t<meta property=\"og:image:width\" content=\"1000\" \/>\n\t<meta property=\"og:image:height\" content=\"563\" \/>\n\t<meta property=\"og:image:type\" content=\"image\/jpeg\" \/>\n<meta name=\"author\" content=\"nedim\" \/>\n<meta name=\"twitter:card\" content=\"summary_large_image\" \/>\n<meta name=\"twitter:label1\" content=\"Written by\" \/>\n\t<meta name=\"twitter:data1\" content=\"nedim\" \/>\n\t<meta name=\"twitter:label2\" content=\"Est. reading time\" \/>\n\t<meta name=\"twitter:data2\" content=\"3 minute\" \/>\n<script type=\"application\/ld+json\" class=\"yoast-schema-graph\">{\"@context\":\"https:\/\/schema.org\",\"@graph\":[{\"@type\":\"Article\",\"@id\":\"https:\/\/tuzlainfo.ba\/index.php\/novosti\/item\/270595-panonska-jezera-otvaraju-sezonu-uz-festival-koncerte-i-nove-cijene-ulaznica\/#article\",\"isPartOf\":{\"@id\":\"https:\/\/tuzlainfo.ba\/index.php\/novosti\/item\/270595-panonska-jezera-otvaraju-sezonu-uz-festival-koncerte-i-nove-cijene-ulaznica\/\"},\"author\":{\"name\":\"nedim\",\"@id\":\"https:\/\/tuzlainfo.ba\/#\/schema\/person\/f434e20dc27ea133923aab08451b7f7f\"},\"headline\":\"Panonska jezera otvaraju sezonu uz festival, koncerte i nove cijene ulaznica\",\"datePublished\":\"2025-05-30T08:02:31+00:00\",\"dateModified\":\"2025-05-30T16:19:09+00:00\",\"mainEntityOfPage\":{\"@id\":\"https:\/\/tuzlainfo.ba\/index.php\/novosti\/item\/270595-panonska-jezera-otvaraju-sezonu-uz-festival-koncerte-i-nove-cijene-ulaznica\/\"},\"wordCount\":537,\"publisher\":{\"@id\":\"https:\/\/tuzlainfo.ba\/#organization\"},\"image\":{\"@id\":\"https:\/\/tuzlainfo.ba\/index.php\/novosti\/item\/270595-panonska-jezera-otvaraju-sezonu-uz-festival-koncerte-i-nove-cijene-ulaznica\/#primaryimage\"},\"thumbnailUrl\":\"https:\/\/tuzlainfo.ba\/wp-content\/uploads\/2024\/06\/0106_panonika_juni_panonska-4-e1748586822615.jpg\",\"keywords\":[\"festival piva\",\"panonika\",\"panonska jezera\"],\"articleSection\":[\"Istaknuto\",\"Novosti\",\"Preporu\u010dujemo\"],\"inLanguage\":\"bs-BA\"},{\"@type\":\"WebPage\",\"@id\":\"https:\/\/tuzlainfo.ba\/index.php\/novosti\/item\/270595-panonska-jezera-otvaraju-sezonu-uz-festival-koncerte-i-nove-cijene-ulaznica\/\",\"url\":\"https:\/\/tuzlainfo.ba\/index.php\/novosti\/item\/270595-panonska-jezera-otvaraju-sezonu-uz-festival-koncerte-i-nove-cijene-ulaznica\/\",\"name\":\"Panonska jezera otvaraju sezonu uz festival, koncerte i nove cijene ulaznica - TuzlaInfo.ba\",\"isPartOf\":{\"@id\":\"https:\/\/tuzlainfo.ba\/#website\"},\"primaryImageOfPage\":{\"@id\":\"https:\/\/tuzlainfo.ba\/index.php\/novosti\/item\/270595-panonska-jezera-otvaraju-sezonu-uz-festival-koncerte-i-nove-cijene-ulaznica\/#primaryimage\"},\"image\":{\"@id\":\"https:\/\/tuzlainfo.ba\/index.php\/novosti\/item\/270595-panonska-jezera-otvaraju-sezonu-uz-festival-koncerte-i-nove-cijene-ulaznica\/#primaryimage\"},\"thumbnailUrl\":\"https:\/\/tuzlainfo.ba\/wp-content\/uploads\/2024\/06\/0106_panonika_juni_panonska-4-e1748586822615.jpg\",\"datePublished\":\"2025-05-30T08:02:31+00:00\",\"dateModified\":\"2025-05-30T16:19:09+00:00\",\"breadcrumb\":{\"@id\":\"https:\/\/tuzlainfo.ba\/index.php\/novosti\/item\/270595-panonska-jezera-otvaraju-sezonu-uz-festival-koncerte-i-nove-cijene-ulaznica\/#breadcrumb\"},\"inLanguage\":\"bs-BA\",\"potentialAction\":[{\"@type\":\"ReadAction\",\"target\":[\"https:\/\/tuzlainfo.ba\/index.php\/novosti\/item\/270595-panonska-jezera-otvaraju-sezonu-uz-festival-koncerte-i-nove-cijene-ulaznica\/\"]}]},{\"@type\":\"ImageObject\",\"inLanguage\":\"bs-BA\",\"@id\":\"https:\/\/tuzlainfo.ba\/index.php\/novosti\/item\/270595-panonska-jezera-otvaraju-sezonu-uz-festival-koncerte-i-nove-cijene-ulaznica\/#primaryimage\",\"url\":\"https:\/\/tuzlainfo.ba\/wp-content\/uploads\/2024\/06\/0106_panonika_juni_panonska-4-e1748586822615.jpg\",\"contentUrl\":\"https:\/\/tuzlainfo.ba\/wp-content\/uploads\/2024\/06\/0106_panonika_juni_panonska-4-e1748586822615.jpg\",\"width\":1000,\"height\":563},{\"@type\":\"BreadcrumbList\",\"@id\":\"https:\/\/tuzlainfo.ba\/index.php\/novosti\/item\/270595-panonska-jezera-otvaraju-sezonu-uz-festival-koncerte-i-nove-cijene-ulaznica\/#breadcrumb\",\"itemListElement\":[{\"@type\":\"ListItem\",\"position\":1,\"name\":\"Home\",\"item\":\"https:\/\/tuzlainfo.ba\/\"},{\"@type\":\"ListItem\",\"position\":2,\"name\":\"Panonska jezera otvaraju sezonu uz festival, koncerte i nove cijene ulaznica\"}]},{\"@type\":\"WebSite\",\"@id\":\"https:\/\/tuzlainfo.ba\/#website\",\"url\":\"https:\/\/tuzlainfo.ba\/\",\"name\":\"TuzlaInfo.ba\",\"description\":\"Tuzla info, gradski informator - Tuzla na dlanu\",\"publisher\":{\"@id\":\"https:\/\/tuzlainfo.ba\/#organization\"},\"potentialAction\":[{\"@type\":\"SearchAction\",\"target\":{\"@type\":\"EntryPoint\",\"urlTemplate\":\"https:\/\/tuzlainfo.ba\/?s={search_term_string}\"},\"query-input\":{\"@type\":\"PropertyValueSpecification\",\"valueRequired\":true,\"valueName\":\"search_term_string\"}}],\"inLanguage\":\"bs-BA\"},{\"@type\":\"Organization\",\"@id\":\"https:\/\/tuzlainfo.ba\/#organization\",\"name\":\"TuzlaInfo.ba\",\"url\":\"https:\/\/tuzlainfo.ba\/\",\"logo\":{\"@type\":\"ImageObject\",\"inLanguage\":\"bs-BA\",\"@id\":\"https:\/\/tuzlainfo.ba\/#\/schema\/logo\/image\/\",\"url\":\"https:\/\/tuzlainfo.ba\/wp-content\/uploads\/2021\/03\/logo-ver-3-1.png\",\"contentUrl\":\"https:\/\/tuzlainfo.ba\/wp-content\/uploads\/2021\/03\/logo-ver-3-1.png\",\"width\":350,\"height\":95,\"caption\":\"TuzlaInfo.ba\"},\"image\":{\"@id\":\"https:\/\/tuzlainfo.ba\/#\/schema\/logo\/image\/\"},\"sameAs\":[\"https:\/\/www.facebook.com\/tuzlainfo.ba\/\"]},{\"@type\":\"Person\",\"@id\":\"https:\/\/tuzlainfo.ba\/#\/schema\/person\/f434e20dc27ea133923aab08451b7f7f\",\"name\":\"nedim\",\"image\":{\"@type\":\"ImageObject\",\"inLanguage\":\"bs-BA\",\"@id\":\"https:\/\/tuzlainfo.ba\/#\/schema\/person\/image\/\",\"url\":\"https:\/\/tuzlainfo.ba\/wp-content\/litespeed\/avatar\/aabad687af24844af817603ac1cbdc4f.jpg?ver=1777306975\",\"contentUrl\":\"https:\/\/tuzlainfo.ba\/wp-content\/litespeed\/avatar\/aabad687af24844af817603ac1cbdc4f.jpg?ver=1777306975\",\"caption\":\"nedim\"},\"description\":\"Tuzlainfo.ba pratite na dru\u0161tvenim mre\u017eama: Facebook, Instagram i Youtube. Svoje pri\u010de, upite i fotografije \u0161aljite na na\u0161u e-mail adresu.\"}]}<\/script>\n<!-- \/ Yoast SEO plugin. -->","yoast_head_json":{"title":"Panonska jezera otvaraju sezonu uz festival, koncerte i nove cijene ulaznica - TuzlaInfo.ba","robots":{"index":"index","follow":"follow","max-snippet":"max-snippet:-1","max-image-preview":"max-image-preview:large","max-video-preview":"max-video-preview:-1"},"canonical":"https:\/\/tuzlainfo.ba\/index.php\/novosti\/item\/270595-panonska-jezera-otvaraju-sezonu-uz-festival-koncerte-i-nove-cijene-ulaznica\/","og_locale":"bs_BA","og_type":"article","og_title":"Panonska jezera otvaraju sezonu uz festival, koncerte i nove cijene ulaznica - TuzlaInfo.ba","og_description":"Sezona na Panonskim jezerima, 22. po redu, \u0107e zvani\u010dno \u0107e po\u010deti 1. juna, a\u00a0 biti&hellip;","og_url":"https:\/\/tuzlainfo.ba\/index.php\/novosti\/item\/270595-panonska-jezera-otvaraju-sezonu-uz-festival-koncerte-i-nove-cijene-ulaznica\/","og_site_name":"TuzlaInfo.ba","article_publisher":"https:\/\/www.facebook.com\/tuzlainfo.ba\/","article_published_time":"2025-05-30T08:02:31+00:00","article_modified_time":"2025-05-30T16:19:09+00:00","og_image":[{"width":1000,"height":563,"url":"https:\/\/tuzlainfo.ba\/wp-content\/uploads\/2024\/06\/0106_panonika_juni_panonska-4-e1748586822615.jpg","type":"image\/jpeg"}],"author":"nedim","twitter_card":"summary_large_image","twitter_misc":{"Written by":"nedim","Est. reading time":"3 minute"},"schema":{"@context":"https:\/\/schema.org","@graph":[{"@type":"Article","@id":"https:\/\/tuzlainfo.ba\/index.php\/novosti\/item\/270595-panonska-jezera-otvaraju-sezonu-uz-festival-koncerte-i-nove-cijene-ulaznica\/#article","isPartOf":{"@id":"https:\/\/tuzlainfo.ba\/index.php\/novosti\/item\/270595-panonska-jezera-otvaraju-sezonu-uz-festival-koncerte-i-nove-cijene-ulaznica\/"},"author":{"name":"nedim","@id":"https:\/\/tuzlainfo.ba\/#\/schema\/person\/f434e20dc27ea133923aab08451b7f7f"},"headline":"Panonska jezera otvaraju sezonu uz festival, koncerte i nove cijene ulaznica","datePublished":"2025-05-30T08:02:31+00:00","dateModified":"2025-05-30T16:19:09+00:00","mainEntityOfPage":{"@id":"https:\/\/tuzlainfo.ba\/index.php\/novosti\/item\/270595-panonska-jezera-otvaraju-sezonu-uz-festival-koncerte-i-nove-cijene-ulaznica\/"},"wordCount":537,"publisher":{"@id":"https:\/\/tuzlainfo.ba\/#organization"},"image":{"@id":"https:\/\/tuzlainfo.ba\/index.php\/novosti\/item\/270595-panonska-jezera-otvaraju-sezonu-uz-festival-koncerte-i-nove-cijene-ulaznica\/#primaryimage"},"thumbnailUrl":"https:\/\/tuzlainfo.ba\/wp-content\/uploads\/2024\/06\/0106_panonika_juni_panonska-4-e1748586822615.jpg","keywords":["festival piva","panonika","panonska jezera"],"articleSection":["Istaknuto","Novosti","Preporu\u010dujemo"],"inLanguage":"bs-BA"},{"@type":"WebPage","@id":"https:\/\/tuzlainfo.ba\/index.php\/novosti\/item\/270595-panonska-jezera-otvaraju-sezonu-uz-festival-koncerte-i-nove-cijene-ulaznica\/","url":"https:\/\/tuzlainfo.ba\/index.php\/novosti\/item\/270595-panonska-jezera-otvaraju-sezonu-uz-festival-koncerte-i-nove-cijene-ulaznica\/","name":"Panonska jezera otvaraju sezonu uz festival, koncerte i nove cijene ulaznica - TuzlaInfo.ba","isPartOf":{"@id":"https:\/\/tuzlainfo.ba\/#website"},"primaryImageOfPage":{"@id":"https:\/\/tuzlainfo.ba\/index.php\/novosti\/item\/270595-panonska-jezera-otvaraju-sezonu-uz-festival-koncerte-i-nove-cijene-ulaznica\/#primaryimage"},"image":{"@id":"https:\/\/tuzlainfo.ba\/index.php\/novosti\/item\/270595-panonska-jezera-otvaraju-sezonu-uz-festival-koncerte-i-nove-cijene-ulaznica\/#primaryimage"},"thumbnailUrl":"https:\/\/tuzlainfo.ba\/wp-content\/uploads\/2024\/06\/0106_panonika_juni_panonska-4-e1748586822615.jpg","datePublished":"2025-05-30T08:02:31+00:00","dateModified":"2025-05-30T16:19:09+00:00","breadcrumb":{"@id":"https:\/\/tuzlainfo.ba\/index.php\/novosti\/item\/270595-panonska-jezera-otvaraju-sezonu-uz-festival-koncerte-i-nove-cijene-ulaznica\/#breadcrumb"},"inLanguage":"bs-BA","potentialAction":[{"@type":"ReadAction","target":["https:\/\/tuzlainfo.ba\/index.php\/novosti\/item\/270595-panonska-jezera-otvaraju-sezonu-uz-festival-koncerte-i-nove-cijene-ulaznica\/"]}]},{"@type":"ImageObject","inLanguage":"bs-BA","@id":"https:\/\/tuzlainfo.ba\/index.php\/novosti\/item\/270595-panonska-jezera-otvaraju-sezonu-uz-festival-koncerte-i-nove-cijene-ulaznica\/#primaryimage","url":"https:\/\/tuzlainfo.ba\/wp-content\/uploads\/2024\/06\/0106_panonika_juni_panonska-4-e1748586822615.jpg","contentUrl":"https:\/\/tuzlainfo.ba\/wp-content\/uploads\/2024\/06\/0106_panonika_juni_panonska-4-e1748586822615.jpg","width":1000,"height":563},{"@type":"BreadcrumbList","@id":"https:\/\/tuzlainfo.ba\/index.php\/novosti\/item\/270595-panonska-jezera-otvaraju-sezonu-uz-festival-koncerte-i-nove-cijene-ulaznica\/#breadcrumb","itemListElement":[{"@type":"ListItem","position":1,"name":"Home","item":"https:\/\/tuzlainfo.ba\/"},{"@type":"ListItem","position":2,"name":"Panonska jezera otvaraju sezonu uz festival, koncerte i nove cijene ulaznica"}]},{"@type":"WebSite","@id":"https:\/\/tuzlainfo.ba\/#website","url":"https:\/\/tuzlainfo.ba\/","name":"TuzlaInfo.ba","description":"Tuzla info, gradski informator - Tuzla na dlanu","publisher":{"@id":"https:\/\/tuzlainfo.ba\/#organization"},"potentialAction":[{"@type":"SearchAction","target":{"@type":"EntryPoint","urlTemplate":"https:\/\/tuzlainfo.ba\/?s={search_term_string}"},"query-input":{"@type":"PropertyValueSpecification","valueRequired":true,"valueName":"search_term_string"}}],"inLanguage":"bs-BA"},{"@type":"Organization","@id":"https:\/\/tuzlainfo.ba\/#organization","name":"TuzlaInfo.ba","url":"https:\/\/tuzlainfo.ba\/","logo":{"@type":"ImageObject","inLanguage":"bs-BA","@id":"https:\/\/tuzlainfo.ba\/#\/schema\/logo\/image\/","url":"https:\/\/tuzlainfo.ba\/wp-content\/uploads\/2021\/03\/logo-ver-3-1.png","contentUrl":"https:\/\/tuzlainfo.ba\/wp-content\/uploads\/2021\/03\/logo-ver-3-1.png","width":350,"height":95,"caption":"TuzlaInfo.ba"},"image":{"@id":"https:\/\/tuzlainfo.ba\/#\/schema\/logo\/image\/"},"sameAs":["https:\/\/www.facebook.com\/tuzlainfo.ba\/"]},{"@type":"Person","@id":"https:\/\/tuzlainfo.ba\/#\/schema\/person\/f434e20dc27ea133923aab08451b7f7f","name":"nedim","image":{"@type":"ImageObject","inLanguage":"bs-BA","@id":"https:\/\/tuzlainfo.ba\/#\/schema\/person\/image\/","url":"https:\/\/tuzlainfo.ba\/wp-content\/litespeed\/avatar\/aabad687af24844af817603ac1cbdc4f.jpg?ver=1777306975","contentUrl":"https:\/\/tuzlainfo.ba\/wp-content\/litespeed\/avatar\/aabad687af24844af817603ac1cbdc4f.jpg?ver=1777306975","caption":"nedim"},"description":"Tuzlainfo.ba pratite na dru\u0161tvenim mre\u017eama: Facebook, Instagram i Youtube. Svoje pri\u010de, upite i fotografije \u0161aljite na na\u0161u e-mail adresu."}]}},"_links":{"self":[{"href":"https:\/\/tuzlainfo.ba\/index.php\/wp-json\/wp\/v2\/posts\/270595"}],"collection":[{"href":"https:\/\/tuzlainfo.ba\/index.php\/wp-json\/wp\/v2\/posts"}],"about":[{"href":"https:\/\/tuzlainfo.ba\/index.php\/wp-json\/wp\/v2\/types\/post"}],"author":[{"embeddable":true,"href":"https:\/\/tuzlainfo.ba\/index.php\/wp-json\/wp\/v2\/users\/2"}],"replies":[{"embeddable":true,"href":"https:\/\/tuzlainfo.ba\/index.php\/wp-json\/wp\/v2\/comments?post=270595"}],"version-history":[{"count":2,"href":"https:\/\/tuzlainfo.ba\/index.php\/wp-json\/wp\/v2\/posts\/270595\/revisions"}],"predecessor-version":[{"id":270598,"href":"https:\/\/tuzlainfo.ba\/index.php\/wp-json\/wp\/v2\/posts\/270595\/revisions\/270598"}],"wp:featuredmedia":[{"embeddable":true,"href":"https:\/\/tuzlainfo.ba\/index.php\/wp-json\/wp\/v2\/media\/240132"}],"wp:attachment":[{"href":"https:\/\/tuzlainfo.ba\/index.php\/wp-json\/wp\/v2\/media?parent=270595"}],"wp:term":[{"taxonomy":"category","embeddable":true,"href":"https:\/\/tuzlainfo.ba\/index.php\/wp-json\/wp\/v2\/categories?post=270595"},{"taxonomy":"post_tag","embeddable":true,"href":"https:\/\/tuzlainfo.ba\/index.php\/wp-json\/wp\/v2\/tags?post=270595"}],"curies":[{"name":"wp","href":"https:\/\/api.w.org\/{rel}","templated":true}]}}