{"id":270422,"date":"2025-05-28T20:04:30","date_gmt":"2025-05-28T18:04:30","guid":{"rendered":"https:\/\/tuzlainfo.ba\/?p=270422"},"modified":"2025-05-29T07:35:03","modified_gmt":"2025-05-29T05:35:03","slug":"samo-u-fbih-28-500-oboljelih-osoba-budite-oprezni-simptomi-su-nespecificni","status":"publish","type":"post","link":"https:\/\/tuzlainfo.ba\/index.php\/bosna-i-hercegovina\/item\/270422-samo-u-fbih-28-500-oboljelih-osoba-budite-oprezni-simptomi-su-nespecificni\/","title":{"rendered":"Samo u FBIH 28.500 oboljelih osoba: Budite oprezni, simptomi su nespecifi\u010dni"},"content":{"rendered":"<p data-start=\"104\" data-end=\"474\">U Federaciji Bosne i Hercegovine trenutno je evidentirano 28.500 osoba oboljelih od bolesti \u0161titne \u017elijezde, a stru\u010dnjaci upozoravaju da je stvarni broj znatno ve\u0107i. Prema rije\u010dima prim. dr. sci. med. Sanka Pandura iz Klini\u010dkog centra Univerziteta u Sarajevu, zbog visokog indeksa neotkrivenih slu\u010dajeva, procjene govore da bi broj oboljelih mogao iznositi i do 100.000.<\/p>\n<p data-start=\"476\" data-end=\"669\">Podizanju svijesti o ovim bolestima posve\u0107ena je kampanja koju zajedni\u010dki realiziraju KCUS i JU Dom zdravlja Kantona Sarajevo, a povodom Svjetske sedmice svjesnosti o bolestima \u0161titne \u017elijezde.<\/p>\n<p data-start=\"671\" data-end=\"1007\">Kako je pojasnila prof. dr. Amela Begi\u0107, \u0161efica Klinike za nuklearnu medicinu KCUS-a, \u0161titna \u017elijezda ima klju\u010dnu ulogu u funkcioniranju ljudskog organizma. Funkcionalni poreme\u0107aji dijele se na stanja s poja\u010danom (hipertireoza) i smanjenom funkcijom (hipotireoza), a simptomi su \u010desto nespecifi\u010dni i lako mogu imitirati druga oboljenja.<\/p>\n<p data-start=\"1009\" data-end=\"1270\">\u2013 Bolest nije kraj. To je proces koji zahtijeva znanje, me\u0111usobno razumijevanje i timski rad. Ne treba ignorisati promjene koje se doga\u0111aju u organizmu \u2013 poru\u010dila je Begi\u0107, naglasiv\u0161i va\u017enost laboratorijske dijagnostike i multidisciplinarnog pristupa lije\u010denju.<\/p>\n<p data-start=\"1272\" data-end=\"1628\">Direktor Centra za nastavnu i nau\u010dno-istra\u017eiva\u010dku djelatnost JU Dom zdravlja KS, prof. dr. Lutvo Spori\u0161evi\u0107, istaknuo je va\u017enost ranog otkrivanja bolesti jo\u0161 kod novoro\u0111en\u010dadi. Prvih dana \u017eivota preporu\u010duje se screening test koji mo\u017ee otkriti kongenitalnu hipotireozu, \u010dije neotkrivanje mo\u017ee imati dugoro\u010dne posljedice na mentalni i fizi\u010dki razvoj djeteta.<\/p>\n<p data-start=\"1630\" data-end=\"1966\">Spori\u0161evi\u0107 je tako\u0111er upozorio na brojne simptome koji mogu ukazivati na poreme\u0107aje funkcije \u0161titnja\u010de, poput hroni\u010dnog umora, naglih promjena te\u017eine, nervoze, problema s koncentracijom, netolerancije na toplotu ili hladno\u0107u. Pravovremena dijagnoza i terapija omogu\u0107uju povratak hormonalne ravnote\u017ee i normalno funkcioniranje organizma.<\/p>\n<p data-start=\"1968\" data-end=\"2159\">Karcinom \u0161titne \u017elijezde naj\u010de\u0161\u0107i je maligni tumor endokrinog sistema, no dobra vijest, nagla\u0161ava Pandur, jeste da je dijagnosti\u010dki vrlo pristupa\u010dan, \u0161to pove\u0107ava \u0161anse za uspje\u0161no lije\u010denje.<\/p>\n<p data-start=\"2161\" data-end=\"2483\">U okviru kampanje planirana su stru\u010dna predavanja i distribucija informativnog materijala s ciljem boljeg prepoznavanja simptoma i va\u017enosti prevencije. Stru\u010dnjaci poru\u010duju da je zdravlje \u0161titne \u017elijezde od klju\u010dnog zna\u010daja za kvalitetan \u017eivot i razvoj, te pozivaju gra\u0111ane da obrate pa\u017enju na signale koje im tijelo \u0161alje.<\/p>\n","protected":false},"excerpt":{"rendered":"<p>U Federaciji Bosne i Hercegovine trenutno je evidentirano 28.500 osoba oboljelih od bolesti \u0161titne \u017elijezde,&hellip;<\/p>\n","protected":false},"author":2,"featured_media":232793,"comment_status":"closed","ping_status":"closed","sticky":false,"template":"","format":"standard","meta":{"_acf_changed":false,"footnotes":""},"categories":[291,304,306],"tags":[5824,12249],"acf":[],"yoast_head":"<!-- This site is optimized with the Yoast SEO plugin v23.5 - https:\/\/yoast.com\/wordpress\/plugins\/seo\/ -->\n<title>Samo u FBIH 28.500 oboljelih osoba: Budite oprezni, simptomi su nespecifi\u010dni - TuzlaInfo.ba<\/title>\n<meta name=\"robots\" content=\"index, follow, max-snippet:-1, max-image-preview:large, max-video-preview:-1\" \/>\n<link rel=\"canonical\" href=\"https:\/\/tuzlainfo.ba\/index.php\/bosna-i-hercegovina\/item\/270422-samo-u-fbih-28-500-oboljelih-osoba-budite-oprezni-simptomi-su-nespecificni\/\" \/>\n<meta property=\"og:locale\" content=\"bs_BA\" \/>\n<meta property=\"og:type\" content=\"article\" \/>\n<meta property=\"og:title\" content=\"Samo u FBIH 28.500 oboljelih osoba: Budite oprezni, simptomi su nespecifi\u010dni - TuzlaInfo.ba\" \/>\n<meta property=\"og:description\" content=\"U Federaciji Bosne i Hercegovine trenutno je evidentirano 28.500 osoba oboljelih od bolesti \u0161titne \u017elijezde,&hellip;\" \/>\n<meta property=\"og:url\" content=\"https:\/\/tuzlainfo.ba\/index.php\/bosna-i-hercegovina\/item\/270422-samo-u-fbih-28-500-oboljelih-osoba-budite-oprezni-simptomi-su-nespecificni\/\" \/>\n<meta property=\"og:site_name\" content=\"TuzlaInfo.ba\" \/>\n<meta property=\"article:publisher\" content=\"https:\/\/www.facebook.com\/tuzlainfo.ba\/\" \/>\n<meta property=\"article:published_time\" content=\"2025-05-28T18:04:30+00:00\" \/>\n<meta property=\"article:modified_time\" content=\"2025-05-29T05:35:03+00:00\" \/>\n<meta property=\"og:image\" content=\"https:\/\/tuzlainfo.ba\/wp-content\/uploads\/2024\/03\/1203_ultrazvuk.jpg\" \/>\n\t<meta property=\"og:image:width\" content=\"1000\" \/>\n\t<meta property=\"og:image:height\" content=\"666\" \/>\n\t<meta property=\"og:image:type\" content=\"image\/jpeg\" \/>\n<meta name=\"author\" content=\"nedim\" \/>\n<meta name=\"twitter:card\" content=\"summary_large_image\" \/>\n<meta name=\"twitter:label1\" content=\"Written by\" \/>\n\t<meta name=\"twitter:data1\" content=\"nedim\" \/>\n\t<meta name=\"twitter:label2\" content=\"Est. reading time\" \/>\n\t<meta name=\"twitter:data2\" content=\"2 minute\" \/>\n<script type=\"application\/ld+json\" class=\"yoast-schema-graph\">{\"@context\":\"https:\/\/schema.org\",\"@graph\":[{\"@type\":\"Article\",\"@id\":\"https:\/\/tuzlainfo.ba\/index.php\/bosna-i-hercegovina\/item\/270422-samo-u-fbih-28-500-oboljelih-osoba-budite-oprezni-simptomi-su-nespecificni\/#article\",\"isPartOf\":{\"@id\":\"https:\/\/tuzlainfo.ba\/index.php\/bosna-i-hercegovina\/item\/270422-samo-u-fbih-28-500-oboljelih-osoba-budite-oprezni-simptomi-su-nespecificni\/\"},\"author\":{\"name\":\"nedim\",\"@id\":\"https:\/\/tuzlainfo.ba\/#\/schema\/person\/f434e20dc27ea133923aab08451b7f7f\"},\"headline\":\"Samo u FBIH 28.500 oboljelih osoba: Budite oprezni, simptomi su nespecifi\u010dni\",\"datePublished\":\"2025-05-28T18:04:30+00:00\",\"dateModified\":\"2025-05-29T05:35:03+00:00\",\"mainEntityOfPage\":{\"@id\":\"https:\/\/tuzlainfo.ba\/index.php\/bosna-i-hercegovina\/item\/270422-samo-u-fbih-28-500-oboljelih-osoba-budite-oprezni-simptomi-su-nespecificni\/\"},\"wordCount\":385,\"publisher\":{\"@id\":\"https:\/\/tuzlainfo.ba\/#organization\"},\"image\":{\"@id\":\"https:\/\/tuzlainfo.ba\/index.php\/bosna-i-hercegovina\/item\/270422-samo-u-fbih-28-500-oboljelih-osoba-budite-oprezni-simptomi-su-nespecificni\/#primaryimage\"},\"thumbnailUrl\":\"https:\/\/tuzlainfo.ba\/wp-content\/uploads\/2024\/03\/1203_ultrazvuk.jpg\",\"keywords\":[\"Bolest\",\"\u0161titna \u017elijezda\"],\"articleSection\":[\"Bosna i Hercegovina\",\"Istaknuto\",\"Preporu\u010dujemo\"],\"inLanguage\":\"bs-BA\"},{\"@type\":\"WebPage\",\"@id\":\"https:\/\/tuzlainfo.ba\/index.php\/bosna-i-hercegovina\/item\/270422-samo-u-fbih-28-500-oboljelih-osoba-budite-oprezni-simptomi-su-nespecificni\/\",\"url\":\"https:\/\/tuzlainfo.ba\/index.php\/bosna-i-hercegovina\/item\/270422-samo-u-fbih-28-500-oboljelih-osoba-budite-oprezni-simptomi-su-nespecificni\/\",\"name\":\"Samo u FBIH 28.500 oboljelih osoba: Budite oprezni, simptomi su nespecifi\u010dni - TuzlaInfo.ba\",\"isPartOf\":{\"@id\":\"https:\/\/tuzlainfo.ba\/#website\"},\"primaryImageOfPage\":{\"@id\":\"https:\/\/tuzlainfo.ba\/index.php\/bosna-i-hercegovina\/item\/270422-samo-u-fbih-28-500-oboljelih-osoba-budite-oprezni-simptomi-su-nespecificni\/#primaryimage\"},\"image\":{\"@id\":\"https:\/\/tuzlainfo.ba\/index.php\/bosna-i-hercegovina\/item\/270422-samo-u-fbih-28-500-oboljelih-osoba-budite-oprezni-simptomi-su-nespecificni\/#primaryimage\"},\"thumbnailUrl\":\"https:\/\/tuzlainfo.ba\/wp-content\/uploads\/2024\/03\/1203_ultrazvuk.jpg\",\"datePublished\":\"2025-05-28T18:04:30+00:00\",\"dateModified\":\"2025-05-29T05:35:03+00:00\",\"breadcrumb\":{\"@id\":\"https:\/\/tuzlainfo.ba\/index.php\/bosna-i-hercegovina\/item\/270422-samo-u-fbih-28-500-oboljelih-osoba-budite-oprezni-simptomi-su-nespecificni\/#breadcrumb\"},\"inLanguage\":\"bs-BA\",\"potentialAction\":[{\"@type\":\"ReadAction\",\"target\":[\"https:\/\/tuzlainfo.ba\/index.php\/bosna-i-hercegovina\/item\/270422-samo-u-fbih-28-500-oboljelih-osoba-budite-oprezni-simptomi-su-nespecificni\/\"]}]},{\"@type\":\"ImageObject\",\"inLanguage\":\"bs-BA\",\"@id\":\"https:\/\/tuzlainfo.ba\/index.php\/bosna-i-hercegovina\/item\/270422-samo-u-fbih-28-500-oboljelih-osoba-budite-oprezni-simptomi-su-nespecificni\/#primaryimage\",\"url\":\"https:\/\/tuzlainfo.ba\/wp-content\/uploads\/2024\/03\/1203_ultrazvuk.jpg\",\"contentUrl\":\"https:\/\/tuzlainfo.ba\/wp-content\/uploads\/2024\/03\/1203_ultrazvuk.jpg\",\"width\":1000,\"height\":666,\"caption\":\"Foto: Ilustracija\"},{\"@type\":\"BreadcrumbList\",\"@id\":\"https:\/\/tuzlainfo.ba\/index.php\/bosna-i-hercegovina\/item\/270422-samo-u-fbih-28-500-oboljelih-osoba-budite-oprezni-simptomi-su-nespecificni\/#breadcrumb\",\"itemListElement\":[{\"@type\":\"ListItem\",\"position\":1,\"name\":\"Home\",\"item\":\"https:\/\/tuzlainfo.ba\/\"},{\"@type\":\"ListItem\",\"position\":2,\"name\":\"Samo u FBIH 28.500 oboljelih osoba: Budite oprezni, simptomi su nespecifi\u010dni\"}]},{\"@type\":\"WebSite\",\"@id\":\"https:\/\/tuzlainfo.ba\/#website\",\"url\":\"https:\/\/tuzlainfo.ba\/\",\"name\":\"TuzlaInfo.ba\",\"description\":\"Tuzla info, gradski informator - Tuzla na dlanu\",\"publisher\":{\"@id\":\"https:\/\/tuzlainfo.ba\/#organization\"},\"potentialAction\":[{\"@type\":\"SearchAction\",\"target\":{\"@type\":\"EntryPoint\",\"urlTemplate\":\"https:\/\/tuzlainfo.ba\/?s={search_term_string}\"},\"query-input\":{\"@type\":\"PropertyValueSpecification\",\"valueRequired\":true,\"valueName\":\"search_term_string\"}}],\"inLanguage\":\"bs-BA\"},{\"@type\":\"Organization\",\"@id\":\"https:\/\/tuzlainfo.ba\/#organization\",\"name\":\"TuzlaInfo.ba\",\"url\":\"https:\/\/tuzlainfo.ba\/\",\"logo\":{\"@type\":\"ImageObject\",\"inLanguage\":\"bs-BA\",\"@id\":\"https:\/\/tuzlainfo.ba\/#\/schema\/logo\/image\/\",\"url\":\"https:\/\/tuzlainfo.ba\/wp-content\/uploads\/2021\/03\/logo-ver-3-1.png\",\"contentUrl\":\"https:\/\/tuzlainfo.ba\/wp-content\/uploads\/2021\/03\/logo-ver-3-1.png\",\"width\":350,\"height\":95,\"caption\":\"TuzlaInfo.ba\"},\"image\":{\"@id\":\"https:\/\/tuzlainfo.ba\/#\/schema\/logo\/image\/\"},\"sameAs\":[\"https:\/\/www.facebook.com\/tuzlainfo.ba\/\"]},{\"@type\":\"Person\",\"@id\":\"https:\/\/tuzlainfo.ba\/#\/schema\/person\/f434e20dc27ea133923aab08451b7f7f\",\"name\":\"nedim\",\"image\":{\"@type\":\"ImageObject\",\"inLanguage\":\"bs-BA\",\"@id\":\"https:\/\/tuzlainfo.ba\/#\/schema\/person\/image\/\",\"url\":\"https:\/\/tuzlainfo.ba\/wp-content\/litespeed\/avatar\/aabad687af24844af817603ac1cbdc4f.jpg?ver=1777306975\",\"contentUrl\":\"https:\/\/tuzlainfo.ba\/wp-content\/litespeed\/avatar\/aabad687af24844af817603ac1cbdc4f.jpg?ver=1777306975\",\"caption\":\"nedim\"},\"description\":\"Tuzlainfo.ba pratite na dru\u0161tvenim mre\u017eama: Facebook, Instagram i Youtube. Svoje pri\u010de, upite i fotografije \u0161aljite na na\u0161u e-mail adresu.\"}]}<\/script>\n<!-- \/ Yoast SEO plugin. -->","yoast_head_json":{"title":"Samo u FBIH 28.500 oboljelih osoba: Budite oprezni, simptomi su nespecifi\u010dni - TuzlaInfo.ba","robots":{"index":"index","follow":"follow","max-snippet":"max-snippet:-1","max-image-preview":"max-image-preview:large","max-video-preview":"max-video-preview:-1"},"canonical":"https:\/\/tuzlainfo.ba\/index.php\/bosna-i-hercegovina\/item\/270422-samo-u-fbih-28-500-oboljelih-osoba-budite-oprezni-simptomi-su-nespecificni\/","og_locale":"bs_BA","og_type":"article","og_title":"Samo u FBIH 28.500 oboljelih osoba: Budite oprezni, simptomi su nespecifi\u010dni - TuzlaInfo.ba","og_description":"U Federaciji Bosne i Hercegovine trenutno je evidentirano 28.500 osoba oboljelih od bolesti \u0161titne \u017elijezde,&hellip;","og_url":"https:\/\/tuzlainfo.ba\/index.php\/bosna-i-hercegovina\/item\/270422-samo-u-fbih-28-500-oboljelih-osoba-budite-oprezni-simptomi-su-nespecificni\/","og_site_name":"TuzlaInfo.ba","article_publisher":"https:\/\/www.facebook.com\/tuzlainfo.ba\/","article_published_time":"2025-05-28T18:04:30+00:00","article_modified_time":"2025-05-29T05:35:03+00:00","og_image":[{"width":1000,"height":666,"url":"https:\/\/tuzlainfo.ba\/wp-content\/uploads\/2024\/03\/1203_ultrazvuk.jpg","type":"image\/jpeg"}],"author":"nedim","twitter_card":"summary_large_image","twitter_misc":{"Written by":"nedim","Est. reading time":"2 minute"},"schema":{"@context":"https:\/\/schema.org","@graph":[{"@type":"Article","@id":"https:\/\/tuzlainfo.ba\/index.php\/bosna-i-hercegovina\/item\/270422-samo-u-fbih-28-500-oboljelih-osoba-budite-oprezni-simptomi-su-nespecificni\/#article","isPartOf":{"@id":"https:\/\/tuzlainfo.ba\/index.php\/bosna-i-hercegovina\/item\/270422-samo-u-fbih-28-500-oboljelih-osoba-budite-oprezni-simptomi-su-nespecificni\/"},"author":{"name":"nedim","@id":"https:\/\/tuzlainfo.ba\/#\/schema\/person\/f434e20dc27ea133923aab08451b7f7f"},"headline":"Samo u FBIH 28.500 oboljelih osoba: Budite oprezni, simptomi su nespecifi\u010dni","datePublished":"2025-05-28T18:04:30+00:00","dateModified":"2025-05-29T05:35:03+00:00","mainEntityOfPage":{"@id":"https:\/\/tuzlainfo.ba\/index.php\/bosna-i-hercegovina\/item\/270422-samo-u-fbih-28-500-oboljelih-osoba-budite-oprezni-simptomi-su-nespecificni\/"},"wordCount":385,"publisher":{"@id":"https:\/\/tuzlainfo.ba\/#organization"},"image":{"@id":"https:\/\/tuzlainfo.ba\/index.php\/bosna-i-hercegovina\/item\/270422-samo-u-fbih-28-500-oboljelih-osoba-budite-oprezni-simptomi-su-nespecificni\/#primaryimage"},"thumbnailUrl":"https:\/\/tuzlainfo.ba\/wp-content\/uploads\/2024\/03\/1203_ultrazvuk.jpg","keywords":["Bolest","\u0161titna \u017elijezda"],"articleSection":["Bosna i Hercegovina","Istaknuto","Preporu\u010dujemo"],"inLanguage":"bs-BA"},{"@type":"WebPage","@id":"https:\/\/tuzlainfo.ba\/index.php\/bosna-i-hercegovina\/item\/270422-samo-u-fbih-28-500-oboljelih-osoba-budite-oprezni-simptomi-su-nespecificni\/","url":"https:\/\/tuzlainfo.ba\/index.php\/bosna-i-hercegovina\/item\/270422-samo-u-fbih-28-500-oboljelih-osoba-budite-oprezni-simptomi-su-nespecificni\/","name":"Samo u FBIH 28.500 oboljelih osoba: Budite oprezni, simptomi su nespecifi\u010dni - TuzlaInfo.ba","isPartOf":{"@id":"https:\/\/tuzlainfo.ba\/#website"},"primaryImageOfPage":{"@id":"https:\/\/tuzlainfo.ba\/index.php\/bosna-i-hercegovina\/item\/270422-samo-u-fbih-28-500-oboljelih-osoba-budite-oprezni-simptomi-su-nespecificni\/#primaryimage"},"image":{"@id":"https:\/\/tuzlainfo.ba\/index.php\/bosna-i-hercegovina\/item\/270422-samo-u-fbih-28-500-oboljelih-osoba-budite-oprezni-simptomi-su-nespecificni\/#primaryimage"},"thumbnailUrl":"https:\/\/tuzlainfo.ba\/wp-content\/uploads\/2024\/03\/1203_ultrazvuk.jpg","datePublished":"2025-05-28T18:04:30+00:00","dateModified":"2025-05-29T05:35:03+00:00","breadcrumb":{"@id":"https:\/\/tuzlainfo.ba\/index.php\/bosna-i-hercegovina\/item\/270422-samo-u-fbih-28-500-oboljelih-osoba-budite-oprezni-simptomi-su-nespecificni\/#breadcrumb"},"inLanguage":"bs-BA","potentialAction":[{"@type":"ReadAction","target":["https:\/\/tuzlainfo.ba\/index.php\/bosna-i-hercegovina\/item\/270422-samo-u-fbih-28-500-oboljelih-osoba-budite-oprezni-simptomi-su-nespecificni\/"]}]},{"@type":"ImageObject","inLanguage":"bs-BA","@id":"https:\/\/tuzlainfo.ba\/index.php\/bosna-i-hercegovina\/item\/270422-samo-u-fbih-28-500-oboljelih-osoba-budite-oprezni-simptomi-su-nespecificni\/#primaryimage","url":"https:\/\/tuzlainfo.ba\/wp-content\/uploads\/2024\/03\/1203_ultrazvuk.jpg","contentUrl":"https:\/\/tuzlainfo.ba\/wp-content\/uploads\/2024\/03\/1203_ultrazvuk.jpg","width":1000,"height":666,"caption":"Foto: Ilustracija"},{"@type":"BreadcrumbList","@id":"https:\/\/tuzlainfo.ba\/index.php\/bosna-i-hercegovina\/item\/270422-samo-u-fbih-28-500-oboljelih-osoba-budite-oprezni-simptomi-su-nespecificni\/#breadcrumb","itemListElement":[{"@type":"ListItem","position":1,"name":"Home","item":"https:\/\/tuzlainfo.ba\/"},{"@type":"ListItem","position":2,"name":"Samo u FBIH 28.500 oboljelih osoba: Budite oprezni, simptomi su nespecifi\u010dni"}]},{"@type":"WebSite","@id":"https:\/\/tuzlainfo.ba\/#website","url":"https:\/\/tuzlainfo.ba\/","name":"TuzlaInfo.ba","description":"Tuzla info, gradski informator - Tuzla na dlanu","publisher":{"@id":"https:\/\/tuzlainfo.ba\/#organization"},"potentialAction":[{"@type":"SearchAction","target":{"@type":"EntryPoint","urlTemplate":"https:\/\/tuzlainfo.ba\/?s={search_term_string}"},"query-input":{"@type":"PropertyValueSpecification","valueRequired":true,"valueName":"search_term_string"}}],"inLanguage":"bs-BA"},{"@type":"Organization","@id":"https:\/\/tuzlainfo.ba\/#organization","name":"TuzlaInfo.ba","url":"https:\/\/tuzlainfo.ba\/","logo":{"@type":"ImageObject","inLanguage":"bs-BA","@id":"https:\/\/tuzlainfo.ba\/#\/schema\/logo\/image\/","url":"https:\/\/tuzlainfo.ba\/wp-content\/uploads\/2021\/03\/logo-ver-3-1.png","contentUrl":"https:\/\/tuzlainfo.ba\/wp-content\/uploads\/2021\/03\/logo-ver-3-1.png","width":350,"height":95,"caption":"TuzlaInfo.ba"},"image":{"@id":"https:\/\/tuzlainfo.ba\/#\/schema\/logo\/image\/"},"sameAs":["https:\/\/www.facebook.com\/tuzlainfo.ba\/"]},{"@type":"Person","@id":"https:\/\/tuzlainfo.ba\/#\/schema\/person\/f434e20dc27ea133923aab08451b7f7f","name":"nedim","image":{"@type":"ImageObject","inLanguage":"bs-BA","@id":"https:\/\/tuzlainfo.ba\/#\/schema\/person\/image\/","url":"https:\/\/tuzlainfo.ba\/wp-content\/litespeed\/avatar\/aabad687af24844af817603ac1cbdc4f.jpg?ver=1777306975","contentUrl":"https:\/\/tuzlainfo.ba\/wp-content\/litespeed\/avatar\/aabad687af24844af817603ac1cbdc4f.jpg?ver=1777306975","caption":"nedim"},"description":"Tuzlainfo.ba pratite na dru\u0161tvenim mre\u017eama: Facebook, Instagram i Youtube. Svoje pri\u010de, upite i fotografije \u0161aljite na na\u0161u e-mail adresu."}]}},"_links":{"self":[{"href":"https:\/\/tuzlainfo.ba\/index.php\/wp-json\/wp\/v2\/posts\/270422"}],"collection":[{"href":"https:\/\/tuzlainfo.ba\/index.php\/wp-json\/wp\/v2\/posts"}],"about":[{"href":"https:\/\/tuzlainfo.ba\/index.php\/wp-json\/wp\/v2\/types\/post"}],"author":[{"embeddable":true,"href":"https:\/\/tuzlainfo.ba\/index.php\/wp-json\/wp\/v2\/users\/2"}],"replies":[{"embeddable":true,"href":"https:\/\/tuzlainfo.ba\/index.php\/wp-json\/wp\/v2\/comments?post=270422"}],"version-history":[{"count":1,"href":"https:\/\/tuzlainfo.ba\/index.php\/wp-json\/wp\/v2\/posts\/270422\/revisions"}],"predecessor-version":[{"id":270424,"href":"https:\/\/tuzlainfo.ba\/index.php\/wp-json\/wp\/v2\/posts\/270422\/revisions\/270424"}],"wp:featuredmedia":[{"embeddable":true,"href":"https:\/\/tuzlainfo.ba\/index.php\/wp-json\/wp\/v2\/media\/232793"}],"wp:attachment":[{"href":"https:\/\/tuzlainfo.ba\/index.php\/wp-json\/wp\/v2\/media?parent=270422"}],"wp:term":[{"taxonomy":"category","embeddable":true,"href":"https:\/\/tuzlainfo.ba\/index.php\/wp-json\/wp\/v2\/categories?post=270422"},{"taxonomy":"post_tag","embeddable":true,"href":"https:\/\/tuzlainfo.ba\/index.php\/wp-json\/wp\/v2\/tags?post=270422"}],"curies":[{"name":"wp","href":"https:\/\/api.w.org\/{rel}","templated":true}]}}