{"id":270415,"date":"2025-05-28T12:05:57","date_gmt":"2025-05-28T10:05:57","guid":{"rendered":"https:\/\/tuzlainfo.ba\/?p=270415"},"modified":"2025-05-28T10:02:57","modified_gmt":"2025-05-28T08:02:57","slug":"polazak-hadzija-s-podrucja-muftiluka-tuzlanskog-u-cetiri-termina-prvi-u-petak-30-maja","status":"publish","type":"post","link":"https:\/\/tuzlainfo.ba\/index.php\/novosti\/item\/270415-polazak-hadzija-s-podrucja-muftiluka-tuzlanskog-u-cetiri-termina-prvi-u-petak-30-maja\/","title":{"rendered":"Polazak had\u017eija s podru\u010dja Muftiluka tuzlanskog u \u010detiri termina, prvi u petak 30. maja"},"content":{"rendered":"<p class=\"\" data-start=\"187\" data-end=\"372\">Had\u017eije s podru\u010dja Muftiluka tuzlanskog na put ka Saudijskoj Arabiji krenut \u0107e u \u010detiri planirana termina, a prvi polazak predvi\u0111en je za petak, 30. maja 2025. godine.<\/p>\n<p class=\"\" data-start=\"374\" data-end=\"621\">Prema rasporedu koji je objavilo Muftijstvo tuzlansko, ukupno 448 had\u017eija iz ovog muftiluka \u0107e krenuti prema D\u017eedi avionima s Me\u0111unarodnog aerodroma u Sarajevu, a prethodno \u0107e se okupiti i ispratiti iz d\u017eamije \u201eKralj Abdullah\u201c u Tuzli.<\/p>\n<p class=\"\" data-start=\"623\" data-end=\"656\"><strong data-start=\"623\" data-end=\"655\">Termini polazaka su sljede\u0107i<\/strong>:<\/p>\n<ul data-start=\"658\" data-end=\"1059\">\n<li class=\"\" data-start=\"658\" data-end=\"746\">\n<p class=\"\" data-start=\"660\" data-end=\"746\"><strong data-start=\"660\" data-end=\"678\">Petak, 30. maj<\/strong>, okupljanje u\u00a0<strong data-start=\"693\" data-end=\"706\">0:00 sati<\/strong>, polazak u\u00a0<strong data-start=\"718\" data-end=\"730\">1:00 sat<\/strong>\u00a0\u2013 168 had\u017eija<\/p>\n<\/li>\n<li class=\"\" data-start=\"747\" data-end=\"880\">\n<p class=\"\" data-start=\"749\" data-end=\"880\"><strong data-start=\"749\" data-end=\"767\">Petak, 30. maj<\/strong>, okupljanje u\u00a0<strong data-start=\"782\" data-end=\"796\">11:00 sati<\/strong>, polazak u\u00a0<strong data-start=\"808\" data-end=\"822\">12:00 sati<\/strong>\u00a0(d\u017euma-namaz u novoj d\u017eamiji u \u0110ur\u0111eviku) \u2013 127 had\u017eija<\/p>\n<\/li>\n<li class=\"\" data-start=\"881\" data-end=\"970\">\n<p class=\"\" data-start=\"883\" data-end=\"970\"><strong data-start=\"883\" data-end=\"902\">Subota, 31. maj<\/strong>, okupljanje u\u00a0<strong data-start=\"917\" data-end=\"930\">0:00 sati<\/strong>, polazak u\u00a0<strong data-start=\"942\" data-end=\"954\">1:00 sat<\/strong>\u00a0\u2013 127 had\u017eija<\/p>\n<\/li>\n<li class=\"\" data-start=\"971\" data-end=\"1059\">\n<p class=\"\" data-start=\"973\" data-end=\"1059\"><strong data-start=\"973\" data-end=\"994\">Nedjelja, 1. juni<\/strong>, okupljanje u\u00a0<strong data-start=\"1009\" data-end=\"1022\">0:30 sati<\/strong>, polazak u\u00a0<strong data-start=\"1034\" data-end=\"1046\">1:00 sat<\/strong>\u00a0\u2013 26 had\u017eija<\/p>\n<\/li>\n<\/ul>\n<p class=\"\" data-start=\"1061\" data-end=\"1187\">Had\u017eije \u0107e iz Tuzle autobusima biti prevezene do d\u017eamije \u201eKralj Fahd\u201c u Sarajevu, odakle nastavljaju put avionima prema D\u017eedi.<\/p>\n<p class=\"\" data-start=\"1189\" data-end=\"1311\">Prije svakog polaska bit \u0107e prou\u010dena ikrar dova, a ispra\u0107aju \u0107e prisustvovati i muftija tuzlanski, dr. Vahid-ef. Fazlovi\u0107.<\/p>\n","protected":false},"excerpt":{"rendered":"<p>Had\u017eije s podru\u010dja Muftiluka tuzlanskog na put ka Saudijskoj Arabiji krenut \u0107e u \u010detiri planirana&hellip;<\/p>\n","protected":false},"author":2,"featured_media":241097,"comment_status":"closed","ping_status":"closed","sticky":false,"template":"","format":"standard","meta":{"_acf_changed":false,"footnotes":""},"categories":[304,12],"tags":[4975],"acf":[],"yoast_head":"<!-- This site is optimized with the Yoast SEO plugin v23.5 - https:\/\/yoast.com\/wordpress\/plugins\/seo\/ -->\n<title>Polazak had\u017eija s podru\u010dja Muftiluka tuzlanskog u \u010detiri termina, prvi u petak 30. maja - TuzlaInfo.ba<\/title>\n<meta name=\"robots\" content=\"index, follow, max-snippet:-1, max-image-preview:large, max-video-preview:-1\" \/>\n<link rel=\"canonical\" href=\"https:\/\/tuzlainfo.ba\/index.php\/novosti\/item\/270415-polazak-hadzija-s-podrucja-muftiluka-tuzlanskog-u-cetiri-termina-prvi-u-petak-30-maja\/\" \/>\n<meta property=\"og:locale\" content=\"bs_BA\" \/>\n<meta property=\"og:type\" content=\"article\" \/>\n<meta property=\"og:title\" content=\"Polazak had\u017eija s podru\u010dja Muftiluka tuzlanskog u \u010detiri termina, prvi u petak 30. maja - TuzlaInfo.ba\" \/>\n<meta property=\"og:description\" content=\"Had\u017eije s podru\u010dja Muftiluka tuzlanskog na put ka Saudijskoj Arabiji krenut \u0107e u \u010detiri planirana&hellip;\" \/>\n<meta property=\"og:url\" content=\"https:\/\/tuzlainfo.ba\/index.php\/novosti\/item\/270415-polazak-hadzija-s-podrucja-muftiluka-tuzlanskog-u-cetiri-termina-prvi-u-petak-30-maja\/\" \/>\n<meta property=\"og:site_name\" content=\"TuzlaInfo.ba\" \/>\n<meta property=\"article:publisher\" content=\"https:\/\/www.facebook.com\/tuzlainfo.ba\/\" \/>\n<meta property=\"article:published_time\" content=\"2025-05-28T10:05:57+00:00\" \/>\n<meta property=\"article:modified_time\" content=\"2025-05-28T08:02:57+00:00\" \/>\n<meta property=\"og:image\" content=\"https:\/\/tuzlainfo.ba\/wp-content\/uploads\/2024\/06\/hadzije_muftijstvo-tz-2024_6.jpg\" \/>\n\t<meta property=\"og:image:width\" content=\"1600\" \/>\n\t<meta property=\"og:image:height\" content=\"1200\" \/>\n\t<meta property=\"og:image:type\" content=\"image\/jpeg\" \/>\n<meta name=\"author\" content=\"nedim\" \/>\n<meta name=\"twitter:card\" content=\"summary_large_image\" \/>\n<meta name=\"twitter:label1\" content=\"Written by\" \/>\n\t<meta name=\"twitter:data1\" content=\"nedim\" \/>\n\t<meta name=\"twitter:label2\" content=\"Est. reading time\" \/>\n\t<meta name=\"twitter:data2\" content=\"2 minute\" \/>\n<script type=\"application\/ld+json\" class=\"yoast-schema-graph\">{\"@context\":\"https:\/\/schema.org\",\"@graph\":[{\"@type\":\"Article\",\"@id\":\"https:\/\/tuzlainfo.ba\/index.php\/novosti\/item\/270415-polazak-hadzija-s-podrucja-muftiluka-tuzlanskog-u-cetiri-termina-prvi-u-petak-30-maja\/#article\",\"isPartOf\":{\"@id\":\"https:\/\/tuzlainfo.ba\/index.php\/novosti\/item\/270415-polazak-hadzija-s-podrucja-muftiluka-tuzlanskog-u-cetiri-termina-prvi-u-petak-30-maja\/\"},\"author\":{\"name\":\"nedim\",\"@id\":\"https:\/\/tuzlainfo.ba\/#\/schema\/person\/f434e20dc27ea133923aab08451b7f7f\"},\"headline\":\"Polazak had\u017eija s podru\u010dja Muftiluka tuzlanskog u \u010detiri termina, prvi u petak 30. maja\",\"datePublished\":\"2025-05-28T10:05:57+00:00\",\"dateModified\":\"2025-05-28T08:02:57+00:00\",\"mainEntityOfPage\":{\"@id\":\"https:\/\/tuzlainfo.ba\/index.php\/novosti\/item\/270415-polazak-hadzija-s-podrucja-muftiluka-tuzlanskog-u-cetiri-termina-prvi-u-petak-30-maja\/\"},\"wordCount\":178,\"publisher\":{\"@id\":\"https:\/\/tuzlainfo.ba\/#organization\"},\"image\":{\"@id\":\"https:\/\/tuzlainfo.ba\/index.php\/novosti\/item\/270415-polazak-hadzija-s-podrucja-muftiluka-tuzlanskog-u-cetiri-termina-prvi-u-petak-30-maja\/#primaryimage\"},\"thumbnailUrl\":\"https:\/\/tuzlainfo.ba\/wp-content\/uploads\/2024\/06\/hadzije_muftijstvo-tz-2024_6.jpg\",\"keywords\":[\"had\u017eije\"],\"articleSection\":[\"Istaknuto\",\"Novosti\"],\"inLanguage\":\"bs-BA\"},{\"@type\":\"WebPage\",\"@id\":\"https:\/\/tuzlainfo.ba\/index.php\/novosti\/item\/270415-polazak-hadzija-s-podrucja-muftiluka-tuzlanskog-u-cetiri-termina-prvi-u-petak-30-maja\/\",\"url\":\"https:\/\/tuzlainfo.ba\/index.php\/novosti\/item\/270415-polazak-hadzija-s-podrucja-muftiluka-tuzlanskog-u-cetiri-termina-prvi-u-petak-30-maja\/\",\"name\":\"Polazak had\u017eija s podru\u010dja Muftiluka tuzlanskog u \u010detiri termina, prvi u petak 30. maja - TuzlaInfo.ba\",\"isPartOf\":{\"@id\":\"https:\/\/tuzlainfo.ba\/#website\"},\"primaryImageOfPage\":{\"@id\":\"https:\/\/tuzlainfo.ba\/index.php\/novosti\/item\/270415-polazak-hadzija-s-podrucja-muftiluka-tuzlanskog-u-cetiri-termina-prvi-u-petak-30-maja\/#primaryimage\"},\"image\":{\"@id\":\"https:\/\/tuzlainfo.ba\/index.php\/novosti\/item\/270415-polazak-hadzija-s-podrucja-muftiluka-tuzlanskog-u-cetiri-termina-prvi-u-petak-30-maja\/#primaryimage\"},\"thumbnailUrl\":\"https:\/\/tuzlainfo.ba\/wp-content\/uploads\/2024\/06\/hadzije_muftijstvo-tz-2024_6.jpg\",\"datePublished\":\"2025-05-28T10:05:57+00:00\",\"dateModified\":\"2025-05-28T08:02:57+00:00\",\"breadcrumb\":{\"@id\":\"https:\/\/tuzlainfo.ba\/index.php\/novosti\/item\/270415-polazak-hadzija-s-podrucja-muftiluka-tuzlanskog-u-cetiri-termina-prvi-u-petak-30-maja\/#breadcrumb\"},\"inLanguage\":\"bs-BA\",\"potentialAction\":[{\"@type\":\"ReadAction\",\"target\":[\"https:\/\/tuzlainfo.ba\/index.php\/novosti\/item\/270415-polazak-hadzija-s-podrucja-muftiluka-tuzlanskog-u-cetiri-termina-prvi-u-petak-30-maja\/\"]}]},{\"@type\":\"ImageObject\",\"inLanguage\":\"bs-BA\",\"@id\":\"https:\/\/tuzlainfo.ba\/index.php\/novosti\/item\/270415-polazak-hadzija-s-podrucja-muftiluka-tuzlanskog-u-cetiri-termina-prvi-u-petak-30-maja\/#primaryimage\",\"url\":\"https:\/\/tuzlainfo.ba\/wp-content\/uploads\/2024\/06\/hadzije_muftijstvo-tz-2024_6.jpg\",\"contentUrl\":\"https:\/\/tuzlainfo.ba\/wp-content\/uploads\/2024\/06\/hadzije_muftijstvo-tz-2024_6.jpg\",\"width\":1600,\"height\":1200},{\"@type\":\"BreadcrumbList\",\"@id\":\"https:\/\/tuzlainfo.ba\/index.php\/novosti\/item\/270415-polazak-hadzija-s-podrucja-muftiluka-tuzlanskog-u-cetiri-termina-prvi-u-petak-30-maja\/#breadcrumb\",\"itemListElement\":[{\"@type\":\"ListItem\",\"position\":1,\"name\":\"Home\",\"item\":\"https:\/\/tuzlainfo.ba\/\"},{\"@type\":\"ListItem\",\"position\":2,\"name\":\"Polazak had\u017eija s podru\u010dja Muftiluka tuzlanskog u \u010detiri termina, prvi u petak 30. maja\"}]},{\"@type\":\"WebSite\",\"@id\":\"https:\/\/tuzlainfo.ba\/#website\",\"url\":\"https:\/\/tuzlainfo.ba\/\",\"name\":\"TuzlaInfo.ba\",\"description\":\"Tuzla info, gradski informator - Tuzla na dlanu\",\"publisher\":{\"@id\":\"https:\/\/tuzlainfo.ba\/#organization\"},\"potentialAction\":[{\"@type\":\"SearchAction\",\"target\":{\"@type\":\"EntryPoint\",\"urlTemplate\":\"https:\/\/tuzlainfo.ba\/?s={search_term_string}\"},\"query-input\":{\"@type\":\"PropertyValueSpecification\",\"valueRequired\":true,\"valueName\":\"search_term_string\"}}],\"inLanguage\":\"bs-BA\"},{\"@type\":\"Organization\",\"@id\":\"https:\/\/tuzlainfo.ba\/#organization\",\"name\":\"TuzlaInfo.ba\",\"url\":\"https:\/\/tuzlainfo.ba\/\",\"logo\":{\"@type\":\"ImageObject\",\"inLanguage\":\"bs-BA\",\"@id\":\"https:\/\/tuzlainfo.ba\/#\/schema\/logo\/image\/\",\"url\":\"https:\/\/tuzlainfo.ba\/wp-content\/uploads\/2021\/03\/logo-ver-3-1.png\",\"contentUrl\":\"https:\/\/tuzlainfo.ba\/wp-content\/uploads\/2021\/03\/logo-ver-3-1.png\",\"width\":350,\"height\":95,\"caption\":\"TuzlaInfo.ba\"},\"image\":{\"@id\":\"https:\/\/tuzlainfo.ba\/#\/schema\/logo\/image\/\"},\"sameAs\":[\"https:\/\/www.facebook.com\/tuzlainfo.ba\/\"]},{\"@type\":\"Person\",\"@id\":\"https:\/\/tuzlainfo.ba\/#\/schema\/person\/f434e20dc27ea133923aab08451b7f7f\",\"name\":\"nedim\",\"image\":{\"@type\":\"ImageObject\",\"inLanguage\":\"bs-BA\",\"@id\":\"https:\/\/tuzlainfo.ba\/#\/schema\/person\/image\/\",\"url\":\"https:\/\/tuzlainfo.ba\/wp-content\/litespeed\/avatar\/aabad687af24844af817603ac1cbdc4f.jpg?ver=1777306975\",\"contentUrl\":\"https:\/\/tuzlainfo.ba\/wp-content\/litespeed\/avatar\/aabad687af24844af817603ac1cbdc4f.jpg?ver=1777306975\",\"caption\":\"nedim\"},\"description\":\"Tuzlainfo.ba pratite na dru\u0161tvenim mre\u017eama: Facebook, Instagram i Youtube. Svoje pri\u010de, upite i fotografije \u0161aljite na na\u0161u e-mail adresu.\"}]}<\/script>\n<!-- \/ Yoast SEO plugin. -->","yoast_head_json":{"title":"Polazak had\u017eija s podru\u010dja Muftiluka tuzlanskog u \u010detiri termina, prvi u petak 30. maja - TuzlaInfo.ba","robots":{"index":"index","follow":"follow","max-snippet":"max-snippet:-1","max-image-preview":"max-image-preview:large","max-video-preview":"max-video-preview:-1"},"canonical":"https:\/\/tuzlainfo.ba\/index.php\/novosti\/item\/270415-polazak-hadzija-s-podrucja-muftiluka-tuzlanskog-u-cetiri-termina-prvi-u-petak-30-maja\/","og_locale":"bs_BA","og_type":"article","og_title":"Polazak had\u017eija s podru\u010dja Muftiluka tuzlanskog u \u010detiri termina, prvi u petak 30. maja - TuzlaInfo.ba","og_description":"Had\u017eije s podru\u010dja Muftiluka tuzlanskog na put ka Saudijskoj Arabiji krenut \u0107e u \u010detiri planirana&hellip;","og_url":"https:\/\/tuzlainfo.ba\/index.php\/novosti\/item\/270415-polazak-hadzija-s-podrucja-muftiluka-tuzlanskog-u-cetiri-termina-prvi-u-petak-30-maja\/","og_site_name":"TuzlaInfo.ba","article_publisher":"https:\/\/www.facebook.com\/tuzlainfo.ba\/","article_published_time":"2025-05-28T10:05:57+00:00","article_modified_time":"2025-05-28T08:02:57+00:00","og_image":[{"width":1600,"height":1200,"url":"https:\/\/tuzlainfo.ba\/wp-content\/uploads\/2024\/06\/hadzije_muftijstvo-tz-2024_6.jpg","type":"image\/jpeg"}],"author":"nedim","twitter_card":"summary_large_image","twitter_misc":{"Written by":"nedim","Est. reading time":"2 minute"},"schema":{"@context":"https:\/\/schema.org","@graph":[{"@type":"Article","@id":"https:\/\/tuzlainfo.ba\/index.php\/novosti\/item\/270415-polazak-hadzija-s-podrucja-muftiluka-tuzlanskog-u-cetiri-termina-prvi-u-petak-30-maja\/#article","isPartOf":{"@id":"https:\/\/tuzlainfo.ba\/index.php\/novosti\/item\/270415-polazak-hadzija-s-podrucja-muftiluka-tuzlanskog-u-cetiri-termina-prvi-u-petak-30-maja\/"},"author":{"name":"nedim","@id":"https:\/\/tuzlainfo.ba\/#\/schema\/person\/f434e20dc27ea133923aab08451b7f7f"},"headline":"Polazak had\u017eija s podru\u010dja Muftiluka tuzlanskog u \u010detiri termina, prvi u petak 30. maja","datePublished":"2025-05-28T10:05:57+00:00","dateModified":"2025-05-28T08:02:57+00:00","mainEntityOfPage":{"@id":"https:\/\/tuzlainfo.ba\/index.php\/novosti\/item\/270415-polazak-hadzija-s-podrucja-muftiluka-tuzlanskog-u-cetiri-termina-prvi-u-petak-30-maja\/"},"wordCount":178,"publisher":{"@id":"https:\/\/tuzlainfo.ba\/#organization"},"image":{"@id":"https:\/\/tuzlainfo.ba\/index.php\/novosti\/item\/270415-polazak-hadzija-s-podrucja-muftiluka-tuzlanskog-u-cetiri-termina-prvi-u-petak-30-maja\/#primaryimage"},"thumbnailUrl":"https:\/\/tuzlainfo.ba\/wp-content\/uploads\/2024\/06\/hadzije_muftijstvo-tz-2024_6.jpg","keywords":["had\u017eije"],"articleSection":["Istaknuto","Novosti"],"inLanguage":"bs-BA"},{"@type":"WebPage","@id":"https:\/\/tuzlainfo.ba\/index.php\/novosti\/item\/270415-polazak-hadzija-s-podrucja-muftiluka-tuzlanskog-u-cetiri-termina-prvi-u-petak-30-maja\/","url":"https:\/\/tuzlainfo.ba\/index.php\/novosti\/item\/270415-polazak-hadzija-s-podrucja-muftiluka-tuzlanskog-u-cetiri-termina-prvi-u-petak-30-maja\/","name":"Polazak had\u017eija s podru\u010dja Muftiluka tuzlanskog u \u010detiri termina, prvi u petak 30. maja - TuzlaInfo.ba","isPartOf":{"@id":"https:\/\/tuzlainfo.ba\/#website"},"primaryImageOfPage":{"@id":"https:\/\/tuzlainfo.ba\/index.php\/novosti\/item\/270415-polazak-hadzija-s-podrucja-muftiluka-tuzlanskog-u-cetiri-termina-prvi-u-petak-30-maja\/#primaryimage"},"image":{"@id":"https:\/\/tuzlainfo.ba\/index.php\/novosti\/item\/270415-polazak-hadzija-s-podrucja-muftiluka-tuzlanskog-u-cetiri-termina-prvi-u-petak-30-maja\/#primaryimage"},"thumbnailUrl":"https:\/\/tuzlainfo.ba\/wp-content\/uploads\/2024\/06\/hadzije_muftijstvo-tz-2024_6.jpg","datePublished":"2025-05-28T10:05:57+00:00","dateModified":"2025-05-28T08:02:57+00:00","breadcrumb":{"@id":"https:\/\/tuzlainfo.ba\/index.php\/novosti\/item\/270415-polazak-hadzija-s-podrucja-muftiluka-tuzlanskog-u-cetiri-termina-prvi-u-petak-30-maja\/#breadcrumb"},"inLanguage":"bs-BA","potentialAction":[{"@type":"ReadAction","target":["https:\/\/tuzlainfo.ba\/index.php\/novosti\/item\/270415-polazak-hadzija-s-podrucja-muftiluka-tuzlanskog-u-cetiri-termina-prvi-u-petak-30-maja\/"]}]},{"@type":"ImageObject","inLanguage":"bs-BA","@id":"https:\/\/tuzlainfo.ba\/index.php\/novosti\/item\/270415-polazak-hadzija-s-podrucja-muftiluka-tuzlanskog-u-cetiri-termina-prvi-u-petak-30-maja\/#primaryimage","url":"https:\/\/tuzlainfo.ba\/wp-content\/uploads\/2024\/06\/hadzije_muftijstvo-tz-2024_6.jpg","contentUrl":"https:\/\/tuzlainfo.ba\/wp-content\/uploads\/2024\/06\/hadzije_muftijstvo-tz-2024_6.jpg","width":1600,"height":1200},{"@type":"BreadcrumbList","@id":"https:\/\/tuzlainfo.ba\/index.php\/novosti\/item\/270415-polazak-hadzija-s-podrucja-muftiluka-tuzlanskog-u-cetiri-termina-prvi-u-petak-30-maja\/#breadcrumb","itemListElement":[{"@type":"ListItem","position":1,"name":"Home","item":"https:\/\/tuzlainfo.ba\/"},{"@type":"ListItem","position":2,"name":"Polazak had\u017eija s podru\u010dja Muftiluka tuzlanskog u \u010detiri termina, prvi u petak 30. maja"}]},{"@type":"WebSite","@id":"https:\/\/tuzlainfo.ba\/#website","url":"https:\/\/tuzlainfo.ba\/","name":"TuzlaInfo.ba","description":"Tuzla info, gradski informator - Tuzla na dlanu","publisher":{"@id":"https:\/\/tuzlainfo.ba\/#organization"},"potentialAction":[{"@type":"SearchAction","target":{"@type":"EntryPoint","urlTemplate":"https:\/\/tuzlainfo.ba\/?s={search_term_string}"},"query-input":{"@type":"PropertyValueSpecification","valueRequired":true,"valueName":"search_term_string"}}],"inLanguage":"bs-BA"},{"@type":"Organization","@id":"https:\/\/tuzlainfo.ba\/#organization","name":"TuzlaInfo.ba","url":"https:\/\/tuzlainfo.ba\/","logo":{"@type":"ImageObject","inLanguage":"bs-BA","@id":"https:\/\/tuzlainfo.ba\/#\/schema\/logo\/image\/","url":"https:\/\/tuzlainfo.ba\/wp-content\/uploads\/2021\/03\/logo-ver-3-1.png","contentUrl":"https:\/\/tuzlainfo.ba\/wp-content\/uploads\/2021\/03\/logo-ver-3-1.png","width":350,"height":95,"caption":"TuzlaInfo.ba"},"image":{"@id":"https:\/\/tuzlainfo.ba\/#\/schema\/logo\/image\/"},"sameAs":["https:\/\/www.facebook.com\/tuzlainfo.ba\/"]},{"@type":"Person","@id":"https:\/\/tuzlainfo.ba\/#\/schema\/person\/f434e20dc27ea133923aab08451b7f7f","name":"nedim","image":{"@type":"ImageObject","inLanguage":"bs-BA","@id":"https:\/\/tuzlainfo.ba\/#\/schema\/person\/image\/","url":"https:\/\/tuzlainfo.ba\/wp-content\/litespeed\/avatar\/aabad687af24844af817603ac1cbdc4f.jpg?ver=1777306975","contentUrl":"https:\/\/tuzlainfo.ba\/wp-content\/litespeed\/avatar\/aabad687af24844af817603ac1cbdc4f.jpg?ver=1777306975","caption":"nedim"},"description":"Tuzlainfo.ba pratite na dru\u0161tvenim mre\u017eama: Facebook, Instagram i Youtube. Svoje pri\u010de, upite i fotografije \u0161aljite na na\u0161u e-mail adresu."}]}},"_links":{"self":[{"href":"https:\/\/tuzlainfo.ba\/index.php\/wp-json\/wp\/v2\/posts\/270415"}],"collection":[{"href":"https:\/\/tuzlainfo.ba\/index.php\/wp-json\/wp\/v2\/posts"}],"about":[{"href":"https:\/\/tuzlainfo.ba\/index.php\/wp-json\/wp\/v2\/types\/post"}],"author":[{"embeddable":true,"href":"https:\/\/tuzlainfo.ba\/index.php\/wp-json\/wp\/v2\/users\/2"}],"replies":[{"embeddable":true,"href":"https:\/\/tuzlainfo.ba\/index.php\/wp-json\/wp\/v2\/comments?post=270415"}],"version-history":[{"count":1,"href":"https:\/\/tuzlainfo.ba\/index.php\/wp-json\/wp\/v2\/posts\/270415\/revisions"}],"predecessor-version":[{"id":270416,"href":"https:\/\/tuzlainfo.ba\/index.php\/wp-json\/wp\/v2\/posts\/270415\/revisions\/270416"}],"wp:featuredmedia":[{"embeddable":true,"href":"https:\/\/tuzlainfo.ba\/index.php\/wp-json\/wp\/v2\/media\/241097"}],"wp:attachment":[{"href":"https:\/\/tuzlainfo.ba\/index.php\/wp-json\/wp\/v2\/media?parent=270415"}],"wp:term":[{"taxonomy":"category","embeddable":true,"href":"https:\/\/tuzlainfo.ba\/index.php\/wp-json\/wp\/v2\/categories?post=270415"},{"taxonomy":"post_tag","embeddable":true,"href":"https:\/\/tuzlainfo.ba\/index.php\/wp-json\/wp\/v2\/tags?post=270415"}],"curies":[{"name":"wp","href":"https:\/\/api.w.org\/{rel}","templated":true}]}}