{"id":270050,"date":"2025-05-22T20:06:13","date_gmt":"2025-05-22T18:06:13","guid":{"rendered":"https:\/\/tuzlainfo.ba\/?p=270050"},"modified":"2025-05-22T14:42:47","modified_gmt":"2025-05-22T12:42:47","slug":"ucenici-behram-begove-medrese-organizuju-izlozbu-fotografija-posvecenu-kapiji","status":"publish","type":"post","link":"https:\/\/tuzlainfo.ba\/index.php\/najava-dogadaja-2\/item\/270050-ucenici-behram-begove-medrese-organizuju-izlozbu-fotografija-posvecenu-kapiji\/","title":{"rendered":"U\u010denici Behram-begove medrese organizuju izlo\u017ebu fotografija posve\u0107enu &#8220;Kapiji&#8221;"},"content":{"rendered":"<p>Povodom 30 godina od zlo\u010dina na tuzlanskoj Kapiji, Behram-begova medresa organizira izlo\u017ebu fotografija Sjene neka\u017enjenih zlo\u010dina.<\/p>\n<p>Izlo\u017eba \u0107e se odr\u017eati pod motom &#8220;\u010cistim du\u0161ama \u017ertava Kapije u\u010denici i profesori Behram-begove medrese i\u0161tu mir od Svevi\u0161njeg&#8221;<\/p>\n<p>Autori fotografija su u\u010denici Behram-begove medrese Imran Imamovi\u0107, Marizela Velagi\u0107 i Medina Bajrektarevi\u0107.<\/p>\n<p>Tokom njihova rada na izlo\u017ebi mentor im je bio Robert Andreja\u0161, \u010dlan Asocijacije za umjetni\u010dku fotografiju u Bosni i Hercegovini i kandidat majstora fotografije, a koordinator prof. Senada Mehmed\u0107ehaji\u0107.<\/p>\n<p>Na izlo\u017ebi \u0107e biti izlo\u017eeno 36 fotografija.<\/p>\n<p>Otvaranje \u0107e biti u Narodnom pozori\u0161tu u Tuzli, 23. 5. 2025., u 18 sati.<\/p>\n","protected":false},"excerpt":{"rendered":"<p>Povodom 30 godina od zlo\u010dina na tuzlanskoj Kapiji, Behram-begova medresa organizira izlo\u017ebu fotografija Sjene neka\u017enjenih&hellip;<\/p>\n","protected":false},"author":4,"featured_media":173248,"comment_status":"closed","ping_status":"closed","sticky":false,"template":"","format":"standard","meta":{"_acf_changed":false,"footnotes":""},"categories":[11],"tags":[11840,1036,1287],"acf":[],"yoast_head":"<!-- This site is optimized with the Yoast SEO plugin v23.5 - https:\/\/yoast.com\/wordpress\/plugins\/seo\/ -->\n<title>U\u010denici Behram-begove medrese organizuju izlo\u017ebu fotografija posve\u0107enu &quot;Kapiji&quot; - TuzlaInfo.ba<\/title>\n<meta name=\"robots\" content=\"index, follow, max-snippet:-1, max-image-preview:large, max-video-preview:-1\" \/>\n<link rel=\"canonical\" href=\"https:\/\/tuzlainfo.ba\/index.php\/najava-dogadaja-2\/item\/270050-ucenici-behram-begove-medrese-organizuju-izlozbu-fotografija-posvecenu-kapiji\/\" \/>\n<meta property=\"og:locale\" content=\"bs_BA\" \/>\n<meta property=\"og:type\" content=\"article\" \/>\n<meta property=\"og:title\" content=\"U\u010denici Behram-begove medrese organizuju izlo\u017ebu fotografija posve\u0107enu &quot;Kapiji&quot; - TuzlaInfo.ba\" \/>\n<meta property=\"og:description\" content=\"Povodom 30 godina od zlo\u010dina na tuzlanskoj Kapiji, Behram-begova medresa organizira izlo\u017ebu fotografija Sjene neka\u017enjenih&hellip;\" \/>\n<meta property=\"og:url\" content=\"https:\/\/tuzlainfo.ba\/index.php\/najava-dogadaja-2\/item\/270050-ucenici-behram-begove-medrese-organizuju-izlozbu-fotografija-posvecenu-kapiji\/\" \/>\n<meta property=\"og:site_name\" content=\"TuzlaInfo.ba\" \/>\n<meta property=\"article:publisher\" content=\"https:\/\/www.facebook.com\/tuzlainfo.ba\/\" \/>\n<meta property=\"article:published_time\" content=\"2025-05-22T18:06:13+00:00\" \/>\n<meta property=\"article:modified_time\" content=\"2025-05-22T12:42:47+00:00\" \/>\n<meta property=\"og:image\" content=\"https:\/\/tuzlainfo.ba\/wp-content\/uploads\/2022\/05\/2505_Kapija-2.jpg\" \/>\n\t<meta property=\"og:image:width\" content=\"1000\" \/>\n\t<meta property=\"og:image:height\" content=\"750\" \/>\n\t<meta property=\"og:image:type\" content=\"image\/jpeg\" \/>\n<meta name=\"author\" content=\"Tuzla Info\" \/>\n<meta name=\"twitter:card\" content=\"summary_large_image\" \/>\n<meta name=\"twitter:label1\" content=\"Written by\" \/>\n\t<meta name=\"twitter:data1\" content=\"Tuzla Info\" \/>\n\t<meta name=\"twitter:label2\" content=\"Est. reading time\" \/>\n\t<meta name=\"twitter:data2\" content=\"1 minuta\" \/>\n<script type=\"application\/ld+json\" class=\"yoast-schema-graph\">{\"@context\":\"https:\/\/schema.org\",\"@graph\":[{\"@type\":\"Article\",\"@id\":\"https:\/\/tuzlainfo.ba\/index.php\/najava-dogadaja-2\/item\/270050-ucenici-behram-begove-medrese-organizuju-izlozbu-fotografija-posvecenu-kapiji\/#article\",\"isPartOf\":{\"@id\":\"https:\/\/tuzlainfo.ba\/index.php\/najava-dogadaja-2\/item\/270050-ucenici-behram-begove-medrese-organizuju-izlozbu-fotografija-posvecenu-kapiji\/\"},\"author\":{\"name\":\"Tuzla Info\",\"@id\":\"https:\/\/tuzlainfo.ba\/#\/schema\/person\/46cad4c57790cbc50781edd14870825a\"},\"headline\":\"U\u010denici Behram-begove medrese organizuju izlo\u017ebu fotografija posve\u0107enu &#8220;Kapiji&#8221;\",\"datePublished\":\"2025-05-22T18:06:13+00:00\",\"dateModified\":\"2025-05-22T12:42:47+00:00\",\"mainEntityOfPage\":{\"@id\":\"https:\/\/tuzlainfo.ba\/index.php\/najava-dogadaja-2\/item\/270050-ucenici-behram-begove-medrese-organizuju-izlozbu-fotografija-posvecenu-kapiji\/\"},\"wordCount\":120,\"publisher\":{\"@id\":\"https:\/\/tuzlainfo.ba\/#organization\"},\"image\":{\"@id\":\"https:\/\/tuzlainfo.ba\/index.php\/najava-dogadaja-2\/item\/270050-ucenici-behram-begove-medrese-organizuju-izlozbu-fotografija-posvecenu-kapiji\/#primaryimage\"},\"thumbnailUrl\":\"https:\/\/tuzlainfo.ba\/wp-content\/uploads\/2022\/05\/2505_Kapija-2.jpg\",\"keywords\":[\"Behram-begova medresa Tuzla\",\"izlo\u017eba\",\"kapija\"],\"articleSection\":[\"Najave i doga\u0111aji\"],\"inLanguage\":\"bs-BA\"},{\"@type\":\"WebPage\",\"@id\":\"https:\/\/tuzlainfo.ba\/index.php\/najava-dogadaja-2\/item\/270050-ucenici-behram-begove-medrese-organizuju-izlozbu-fotografija-posvecenu-kapiji\/\",\"url\":\"https:\/\/tuzlainfo.ba\/index.php\/najava-dogadaja-2\/item\/270050-ucenici-behram-begove-medrese-organizuju-izlozbu-fotografija-posvecenu-kapiji\/\",\"name\":\"U\u010denici Behram-begove medrese organizuju izlo\u017ebu fotografija posve\u0107enu \\\"Kapiji\\\" - TuzlaInfo.ba\",\"isPartOf\":{\"@id\":\"https:\/\/tuzlainfo.ba\/#website\"},\"primaryImageOfPage\":{\"@id\":\"https:\/\/tuzlainfo.ba\/index.php\/najava-dogadaja-2\/item\/270050-ucenici-behram-begove-medrese-organizuju-izlozbu-fotografija-posvecenu-kapiji\/#primaryimage\"},\"image\":{\"@id\":\"https:\/\/tuzlainfo.ba\/index.php\/najava-dogadaja-2\/item\/270050-ucenici-behram-begove-medrese-organizuju-izlozbu-fotografija-posvecenu-kapiji\/#primaryimage\"},\"thumbnailUrl\":\"https:\/\/tuzlainfo.ba\/wp-content\/uploads\/2022\/05\/2505_Kapija-2.jpg\",\"datePublished\":\"2025-05-22T18:06:13+00:00\",\"dateModified\":\"2025-05-22T12:42:47+00:00\",\"breadcrumb\":{\"@id\":\"https:\/\/tuzlainfo.ba\/index.php\/najava-dogadaja-2\/item\/270050-ucenici-behram-begove-medrese-organizuju-izlozbu-fotografija-posvecenu-kapiji\/#breadcrumb\"},\"inLanguage\":\"bs-BA\",\"potentialAction\":[{\"@type\":\"ReadAction\",\"target\":[\"https:\/\/tuzlainfo.ba\/index.php\/najava-dogadaja-2\/item\/270050-ucenici-behram-begove-medrese-organizuju-izlozbu-fotografija-posvecenu-kapiji\/\"]}]},{\"@type\":\"ImageObject\",\"inLanguage\":\"bs-BA\",\"@id\":\"https:\/\/tuzlainfo.ba\/index.php\/najava-dogadaja-2\/item\/270050-ucenici-behram-begove-medrese-organizuju-izlozbu-fotografija-posvecenu-kapiji\/#primaryimage\",\"url\":\"https:\/\/tuzlainfo.ba\/wp-content\/uploads\/2022\/05\/2505_Kapija-2.jpg\",\"contentUrl\":\"https:\/\/tuzlainfo.ba\/wp-content\/uploads\/2022\/05\/2505_Kapija-2.jpg\",\"width\":1000,\"height\":750},{\"@type\":\"BreadcrumbList\",\"@id\":\"https:\/\/tuzlainfo.ba\/index.php\/najava-dogadaja-2\/item\/270050-ucenici-behram-begove-medrese-organizuju-izlozbu-fotografija-posvecenu-kapiji\/#breadcrumb\",\"itemListElement\":[{\"@type\":\"ListItem\",\"position\":1,\"name\":\"Home\",\"item\":\"https:\/\/tuzlainfo.ba\/\"},{\"@type\":\"ListItem\",\"position\":2,\"name\":\"U\u010denici Behram-begove medrese organizuju izlo\u017ebu fotografija posve\u0107enu &#8220;Kapiji&#8221;\"}]},{\"@type\":\"WebSite\",\"@id\":\"https:\/\/tuzlainfo.ba\/#website\",\"url\":\"https:\/\/tuzlainfo.ba\/\",\"name\":\"TuzlaInfo.ba\",\"description\":\"Tuzla info, gradski informator - Tuzla na dlanu\",\"publisher\":{\"@id\":\"https:\/\/tuzlainfo.ba\/#organization\"},\"potentialAction\":[{\"@type\":\"SearchAction\",\"target\":{\"@type\":\"EntryPoint\",\"urlTemplate\":\"https:\/\/tuzlainfo.ba\/?s={search_term_string}\"},\"query-input\":{\"@type\":\"PropertyValueSpecification\",\"valueRequired\":true,\"valueName\":\"search_term_string\"}}],\"inLanguage\":\"bs-BA\"},{\"@type\":\"Organization\",\"@id\":\"https:\/\/tuzlainfo.ba\/#organization\",\"name\":\"TuzlaInfo.ba\",\"url\":\"https:\/\/tuzlainfo.ba\/\",\"logo\":{\"@type\":\"ImageObject\",\"inLanguage\":\"bs-BA\",\"@id\":\"https:\/\/tuzlainfo.ba\/#\/schema\/logo\/image\/\",\"url\":\"https:\/\/tuzlainfo.ba\/wp-content\/uploads\/2021\/03\/logo-ver-3-1.png\",\"contentUrl\":\"https:\/\/tuzlainfo.ba\/wp-content\/uploads\/2021\/03\/logo-ver-3-1.png\",\"width\":350,\"height\":95,\"caption\":\"TuzlaInfo.ba\"},\"image\":{\"@id\":\"https:\/\/tuzlainfo.ba\/#\/schema\/logo\/image\/\"},\"sameAs\":[\"https:\/\/www.facebook.com\/tuzlainfo.ba\/\"]},{\"@type\":\"Person\",\"@id\":\"https:\/\/tuzlainfo.ba\/#\/schema\/person\/46cad4c57790cbc50781edd14870825a\",\"name\":\"Tuzla Info\",\"image\":{\"@type\":\"ImageObject\",\"inLanguage\":\"bs-BA\",\"@id\":\"https:\/\/tuzlainfo.ba\/#\/schema\/person\/image\/\",\"url\":\"https:\/\/tuzlainfo.ba\/wp-content\/litespeed\/avatar\/b6c453a6c38e3654f2e4416c643fc25c.jpg?ver=1777051911\",\"contentUrl\":\"https:\/\/tuzlainfo.ba\/wp-content\/litespeed\/avatar\/b6c453a6c38e3654f2e4416c643fc25c.jpg?ver=1777051911\",\"caption\":\"Tuzla Info\"}}]}<\/script>\n<!-- \/ Yoast SEO plugin. -->","yoast_head_json":{"title":"U\u010denici Behram-begove medrese organizuju izlo\u017ebu fotografija posve\u0107enu \"Kapiji\" - TuzlaInfo.ba","robots":{"index":"index","follow":"follow","max-snippet":"max-snippet:-1","max-image-preview":"max-image-preview:large","max-video-preview":"max-video-preview:-1"},"canonical":"https:\/\/tuzlainfo.ba\/index.php\/najava-dogadaja-2\/item\/270050-ucenici-behram-begove-medrese-organizuju-izlozbu-fotografija-posvecenu-kapiji\/","og_locale":"bs_BA","og_type":"article","og_title":"U\u010denici Behram-begove medrese organizuju izlo\u017ebu fotografija posve\u0107enu \"Kapiji\" - TuzlaInfo.ba","og_description":"Povodom 30 godina od zlo\u010dina na tuzlanskoj Kapiji, Behram-begova medresa organizira izlo\u017ebu fotografija Sjene neka\u017enjenih&hellip;","og_url":"https:\/\/tuzlainfo.ba\/index.php\/najava-dogadaja-2\/item\/270050-ucenici-behram-begove-medrese-organizuju-izlozbu-fotografija-posvecenu-kapiji\/","og_site_name":"TuzlaInfo.ba","article_publisher":"https:\/\/www.facebook.com\/tuzlainfo.ba\/","article_published_time":"2025-05-22T18:06:13+00:00","article_modified_time":"2025-05-22T12:42:47+00:00","og_image":[{"width":1000,"height":750,"url":"https:\/\/tuzlainfo.ba\/wp-content\/uploads\/2022\/05\/2505_Kapija-2.jpg","type":"image\/jpeg"}],"author":"Tuzla Info","twitter_card":"summary_large_image","twitter_misc":{"Written by":"Tuzla Info","Est. reading time":"1 minuta"},"schema":{"@context":"https:\/\/schema.org","@graph":[{"@type":"Article","@id":"https:\/\/tuzlainfo.ba\/index.php\/najava-dogadaja-2\/item\/270050-ucenici-behram-begove-medrese-organizuju-izlozbu-fotografija-posvecenu-kapiji\/#article","isPartOf":{"@id":"https:\/\/tuzlainfo.ba\/index.php\/najava-dogadaja-2\/item\/270050-ucenici-behram-begove-medrese-organizuju-izlozbu-fotografija-posvecenu-kapiji\/"},"author":{"name":"Tuzla Info","@id":"https:\/\/tuzlainfo.ba\/#\/schema\/person\/46cad4c57790cbc50781edd14870825a"},"headline":"U\u010denici Behram-begove medrese organizuju izlo\u017ebu fotografija posve\u0107enu &#8220;Kapiji&#8221;","datePublished":"2025-05-22T18:06:13+00:00","dateModified":"2025-05-22T12:42:47+00:00","mainEntityOfPage":{"@id":"https:\/\/tuzlainfo.ba\/index.php\/najava-dogadaja-2\/item\/270050-ucenici-behram-begove-medrese-organizuju-izlozbu-fotografija-posvecenu-kapiji\/"},"wordCount":120,"publisher":{"@id":"https:\/\/tuzlainfo.ba\/#organization"},"image":{"@id":"https:\/\/tuzlainfo.ba\/index.php\/najava-dogadaja-2\/item\/270050-ucenici-behram-begove-medrese-organizuju-izlozbu-fotografija-posvecenu-kapiji\/#primaryimage"},"thumbnailUrl":"https:\/\/tuzlainfo.ba\/wp-content\/uploads\/2022\/05\/2505_Kapija-2.jpg","keywords":["Behram-begova medresa Tuzla","izlo\u017eba","kapija"],"articleSection":["Najave i doga\u0111aji"],"inLanguage":"bs-BA"},{"@type":"WebPage","@id":"https:\/\/tuzlainfo.ba\/index.php\/najava-dogadaja-2\/item\/270050-ucenici-behram-begove-medrese-organizuju-izlozbu-fotografija-posvecenu-kapiji\/","url":"https:\/\/tuzlainfo.ba\/index.php\/najava-dogadaja-2\/item\/270050-ucenici-behram-begove-medrese-organizuju-izlozbu-fotografija-posvecenu-kapiji\/","name":"U\u010denici Behram-begove medrese organizuju izlo\u017ebu fotografija posve\u0107enu \"Kapiji\" - TuzlaInfo.ba","isPartOf":{"@id":"https:\/\/tuzlainfo.ba\/#website"},"primaryImageOfPage":{"@id":"https:\/\/tuzlainfo.ba\/index.php\/najava-dogadaja-2\/item\/270050-ucenici-behram-begove-medrese-organizuju-izlozbu-fotografija-posvecenu-kapiji\/#primaryimage"},"image":{"@id":"https:\/\/tuzlainfo.ba\/index.php\/najava-dogadaja-2\/item\/270050-ucenici-behram-begove-medrese-organizuju-izlozbu-fotografija-posvecenu-kapiji\/#primaryimage"},"thumbnailUrl":"https:\/\/tuzlainfo.ba\/wp-content\/uploads\/2022\/05\/2505_Kapija-2.jpg","datePublished":"2025-05-22T18:06:13+00:00","dateModified":"2025-05-22T12:42:47+00:00","breadcrumb":{"@id":"https:\/\/tuzlainfo.ba\/index.php\/najava-dogadaja-2\/item\/270050-ucenici-behram-begove-medrese-organizuju-izlozbu-fotografija-posvecenu-kapiji\/#breadcrumb"},"inLanguage":"bs-BA","potentialAction":[{"@type":"ReadAction","target":["https:\/\/tuzlainfo.ba\/index.php\/najava-dogadaja-2\/item\/270050-ucenici-behram-begove-medrese-organizuju-izlozbu-fotografija-posvecenu-kapiji\/"]}]},{"@type":"ImageObject","inLanguage":"bs-BA","@id":"https:\/\/tuzlainfo.ba\/index.php\/najava-dogadaja-2\/item\/270050-ucenici-behram-begove-medrese-organizuju-izlozbu-fotografija-posvecenu-kapiji\/#primaryimage","url":"https:\/\/tuzlainfo.ba\/wp-content\/uploads\/2022\/05\/2505_Kapija-2.jpg","contentUrl":"https:\/\/tuzlainfo.ba\/wp-content\/uploads\/2022\/05\/2505_Kapija-2.jpg","width":1000,"height":750},{"@type":"BreadcrumbList","@id":"https:\/\/tuzlainfo.ba\/index.php\/najava-dogadaja-2\/item\/270050-ucenici-behram-begove-medrese-organizuju-izlozbu-fotografija-posvecenu-kapiji\/#breadcrumb","itemListElement":[{"@type":"ListItem","position":1,"name":"Home","item":"https:\/\/tuzlainfo.ba\/"},{"@type":"ListItem","position":2,"name":"U\u010denici Behram-begove medrese organizuju izlo\u017ebu fotografija posve\u0107enu &#8220;Kapiji&#8221;"}]},{"@type":"WebSite","@id":"https:\/\/tuzlainfo.ba\/#website","url":"https:\/\/tuzlainfo.ba\/","name":"TuzlaInfo.ba","description":"Tuzla info, gradski informator - Tuzla na dlanu","publisher":{"@id":"https:\/\/tuzlainfo.ba\/#organization"},"potentialAction":[{"@type":"SearchAction","target":{"@type":"EntryPoint","urlTemplate":"https:\/\/tuzlainfo.ba\/?s={search_term_string}"},"query-input":{"@type":"PropertyValueSpecification","valueRequired":true,"valueName":"search_term_string"}}],"inLanguage":"bs-BA"},{"@type":"Organization","@id":"https:\/\/tuzlainfo.ba\/#organization","name":"TuzlaInfo.ba","url":"https:\/\/tuzlainfo.ba\/","logo":{"@type":"ImageObject","inLanguage":"bs-BA","@id":"https:\/\/tuzlainfo.ba\/#\/schema\/logo\/image\/","url":"https:\/\/tuzlainfo.ba\/wp-content\/uploads\/2021\/03\/logo-ver-3-1.png","contentUrl":"https:\/\/tuzlainfo.ba\/wp-content\/uploads\/2021\/03\/logo-ver-3-1.png","width":350,"height":95,"caption":"TuzlaInfo.ba"},"image":{"@id":"https:\/\/tuzlainfo.ba\/#\/schema\/logo\/image\/"},"sameAs":["https:\/\/www.facebook.com\/tuzlainfo.ba\/"]},{"@type":"Person","@id":"https:\/\/tuzlainfo.ba\/#\/schema\/person\/46cad4c57790cbc50781edd14870825a","name":"Tuzla Info","image":{"@type":"ImageObject","inLanguage":"bs-BA","@id":"https:\/\/tuzlainfo.ba\/#\/schema\/person\/image\/","url":"https:\/\/tuzlainfo.ba\/wp-content\/litespeed\/avatar\/b6c453a6c38e3654f2e4416c643fc25c.jpg?ver=1777051911","contentUrl":"https:\/\/tuzlainfo.ba\/wp-content\/litespeed\/avatar\/b6c453a6c38e3654f2e4416c643fc25c.jpg?ver=1777051911","caption":"Tuzla Info"}}]}},"_links":{"self":[{"href":"https:\/\/tuzlainfo.ba\/index.php\/wp-json\/wp\/v2\/posts\/270050"}],"collection":[{"href":"https:\/\/tuzlainfo.ba\/index.php\/wp-json\/wp\/v2\/posts"}],"about":[{"href":"https:\/\/tuzlainfo.ba\/index.php\/wp-json\/wp\/v2\/types\/post"}],"author":[{"embeddable":true,"href":"https:\/\/tuzlainfo.ba\/index.php\/wp-json\/wp\/v2\/users\/4"}],"replies":[{"embeddable":true,"href":"https:\/\/tuzlainfo.ba\/index.php\/wp-json\/wp\/v2\/comments?post=270050"}],"version-history":[{"count":1,"href":"https:\/\/tuzlainfo.ba\/index.php\/wp-json\/wp\/v2\/posts\/270050\/revisions"}],"predecessor-version":[{"id":270053,"href":"https:\/\/tuzlainfo.ba\/index.php\/wp-json\/wp\/v2\/posts\/270050\/revisions\/270053"}],"wp:featuredmedia":[{"embeddable":true,"href":"https:\/\/tuzlainfo.ba\/index.php\/wp-json\/wp\/v2\/media\/173248"}],"wp:attachment":[{"href":"https:\/\/tuzlainfo.ba\/index.php\/wp-json\/wp\/v2\/media?parent=270050"}],"wp:term":[{"taxonomy":"category","embeddable":true,"href":"https:\/\/tuzlainfo.ba\/index.php\/wp-json\/wp\/v2\/categories?post=270050"},{"taxonomy":"post_tag","embeddable":true,"href":"https:\/\/tuzlainfo.ba\/index.php\/wp-json\/wp\/v2\/tags?post=270050"}],"curies":[{"name":"wp","href":"https:\/\/api.w.org\/{rel}","templated":true}]}}