{"id":269941,"date":"2025-05-21T11:25:09","date_gmt":"2025-05-21T09:25:09","guid":{"rendered":"https:\/\/tuzlainfo.ba\/?p=269941"},"modified":"2025-05-21T11:25:09","modified_gmt":"2025-05-21T09:25:09","slug":"najveca-manifestacija-republike-turske-u-inostranstvu-sutra-u-zenici-veliki-djeciji-festival","status":"publish","type":"post","link":"https:\/\/tuzlainfo.ba\/index.php\/bosna-i-hercegovina\/item\/269941-najveca-manifestacija-republike-turske-u-inostranstvu-sutra-u-zenici-veliki-djeciji-festival\/","title":{"rendered":"Najve\u0107a manifestacija Republike Turske u inostranstvu: Sutra u Zenici veliki \u201eDje\u010diji festival\u201c"},"content":{"rendered":"<p>Manifestacija \u201eDje\u010diji festival\u201c, koju svake godine organizuje Institut Yunus Emre u Bosni i Hercegovini, a koja je odavno postala tradicionalna, ove godine \u0107e obilje\u017eiti svoje 12. izdanje. Festival \u0107e biti odr\u017ean 22. maja 2025. godine u Areni Zenica, s po\u010detkom u 13:00 sati.<\/p>\n<p>Ovaj festival je najve\u0107a manifestacija koju Turska organizuje za djecu u inostranstvu, a na njemu \u0107e se okupiti oko 5500 u\u010denika osnovnih \u0161kola iz cijele Bosne i Hercegovine, koji u\u010de turski jezik kao drugi strani jezik. Djeca \u0107e do\u0107i u Zenicu iz svojih gradova, putuju\u0107i sa 120 organizovanih autobusa.<\/p>\n<p>Program Dje\u010dijeg festivala svake godine nestrpljivo i\u0161\u010dekuju u\u010denici diljem Bosne i Hercegovine. U programu \u0107e u\u010destvovati veliki broj zvanica, me\u0111u kojima \u0107e biti zamjenik ministra za nacionalno obrazovanje Republike Turske, ambasador Republike Turske u Bosni i Hercegovini, predsjednik Instituta Yunus Emre, premijeri, ministri za obrazovanje iz Bosne i Hercegovine, na\u010delnici op\u0107ina, te brojne delegacije iz Turske i Bosne i Hercegovine.<\/p>\n<p>Tokom festivala, mali\u0161ani \u0107e imati priliku upoznati bogatstvo folklora obje zemlje. Na kraju programa, poseban koncert priredit \u0107e popularni Amel \u0106uri\u0107, koji \u0107e svojim nastupom obradovati sve prisutne. Tako\u0111er, djeca \u0107e imati priliku recitovati poeziju i izvoditi pjesme kako na bosanskom, tako i na turskom jeziku.<\/p>\n<p>Na ovom doga\u0111aju, koji podr\u017eava i Ambasada Republike Turske u Sarajevu, bit \u0107e uru\u010dene nagrade za u\u010denike koji su osvojili prva mjesta na razli\u010ditim takmi\u010denjima koja je tokom godine organizovao Institut Yunus Emre.<\/p>\n","protected":false},"excerpt":{"rendered":"<p>Manifestacija \u201eDje\u010diji festival\u201c, koju svake godine organizuje Institut Yunus Emre u Bosni i Hercegovini, a koja je odavno postala tradicionalna, ove godine \u0107e obilje\u017eiti svoje 12. izdanje. Festival \u0107e biti odr\u017ean 22. maja 2025. godine u Areni Zenica, s po\u010detkom u 13:00 sati. Ovaj festival je najve\u0107a manifestacija koju Turska organizuje za djecu u inostranstvu, [&hellip;]<\/p>\n","protected":false},"author":2,"featured_media":269942,"comment_status":"closed","ping_status":"closed","sticky":false,"template":"","format":"standard","meta":{"footnotes":""},"categories":[291],"tags":[3062,617,2171],"class_list":["post-269941","post","type-post","status-publish","format-standard","has-post-thumbnail","hentry","category-bosna-i-hercegovina","tag-djeciji-festival","tag-turska","tag-zenica"],"yoast_head":"<!-- This site is optimized with the Yoast SEO plugin v28.4 - https:\/\/yoast.com\/product\/yoast-seo-wordpress\/ -->\n<title>Najve\u0107a manifestacija Republike Turske u inostranstvu: Sutra u Zenici veliki \u201eDje\u010diji festival\u201c<\/title>\n<meta name=\"robots\" content=\"index, follow, max-snippet:-1, max-image-preview:large, max-video-preview:-1\" \/>\n<link rel=\"canonical\" href=\"https:\/\/tuzlainfo.ba\/index.php\/bosna-i-hercegovina\/item\/269941-najveca-manifestacija-republike-turske-u-inostranstvu-sutra-u-zenici-veliki-djeciji-festival\/\" \/>\n<meta property=\"og:locale\" content=\"bs_BA\" \/>\n<meta property=\"og:type\" content=\"article\" \/>\n<meta property=\"og:title\" content=\"Najve\u0107a manifestacija Republike Turske u inostranstvu: Sutra u Zenici veliki \u201eDje\u010diji festival\u201c\" \/>\n<meta property=\"og:description\" content=\"Manifestacija \u201eDje\u010diji festival\u201c, koju svake godine organizuje Institut Yunus Emre u Bosni i Hercegovini, a koja je odavno postala tradicionalna, ove godine \u0107e obilje\u017eiti svoje 12. izdanje. Festival \u0107e biti odr\u017ean 22. maja 2025. godine u Areni Zenica, s po\u010detkom u 13:00 sati. Ovaj festival je najve\u0107a manifestacija koju Turska organizuje za djecu u inostranstvu, [&hellip;]\" \/>\n<meta property=\"og:url\" content=\"https:\/\/tuzlainfo.ba\/index.php\/bosna-i-hercegovina\/item\/269941-najveca-manifestacija-republike-turske-u-inostranstvu-sutra-u-zenici-veliki-djeciji-festival\/\" \/>\n<meta property=\"og:site_name\" content=\"TuzlaInfo.ba\" \/>\n<meta property=\"article:publisher\" content=\"https:\/\/www.facebook.com\/tuzlainfo.ba\/\" \/>\n<meta property=\"article:published_time\" content=\"2025-05-21T09:25:09+00:00\" \/>\n<meta property=\"og:image\" content=\"https:\/\/tuzlainfo.ba\/wp-content\/uploads\/2025\/05\/2105_djeciji_festival.jpg\" \/>\n\t<meta property=\"og:image:width\" content=\"800\" \/>\n\t<meta property=\"og:image:height\" content=\"533\" \/>\n\t<meta property=\"og:image:type\" content=\"image\/jpeg\" \/>\n<meta name=\"author\" content=\"nedim\" \/>\n<meta name=\"twitter:card\" content=\"summary_large_image\" \/>\n<meta name=\"twitter:label1\" content=\"Written by\" \/>\n\t<meta name=\"twitter:data1\" content=\"nedim\" \/>\n\t<meta name=\"twitter:label2\" content=\"Est. reading time\" \/>\n\t<meta name=\"twitter:data2\" content=\"2 minute\" \/>\n<script type=\"application\/ld+json\" class=\"yoast-schema-graph\">{\"@context\":\"https:\\\/\\\/schema.org\",\"@graph\":[{\"@type\":\"Article\",\"@id\":\"https:\\\/\\\/tuzlainfo.ba\\\/index.php\\\/bosna-i-hercegovina\\\/item\\\/269941-najveca-manifestacija-republike-turske-u-inostranstvu-sutra-u-zenici-veliki-djeciji-festival\\\/#article\",\"isPartOf\":{\"@id\":\"https:\\\/\\\/tuzlainfo.ba\\\/index.php\\\/bosna-i-hercegovina\\\/item\\\/269941-najveca-manifestacija-republike-turske-u-inostranstvu-sutra-u-zenici-veliki-djeciji-festival\\\/\"},\"author\":{\"name\":\"nedim\",\"@id\":\"https:\\\/\\\/tuzlainfo.ba\\\/#\\\/schema\\\/person\\\/f434e20dc27ea133923aab08451b7f7f\"},\"headline\":\"Najve\u0107a manifestacija Republike Turske u inostranstvu: Sutra u Zenici veliki \u201eDje\u010diji festival\u201c\",\"datePublished\":\"2025-05-21T09:25:09+00:00\",\"mainEntityOfPage\":{\"@id\":\"https:\\\/\\\/tuzlainfo.ba\\\/index.php\\\/bosna-i-hercegovina\\\/item\\\/269941-najveca-manifestacija-republike-turske-u-inostranstvu-sutra-u-zenici-veliki-djeciji-festival\\\/\"},\"wordCount\":263,\"publisher\":{\"@id\":\"https:\\\/\\\/tuzlainfo.ba\\\/#organization\"},\"image\":{\"@id\":\"https:\\\/\\\/tuzlainfo.ba\\\/index.php\\\/bosna-i-hercegovina\\\/item\\\/269941-najveca-manifestacija-republike-turske-u-inostranstvu-sutra-u-zenici-veliki-djeciji-festival\\\/#primaryimage\"},\"thumbnailUrl\":\"https:\\\/\\\/tuzlainfo.ba\\\/wp-content\\\/uploads\\\/2025\\\/05\\\/2105_djeciji_festival.jpg\",\"keywords\":[\"Djeciji festival\",\"turska\",\"zenica\"],\"articleSection\":[\"Bosna i Hercegovina\"],\"inLanguage\":\"bs-BA\",\"copyrightYear\":\"2025\",\"copyrightHolder\":{\"@id\":\"https:\\\/\\\/tuzlainfo.ba\\\/#organization\"}},{\"@type\":\"WebPage\",\"@id\":\"https:\\\/\\\/tuzlainfo.ba\\\/index.php\\\/bosna-i-hercegovina\\\/item\\\/269941-najveca-manifestacija-republike-turske-u-inostranstvu-sutra-u-zenici-veliki-djeciji-festival\\\/\",\"url\":\"https:\\\/\\\/tuzlainfo.ba\\\/index.php\\\/bosna-i-hercegovina\\\/item\\\/269941-najveca-manifestacija-republike-turske-u-inostranstvu-sutra-u-zenici-veliki-djeciji-festival\\\/\",\"name\":\"Najve\u0107a manifestacija Republike Turske u inostranstvu: Sutra u Zenici veliki \u201eDje\u010diji festival\u201c\",\"isPartOf\":{\"@id\":\"https:\\\/\\\/tuzlainfo.ba\\\/#website\"},\"primaryImageOfPage\":{\"@id\":\"https:\\\/\\\/tuzlainfo.ba\\\/index.php\\\/bosna-i-hercegovina\\\/item\\\/269941-najveca-manifestacija-republike-turske-u-inostranstvu-sutra-u-zenici-veliki-djeciji-festival\\\/#primaryimage\"},\"image\":{\"@id\":\"https:\\\/\\\/tuzlainfo.ba\\\/index.php\\\/bosna-i-hercegovina\\\/item\\\/269941-najveca-manifestacija-republike-turske-u-inostranstvu-sutra-u-zenici-veliki-djeciji-festival\\\/#primaryimage\"},\"thumbnailUrl\":\"https:\\\/\\\/tuzlainfo.ba\\\/wp-content\\\/uploads\\\/2025\\\/05\\\/2105_djeciji_festival.jpg\",\"datePublished\":\"2025-05-21T09:25:09+00:00\",\"breadcrumb\":{\"@id\":\"https:\\\/\\\/tuzlainfo.ba\\\/index.php\\\/bosna-i-hercegovina\\\/item\\\/269941-najveca-manifestacija-republike-turske-u-inostranstvu-sutra-u-zenici-veliki-djeciji-festival\\\/#breadcrumb\"},\"inLanguage\":\"bs-BA\",\"potentialAction\":[{\"@type\":\"ReadAction\",\"target\":[\"https:\\\/\\\/tuzlainfo.ba\\\/index.php\\\/bosna-i-hercegovina\\\/item\\\/269941-najveca-manifestacija-republike-turske-u-inostranstvu-sutra-u-zenici-veliki-djeciji-festival\\\/\"]}]},{\"@type\":\"ImageObject\",\"inLanguage\":\"bs-BA\",\"@id\":\"https:\\\/\\\/tuzlainfo.ba\\\/index.php\\\/bosna-i-hercegovina\\\/item\\\/269941-najveca-manifestacija-republike-turske-u-inostranstvu-sutra-u-zenici-veliki-djeciji-festival\\\/#primaryimage\",\"url\":\"https:\\\/\\\/tuzlainfo.ba\\\/wp-content\\\/uploads\\\/2025\\\/05\\\/2105_djeciji_festival.jpg\",\"contentUrl\":\"https:\\\/\\\/tuzlainfo.ba\\\/wp-content\\\/uploads\\\/2025\\\/05\\\/2105_djeciji_festival.jpg\",\"width\":800,\"height\":533},{\"@type\":\"BreadcrumbList\",\"@id\":\"https:\\\/\\\/tuzlainfo.ba\\\/index.php\\\/bosna-i-hercegovina\\\/item\\\/269941-najveca-manifestacija-republike-turske-u-inostranstvu-sutra-u-zenici-veliki-djeciji-festival\\\/#breadcrumb\",\"itemListElement\":[{\"@type\":\"ListItem\",\"position\":1,\"name\":\"Home\",\"item\":\"https:\\\/\\\/tuzlainfo.ba\\\/\"},{\"@type\":\"ListItem\",\"position\":2,\"name\":\"Najve\u0107a manifestacija Republike Turske u inostranstvu: Sutra u Zenici veliki \u201eDje\u010diji festival\u201c\"}]},{\"@type\":\"WebSite\",\"@id\":\"https:\\\/\\\/tuzlainfo.ba\\\/#website\",\"url\":\"https:\\\/\\\/tuzlainfo.ba\\\/\",\"name\":\"TuzlaInfo.ba\",\"description\":\"Tuzla info, gradski informator - Tuzla na dlanu\",\"publisher\":{\"@id\":\"https:\\\/\\\/tuzlainfo.ba\\\/#organization\"},\"potentialAction\":[{\"@type\":\"SearchAction\",\"target\":{\"@type\":\"EntryPoint\",\"urlTemplate\":\"https:\\\/\\\/tuzlainfo.ba\\\/?s={search_term_string}\"},\"query-input\":{\"@type\":\"PropertyValueSpecification\",\"valueRequired\":true,\"valueName\":\"search_term_string\"}}],\"inLanguage\":\"bs-BA\"},{\"@type\":\"Organization\",\"@id\":\"https:\\\/\\\/tuzlainfo.ba\\\/#organization\",\"name\":\"TuzlaInfo.ba\",\"url\":\"https:\\\/\\\/tuzlainfo.ba\\\/\",\"logo\":{\"@type\":\"ImageObject\",\"inLanguage\":\"bs-BA\",\"@id\":\"https:\\\/\\\/tuzlainfo.ba\\\/#\\\/schema\\\/logo\\\/image\\\/\",\"url\":\"https:\\\/\\\/tuzlainfo.ba\\\/wp-content\\\/uploads\\\/2021\\\/03\\\/logo-ver-3-1.png\",\"contentUrl\":\"https:\\\/\\\/tuzlainfo.ba\\\/wp-content\\\/uploads\\\/2021\\\/03\\\/logo-ver-3-1.png\",\"width\":350,\"height\":95,\"caption\":\"TuzlaInfo.ba\"},\"image\":{\"@id\":\"https:\\\/\\\/tuzlainfo.ba\\\/#\\\/schema\\\/logo\\\/image\\\/\"},\"sameAs\":[\"https:\\\/\\\/www.facebook.com\\\/tuzlainfo.ba\\\/\"]},{\"@type\":\"Person\",\"@id\":\"https:\\\/\\\/tuzlainfo.ba\\\/#\\\/schema\\\/person\\\/f434e20dc27ea133923aab08451b7f7f\",\"name\":\"nedim\",\"image\":{\"@type\":\"ImageObject\",\"inLanguage\":\"bs-BA\",\"@id\":\"https:\\\/\\\/secure.gravatar.com\\\/avatar\\\/5b928a2e7e70a54208d2eb6c1edcb75a5350d6ae97d5f0a701203d456823f6f3?s=96&d=mm&r=g\",\"url\":\"https:\\\/\\\/secure.gravatar.com\\\/avatar\\\/5b928a2e7e70a54208d2eb6c1edcb75a5350d6ae97d5f0a701203d456823f6f3?s=96&d=mm&r=g\",\"contentUrl\":\"https:\\\/\\\/secure.gravatar.com\\\/avatar\\\/5b928a2e7e70a54208d2eb6c1edcb75a5350d6ae97d5f0a701203d456823f6f3?s=96&d=mm&r=g\",\"caption\":\"nedim\"},\"description\":\"Tuzlainfo.ba pratite na dru\u0161tvenim mre\u017eama: Facebook, Instagram i Youtube. Svoje pri\u010de, upite i fotografije \u0161aljite na na\u0161u e-mail adresu.\"}]}<\/script>\n<!-- \/ Yoast SEO plugin. -->","yoast_head_json":{"title":"Najve\u0107a manifestacija Republike Turske u inostranstvu: Sutra u Zenici veliki \u201eDje\u010diji festival\u201c","robots":{"index":"index","follow":"follow","max-snippet":"max-snippet:-1","max-image-preview":"max-image-preview:large","max-video-preview":"max-video-preview:-1"},"canonical":"https:\/\/tuzlainfo.ba\/index.php\/bosna-i-hercegovina\/item\/269941-najveca-manifestacija-republike-turske-u-inostranstvu-sutra-u-zenici-veliki-djeciji-festival\/","og_locale":"bs_BA","og_type":"article","og_title":"Najve\u0107a manifestacija Republike Turske u inostranstvu: Sutra u Zenici veliki \u201eDje\u010diji festival\u201c","og_description":"Manifestacija \u201eDje\u010diji festival\u201c, koju svake godine organizuje Institut Yunus Emre u Bosni i Hercegovini, a koja je odavno postala tradicionalna, ove godine \u0107e obilje\u017eiti svoje 12. izdanje. Festival \u0107e biti odr\u017ean 22. maja 2025. godine u Areni Zenica, s po\u010detkom u 13:00 sati. Ovaj festival je najve\u0107a manifestacija koju Turska organizuje za djecu u inostranstvu, [&hellip;]","og_url":"https:\/\/tuzlainfo.ba\/index.php\/bosna-i-hercegovina\/item\/269941-najveca-manifestacija-republike-turske-u-inostranstvu-sutra-u-zenici-veliki-djeciji-festival\/","og_site_name":"TuzlaInfo.ba","article_publisher":"https:\/\/www.facebook.com\/tuzlainfo.ba\/","article_published_time":"2025-05-21T09:25:09+00:00","og_image":[{"width":800,"height":533,"url":"https:\/\/tuzlainfo.ba\/wp-content\/uploads\/2025\/05\/2105_djeciji_festival.jpg","type":"image\/jpeg"}],"author":"nedim","twitter_card":"summary_large_image","twitter_misc":{"Written by":"nedim","Est. reading time":"2 minute"},"schema":{"@context":"https:\/\/schema.org","@graph":[{"@type":"Article","@id":"https:\/\/tuzlainfo.ba\/index.php\/bosna-i-hercegovina\/item\/269941-najveca-manifestacija-republike-turske-u-inostranstvu-sutra-u-zenici-veliki-djeciji-festival\/#article","isPartOf":{"@id":"https:\/\/tuzlainfo.ba\/index.php\/bosna-i-hercegovina\/item\/269941-najveca-manifestacija-republike-turske-u-inostranstvu-sutra-u-zenici-veliki-djeciji-festival\/"},"author":{"name":"nedim","@id":"https:\/\/tuzlainfo.ba\/#\/schema\/person\/f434e20dc27ea133923aab08451b7f7f"},"headline":"Najve\u0107a manifestacija Republike Turske u inostranstvu: Sutra u Zenici veliki \u201eDje\u010diji festival\u201c","datePublished":"2025-05-21T09:25:09+00:00","mainEntityOfPage":{"@id":"https:\/\/tuzlainfo.ba\/index.php\/bosna-i-hercegovina\/item\/269941-najveca-manifestacija-republike-turske-u-inostranstvu-sutra-u-zenici-veliki-djeciji-festival\/"},"wordCount":263,"publisher":{"@id":"https:\/\/tuzlainfo.ba\/#organization"},"image":{"@id":"https:\/\/tuzlainfo.ba\/index.php\/bosna-i-hercegovina\/item\/269941-najveca-manifestacija-republike-turske-u-inostranstvu-sutra-u-zenici-veliki-djeciji-festival\/#primaryimage"},"thumbnailUrl":"https:\/\/tuzlainfo.ba\/wp-content\/uploads\/2025\/05\/2105_djeciji_festival.jpg","keywords":["Djeciji festival","turska","zenica"],"articleSection":["Bosna i Hercegovina"],"inLanguage":"bs-BA","copyrightYear":"2025","copyrightHolder":{"@id":"https:\/\/tuzlainfo.ba\/#organization"}},{"@type":"WebPage","@id":"https:\/\/tuzlainfo.ba\/index.php\/bosna-i-hercegovina\/item\/269941-najveca-manifestacija-republike-turske-u-inostranstvu-sutra-u-zenici-veliki-djeciji-festival\/","url":"https:\/\/tuzlainfo.ba\/index.php\/bosna-i-hercegovina\/item\/269941-najveca-manifestacija-republike-turske-u-inostranstvu-sutra-u-zenici-veliki-djeciji-festival\/","name":"Najve\u0107a manifestacija Republike Turske u inostranstvu: Sutra u Zenici veliki \u201eDje\u010diji festival\u201c","isPartOf":{"@id":"https:\/\/tuzlainfo.ba\/#website"},"primaryImageOfPage":{"@id":"https:\/\/tuzlainfo.ba\/index.php\/bosna-i-hercegovina\/item\/269941-najveca-manifestacija-republike-turske-u-inostranstvu-sutra-u-zenici-veliki-djeciji-festival\/#primaryimage"},"image":{"@id":"https:\/\/tuzlainfo.ba\/index.php\/bosna-i-hercegovina\/item\/269941-najveca-manifestacija-republike-turske-u-inostranstvu-sutra-u-zenici-veliki-djeciji-festival\/#primaryimage"},"thumbnailUrl":"https:\/\/tuzlainfo.ba\/wp-content\/uploads\/2025\/05\/2105_djeciji_festival.jpg","datePublished":"2025-05-21T09:25:09+00:00","breadcrumb":{"@id":"https:\/\/tuzlainfo.ba\/index.php\/bosna-i-hercegovina\/item\/269941-najveca-manifestacija-republike-turske-u-inostranstvu-sutra-u-zenici-veliki-djeciji-festival\/#breadcrumb"},"inLanguage":"bs-BA","potentialAction":[{"@type":"ReadAction","target":["https:\/\/tuzlainfo.ba\/index.php\/bosna-i-hercegovina\/item\/269941-najveca-manifestacija-republike-turske-u-inostranstvu-sutra-u-zenici-veliki-djeciji-festival\/"]}]},{"@type":"ImageObject","inLanguage":"bs-BA","@id":"https:\/\/tuzlainfo.ba\/index.php\/bosna-i-hercegovina\/item\/269941-najveca-manifestacija-republike-turske-u-inostranstvu-sutra-u-zenici-veliki-djeciji-festival\/#primaryimage","url":"https:\/\/tuzlainfo.ba\/wp-content\/uploads\/2025\/05\/2105_djeciji_festival.jpg","contentUrl":"https:\/\/tuzlainfo.ba\/wp-content\/uploads\/2025\/05\/2105_djeciji_festival.jpg","width":800,"height":533},{"@type":"BreadcrumbList","@id":"https:\/\/tuzlainfo.ba\/index.php\/bosna-i-hercegovina\/item\/269941-najveca-manifestacija-republike-turske-u-inostranstvu-sutra-u-zenici-veliki-djeciji-festival\/#breadcrumb","itemListElement":[{"@type":"ListItem","position":1,"name":"Home","item":"https:\/\/tuzlainfo.ba\/"},{"@type":"ListItem","position":2,"name":"Najve\u0107a manifestacija Republike Turske u inostranstvu: Sutra u Zenici veliki \u201eDje\u010diji festival\u201c"}]},{"@type":"WebSite","@id":"https:\/\/tuzlainfo.ba\/#website","url":"https:\/\/tuzlainfo.ba\/","name":"TuzlaInfo.ba","description":"Tuzla info, gradski informator - Tuzla na dlanu","publisher":{"@id":"https:\/\/tuzlainfo.ba\/#organization"},"potentialAction":[{"@type":"SearchAction","target":{"@type":"EntryPoint","urlTemplate":"https:\/\/tuzlainfo.ba\/?s={search_term_string}"},"query-input":{"@type":"PropertyValueSpecification","valueRequired":true,"valueName":"search_term_string"}}],"inLanguage":"bs-BA"},{"@type":"Organization","@id":"https:\/\/tuzlainfo.ba\/#organization","name":"TuzlaInfo.ba","url":"https:\/\/tuzlainfo.ba\/","logo":{"@type":"ImageObject","inLanguage":"bs-BA","@id":"https:\/\/tuzlainfo.ba\/#\/schema\/logo\/image\/","url":"https:\/\/tuzlainfo.ba\/wp-content\/uploads\/2021\/03\/logo-ver-3-1.png","contentUrl":"https:\/\/tuzlainfo.ba\/wp-content\/uploads\/2021\/03\/logo-ver-3-1.png","width":350,"height":95,"caption":"TuzlaInfo.ba"},"image":{"@id":"https:\/\/tuzlainfo.ba\/#\/schema\/logo\/image\/"},"sameAs":["https:\/\/www.facebook.com\/tuzlainfo.ba\/"]},{"@type":"Person","@id":"https:\/\/tuzlainfo.ba\/#\/schema\/person\/f434e20dc27ea133923aab08451b7f7f","name":"nedim","image":{"@type":"ImageObject","inLanguage":"bs-BA","@id":"https:\/\/secure.gravatar.com\/avatar\/5b928a2e7e70a54208d2eb6c1edcb75a5350d6ae97d5f0a701203d456823f6f3?s=96&d=mm&r=g","url":"https:\/\/secure.gravatar.com\/avatar\/5b928a2e7e70a54208d2eb6c1edcb75a5350d6ae97d5f0a701203d456823f6f3?s=96&d=mm&r=g","contentUrl":"https:\/\/secure.gravatar.com\/avatar\/5b928a2e7e70a54208d2eb6c1edcb75a5350d6ae97d5f0a701203d456823f6f3?s=96&d=mm&r=g","caption":"nedim"},"description":"Tuzlainfo.ba pratite na dru\u0161tvenim mre\u017eama: Facebook, Instagram i Youtube. Svoje pri\u010de, upite i fotografije \u0161aljite na na\u0161u e-mail adresu."}]}},"_links":{"self":[{"href":"https:\/\/tuzlainfo.ba\/index.php\/wp-json\/wp\/v2\/posts\/269941","targetHints":{"allow":["GET"]}}],"collection":[{"href":"https:\/\/tuzlainfo.ba\/index.php\/wp-json\/wp\/v2\/posts"}],"about":[{"href":"https:\/\/tuzlainfo.ba\/index.php\/wp-json\/wp\/v2\/types\/post"}],"author":[{"embeddable":true,"href":"https:\/\/tuzlainfo.ba\/index.php\/wp-json\/wp\/v2\/users\/2"}],"replies":[{"embeddable":true,"href":"https:\/\/tuzlainfo.ba\/index.php\/wp-json\/wp\/v2\/comments?post=269941"}],"version-history":[{"count":1,"href":"https:\/\/tuzlainfo.ba\/index.php\/wp-json\/wp\/v2\/posts\/269941\/revisions"}],"predecessor-version":[{"id":269943,"href":"https:\/\/tuzlainfo.ba\/index.php\/wp-json\/wp\/v2\/posts\/269941\/revisions\/269943"}],"wp:featuredmedia":[{"embeddable":true,"href":"https:\/\/tuzlainfo.ba\/index.php\/wp-json\/wp\/v2\/media\/269942"}],"wp:attachment":[{"href":"https:\/\/tuzlainfo.ba\/index.php\/wp-json\/wp\/v2\/media?parent=269941"}],"wp:term":[{"taxonomy":"category","embeddable":true,"href":"https:\/\/tuzlainfo.ba\/index.php\/wp-json\/wp\/v2\/categories?post=269941"},{"taxonomy":"post_tag","embeddable":true,"href":"https:\/\/tuzlainfo.ba\/index.php\/wp-json\/wp\/v2\/tags?post=269941"}],"curies":[{"name":"wp","href":"https:\/\/api.w.org\/{rel}","templated":true}]}}