{"id":269780,"date":"2025-05-19T19:07:06","date_gmt":"2025-05-19T17:07:06","guid":{"rendered":"https:\/\/tuzlainfo.ba\/?p=269780"},"modified":"2025-05-19T16:43:47","modified_gmt":"2025-05-19T14:43:47","slug":"vise-od-150-malisana-ucilo-kuhati-na-radionici-mali-kuhari-u-sklopu-sajma-kafe-i-cokolade-u-tuzli","status":"publish","type":"post","link":"https:\/\/tuzlainfo.ba\/index.php\/istaknuto\/item\/269780-vise-od-150-malisana-ucilo-kuhati-na-radionici-mali-kuhari-u-sklopu-sajma-kafe-i-cokolade-u-tuzli\/","title":{"rendered":"Vi\u0161e od 150 mali\u0161ana u\u010dilo kuhati na radionici &#8220;Mali kuhari&#8221; u sklopu Sajma kafe i \u010dokolade u Tuzli"},"content":{"rendered":"<p data-start=\"143\" data-end=\"514\">Tokom trodnevnog Sajma kafe i \u010dokolade, koji je odr\u017ean od 16. do 18. maja u Tuzli, zabilje\u017eena je izuzetna posje\u0107enost \u2013 manifestaciju je obi\u0161lo vi\u0161e od 18.000 posjetilaca. Pored bogate ponude kafe, \u010dokolade, slastica i drugih delicija, posebnu pa\u017enju privukla je dje\u010dija radionica &#8220;Mali kuhari&#8221;, koja je spojila edukaciju i zabavu za najmla\u0111e posjetioce.<\/p>\n<p data-start=\"516\" data-end=\"989\">Radionica je bila namijenjena djeci uzrasta od 4 do 12 godina, a cilj joj je bio da djeca na kreativan na\u010din nau\u010de osnove kulinarstva kroz prakti\u010dan rad. Tokom aktivnosti, mali\u0161ani su pravili raznovrsna i ukusna jela prilago\u0111ena njihovom uzrastu \u2013 od vo\u0107nih salata, tortilja sendvi\u010da i zdravih smutija, do \u010doko kanapea, kokos kuglica i drugih slatkih zalogaja. Radionica je bila interaktivna i podsticala timski rad, kreativnost i samopouzdanje djece u kuhinji.<\/p>\n<p data-start=\"991\" data-end=\"1194\">Vi\u0161e od 150 nasmijanih i zadovoljnih mali\u0161ana pro\u0161lo je kroz ovu kulinarsku avanturu, uz asistenciju edukatora i animatora koji su se pobrinuli da svako dijete stekne novo iskustvo i u\u017eiva u procesu.<\/p>\n<p data-start=\"1196\" data-end=\"1553\">Pored radionice, Sajam je ponudio brojne sadr\u017eaje za sve generacije \u2013 degustacije, takmi\u010denja, prezentacije doma\u0107ih i regionalnih brendova, ali i bogat muzi\u010dko-zabavni program. Ovogodi\u0161nji Sajam kafe i \u010dokolade potvrdio je svoj status kao jedan od najposje\u0107enijih i najomiljenijih doga\u0111aja u Tuzli, posebno zbog sadr\u017eaja prilago\u0111enog porodicama i djeci.<\/p>\n","protected":false},"excerpt":{"rendered":"<p>Tokom trodnevnog Sajma kafe i \u010dokolade, koji je odr\u017ean od 16. do 18. maja u&hellip;<\/p>\n","protected":false},"author":4,"featured_media":269781,"comment_status":"closed","ping_status":"closed","sticky":false,"template":"","format":"standard","meta":{"_acf_changed":false,"footnotes":""},"categories":[304,12],"tags":[9928],"acf":[],"yoast_head":"<!-- This site is optimized with the Yoast SEO plugin v23.5 - https:\/\/yoast.com\/wordpress\/plugins\/seo\/ -->\n<title>Vi\u0161e od 150 mali\u0161ana u\u010dilo kuhati na radionici &quot;Mali kuhari&quot; u sklopu Sajma kafe i \u010dokolade u Tuzli - TuzlaInfo.ba<\/title>\n<meta name=\"robots\" content=\"index, follow, max-snippet:-1, max-image-preview:large, max-video-preview:-1\" \/>\n<link rel=\"canonical\" href=\"https:\/\/tuzlainfo.ba\/index.php\/istaknuto\/item\/269780-vise-od-150-malisana-ucilo-kuhati-na-radionici-mali-kuhari-u-sklopu-sajma-kafe-i-cokolade-u-tuzli\/\" \/>\n<meta property=\"og:locale\" content=\"bs_BA\" \/>\n<meta property=\"og:type\" content=\"article\" \/>\n<meta property=\"og:title\" content=\"Vi\u0161e od 150 mali\u0161ana u\u010dilo kuhati na radionici &quot;Mali kuhari&quot; u sklopu Sajma kafe i \u010dokolade u Tuzli - TuzlaInfo.ba\" \/>\n<meta property=\"og:description\" content=\"Tokom trodnevnog Sajma kafe i \u010dokolade, koji je odr\u017ean od 16. do 18. maja u&hellip;\" \/>\n<meta property=\"og:url\" content=\"https:\/\/tuzlainfo.ba\/index.php\/istaknuto\/item\/269780-vise-od-150-malisana-ucilo-kuhati-na-radionici-mali-kuhari-u-sklopu-sajma-kafe-i-cokolade-u-tuzli\/\" \/>\n<meta property=\"og:site_name\" content=\"TuzlaInfo.ba\" \/>\n<meta property=\"article:publisher\" content=\"https:\/\/www.facebook.com\/tuzlainfo.ba\/\" \/>\n<meta property=\"article:published_time\" content=\"2025-05-19T17:07:06+00:00\" \/>\n<meta property=\"article:modified_time\" content=\"2025-05-19T14:43:47+00:00\" \/>\n<meta property=\"og:image\" content=\"https:\/\/tuzlainfo.ba\/wp-content\/uploads\/2025\/05\/thumbnail_4.jpg\" \/>\n\t<meta property=\"og:image:width\" content=\"1600\" \/>\n\t<meta property=\"og:image:height\" content=\"1067\" \/>\n\t<meta property=\"og:image:type\" content=\"image\/jpeg\" \/>\n<meta name=\"author\" content=\"Tuzla Info\" \/>\n<meta name=\"twitter:card\" content=\"summary_large_image\" \/>\n<meta name=\"twitter:label1\" content=\"Written by\" \/>\n\t<meta name=\"twitter:data1\" content=\"Tuzla Info\" \/>\n\t<meta name=\"twitter:label2\" content=\"Est. reading time\" \/>\n\t<meta name=\"twitter:data2\" content=\"2 minute\" \/>\n<script type=\"application\/ld+json\" class=\"yoast-schema-graph\">{\"@context\":\"https:\/\/schema.org\",\"@graph\":[{\"@type\":\"Article\",\"@id\":\"https:\/\/tuzlainfo.ba\/index.php\/istaknuto\/item\/269780-vise-od-150-malisana-ucilo-kuhati-na-radionici-mali-kuhari-u-sklopu-sajma-kafe-i-cokolade-u-tuzli\/#article\",\"isPartOf\":{\"@id\":\"https:\/\/tuzlainfo.ba\/index.php\/istaknuto\/item\/269780-vise-od-150-malisana-ucilo-kuhati-na-radionici-mali-kuhari-u-sklopu-sajma-kafe-i-cokolade-u-tuzli\/\"},\"author\":{\"name\":\"Tuzla Info\",\"@id\":\"https:\/\/tuzlainfo.ba\/#\/schema\/person\/46cad4c57790cbc50781edd14870825a\"},\"headline\":\"Vi\u0161e od 150 mali\u0161ana u\u010dilo kuhati na radionici &#8220;Mali kuhari&#8221; u sklopu Sajma kafe i \u010dokolade u Tuzli\",\"datePublished\":\"2025-05-19T17:07:06+00:00\",\"dateModified\":\"2025-05-19T14:43:47+00:00\",\"mainEntityOfPage\":{\"@id\":\"https:\/\/tuzlainfo.ba\/index.php\/istaknuto\/item\/269780-vise-od-150-malisana-ucilo-kuhati-na-radionici-mali-kuhari-u-sklopu-sajma-kafe-i-cokolade-u-tuzli\/\"},\"wordCount\":244,\"publisher\":{\"@id\":\"https:\/\/tuzlainfo.ba\/#organization\"},\"image\":{\"@id\":\"https:\/\/tuzlainfo.ba\/index.php\/istaknuto\/item\/269780-vise-od-150-malisana-ucilo-kuhati-na-radionici-mali-kuhari-u-sklopu-sajma-kafe-i-cokolade-u-tuzli\/#primaryimage\"},\"thumbnailUrl\":\"https:\/\/tuzlainfo.ba\/wp-content\/uploads\/2025\/05\/thumbnail_4.jpg\",\"keywords\":[\"sajam kafe i \u010dokolade\"],\"articleSection\":[\"Istaknuto\",\"Novosti\"],\"inLanguage\":\"bs-BA\"},{\"@type\":\"WebPage\",\"@id\":\"https:\/\/tuzlainfo.ba\/index.php\/istaknuto\/item\/269780-vise-od-150-malisana-ucilo-kuhati-na-radionici-mali-kuhari-u-sklopu-sajma-kafe-i-cokolade-u-tuzli\/\",\"url\":\"https:\/\/tuzlainfo.ba\/index.php\/istaknuto\/item\/269780-vise-od-150-malisana-ucilo-kuhati-na-radionici-mali-kuhari-u-sklopu-sajma-kafe-i-cokolade-u-tuzli\/\",\"name\":\"Vi\u0161e od 150 mali\u0161ana u\u010dilo kuhati na radionici \\\"Mali kuhari\\\" u sklopu Sajma kafe i \u010dokolade u Tuzli - TuzlaInfo.ba\",\"isPartOf\":{\"@id\":\"https:\/\/tuzlainfo.ba\/#website\"},\"primaryImageOfPage\":{\"@id\":\"https:\/\/tuzlainfo.ba\/index.php\/istaknuto\/item\/269780-vise-od-150-malisana-ucilo-kuhati-na-radionici-mali-kuhari-u-sklopu-sajma-kafe-i-cokolade-u-tuzli\/#primaryimage\"},\"image\":{\"@id\":\"https:\/\/tuzlainfo.ba\/index.php\/istaknuto\/item\/269780-vise-od-150-malisana-ucilo-kuhati-na-radionici-mali-kuhari-u-sklopu-sajma-kafe-i-cokolade-u-tuzli\/#primaryimage\"},\"thumbnailUrl\":\"https:\/\/tuzlainfo.ba\/wp-content\/uploads\/2025\/05\/thumbnail_4.jpg\",\"datePublished\":\"2025-05-19T17:07:06+00:00\",\"dateModified\":\"2025-05-19T14:43:47+00:00\",\"breadcrumb\":{\"@id\":\"https:\/\/tuzlainfo.ba\/index.php\/istaknuto\/item\/269780-vise-od-150-malisana-ucilo-kuhati-na-radionici-mali-kuhari-u-sklopu-sajma-kafe-i-cokolade-u-tuzli\/#breadcrumb\"},\"inLanguage\":\"bs-BA\",\"potentialAction\":[{\"@type\":\"ReadAction\",\"target\":[\"https:\/\/tuzlainfo.ba\/index.php\/istaknuto\/item\/269780-vise-od-150-malisana-ucilo-kuhati-na-radionici-mali-kuhari-u-sklopu-sajma-kafe-i-cokolade-u-tuzli\/\"]}]},{\"@type\":\"ImageObject\",\"inLanguage\":\"bs-BA\",\"@id\":\"https:\/\/tuzlainfo.ba\/index.php\/istaknuto\/item\/269780-vise-od-150-malisana-ucilo-kuhati-na-radionici-mali-kuhari-u-sklopu-sajma-kafe-i-cokolade-u-tuzli\/#primaryimage\",\"url\":\"https:\/\/tuzlainfo.ba\/wp-content\/uploads\/2025\/05\/thumbnail_4.jpg\",\"contentUrl\":\"https:\/\/tuzlainfo.ba\/wp-content\/uploads\/2025\/05\/thumbnail_4.jpg\",\"width\":1600,\"height\":1067},{\"@type\":\"BreadcrumbList\",\"@id\":\"https:\/\/tuzlainfo.ba\/index.php\/istaknuto\/item\/269780-vise-od-150-malisana-ucilo-kuhati-na-radionici-mali-kuhari-u-sklopu-sajma-kafe-i-cokolade-u-tuzli\/#breadcrumb\",\"itemListElement\":[{\"@type\":\"ListItem\",\"position\":1,\"name\":\"Home\",\"item\":\"https:\/\/tuzlainfo.ba\/\"},{\"@type\":\"ListItem\",\"position\":2,\"name\":\"Vi\u0161e od 150 mali\u0161ana u\u010dilo kuhati na radionici &#8220;Mali kuhari&#8221; u sklopu Sajma kafe i \u010dokolade u Tuzli\"}]},{\"@type\":\"WebSite\",\"@id\":\"https:\/\/tuzlainfo.ba\/#website\",\"url\":\"https:\/\/tuzlainfo.ba\/\",\"name\":\"TuzlaInfo.ba\",\"description\":\"Tuzla info, gradski informator - Tuzla na dlanu\",\"publisher\":{\"@id\":\"https:\/\/tuzlainfo.ba\/#organization\"},\"potentialAction\":[{\"@type\":\"SearchAction\",\"target\":{\"@type\":\"EntryPoint\",\"urlTemplate\":\"https:\/\/tuzlainfo.ba\/?s={search_term_string}\"},\"query-input\":{\"@type\":\"PropertyValueSpecification\",\"valueRequired\":true,\"valueName\":\"search_term_string\"}}],\"inLanguage\":\"bs-BA\"},{\"@type\":\"Organization\",\"@id\":\"https:\/\/tuzlainfo.ba\/#organization\",\"name\":\"TuzlaInfo.ba\",\"url\":\"https:\/\/tuzlainfo.ba\/\",\"logo\":{\"@type\":\"ImageObject\",\"inLanguage\":\"bs-BA\",\"@id\":\"https:\/\/tuzlainfo.ba\/#\/schema\/logo\/image\/\",\"url\":\"https:\/\/tuzlainfo.ba\/wp-content\/uploads\/2021\/03\/logo-ver-3-1.png\",\"contentUrl\":\"https:\/\/tuzlainfo.ba\/wp-content\/uploads\/2021\/03\/logo-ver-3-1.png\",\"width\":350,\"height\":95,\"caption\":\"TuzlaInfo.ba\"},\"image\":{\"@id\":\"https:\/\/tuzlainfo.ba\/#\/schema\/logo\/image\/\"},\"sameAs\":[\"https:\/\/www.facebook.com\/tuzlainfo.ba\/\"]},{\"@type\":\"Person\",\"@id\":\"https:\/\/tuzlainfo.ba\/#\/schema\/person\/46cad4c57790cbc50781edd14870825a\",\"name\":\"Tuzla Info\",\"image\":{\"@type\":\"ImageObject\",\"inLanguage\":\"bs-BA\",\"@id\":\"https:\/\/tuzlainfo.ba\/#\/schema\/person\/image\/\",\"url\":\"https:\/\/tuzlainfo.ba\/wp-content\/litespeed\/avatar\/b6c453a6c38e3654f2e4416c643fc25c.jpg?ver=1777051911\",\"contentUrl\":\"https:\/\/tuzlainfo.ba\/wp-content\/litespeed\/avatar\/b6c453a6c38e3654f2e4416c643fc25c.jpg?ver=1777051911\",\"caption\":\"Tuzla Info\"}}]}<\/script>\n<!-- \/ Yoast SEO plugin. -->","yoast_head_json":{"title":"Vi\u0161e od 150 mali\u0161ana u\u010dilo kuhati na radionici \"Mali kuhari\" u sklopu Sajma kafe i \u010dokolade u Tuzli - TuzlaInfo.ba","robots":{"index":"index","follow":"follow","max-snippet":"max-snippet:-1","max-image-preview":"max-image-preview:large","max-video-preview":"max-video-preview:-1"},"canonical":"https:\/\/tuzlainfo.ba\/index.php\/istaknuto\/item\/269780-vise-od-150-malisana-ucilo-kuhati-na-radionici-mali-kuhari-u-sklopu-sajma-kafe-i-cokolade-u-tuzli\/","og_locale":"bs_BA","og_type":"article","og_title":"Vi\u0161e od 150 mali\u0161ana u\u010dilo kuhati na radionici \"Mali kuhari\" u sklopu Sajma kafe i \u010dokolade u Tuzli - TuzlaInfo.ba","og_description":"Tokom trodnevnog Sajma kafe i \u010dokolade, koji je odr\u017ean od 16. do 18. maja u&hellip;","og_url":"https:\/\/tuzlainfo.ba\/index.php\/istaknuto\/item\/269780-vise-od-150-malisana-ucilo-kuhati-na-radionici-mali-kuhari-u-sklopu-sajma-kafe-i-cokolade-u-tuzli\/","og_site_name":"TuzlaInfo.ba","article_publisher":"https:\/\/www.facebook.com\/tuzlainfo.ba\/","article_published_time":"2025-05-19T17:07:06+00:00","article_modified_time":"2025-05-19T14:43:47+00:00","og_image":[{"width":1600,"height":1067,"url":"https:\/\/tuzlainfo.ba\/wp-content\/uploads\/2025\/05\/thumbnail_4.jpg","type":"image\/jpeg"}],"author":"Tuzla Info","twitter_card":"summary_large_image","twitter_misc":{"Written by":"Tuzla Info","Est. reading time":"2 minute"},"schema":{"@context":"https:\/\/schema.org","@graph":[{"@type":"Article","@id":"https:\/\/tuzlainfo.ba\/index.php\/istaknuto\/item\/269780-vise-od-150-malisana-ucilo-kuhati-na-radionici-mali-kuhari-u-sklopu-sajma-kafe-i-cokolade-u-tuzli\/#article","isPartOf":{"@id":"https:\/\/tuzlainfo.ba\/index.php\/istaknuto\/item\/269780-vise-od-150-malisana-ucilo-kuhati-na-radionici-mali-kuhari-u-sklopu-sajma-kafe-i-cokolade-u-tuzli\/"},"author":{"name":"Tuzla Info","@id":"https:\/\/tuzlainfo.ba\/#\/schema\/person\/46cad4c57790cbc50781edd14870825a"},"headline":"Vi\u0161e od 150 mali\u0161ana u\u010dilo kuhati na radionici &#8220;Mali kuhari&#8221; u sklopu Sajma kafe i \u010dokolade u Tuzli","datePublished":"2025-05-19T17:07:06+00:00","dateModified":"2025-05-19T14:43:47+00:00","mainEntityOfPage":{"@id":"https:\/\/tuzlainfo.ba\/index.php\/istaknuto\/item\/269780-vise-od-150-malisana-ucilo-kuhati-na-radionici-mali-kuhari-u-sklopu-sajma-kafe-i-cokolade-u-tuzli\/"},"wordCount":244,"publisher":{"@id":"https:\/\/tuzlainfo.ba\/#organization"},"image":{"@id":"https:\/\/tuzlainfo.ba\/index.php\/istaknuto\/item\/269780-vise-od-150-malisana-ucilo-kuhati-na-radionici-mali-kuhari-u-sklopu-sajma-kafe-i-cokolade-u-tuzli\/#primaryimage"},"thumbnailUrl":"https:\/\/tuzlainfo.ba\/wp-content\/uploads\/2025\/05\/thumbnail_4.jpg","keywords":["sajam kafe i \u010dokolade"],"articleSection":["Istaknuto","Novosti"],"inLanguage":"bs-BA"},{"@type":"WebPage","@id":"https:\/\/tuzlainfo.ba\/index.php\/istaknuto\/item\/269780-vise-od-150-malisana-ucilo-kuhati-na-radionici-mali-kuhari-u-sklopu-sajma-kafe-i-cokolade-u-tuzli\/","url":"https:\/\/tuzlainfo.ba\/index.php\/istaknuto\/item\/269780-vise-od-150-malisana-ucilo-kuhati-na-radionici-mali-kuhari-u-sklopu-sajma-kafe-i-cokolade-u-tuzli\/","name":"Vi\u0161e od 150 mali\u0161ana u\u010dilo kuhati na radionici \"Mali kuhari\" u sklopu Sajma kafe i \u010dokolade u Tuzli - TuzlaInfo.ba","isPartOf":{"@id":"https:\/\/tuzlainfo.ba\/#website"},"primaryImageOfPage":{"@id":"https:\/\/tuzlainfo.ba\/index.php\/istaknuto\/item\/269780-vise-od-150-malisana-ucilo-kuhati-na-radionici-mali-kuhari-u-sklopu-sajma-kafe-i-cokolade-u-tuzli\/#primaryimage"},"image":{"@id":"https:\/\/tuzlainfo.ba\/index.php\/istaknuto\/item\/269780-vise-od-150-malisana-ucilo-kuhati-na-radionici-mali-kuhari-u-sklopu-sajma-kafe-i-cokolade-u-tuzli\/#primaryimage"},"thumbnailUrl":"https:\/\/tuzlainfo.ba\/wp-content\/uploads\/2025\/05\/thumbnail_4.jpg","datePublished":"2025-05-19T17:07:06+00:00","dateModified":"2025-05-19T14:43:47+00:00","breadcrumb":{"@id":"https:\/\/tuzlainfo.ba\/index.php\/istaknuto\/item\/269780-vise-od-150-malisana-ucilo-kuhati-na-radionici-mali-kuhari-u-sklopu-sajma-kafe-i-cokolade-u-tuzli\/#breadcrumb"},"inLanguage":"bs-BA","potentialAction":[{"@type":"ReadAction","target":["https:\/\/tuzlainfo.ba\/index.php\/istaknuto\/item\/269780-vise-od-150-malisana-ucilo-kuhati-na-radionici-mali-kuhari-u-sklopu-sajma-kafe-i-cokolade-u-tuzli\/"]}]},{"@type":"ImageObject","inLanguage":"bs-BA","@id":"https:\/\/tuzlainfo.ba\/index.php\/istaknuto\/item\/269780-vise-od-150-malisana-ucilo-kuhati-na-radionici-mali-kuhari-u-sklopu-sajma-kafe-i-cokolade-u-tuzli\/#primaryimage","url":"https:\/\/tuzlainfo.ba\/wp-content\/uploads\/2025\/05\/thumbnail_4.jpg","contentUrl":"https:\/\/tuzlainfo.ba\/wp-content\/uploads\/2025\/05\/thumbnail_4.jpg","width":1600,"height":1067},{"@type":"BreadcrumbList","@id":"https:\/\/tuzlainfo.ba\/index.php\/istaknuto\/item\/269780-vise-od-150-malisana-ucilo-kuhati-na-radionici-mali-kuhari-u-sklopu-sajma-kafe-i-cokolade-u-tuzli\/#breadcrumb","itemListElement":[{"@type":"ListItem","position":1,"name":"Home","item":"https:\/\/tuzlainfo.ba\/"},{"@type":"ListItem","position":2,"name":"Vi\u0161e od 150 mali\u0161ana u\u010dilo kuhati na radionici &#8220;Mali kuhari&#8221; u sklopu Sajma kafe i \u010dokolade u Tuzli"}]},{"@type":"WebSite","@id":"https:\/\/tuzlainfo.ba\/#website","url":"https:\/\/tuzlainfo.ba\/","name":"TuzlaInfo.ba","description":"Tuzla info, gradski informator - Tuzla na dlanu","publisher":{"@id":"https:\/\/tuzlainfo.ba\/#organization"},"potentialAction":[{"@type":"SearchAction","target":{"@type":"EntryPoint","urlTemplate":"https:\/\/tuzlainfo.ba\/?s={search_term_string}"},"query-input":{"@type":"PropertyValueSpecification","valueRequired":true,"valueName":"search_term_string"}}],"inLanguage":"bs-BA"},{"@type":"Organization","@id":"https:\/\/tuzlainfo.ba\/#organization","name":"TuzlaInfo.ba","url":"https:\/\/tuzlainfo.ba\/","logo":{"@type":"ImageObject","inLanguage":"bs-BA","@id":"https:\/\/tuzlainfo.ba\/#\/schema\/logo\/image\/","url":"https:\/\/tuzlainfo.ba\/wp-content\/uploads\/2021\/03\/logo-ver-3-1.png","contentUrl":"https:\/\/tuzlainfo.ba\/wp-content\/uploads\/2021\/03\/logo-ver-3-1.png","width":350,"height":95,"caption":"TuzlaInfo.ba"},"image":{"@id":"https:\/\/tuzlainfo.ba\/#\/schema\/logo\/image\/"},"sameAs":["https:\/\/www.facebook.com\/tuzlainfo.ba\/"]},{"@type":"Person","@id":"https:\/\/tuzlainfo.ba\/#\/schema\/person\/46cad4c57790cbc50781edd14870825a","name":"Tuzla Info","image":{"@type":"ImageObject","inLanguage":"bs-BA","@id":"https:\/\/tuzlainfo.ba\/#\/schema\/person\/image\/","url":"https:\/\/tuzlainfo.ba\/wp-content\/litespeed\/avatar\/b6c453a6c38e3654f2e4416c643fc25c.jpg?ver=1777051911","contentUrl":"https:\/\/tuzlainfo.ba\/wp-content\/litespeed\/avatar\/b6c453a6c38e3654f2e4416c643fc25c.jpg?ver=1777051911","caption":"Tuzla Info"}}]}},"_links":{"self":[{"href":"https:\/\/tuzlainfo.ba\/index.php\/wp-json\/wp\/v2\/posts\/269780"}],"collection":[{"href":"https:\/\/tuzlainfo.ba\/index.php\/wp-json\/wp\/v2\/posts"}],"about":[{"href":"https:\/\/tuzlainfo.ba\/index.php\/wp-json\/wp\/v2\/types\/post"}],"author":[{"embeddable":true,"href":"https:\/\/tuzlainfo.ba\/index.php\/wp-json\/wp\/v2\/users\/4"}],"replies":[{"embeddable":true,"href":"https:\/\/tuzlainfo.ba\/index.php\/wp-json\/wp\/v2\/comments?post=269780"}],"version-history":[{"count":2,"href":"https:\/\/tuzlainfo.ba\/index.php\/wp-json\/wp\/v2\/posts\/269780\/revisions"}],"predecessor-version":[{"id":269784,"href":"https:\/\/tuzlainfo.ba\/index.php\/wp-json\/wp\/v2\/posts\/269780\/revisions\/269784"}],"wp:featuredmedia":[{"embeddable":true,"href":"https:\/\/tuzlainfo.ba\/index.php\/wp-json\/wp\/v2\/media\/269781"}],"wp:attachment":[{"href":"https:\/\/tuzlainfo.ba\/index.php\/wp-json\/wp\/v2\/media?parent=269780"}],"wp:term":[{"taxonomy":"category","embeddable":true,"href":"https:\/\/tuzlainfo.ba\/index.php\/wp-json\/wp\/v2\/categories?post=269780"},{"taxonomy":"post_tag","embeddable":true,"href":"https:\/\/tuzlainfo.ba\/index.php\/wp-json\/wp\/v2\/tags?post=269780"}],"curies":[{"name":"wp","href":"https:\/\/api.w.org\/{rel}","templated":true}]}}