{"id":269740,"date":"2025-05-19T10:09:09","date_gmt":"2025-05-19T08:09:09","guid":{"rendered":"https:\/\/tuzlainfo.ba\/?p=269740"},"modified":"2025-05-19T08:55:41","modified_gmt":"2025-05-19T06:55:41","slug":"zavrsen-sajam-kafe-i-cokolade-slatka-prica-koja-je-osvojila-18-000-srca","status":"publish","type":"post","link":"https:\/\/tuzlainfo.ba\/index.php\/istaknuto\/item\/269740-zavrsen-sajam-kafe-i-cokolade-slatka-prica-koja-je-osvojila-18-000-srca\/","title":{"rendered":"Zavr\u0161en Sajam kafe i \u010dokolade: Slatka pri\u010da koja je osvojila 18.000 srca"},"content":{"rendered":"<p>U nedjelju, 18. maja 2025. godine, u Hrvatskom kulturnom centru &#8220;Sveti Franjo&#8221; u Tuzli, zatvoren je 2. Me\u0111unarodni Sajam kafe i \u010dokolade, koji je tokom tri dana trajanja privukao oko 18.000 posjetilaca iz cijele Bosne i Hercegovine i regije. Organizator manifestacije, osniva\u010d Sajma Edis Baji\u0107, ponosno je istakao da je ovogodi\u0161nji sajam nadma\u0161io o\u010dekivanja, potvrdiv\u0161i Tuzlu kao regionalni centar slatkih u\u017eitaka i kulturne razmjene.<\/p>\n<p>Sajam je obilovao raznovrsnim sadr\u017eajima: od degustacija vrhunskih kafa i \u010dokolada, preko edukativnih radionica i umjetni\u010dkih performansa, do kulturnih i muzi\u010dkih programa. Posebnu pa\u017enju privukla je radionica &#8220;Mali kuhari&#8221; pod vodstvom chefa Samira Delibegovi\u0107a, gdje su djeca uzrasta od 4 do 12 godina u\u010dila pripremati jednostavna i zdrava jela poput vo\u0107nih salata, tortilla sendvi\u010da i \u010doko kanapea, razvijaju\u0107i svoje kulinarske vje\u0161tine kroz igru i kreativnost.<\/p>\n<p>Belgijski majstor \u010dokolade, Alexandre Druart, odu\u0161evio je posjetioce izradom skulpture od \u010dokolade koja je prikazivala simbol Tuzle \u2013 slani bunar, spajaju\u0107i umjetnost i gastronomiju na jedinstven na\u010din, a ovu manifestaciju je posjetila i ambasadorica Kraljevine Belgije u Bosni i Hercegovini, NJ.E. Christine Detaille. Zemlja Belgija je i partner Sajma kafe i \u010dokolade u Tuzli.<\/p>\n<p>Edukativni segment sajma izme\u0111u ostalih obuhvatio je i &#8220;Coffee Show&#8221; Timura Kahrovi\u0107a, radionicu \u201ePut bariste: Umjetnost koja putuje svijetom\u201c Adnana Musi\u0107a te &#8220;Orient Coffee Show&#8221; Goran Jozi\u0107a.<\/p>\n<p>Ve\u010dernji programi, poput &#8220;Choco Coffee Music Night&#8221; uz ansambl &#8220;Oktofonija&#8221;, nastup &#8220;Just Friends\u201d benda i kviza znanja &#8220;Quiz by Dean Kotiga&#8221; na Panonskim jezerima, dodatno su obogatili sajamski do\u017eivljaj, pru\u017eaju\u0107i posjetiocima zabavu i interakciju u opu\u0161tenoj atmosferi. Posebno izdanje kviza za srednjo\u0161kolce sa podru\u010dja TK, ove godine odr\u017eano je u Centru za kulturu u Lukavcu ,a pobijedila je i vrijedne nagrade dobila ekipa iz Gra\u010danice.<\/p>\n<p>Organizatori najavljuju da \u0107e naredni, tre\u0107i po redu Sajam kafe i \u010dokolade u maju 2026.godine, biti jo\u0161 bogatiji i sadr\u017eajniji, te pozivaju sve ljubitelje ovih slatkih i aromati\u010dnih u\u017eitaka da prate zvani\u010dne kanale sajma za budu\u0107e informacije.<\/p>\n","protected":false},"excerpt":{"rendered":"<p>U nedjelju, 18. maja 2025. godine, u Hrvatskom kulturnom centru &#8220;Sveti Franjo&#8221; u Tuzli, zatvoren&hellip;<\/p>\n","protected":false},"author":4,"featured_media":269741,"comment_status":"closed","ping_status":"closed","sticky":false,"template":"","format":"standard","meta":{"_acf_changed":false,"footnotes":""},"categories":[304,12],"tags":[9928],"acf":[],"yoast_head":"<!-- This site is optimized with the Yoast SEO plugin v23.5 - https:\/\/yoast.com\/wordpress\/plugins\/seo\/ -->\n<title>Zavr\u0161en Sajam kafe i \u010dokolade: Slatka pri\u010da koja je osvojila 18.000 srca - TuzlaInfo.ba<\/title>\n<meta name=\"robots\" content=\"index, follow, max-snippet:-1, max-image-preview:large, max-video-preview:-1\" \/>\n<link rel=\"canonical\" href=\"https:\/\/tuzlainfo.ba\/index.php\/istaknuto\/item\/269740-zavrsen-sajam-kafe-i-cokolade-slatka-prica-koja-je-osvojila-18-000-srca\/\" \/>\n<meta property=\"og:locale\" content=\"bs_BA\" \/>\n<meta property=\"og:type\" content=\"article\" \/>\n<meta property=\"og:title\" content=\"Zavr\u0161en Sajam kafe i \u010dokolade: Slatka pri\u010da koja je osvojila 18.000 srca - TuzlaInfo.ba\" \/>\n<meta property=\"og:description\" content=\"U nedjelju, 18. maja 2025. godine, u Hrvatskom kulturnom centru &#8220;Sveti Franjo&#8221; u Tuzli, zatvoren&hellip;\" \/>\n<meta property=\"og:url\" content=\"https:\/\/tuzlainfo.ba\/index.php\/istaknuto\/item\/269740-zavrsen-sajam-kafe-i-cokolade-slatka-prica-koja-je-osvojila-18-000-srca\/\" \/>\n<meta property=\"og:site_name\" content=\"TuzlaInfo.ba\" \/>\n<meta property=\"article:publisher\" content=\"https:\/\/www.facebook.com\/tuzlainfo.ba\/\" \/>\n<meta property=\"article:published_time\" content=\"2025-05-19T08:09:09+00:00\" \/>\n<meta property=\"article:modified_time\" content=\"2025-05-19T06:55:41+00:00\" \/>\n<meta property=\"og:image\" content=\"https:\/\/tuzlainfo.ba\/wp-content\/uploads\/2025\/05\/thumbnail_Sajam-ph.jpg\" \/>\n\t<meta property=\"og:image:width\" content=\"1600\" \/>\n\t<meta property=\"og:image:height\" content=\"1200\" \/>\n\t<meta property=\"og:image:type\" content=\"image\/jpeg\" \/>\n<meta name=\"author\" content=\"Tuzla Info\" \/>\n<meta name=\"twitter:card\" content=\"summary_large_image\" \/>\n<meta name=\"twitter:label1\" content=\"Written by\" \/>\n\t<meta name=\"twitter:data1\" content=\"Tuzla Info\" \/>\n\t<meta name=\"twitter:label2\" content=\"Est. reading time\" \/>\n\t<meta name=\"twitter:data2\" content=\"2 minute\" \/>\n<script type=\"application\/ld+json\" class=\"yoast-schema-graph\">{\"@context\":\"https:\/\/schema.org\",\"@graph\":[{\"@type\":\"Article\",\"@id\":\"https:\/\/tuzlainfo.ba\/index.php\/istaknuto\/item\/269740-zavrsen-sajam-kafe-i-cokolade-slatka-prica-koja-je-osvojila-18-000-srca\/#article\",\"isPartOf\":{\"@id\":\"https:\/\/tuzlainfo.ba\/index.php\/istaknuto\/item\/269740-zavrsen-sajam-kafe-i-cokolade-slatka-prica-koja-je-osvojila-18-000-srca\/\"},\"author\":{\"name\":\"Tuzla Info\",\"@id\":\"https:\/\/tuzlainfo.ba\/#\/schema\/person\/46cad4c57790cbc50781edd14870825a\"},\"headline\":\"Zavr\u0161en Sajam kafe i \u010dokolade: Slatka pri\u010da koja je osvojila 18.000 srca\",\"datePublished\":\"2025-05-19T08:09:09+00:00\",\"dateModified\":\"2025-05-19T06:55:41+00:00\",\"mainEntityOfPage\":{\"@id\":\"https:\/\/tuzlainfo.ba\/index.php\/istaknuto\/item\/269740-zavrsen-sajam-kafe-i-cokolade-slatka-prica-koja-je-osvojila-18-000-srca\/\"},\"wordCount\":357,\"publisher\":{\"@id\":\"https:\/\/tuzlainfo.ba\/#organization\"},\"image\":{\"@id\":\"https:\/\/tuzlainfo.ba\/index.php\/istaknuto\/item\/269740-zavrsen-sajam-kafe-i-cokolade-slatka-prica-koja-je-osvojila-18-000-srca\/#primaryimage\"},\"thumbnailUrl\":\"https:\/\/tuzlainfo.ba\/wp-content\/uploads\/2025\/05\/thumbnail_Sajam-ph.jpg\",\"keywords\":[\"sajam kafe i \u010dokolade\"],\"articleSection\":[\"Istaknuto\",\"Novosti\"],\"inLanguage\":\"bs-BA\"},{\"@type\":\"WebPage\",\"@id\":\"https:\/\/tuzlainfo.ba\/index.php\/istaknuto\/item\/269740-zavrsen-sajam-kafe-i-cokolade-slatka-prica-koja-je-osvojila-18-000-srca\/\",\"url\":\"https:\/\/tuzlainfo.ba\/index.php\/istaknuto\/item\/269740-zavrsen-sajam-kafe-i-cokolade-slatka-prica-koja-je-osvojila-18-000-srca\/\",\"name\":\"Zavr\u0161en Sajam kafe i \u010dokolade: Slatka pri\u010da koja je osvojila 18.000 srca - TuzlaInfo.ba\",\"isPartOf\":{\"@id\":\"https:\/\/tuzlainfo.ba\/#website\"},\"primaryImageOfPage\":{\"@id\":\"https:\/\/tuzlainfo.ba\/index.php\/istaknuto\/item\/269740-zavrsen-sajam-kafe-i-cokolade-slatka-prica-koja-je-osvojila-18-000-srca\/#primaryimage\"},\"image\":{\"@id\":\"https:\/\/tuzlainfo.ba\/index.php\/istaknuto\/item\/269740-zavrsen-sajam-kafe-i-cokolade-slatka-prica-koja-je-osvojila-18-000-srca\/#primaryimage\"},\"thumbnailUrl\":\"https:\/\/tuzlainfo.ba\/wp-content\/uploads\/2025\/05\/thumbnail_Sajam-ph.jpg\",\"datePublished\":\"2025-05-19T08:09:09+00:00\",\"dateModified\":\"2025-05-19T06:55:41+00:00\",\"breadcrumb\":{\"@id\":\"https:\/\/tuzlainfo.ba\/index.php\/istaknuto\/item\/269740-zavrsen-sajam-kafe-i-cokolade-slatka-prica-koja-je-osvojila-18-000-srca\/#breadcrumb\"},\"inLanguage\":\"bs-BA\",\"potentialAction\":[{\"@type\":\"ReadAction\",\"target\":[\"https:\/\/tuzlainfo.ba\/index.php\/istaknuto\/item\/269740-zavrsen-sajam-kafe-i-cokolade-slatka-prica-koja-je-osvojila-18-000-srca\/\"]}]},{\"@type\":\"ImageObject\",\"inLanguage\":\"bs-BA\",\"@id\":\"https:\/\/tuzlainfo.ba\/index.php\/istaknuto\/item\/269740-zavrsen-sajam-kafe-i-cokolade-slatka-prica-koja-je-osvojila-18-000-srca\/#primaryimage\",\"url\":\"https:\/\/tuzlainfo.ba\/wp-content\/uploads\/2025\/05\/thumbnail_Sajam-ph.jpg\",\"contentUrl\":\"https:\/\/tuzlainfo.ba\/wp-content\/uploads\/2025\/05\/thumbnail_Sajam-ph.jpg\",\"width\":1600,\"height\":1200},{\"@type\":\"BreadcrumbList\",\"@id\":\"https:\/\/tuzlainfo.ba\/index.php\/istaknuto\/item\/269740-zavrsen-sajam-kafe-i-cokolade-slatka-prica-koja-je-osvojila-18-000-srca\/#breadcrumb\",\"itemListElement\":[{\"@type\":\"ListItem\",\"position\":1,\"name\":\"Home\",\"item\":\"https:\/\/tuzlainfo.ba\/\"},{\"@type\":\"ListItem\",\"position\":2,\"name\":\"Zavr\u0161en Sajam kafe i \u010dokolade: Slatka pri\u010da koja je osvojila 18.000 srca\"}]},{\"@type\":\"WebSite\",\"@id\":\"https:\/\/tuzlainfo.ba\/#website\",\"url\":\"https:\/\/tuzlainfo.ba\/\",\"name\":\"TuzlaInfo.ba\",\"description\":\"Tuzla info, gradski informator - Tuzla na dlanu\",\"publisher\":{\"@id\":\"https:\/\/tuzlainfo.ba\/#organization\"},\"potentialAction\":[{\"@type\":\"SearchAction\",\"target\":{\"@type\":\"EntryPoint\",\"urlTemplate\":\"https:\/\/tuzlainfo.ba\/?s={search_term_string}\"},\"query-input\":{\"@type\":\"PropertyValueSpecification\",\"valueRequired\":true,\"valueName\":\"search_term_string\"}}],\"inLanguage\":\"bs-BA\"},{\"@type\":\"Organization\",\"@id\":\"https:\/\/tuzlainfo.ba\/#organization\",\"name\":\"TuzlaInfo.ba\",\"url\":\"https:\/\/tuzlainfo.ba\/\",\"logo\":{\"@type\":\"ImageObject\",\"inLanguage\":\"bs-BA\",\"@id\":\"https:\/\/tuzlainfo.ba\/#\/schema\/logo\/image\/\",\"url\":\"https:\/\/tuzlainfo.ba\/wp-content\/uploads\/2021\/03\/logo-ver-3-1.png\",\"contentUrl\":\"https:\/\/tuzlainfo.ba\/wp-content\/uploads\/2021\/03\/logo-ver-3-1.png\",\"width\":350,\"height\":95,\"caption\":\"TuzlaInfo.ba\"},\"image\":{\"@id\":\"https:\/\/tuzlainfo.ba\/#\/schema\/logo\/image\/\"},\"sameAs\":[\"https:\/\/www.facebook.com\/tuzlainfo.ba\/\"]},{\"@type\":\"Person\",\"@id\":\"https:\/\/tuzlainfo.ba\/#\/schema\/person\/46cad4c57790cbc50781edd14870825a\",\"name\":\"Tuzla Info\",\"image\":{\"@type\":\"ImageObject\",\"inLanguage\":\"bs-BA\",\"@id\":\"https:\/\/tuzlainfo.ba\/#\/schema\/person\/image\/\",\"url\":\"https:\/\/tuzlainfo.ba\/wp-content\/litespeed\/avatar\/b6c453a6c38e3654f2e4416c643fc25c.jpg?ver=1777051911\",\"contentUrl\":\"https:\/\/tuzlainfo.ba\/wp-content\/litespeed\/avatar\/b6c453a6c38e3654f2e4416c643fc25c.jpg?ver=1777051911\",\"caption\":\"Tuzla Info\"}}]}<\/script>\n<!-- \/ Yoast SEO plugin. -->","yoast_head_json":{"title":"Zavr\u0161en Sajam kafe i \u010dokolade: Slatka pri\u010da koja je osvojila 18.000 srca - TuzlaInfo.ba","robots":{"index":"index","follow":"follow","max-snippet":"max-snippet:-1","max-image-preview":"max-image-preview:large","max-video-preview":"max-video-preview:-1"},"canonical":"https:\/\/tuzlainfo.ba\/index.php\/istaknuto\/item\/269740-zavrsen-sajam-kafe-i-cokolade-slatka-prica-koja-je-osvojila-18-000-srca\/","og_locale":"bs_BA","og_type":"article","og_title":"Zavr\u0161en Sajam kafe i \u010dokolade: Slatka pri\u010da koja je osvojila 18.000 srca - TuzlaInfo.ba","og_description":"U nedjelju, 18. maja 2025. godine, u Hrvatskom kulturnom centru &#8220;Sveti Franjo&#8221; u Tuzli, zatvoren&hellip;","og_url":"https:\/\/tuzlainfo.ba\/index.php\/istaknuto\/item\/269740-zavrsen-sajam-kafe-i-cokolade-slatka-prica-koja-je-osvojila-18-000-srca\/","og_site_name":"TuzlaInfo.ba","article_publisher":"https:\/\/www.facebook.com\/tuzlainfo.ba\/","article_published_time":"2025-05-19T08:09:09+00:00","article_modified_time":"2025-05-19T06:55:41+00:00","og_image":[{"width":1600,"height":1200,"url":"https:\/\/tuzlainfo.ba\/wp-content\/uploads\/2025\/05\/thumbnail_Sajam-ph.jpg","type":"image\/jpeg"}],"author":"Tuzla Info","twitter_card":"summary_large_image","twitter_misc":{"Written by":"Tuzla Info","Est. reading time":"2 minute"},"schema":{"@context":"https:\/\/schema.org","@graph":[{"@type":"Article","@id":"https:\/\/tuzlainfo.ba\/index.php\/istaknuto\/item\/269740-zavrsen-sajam-kafe-i-cokolade-slatka-prica-koja-je-osvojila-18-000-srca\/#article","isPartOf":{"@id":"https:\/\/tuzlainfo.ba\/index.php\/istaknuto\/item\/269740-zavrsen-sajam-kafe-i-cokolade-slatka-prica-koja-je-osvojila-18-000-srca\/"},"author":{"name":"Tuzla Info","@id":"https:\/\/tuzlainfo.ba\/#\/schema\/person\/46cad4c57790cbc50781edd14870825a"},"headline":"Zavr\u0161en Sajam kafe i \u010dokolade: Slatka pri\u010da koja je osvojila 18.000 srca","datePublished":"2025-05-19T08:09:09+00:00","dateModified":"2025-05-19T06:55:41+00:00","mainEntityOfPage":{"@id":"https:\/\/tuzlainfo.ba\/index.php\/istaknuto\/item\/269740-zavrsen-sajam-kafe-i-cokolade-slatka-prica-koja-je-osvojila-18-000-srca\/"},"wordCount":357,"publisher":{"@id":"https:\/\/tuzlainfo.ba\/#organization"},"image":{"@id":"https:\/\/tuzlainfo.ba\/index.php\/istaknuto\/item\/269740-zavrsen-sajam-kafe-i-cokolade-slatka-prica-koja-je-osvojila-18-000-srca\/#primaryimage"},"thumbnailUrl":"https:\/\/tuzlainfo.ba\/wp-content\/uploads\/2025\/05\/thumbnail_Sajam-ph.jpg","keywords":["sajam kafe i \u010dokolade"],"articleSection":["Istaknuto","Novosti"],"inLanguage":"bs-BA"},{"@type":"WebPage","@id":"https:\/\/tuzlainfo.ba\/index.php\/istaknuto\/item\/269740-zavrsen-sajam-kafe-i-cokolade-slatka-prica-koja-je-osvojila-18-000-srca\/","url":"https:\/\/tuzlainfo.ba\/index.php\/istaknuto\/item\/269740-zavrsen-sajam-kafe-i-cokolade-slatka-prica-koja-je-osvojila-18-000-srca\/","name":"Zavr\u0161en Sajam kafe i \u010dokolade: Slatka pri\u010da koja je osvojila 18.000 srca - TuzlaInfo.ba","isPartOf":{"@id":"https:\/\/tuzlainfo.ba\/#website"},"primaryImageOfPage":{"@id":"https:\/\/tuzlainfo.ba\/index.php\/istaknuto\/item\/269740-zavrsen-sajam-kafe-i-cokolade-slatka-prica-koja-je-osvojila-18-000-srca\/#primaryimage"},"image":{"@id":"https:\/\/tuzlainfo.ba\/index.php\/istaknuto\/item\/269740-zavrsen-sajam-kafe-i-cokolade-slatka-prica-koja-je-osvojila-18-000-srca\/#primaryimage"},"thumbnailUrl":"https:\/\/tuzlainfo.ba\/wp-content\/uploads\/2025\/05\/thumbnail_Sajam-ph.jpg","datePublished":"2025-05-19T08:09:09+00:00","dateModified":"2025-05-19T06:55:41+00:00","breadcrumb":{"@id":"https:\/\/tuzlainfo.ba\/index.php\/istaknuto\/item\/269740-zavrsen-sajam-kafe-i-cokolade-slatka-prica-koja-je-osvojila-18-000-srca\/#breadcrumb"},"inLanguage":"bs-BA","potentialAction":[{"@type":"ReadAction","target":["https:\/\/tuzlainfo.ba\/index.php\/istaknuto\/item\/269740-zavrsen-sajam-kafe-i-cokolade-slatka-prica-koja-je-osvojila-18-000-srca\/"]}]},{"@type":"ImageObject","inLanguage":"bs-BA","@id":"https:\/\/tuzlainfo.ba\/index.php\/istaknuto\/item\/269740-zavrsen-sajam-kafe-i-cokolade-slatka-prica-koja-je-osvojila-18-000-srca\/#primaryimage","url":"https:\/\/tuzlainfo.ba\/wp-content\/uploads\/2025\/05\/thumbnail_Sajam-ph.jpg","contentUrl":"https:\/\/tuzlainfo.ba\/wp-content\/uploads\/2025\/05\/thumbnail_Sajam-ph.jpg","width":1600,"height":1200},{"@type":"BreadcrumbList","@id":"https:\/\/tuzlainfo.ba\/index.php\/istaknuto\/item\/269740-zavrsen-sajam-kafe-i-cokolade-slatka-prica-koja-je-osvojila-18-000-srca\/#breadcrumb","itemListElement":[{"@type":"ListItem","position":1,"name":"Home","item":"https:\/\/tuzlainfo.ba\/"},{"@type":"ListItem","position":2,"name":"Zavr\u0161en Sajam kafe i \u010dokolade: Slatka pri\u010da koja je osvojila 18.000 srca"}]},{"@type":"WebSite","@id":"https:\/\/tuzlainfo.ba\/#website","url":"https:\/\/tuzlainfo.ba\/","name":"TuzlaInfo.ba","description":"Tuzla info, gradski informator - Tuzla na dlanu","publisher":{"@id":"https:\/\/tuzlainfo.ba\/#organization"},"potentialAction":[{"@type":"SearchAction","target":{"@type":"EntryPoint","urlTemplate":"https:\/\/tuzlainfo.ba\/?s={search_term_string}"},"query-input":{"@type":"PropertyValueSpecification","valueRequired":true,"valueName":"search_term_string"}}],"inLanguage":"bs-BA"},{"@type":"Organization","@id":"https:\/\/tuzlainfo.ba\/#organization","name":"TuzlaInfo.ba","url":"https:\/\/tuzlainfo.ba\/","logo":{"@type":"ImageObject","inLanguage":"bs-BA","@id":"https:\/\/tuzlainfo.ba\/#\/schema\/logo\/image\/","url":"https:\/\/tuzlainfo.ba\/wp-content\/uploads\/2021\/03\/logo-ver-3-1.png","contentUrl":"https:\/\/tuzlainfo.ba\/wp-content\/uploads\/2021\/03\/logo-ver-3-1.png","width":350,"height":95,"caption":"TuzlaInfo.ba"},"image":{"@id":"https:\/\/tuzlainfo.ba\/#\/schema\/logo\/image\/"},"sameAs":["https:\/\/www.facebook.com\/tuzlainfo.ba\/"]},{"@type":"Person","@id":"https:\/\/tuzlainfo.ba\/#\/schema\/person\/46cad4c57790cbc50781edd14870825a","name":"Tuzla Info","image":{"@type":"ImageObject","inLanguage":"bs-BA","@id":"https:\/\/tuzlainfo.ba\/#\/schema\/person\/image\/","url":"https:\/\/tuzlainfo.ba\/wp-content\/litespeed\/avatar\/b6c453a6c38e3654f2e4416c643fc25c.jpg?ver=1777051911","contentUrl":"https:\/\/tuzlainfo.ba\/wp-content\/litespeed\/avatar\/b6c453a6c38e3654f2e4416c643fc25c.jpg?ver=1777051911","caption":"Tuzla Info"}}]}},"_links":{"self":[{"href":"https:\/\/tuzlainfo.ba\/index.php\/wp-json\/wp\/v2\/posts\/269740"}],"collection":[{"href":"https:\/\/tuzlainfo.ba\/index.php\/wp-json\/wp\/v2\/posts"}],"about":[{"href":"https:\/\/tuzlainfo.ba\/index.php\/wp-json\/wp\/v2\/types\/post"}],"author":[{"embeddable":true,"href":"https:\/\/tuzlainfo.ba\/index.php\/wp-json\/wp\/v2\/users\/4"}],"replies":[{"embeddable":true,"href":"https:\/\/tuzlainfo.ba\/index.php\/wp-json\/wp\/v2\/comments?post=269740"}],"version-history":[{"count":1,"href":"https:\/\/tuzlainfo.ba\/index.php\/wp-json\/wp\/v2\/posts\/269740\/revisions"}],"predecessor-version":[{"id":269742,"href":"https:\/\/tuzlainfo.ba\/index.php\/wp-json\/wp\/v2\/posts\/269740\/revisions\/269742"}],"wp:featuredmedia":[{"embeddable":true,"href":"https:\/\/tuzlainfo.ba\/index.php\/wp-json\/wp\/v2\/media\/269741"}],"wp:attachment":[{"href":"https:\/\/tuzlainfo.ba\/index.php\/wp-json\/wp\/v2\/media?parent=269740"}],"wp:term":[{"taxonomy":"category","embeddable":true,"href":"https:\/\/tuzlainfo.ba\/index.php\/wp-json\/wp\/v2\/categories?post=269740"},{"taxonomy":"post_tag","embeddable":true,"href":"https:\/\/tuzlainfo.ba\/index.php\/wp-json\/wp\/v2\/tags?post=269740"}],"curies":[{"name":"wp","href":"https:\/\/api.w.org\/{rel}","templated":true}]}}