{"id":269695,"date":"2025-05-18T11:00:09","date_gmt":"2025-05-18T09:00:09","guid":{"rendered":"https:\/\/tuzlainfo.ba\/?p=269695"},"modified":"2025-05-18T09:43:43","modified_gmt":"2025-05-18T07:43:43","slug":"tuzla-u-znaku-kafe-i-cokolade-drugi-dan-sajma-obiljezilo-mnostvo-dogadjaja","status":"publish","type":"post","link":"https:\/\/tuzlainfo.ba\/index.php\/novosti\/item\/269695-tuzla-u-znaku-kafe-i-cokolade-drugi-dan-sajma-obiljezilo-mnostvo-dogadjaja\/","title":{"rendered":"Tuzla u znaku kafe i \u010dokolade: Drugi dan Sajma obilje\u017eilo mno\u0161tvo doga\u0111aja"},"content":{"rendered":"<p>Subota na 2. Me\u0111unarodnom sajmu kafe i \u010dokolade u Tuzli bila je u znaku porodi\u010dne atmosfere, kreativnosti i bogatog programa za sve generacije. Hrvatski kulturni centar &#8220;Sveti Franjo&#8221; bio je ispunjen mirisima kafe i \u010dokolade, dok je centralni doga\u0111aj dana bila izrada \u010dokoladne skulpture koju je kreirao poznati belgijski \u010dokolatijer Alexandre Druart, prikazuju\u0107i simbol Tuzle \u2013 slani bunar. Njegovo umjetni\u010dko djelo privuklo je veliku pa\u017enju posjetilaca, a prisutna je bila i ambasadorica Belgije u BiH, Christine Detaille.<\/p>\n<p>Program za najmla\u0111e uklju\u010divao je &#8220;Choco dru\u017eenje&#8221; sa knji\u017eevnicima Jagodom Ili\u010di\u0107 i \u0160imom E\u0161i\u0107em, koji su kroz interaktivne radionice pribli\u017eili djeci svijet bajki i \u010dokolade. Paralelno je odr\u017ean koncert klasi\u010dne muzike za djecu &#8220;Baby Artish&#8221;, pru\u017eaju\u0107i mali\u0161anima posebno iskustvo.<\/p>\n<p>Ljubitelji kafe u\u017eivali su u prezentaciji &#8220;Historija kafe u Bosni i Hercegovini&#8221; Timura Kahrovi\u0107a, dok su u nastavku Adnan Musi\u0107 i Goran Jozi\u0107 predstavili razli\u010dite metode pripreme kafe, uklju\u010duju\u0107i &#8220;Orient Coffee Show&#8221;.<\/p>\n<p>Folklorni ansambl BZK &#8220;Preporod&#8221; iz Biha\u0107a predstavio je bogatstvo bosanskohercegova\u010dke tradicije, dok je ve\u010dernji program zavr\u0161io uz &#8220;Choco Coffee Music Night&#8221; s ansamblom &#8220;Oktofonija&#8221; i popularni kviz znanja &#8220;Quiz by Dean Kotiga&#8221; na Panonskim jezerima, gdje su ekipe iz BiH i Hrvatske odmjerile znanje.<\/p>\n<p>Organizatori iz UG &#8220;Activus&#8221; izrazili su zadovoljstvo velikim interesom za sajam koji se nastavlja i sutra s bogatim programom, uklju\u010duju\u0107i edukativne radionice, degustacije i kulturne sadr\u017eaje. Ulaz je besplatan.<\/p>\n","protected":false},"excerpt":{"rendered":"<p>Subota na 2. Me\u0111unarodnom sajmu kafe i \u010dokolade u Tuzli bila je u znaku porodi\u010dne&hellip;<\/p>\n","protected":false},"author":2,"featured_media":269696,"comment_status":"closed","ping_status":"closed","sticky":false,"template":"","format":"standard","meta":{"_acf_changed":false,"footnotes":""},"categories":[304,12],"tags":[9928],"acf":[],"yoast_head":"<!-- This site is optimized with the Yoast SEO plugin v23.5 - https:\/\/yoast.com\/wordpress\/plugins\/seo\/ -->\n<title>Tuzla u znaku kafe i \u010dokolade: Drugi dan Sajma obilje\u017eilo mno\u0161tvo doga\u0111aja - TuzlaInfo.ba<\/title>\n<meta name=\"robots\" content=\"index, follow, max-snippet:-1, max-image-preview:large, max-video-preview:-1\" \/>\n<link rel=\"canonical\" href=\"https:\/\/tuzlainfo.ba\/index.php\/novosti\/item\/269695-tuzla-u-znaku-kafe-i-cokolade-drugi-dan-sajma-obiljezilo-mnostvo-dogadjaja\/\" \/>\n<meta property=\"og:locale\" content=\"bs_BA\" \/>\n<meta property=\"og:type\" content=\"article\" \/>\n<meta property=\"og:title\" content=\"Tuzla u znaku kafe i \u010dokolade: Drugi dan Sajma obilje\u017eilo mno\u0161tvo doga\u0111aja - TuzlaInfo.ba\" \/>\n<meta property=\"og:description\" content=\"Subota na 2. Me\u0111unarodnom sajmu kafe i \u010dokolade u Tuzli bila je u znaku porodi\u010dne&hellip;\" \/>\n<meta property=\"og:url\" content=\"https:\/\/tuzlainfo.ba\/index.php\/novosti\/item\/269695-tuzla-u-znaku-kafe-i-cokolade-drugi-dan-sajma-obiljezilo-mnostvo-dogadjaja\/\" \/>\n<meta property=\"og:site_name\" content=\"TuzlaInfo.ba\" \/>\n<meta property=\"article:publisher\" content=\"https:\/\/www.facebook.com\/tuzlainfo.ba\/\" \/>\n<meta property=\"article:published_time\" content=\"2025-05-18T09:00:09+00:00\" \/>\n<meta property=\"article:modified_time\" content=\"2025-05-18T07:43:43+00:00\" \/>\n<meta property=\"og:image\" content=\"https:\/\/tuzlainfo.ba\/wp-content\/uploads\/2025\/05\/1805_kolaz_sajam.jpg\" \/>\n\t<meta property=\"og:image:width\" content=\"1000\" \/>\n\t<meta property=\"og:image:height\" content=\"591\" \/>\n\t<meta property=\"og:image:type\" content=\"image\/jpeg\" \/>\n<meta name=\"author\" content=\"nedim\" \/>\n<meta name=\"twitter:card\" content=\"summary_large_image\" \/>\n<meta name=\"twitter:label1\" content=\"Written by\" \/>\n\t<meta name=\"twitter:data1\" content=\"nedim\" \/>\n\t<meta name=\"twitter:label2\" content=\"Est. reading time\" \/>\n\t<meta name=\"twitter:data2\" content=\"2 minute\" \/>\n<script type=\"application\/ld+json\" class=\"yoast-schema-graph\">{\"@context\":\"https:\/\/schema.org\",\"@graph\":[{\"@type\":\"Article\",\"@id\":\"https:\/\/tuzlainfo.ba\/index.php\/novosti\/item\/269695-tuzla-u-znaku-kafe-i-cokolade-drugi-dan-sajma-obiljezilo-mnostvo-dogadjaja\/#article\",\"isPartOf\":{\"@id\":\"https:\/\/tuzlainfo.ba\/index.php\/novosti\/item\/269695-tuzla-u-znaku-kafe-i-cokolade-drugi-dan-sajma-obiljezilo-mnostvo-dogadjaja\/\"},\"author\":{\"name\":\"nedim\",\"@id\":\"https:\/\/tuzlainfo.ba\/#\/schema\/person\/f434e20dc27ea133923aab08451b7f7f\"},\"headline\":\"Tuzla u znaku kafe i \u010dokolade: Drugi dan Sajma obilje\u017eilo mno\u0161tvo doga\u0111aja\",\"datePublished\":\"2025-05-18T09:00:09+00:00\",\"dateModified\":\"2025-05-18T07:43:43+00:00\",\"mainEntityOfPage\":{\"@id\":\"https:\/\/tuzlainfo.ba\/index.php\/novosti\/item\/269695-tuzla-u-znaku-kafe-i-cokolade-drugi-dan-sajma-obiljezilo-mnostvo-dogadjaja\/\"},\"wordCount\":265,\"publisher\":{\"@id\":\"https:\/\/tuzlainfo.ba\/#organization\"},\"image\":{\"@id\":\"https:\/\/tuzlainfo.ba\/index.php\/novosti\/item\/269695-tuzla-u-znaku-kafe-i-cokolade-drugi-dan-sajma-obiljezilo-mnostvo-dogadjaja\/#primaryimage\"},\"thumbnailUrl\":\"https:\/\/tuzlainfo.ba\/wp-content\/uploads\/2025\/05\/1805_kolaz_sajam.jpg\",\"keywords\":[\"sajam kafe i \u010dokolade\"],\"articleSection\":[\"Istaknuto\",\"Novosti\"],\"inLanguage\":\"bs-BA\"},{\"@type\":\"WebPage\",\"@id\":\"https:\/\/tuzlainfo.ba\/index.php\/novosti\/item\/269695-tuzla-u-znaku-kafe-i-cokolade-drugi-dan-sajma-obiljezilo-mnostvo-dogadjaja\/\",\"url\":\"https:\/\/tuzlainfo.ba\/index.php\/novosti\/item\/269695-tuzla-u-znaku-kafe-i-cokolade-drugi-dan-sajma-obiljezilo-mnostvo-dogadjaja\/\",\"name\":\"Tuzla u znaku kafe i \u010dokolade: Drugi dan Sajma obilje\u017eilo mno\u0161tvo doga\u0111aja - TuzlaInfo.ba\",\"isPartOf\":{\"@id\":\"https:\/\/tuzlainfo.ba\/#website\"},\"primaryImageOfPage\":{\"@id\":\"https:\/\/tuzlainfo.ba\/index.php\/novosti\/item\/269695-tuzla-u-znaku-kafe-i-cokolade-drugi-dan-sajma-obiljezilo-mnostvo-dogadjaja\/#primaryimage\"},\"image\":{\"@id\":\"https:\/\/tuzlainfo.ba\/index.php\/novosti\/item\/269695-tuzla-u-znaku-kafe-i-cokolade-drugi-dan-sajma-obiljezilo-mnostvo-dogadjaja\/#primaryimage\"},\"thumbnailUrl\":\"https:\/\/tuzlainfo.ba\/wp-content\/uploads\/2025\/05\/1805_kolaz_sajam.jpg\",\"datePublished\":\"2025-05-18T09:00:09+00:00\",\"dateModified\":\"2025-05-18T07:43:43+00:00\",\"breadcrumb\":{\"@id\":\"https:\/\/tuzlainfo.ba\/index.php\/novosti\/item\/269695-tuzla-u-znaku-kafe-i-cokolade-drugi-dan-sajma-obiljezilo-mnostvo-dogadjaja\/#breadcrumb\"},\"inLanguage\":\"bs-BA\",\"potentialAction\":[{\"@type\":\"ReadAction\",\"target\":[\"https:\/\/tuzlainfo.ba\/index.php\/novosti\/item\/269695-tuzla-u-znaku-kafe-i-cokolade-drugi-dan-sajma-obiljezilo-mnostvo-dogadjaja\/\"]}]},{\"@type\":\"ImageObject\",\"inLanguage\":\"bs-BA\",\"@id\":\"https:\/\/tuzlainfo.ba\/index.php\/novosti\/item\/269695-tuzla-u-znaku-kafe-i-cokolade-drugi-dan-sajma-obiljezilo-mnostvo-dogadjaja\/#primaryimage\",\"url\":\"https:\/\/tuzlainfo.ba\/wp-content\/uploads\/2025\/05\/1805_kolaz_sajam.jpg\",\"contentUrl\":\"https:\/\/tuzlainfo.ba\/wp-content\/uploads\/2025\/05\/1805_kolaz_sajam.jpg\",\"width\":1000,\"height\":591},{\"@type\":\"BreadcrumbList\",\"@id\":\"https:\/\/tuzlainfo.ba\/index.php\/novosti\/item\/269695-tuzla-u-znaku-kafe-i-cokolade-drugi-dan-sajma-obiljezilo-mnostvo-dogadjaja\/#breadcrumb\",\"itemListElement\":[{\"@type\":\"ListItem\",\"position\":1,\"name\":\"Home\",\"item\":\"https:\/\/tuzlainfo.ba\/\"},{\"@type\":\"ListItem\",\"position\":2,\"name\":\"Tuzla u znaku kafe i \u010dokolade: Drugi dan Sajma obilje\u017eilo mno\u0161tvo doga\u0111aja\"}]},{\"@type\":\"WebSite\",\"@id\":\"https:\/\/tuzlainfo.ba\/#website\",\"url\":\"https:\/\/tuzlainfo.ba\/\",\"name\":\"TuzlaInfo.ba\",\"description\":\"Tuzla info, gradski informator - Tuzla na dlanu\",\"publisher\":{\"@id\":\"https:\/\/tuzlainfo.ba\/#organization\"},\"potentialAction\":[{\"@type\":\"SearchAction\",\"target\":{\"@type\":\"EntryPoint\",\"urlTemplate\":\"https:\/\/tuzlainfo.ba\/?s={search_term_string}\"},\"query-input\":{\"@type\":\"PropertyValueSpecification\",\"valueRequired\":true,\"valueName\":\"search_term_string\"}}],\"inLanguage\":\"bs-BA\"},{\"@type\":\"Organization\",\"@id\":\"https:\/\/tuzlainfo.ba\/#organization\",\"name\":\"TuzlaInfo.ba\",\"url\":\"https:\/\/tuzlainfo.ba\/\",\"logo\":{\"@type\":\"ImageObject\",\"inLanguage\":\"bs-BA\",\"@id\":\"https:\/\/tuzlainfo.ba\/#\/schema\/logo\/image\/\",\"url\":\"https:\/\/tuzlainfo.ba\/wp-content\/uploads\/2021\/03\/logo-ver-3-1.png\",\"contentUrl\":\"https:\/\/tuzlainfo.ba\/wp-content\/uploads\/2021\/03\/logo-ver-3-1.png\",\"width\":350,\"height\":95,\"caption\":\"TuzlaInfo.ba\"},\"image\":{\"@id\":\"https:\/\/tuzlainfo.ba\/#\/schema\/logo\/image\/\"},\"sameAs\":[\"https:\/\/www.facebook.com\/tuzlainfo.ba\/\"]},{\"@type\":\"Person\",\"@id\":\"https:\/\/tuzlainfo.ba\/#\/schema\/person\/f434e20dc27ea133923aab08451b7f7f\",\"name\":\"nedim\",\"image\":{\"@type\":\"ImageObject\",\"inLanguage\":\"bs-BA\",\"@id\":\"https:\/\/tuzlainfo.ba\/#\/schema\/person\/image\/\",\"url\":\"https:\/\/tuzlainfo.ba\/wp-content\/litespeed\/avatar\/aabad687af24844af817603ac1cbdc4f.jpg?ver=1776702173\",\"contentUrl\":\"https:\/\/tuzlainfo.ba\/wp-content\/litespeed\/avatar\/aabad687af24844af817603ac1cbdc4f.jpg?ver=1776702173\",\"caption\":\"nedim\"},\"description\":\"Tuzlainfo.ba pratite na dru\u0161tvenim mre\u017eama: Facebook, Instagram i Youtube. Svoje pri\u010de, upite i fotografije \u0161aljite na na\u0161u e-mail adresu.\"}]}<\/script>\n<!-- \/ Yoast SEO plugin. -->","yoast_head_json":{"title":"Tuzla u znaku kafe i \u010dokolade: Drugi dan Sajma obilje\u017eilo mno\u0161tvo doga\u0111aja - TuzlaInfo.ba","robots":{"index":"index","follow":"follow","max-snippet":"max-snippet:-1","max-image-preview":"max-image-preview:large","max-video-preview":"max-video-preview:-1"},"canonical":"https:\/\/tuzlainfo.ba\/index.php\/novosti\/item\/269695-tuzla-u-znaku-kafe-i-cokolade-drugi-dan-sajma-obiljezilo-mnostvo-dogadjaja\/","og_locale":"bs_BA","og_type":"article","og_title":"Tuzla u znaku kafe i \u010dokolade: Drugi dan Sajma obilje\u017eilo mno\u0161tvo doga\u0111aja - TuzlaInfo.ba","og_description":"Subota na 2. Me\u0111unarodnom sajmu kafe i \u010dokolade u Tuzli bila je u znaku porodi\u010dne&hellip;","og_url":"https:\/\/tuzlainfo.ba\/index.php\/novosti\/item\/269695-tuzla-u-znaku-kafe-i-cokolade-drugi-dan-sajma-obiljezilo-mnostvo-dogadjaja\/","og_site_name":"TuzlaInfo.ba","article_publisher":"https:\/\/www.facebook.com\/tuzlainfo.ba\/","article_published_time":"2025-05-18T09:00:09+00:00","article_modified_time":"2025-05-18T07:43:43+00:00","og_image":[{"width":1000,"height":591,"url":"https:\/\/tuzlainfo.ba\/wp-content\/uploads\/2025\/05\/1805_kolaz_sajam.jpg","type":"image\/jpeg"}],"author":"nedim","twitter_card":"summary_large_image","twitter_misc":{"Written by":"nedim","Est. reading time":"2 minute"},"schema":{"@context":"https:\/\/schema.org","@graph":[{"@type":"Article","@id":"https:\/\/tuzlainfo.ba\/index.php\/novosti\/item\/269695-tuzla-u-znaku-kafe-i-cokolade-drugi-dan-sajma-obiljezilo-mnostvo-dogadjaja\/#article","isPartOf":{"@id":"https:\/\/tuzlainfo.ba\/index.php\/novosti\/item\/269695-tuzla-u-znaku-kafe-i-cokolade-drugi-dan-sajma-obiljezilo-mnostvo-dogadjaja\/"},"author":{"name":"nedim","@id":"https:\/\/tuzlainfo.ba\/#\/schema\/person\/f434e20dc27ea133923aab08451b7f7f"},"headline":"Tuzla u znaku kafe i \u010dokolade: Drugi dan Sajma obilje\u017eilo mno\u0161tvo doga\u0111aja","datePublished":"2025-05-18T09:00:09+00:00","dateModified":"2025-05-18T07:43:43+00:00","mainEntityOfPage":{"@id":"https:\/\/tuzlainfo.ba\/index.php\/novosti\/item\/269695-tuzla-u-znaku-kafe-i-cokolade-drugi-dan-sajma-obiljezilo-mnostvo-dogadjaja\/"},"wordCount":265,"publisher":{"@id":"https:\/\/tuzlainfo.ba\/#organization"},"image":{"@id":"https:\/\/tuzlainfo.ba\/index.php\/novosti\/item\/269695-tuzla-u-znaku-kafe-i-cokolade-drugi-dan-sajma-obiljezilo-mnostvo-dogadjaja\/#primaryimage"},"thumbnailUrl":"https:\/\/tuzlainfo.ba\/wp-content\/uploads\/2025\/05\/1805_kolaz_sajam.jpg","keywords":["sajam kafe i \u010dokolade"],"articleSection":["Istaknuto","Novosti"],"inLanguage":"bs-BA"},{"@type":"WebPage","@id":"https:\/\/tuzlainfo.ba\/index.php\/novosti\/item\/269695-tuzla-u-znaku-kafe-i-cokolade-drugi-dan-sajma-obiljezilo-mnostvo-dogadjaja\/","url":"https:\/\/tuzlainfo.ba\/index.php\/novosti\/item\/269695-tuzla-u-znaku-kafe-i-cokolade-drugi-dan-sajma-obiljezilo-mnostvo-dogadjaja\/","name":"Tuzla u znaku kafe i \u010dokolade: Drugi dan Sajma obilje\u017eilo mno\u0161tvo doga\u0111aja - TuzlaInfo.ba","isPartOf":{"@id":"https:\/\/tuzlainfo.ba\/#website"},"primaryImageOfPage":{"@id":"https:\/\/tuzlainfo.ba\/index.php\/novosti\/item\/269695-tuzla-u-znaku-kafe-i-cokolade-drugi-dan-sajma-obiljezilo-mnostvo-dogadjaja\/#primaryimage"},"image":{"@id":"https:\/\/tuzlainfo.ba\/index.php\/novosti\/item\/269695-tuzla-u-znaku-kafe-i-cokolade-drugi-dan-sajma-obiljezilo-mnostvo-dogadjaja\/#primaryimage"},"thumbnailUrl":"https:\/\/tuzlainfo.ba\/wp-content\/uploads\/2025\/05\/1805_kolaz_sajam.jpg","datePublished":"2025-05-18T09:00:09+00:00","dateModified":"2025-05-18T07:43:43+00:00","breadcrumb":{"@id":"https:\/\/tuzlainfo.ba\/index.php\/novosti\/item\/269695-tuzla-u-znaku-kafe-i-cokolade-drugi-dan-sajma-obiljezilo-mnostvo-dogadjaja\/#breadcrumb"},"inLanguage":"bs-BA","potentialAction":[{"@type":"ReadAction","target":["https:\/\/tuzlainfo.ba\/index.php\/novosti\/item\/269695-tuzla-u-znaku-kafe-i-cokolade-drugi-dan-sajma-obiljezilo-mnostvo-dogadjaja\/"]}]},{"@type":"ImageObject","inLanguage":"bs-BA","@id":"https:\/\/tuzlainfo.ba\/index.php\/novosti\/item\/269695-tuzla-u-znaku-kafe-i-cokolade-drugi-dan-sajma-obiljezilo-mnostvo-dogadjaja\/#primaryimage","url":"https:\/\/tuzlainfo.ba\/wp-content\/uploads\/2025\/05\/1805_kolaz_sajam.jpg","contentUrl":"https:\/\/tuzlainfo.ba\/wp-content\/uploads\/2025\/05\/1805_kolaz_sajam.jpg","width":1000,"height":591},{"@type":"BreadcrumbList","@id":"https:\/\/tuzlainfo.ba\/index.php\/novosti\/item\/269695-tuzla-u-znaku-kafe-i-cokolade-drugi-dan-sajma-obiljezilo-mnostvo-dogadjaja\/#breadcrumb","itemListElement":[{"@type":"ListItem","position":1,"name":"Home","item":"https:\/\/tuzlainfo.ba\/"},{"@type":"ListItem","position":2,"name":"Tuzla u znaku kafe i \u010dokolade: Drugi dan Sajma obilje\u017eilo mno\u0161tvo doga\u0111aja"}]},{"@type":"WebSite","@id":"https:\/\/tuzlainfo.ba\/#website","url":"https:\/\/tuzlainfo.ba\/","name":"TuzlaInfo.ba","description":"Tuzla info, gradski informator - Tuzla na dlanu","publisher":{"@id":"https:\/\/tuzlainfo.ba\/#organization"},"potentialAction":[{"@type":"SearchAction","target":{"@type":"EntryPoint","urlTemplate":"https:\/\/tuzlainfo.ba\/?s={search_term_string}"},"query-input":{"@type":"PropertyValueSpecification","valueRequired":true,"valueName":"search_term_string"}}],"inLanguage":"bs-BA"},{"@type":"Organization","@id":"https:\/\/tuzlainfo.ba\/#organization","name":"TuzlaInfo.ba","url":"https:\/\/tuzlainfo.ba\/","logo":{"@type":"ImageObject","inLanguage":"bs-BA","@id":"https:\/\/tuzlainfo.ba\/#\/schema\/logo\/image\/","url":"https:\/\/tuzlainfo.ba\/wp-content\/uploads\/2021\/03\/logo-ver-3-1.png","contentUrl":"https:\/\/tuzlainfo.ba\/wp-content\/uploads\/2021\/03\/logo-ver-3-1.png","width":350,"height":95,"caption":"TuzlaInfo.ba"},"image":{"@id":"https:\/\/tuzlainfo.ba\/#\/schema\/logo\/image\/"},"sameAs":["https:\/\/www.facebook.com\/tuzlainfo.ba\/"]},{"@type":"Person","@id":"https:\/\/tuzlainfo.ba\/#\/schema\/person\/f434e20dc27ea133923aab08451b7f7f","name":"nedim","image":{"@type":"ImageObject","inLanguage":"bs-BA","@id":"https:\/\/tuzlainfo.ba\/#\/schema\/person\/image\/","url":"https:\/\/tuzlainfo.ba\/wp-content\/litespeed\/avatar\/aabad687af24844af817603ac1cbdc4f.jpg?ver=1776702173","contentUrl":"https:\/\/tuzlainfo.ba\/wp-content\/litespeed\/avatar\/aabad687af24844af817603ac1cbdc4f.jpg?ver=1776702173","caption":"nedim"},"description":"Tuzlainfo.ba pratite na dru\u0161tvenim mre\u017eama: Facebook, Instagram i Youtube. Svoje pri\u010de, upite i fotografije \u0161aljite na na\u0161u e-mail adresu."}]}},"_links":{"self":[{"href":"https:\/\/tuzlainfo.ba\/index.php\/wp-json\/wp\/v2\/posts\/269695"}],"collection":[{"href":"https:\/\/tuzlainfo.ba\/index.php\/wp-json\/wp\/v2\/posts"}],"about":[{"href":"https:\/\/tuzlainfo.ba\/index.php\/wp-json\/wp\/v2\/types\/post"}],"author":[{"embeddable":true,"href":"https:\/\/tuzlainfo.ba\/index.php\/wp-json\/wp\/v2\/users\/2"}],"replies":[{"embeddable":true,"href":"https:\/\/tuzlainfo.ba\/index.php\/wp-json\/wp\/v2\/comments?post=269695"}],"version-history":[{"count":1,"href":"https:\/\/tuzlainfo.ba\/index.php\/wp-json\/wp\/v2\/posts\/269695\/revisions"}],"predecessor-version":[{"id":269697,"href":"https:\/\/tuzlainfo.ba\/index.php\/wp-json\/wp\/v2\/posts\/269695\/revisions\/269697"}],"wp:featuredmedia":[{"embeddable":true,"href":"https:\/\/tuzlainfo.ba\/index.php\/wp-json\/wp\/v2\/media\/269696"}],"wp:attachment":[{"href":"https:\/\/tuzlainfo.ba\/index.php\/wp-json\/wp\/v2\/media?parent=269695"}],"wp:term":[{"taxonomy":"category","embeddable":true,"href":"https:\/\/tuzlainfo.ba\/index.php\/wp-json\/wp\/v2\/categories?post=269695"},{"taxonomy":"post_tag","embeddable":true,"href":"https:\/\/tuzlainfo.ba\/index.php\/wp-json\/wp\/v2\/tags?post=269695"}],"curies":[{"name":"wp","href":"https:\/\/api.w.org\/{rel}","templated":true}]}}