{"id":269632,"date":"2025-05-17T08:22:21","date_gmt":"2025-05-17T06:22:21","guid":{"rendered":"https:\/\/tuzlainfo.ba\/?p=269632"},"modified":"2025-05-17T08:22:21","modified_gmt":"2025-05-17T06:22:21","slug":"danas-oblacno-sa-pljuskovima-kakvo-nas-vrijeme-ocekuje-u-narednim-danima","status":"publish","type":"post","link":"https:\/\/tuzlainfo.ba\/index.php\/bosna-i-hercegovina\/item\/269632-danas-oblacno-sa-pljuskovima-kakvo-nas-vrijeme-ocekuje-u-narednim-danima\/","title":{"rendered":"Danas obla\u010dno sa pljuskovima: Kakvo nas vrijeme o\u010dekuje u narednim danima?"},"content":{"rendered":"<p class=\"\" data-start=\"84\" data-end=\"491\">U Bosni i Hercegovini danas \u0107e preovladavati umjereno do prete\u017eno obla\u010dno vrijeme, uz mogu\u0107nost slabih lokalnih pljuskova i grmljavine od sredine dana prema poslijepodnevnim satima. Vjetar \u0107e biti slab do umjeren, prete\u017eno sjevernog i sjeverozapadnog smjera. Jutarnje temperature kretat \u0107e se izme\u0111u 1 i 6\u00b0C, dok \u0107e na jugu biti do 10\u00b0C. Dnevne temperature \u0107e dosezati od 15 do 20\u00b0C, a na jugu do 23\u00b0C.<\/p>\n<p class=\"\" data-start=\"493\" data-end=\"858\">Nestabilno vrijeme zadr\u017ea\u0107e se i u <strong>nedjelju<\/strong>. O\u010dekuje se umjereno do prete\u017eno obla\u010dno vrijeme s lokalnim pljuskovima i grmljavinom, posebno od sredine dana prema poslijepodnevu. Vjetar \u0107e mijenjati smjer prema zapadnom i jugozapadnom, a temperature \u0107e biti ne\u0161to vi\u0161e \u2013 jutarnje izme\u0111u 2 i 7\u00b0C, na jugu do 10\u00b0C, dok \u0107e dnevne vrijednosti iznositi izme\u0111u 16 i 22\u00b0C.<\/p>\n<p class=\"\" data-start=\"860\" data-end=\"1097\">Sli\u010dno vrijeme nastavi\u0107e se i u <strong>ponedjeljak<\/strong>. Uz prete\u017eno obla\u010dne i nestabilne uslove, lokalni pljuskovi i grmljavina mogu\u0107i su u ve\u0107em dijelu zemlje. Jutarnje temperature \u0107e biti od 4 do 8\u00b0C, na jugu do 12\u00b0C, a dnevne izme\u0111u 16 i 22\u00b0C.<\/p>\n<p class=\"\" data-start=\"1099\" data-end=\"1386\">U <strong>utorak<\/strong> se o\u010dekuje stabilizacija vremena. Preovladavat \u0107e sun\u010dano uz umjerenu obla\u010dnost, dok su slabiji lokalni pljuskovi mogu\u0107i na istoku, sjeveroistoku i centralnim dijelovima Bosne. Jutarnje temperature \u0107e se kretati od 4 do 9\u00b0C, na jugu do 12\u00b0C, dok \u0107e dnevne biti izme\u0111u 18 i 25\u00b0C.<\/p>\n","protected":false},"excerpt":{"rendered":"<p>U Bosni i Hercegovini danas \u0107e preovladavati umjereno do prete\u017eno obla\u010dno vrijeme, uz mogu\u0107nost slabih&hellip;<\/p>\n","protected":false},"author":2,"featured_media":141875,"comment_status":"closed","ping_status":"closed","sticky":false,"template":"","format":"standard","meta":{"_acf_changed":false,"footnotes":""},"categories":[291,304],"tags":[1042,312],"acf":[],"yoast_head":"<!-- This site is optimized with the Yoast SEO plugin v23.5 - https:\/\/yoast.com\/wordpress\/plugins\/seo\/ -->\n<title>Danas obla\u010dno sa pljuskovima: Kakvo nas vrijeme o\u010dekuje u narednim danima? - TuzlaInfo.ba<\/title>\n<meta name=\"robots\" content=\"index, follow, max-snippet:-1, max-image-preview:large, max-video-preview:-1\" \/>\n<link rel=\"canonical\" href=\"https:\/\/tuzlainfo.ba\/index.php\/bosna-i-hercegovina\/item\/269632-danas-oblacno-sa-pljuskovima-kakvo-nas-vrijeme-ocekuje-u-narednim-danima\/\" \/>\n<meta property=\"og:locale\" content=\"bs_BA\" \/>\n<meta property=\"og:type\" content=\"article\" \/>\n<meta property=\"og:title\" content=\"Danas obla\u010dno sa pljuskovima: Kakvo nas vrijeme o\u010dekuje u narednim danima? - TuzlaInfo.ba\" \/>\n<meta property=\"og:description\" content=\"U Bosni i Hercegovini danas \u0107e preovladavati umjereno do prete\u017eno obla\u010dno vrijeme, uz mogu\u0107nost slabih&hellip;\" \/>\n<meta property=\"og:url\" content=\"https:\/\/tuzlainfo.ba\/index.php\/bosna-i-hercegovina\/item\/269632-danas-oblacno-sa-pljuskovima-kakvo-nas-vrijeme-ocekuje-u-narednim-danima\/\" \/>\n<meta property=\"og:site_name\" content=\"TuzlaInfo.ba\" \/>\n<meta property=\"article:publisher\" content=\"https:\/\/www.facebook.com\/tuzlainfo.ba\/\" \/>\n<meta property=\"article:published_time\" content=\"2025-05-17T06:22:21+00:00\" \/>\n<meta property=\"og:image\" content=\"https:\/\/tuzlainfo.ba\/wp-content\/uploads\/2021\/07\/1407_pljusak_kisa.jpg\" \/>\n\t<meta property=\"og:image:width\" content=\"1170\" \/>\n\t<meta property=\"og:image:height\" content=\"800\" \/>\n\t<meta property=\"og:image:type\" content=\"image\/jpeg\" \/>\n<meta name=\"author\" content=\"nedim\" \/>\n<meta name=\"twitter:card\" content=\"summary_large_image\" \/>\n<meta name=\"twitter:label1\" content=\"Written by\" \/>\n\t<meta name=\"twitter:data1\" content=\"nedim\" \/>\n\t<meta name=\"twitter:label2\" content=\"Est. reading time\" \/>\n\t<meta name=\"twitter:data2\" content=\"2 minute\" \/>\n<script type=\"application\/ld+json\" class=\"yoast-schema-graph\">{\"@context\":\"https:\/\/schema.org\",\"@graph\":[{\"@type\":\"Article\",\"@id\":\"https:\/\/tuzlainfo.ba\/index.php\/bosna-i-hercegovina\/item\/269632-danas-oblacno-sa-pljuskovima-kakvo-nas-vrijeme-ocekuje-u-narednim-danima\/#article\",\"isPartOf\":{\"@id\":\"https:\/\/tuzlainfo.ba\/index.php\/bosna-i-hercegovina\/item\/269632-danas-oblacno-sa-pljuskovima-kakvo-nas-vrijeme-ocekuje-u-narednim-danima\/\"},\"author\":{\"name\":\"nedim\",\"@id\":\"https:\/\/tuzlainfo.ba\/#\/schema\/person\/f434e20dc27ea133923aab08451b7f7f\"},\"headline\":\"Danas obla\u010dno sa pljuskovima: Kakvo nas vrijeme o\u010dekuje u narednim danima?\",\"datePublished\":\"2025-05-17T06:22:21+00:00\",\"dateModified\":\"2025-05-17T06:22:21+00:00\",\"mainEntityOfPage\":{\"@id\":\"https:\/\/tuzlainfo.ba\/index.php\/bosna-i-hercegovina\/item\/269632-danas-oblacno-sa-pljuskovima-kakvo-nas-vrijeme-ocekuje-u-narednim-danima\/\"},\"wordCount\":240,\"publisher\":{\"@id\":\"https:\/\/tuzlainfo.ba\/#organization\"},\"image\":{\"@id\":\"https:\/\/tuzlainfo.ba\/index.php\/bosna-i-hercegovina\/item\/269632-danas-oblacno-sa-pljuskovima-kakvo-nas-vrijeme-ocekuje-u-narednim-danima\/#primaryimage\"},\"thumbnailUrl\":\"https:\/\/tuzlainfo.ba\/wp-content\/uploads\/2021\/07\/1407_pljusak_kisa.jpg\",\"keywords\":[\"prognoza\",\"vrijeme\"],\"articleSection\":[\"Bosna i Hercegovina\",\"Istaknuto\"],\"inLanguage\":\"bs-BA\"},{\"@type\":\"WebPage\",\"@id\":\"https:\/\/tuzlainfo.ba\/index.php\/bosna-i-hercegovina\/item\/269632-danas-oblacno-sa-pljuskovima-kakvo-nas-vrijeme-ocekuje-u-narednim-danima\/\",\"url\":\"https:\/\/tuzlainfo.ba\/index.php\/bosna-i-hercegovina\/item\/269632-danas-oblacno-sa-pljuskovima-kakvo-nas-vrijeme-ocekuje-u-narednim-danima\/\",\"name\":\"Danas obla\u010dno sa pljuskovima: Kakvo nas vrijeme o\u010dekuje u narednim danima? - TuzlaInfo.ba\",\"isPartOf\":{\"@id\":\"https:\/\/tuzlainfo.ba\/#website\"},\"primaryImageOfPage\":{\"@id\":\"https:\/\/tuzlainfo.ba\/index.php\/bosna-i-hercegovina\/item\/269632-danas-oblacno-sa-pljuskovima-kakvo-nas-vrijeme-ocekuje-u-narednim-danima\/#primaryimage\"},\"image\":{\"@id\":\"https:\/\/tuzlainfo.ba\/index.php\/bosna-i-hercegovina\/item\/269632-danas-oblacno-sa-pljuskovima-kakvo-nas-vrijeme-ocekuje-u-narednim-danima\/#primaryimage\"},\"thumbnailUrl\":\"https:\/\/tuzlainfo.ba\/wp-content\/uploads\/2021\/07\/1407_pljusak_kisa.jpg\",\"datePublished\":\"2025-05-17T06:22:21+00:00\",\"dateModified\":\"2025-05-17T06:22:21+00:00\",\"breadcrumb\":{\"@id\":\"https:\/\/tuzlainfo.ba\/index.php\/bosna-i-hercegovina\/item\/269632-danas-oblacno-sa-pljuskovima-kakvo-nas-vrijeme-ocekuje-u-narednim-danima\/#breadcrumb\"},\"inLanguage\":\"bs-BA\",\"potentialAction\":[{\"@type\":\"ReadAction\",\"target\":[\"https:\/\/tuzlainfo.ba\/index.php\/bosna-i-hercegovina\/item\/269632-danas-oblacno-sa-pljuskovima-kakvo-nas-vrijeme-ocekuje-u-narednim-danima\/\"]}]},{\"@type\":\"ImageObject\",\"inLanguage\":\"bs-BA\",\"@id\":\"https:\/\/tuzlainfo.ba\/index.php\/bosna-i-hercegovina\/item\/269632-danas-oblacno-sa-pljuskovima-kakvo-nas-vrijeme-ocekuje-u-narednim-danima\/#primaryimage\",\"url\":\"https:\/\/tuzlainfo.ba\/wp-content\/uploads\/2021\/07\/1407_pljusak_kisa.jpg\",\"contentUrl\":\"https:\/\/tuzlainfo.ba\/wp-content\/uploads\/2021\/07\/1407_pljusak_kisa.jpg\",\"width\":1170,\"height\":800},{\"@type\":\"BreadcrumbList\",\"@id\":\"https:\/\/tuzlainfo.ba\/index.php\/bosna-i-hercegovina\/item\/269632-danas-oblacno-sa-pljuskovima-kakvo-nas-vrijeme-ocekuje-u-narednim-danima\/#breadcrumb\",\"itemListElement\":[{\"@type\":\"ListItem\",\"position\":1,\"name\":\"Home\",\"item\":\"https:\/\/tuzlainfo.ba\/\"},{\"@type\":\"ListItem\",\"position\":2,\"name\":\"Danas obla\u010dno sa pljuskovima: Kakvo nas vrijeme o\u010dekuje u narednim danima?\"}]},{\"@type\":\"WebSite\",\"@id\":\"https:\/\/tuzlainfo.ba\/#website\",\"url\":\"https:\/\/tuzlainfo.ba\/\",\"name\":\"TuzlaInfo.ba\",\"description\":\"Tuzla info, gradski informator - Tuzla na dlanu\",\"publisher\":{\"@id\":\"https:\/\/tuzlainfo.ba\/#organization\"},\"potentialAction\":[{\"@type\":\"SearchAction\",\"target\":{\"@type\":\"EntryPoint\",\"urlTemplate\":\"https:\/\/tuzlainfo.ba\/?s={search_term_string}\"},\"query-input\":{\"@type\":\"PropertyValueSpecification\",\"valueRequired\":true,\"valueName\":\"search_term_string\"}}],\"inLanguage\":\"bs-BA\"},{\"@type\":\"Organization\",\"@id\":\"https:\/\/tuzlainfo.ba\/#organization\",\"name\":\"TuzlaInfo.ba\",\"url\":\"https:\/\/tuzlainfo.ba\/\",\"logo\":{\"@type\":\"ImageObject\",\"inLanguage\":\"bs-BA\",\"@id\":\"https:\/\/tuzlainfo.ba\/#\/schema\/logo\/image\/\",\"url\":\"https:\/\/tuzlainfo.ba\/wp-content\/uploads\/2021\/03\/logo-ver-3-1.png\",\"contentUrl\":\"https:\/\/tuzlainfo.ba\/wp-content\/uploads\/2021\/03\/logo-ver-3-1.png\",\"width\":350,\"height\":95,\"caption\":\"TuzlaInfo.ba\"},\"image\":{\"@id\":\"https:\/\/tuzlainfo.ba\/#\/schema\/logo\/image\/\"},\"sameAs\":[\"https:\/\/www.facebook.com\/tuzlainfo.ba\/\"]},{\"@type\":\"Person\",\"@id\":\"https:\/\/tuzlainfo.ba\/#\/schema\/person\/f434e20dc27ea133923aab08451b7f7f\",\"name\":\"nedim\",\"image\":{\"@type\":\"ImageObject\",\"inLanguage\":\"bs-BA\",\"@id\":\"https:\/\/tuzlainfo.ba\/#\/schema\/person\/image\/\",\"url\":\"https:\/\/tuzlainfo.ba\/wp-content\/litespeed\/avatar\/aabad687af24844af817603ac1cbdc4f.jpg?ver=1776702173\",\"contentUrl\":\"https:\/\/tuzlainfo.ba\/wp-content\/litespeed\/avatar\/aabad687af24844af817603ac1cbdc4f.jpg?ver=1776702173\",\"caption\":\"nedim\"},\"description\":\"Tuzlainfo.ba pratite na dru\u0161tvenim mre\u017eama: Facebook, Instagram i Youtube. Svoje pri\u010de, upite i fotografije \u0161aljite na na\u0161u e-mail adresu.\"}]}<\/script>\n<!-- \/ Yoast SEO plugin. -->","yoast_head_json":{"title":"Danas obla\u010dno sa pljuskovima: Kakvo nas vrijeme o\u010dekuje u narednim danima? - TuzlaInfo.ba","robots":{"index":"index","follow":"follow","max-snippet":"max-snippet:-1","max-image-preview":"max-image-preview:large","max-video-preview":"max-video-preview:-1"},"canonical":"https:\/\/tuzlainfo.ba\/index.php\/bosna-i-hercegovina\/item\/269632-danas-oblacno-sa-pljuskovima-kakvo-nas-vrijeme-ocekuje-u-narednim-danima\/","og_locale":"bs_BA","og_type":"article","og_title":"Danas obla\u010dno sa pljuskovima: Kakvo nas vrijeme o\u010dekuje u narednim danima? - TuzlaInfo.ba","og_description":"U Bosni i Hercegovini danas \u0107e preovladavati umjereno do prete\u017eno obla\u010dno vrijeme, uz mogu\u0107nost slabih&hellip;","og_url":"https:\/\/tuzlainfo.ba\/index.php\/bosna-i-hercegovina\/item\/269632-danas-oblacno-sa-pljuskovima-kakvo-nas-vrijeme-ocekuje-u-narednim-danima\/","og_site_name":"TuzlaInfo.ba","article_publisher":"https:\/\/www.facebook.com\/tuzlainfo.ba\/","article_published_time":"2025-05-17T06:22:21+00:00","og_image":[{"width":1170,"height":800,"url":"https:\/\/tuzlainfo.ba\/wp-content\/uploads\/2021\/07\/1407_pljusak_kisa.jpg","type":"image\/jpeg"}],"author":"nedim","twitter_card":"summary_large_image","twitter_misc":{"Written by":"nedim","Est. reading time":"2 minute"},"schema":{"@context":"https:\/\/schema.org","@graph":[{"@type":"Article","@id":"https:\/\/tuzlainfo.ba\/index.php\/bosna-i-hercegovina\/item\/269632-danas-oblacno-sa-pljuskovima-kakvo-nas-vrijeme-ocekuje-u-narednim-danima\/#article","isPartOf":{"@id":"https:\/\/tuzlainfo.ba\/index.php\/bosna-i-hercegovina\/item\/269632-danas-oblacno-sa-pljuskovima-kakvo-nas-vrijeme-ocekuje-u-narednim-danima\/"},"author":{"name":"nedim","@id":"https:\/\/tuzlainfo.ba\/#\/schema\/person\/f434e20dc27ea133923aab08451b7f7f"},"headline":"Danas obla\u010dno sa pljuskovima: Kakvo nas vrijeme o\u010dekuje u narednim danima?","datePublished":"2025-05-17T06:22:21+00:00","dateModified":"2025-05-17T06:22:21+00:00","mainEntityOfPage":{"@id":"https:\/\/tuzlainfo.ba\/index.php\/bosna-i-hercegovina\/item\/269632-danas-oblacno-sa-pljuskovima-kakvo-nas-vrijeme-ocekuje-u-narednim-danima\/"},"wordCount":240,"publisher":{"@id":"https:\/\/tuzlainfo.ba\/#organization"},"image":{"@id":"https:\/\/tuzlainfo.ba\/index.php\/bosna-i-hercegovina\/item\/269632-danas-oblacno-sa-pljuskovima-kakvo-nas-vrijeme-ocekuje-u-narednim-danima\/#primaryimage"},"thumbnailUrl":"https:\/\/tuzlainfo.ba\/wp-content\/uploads\/2021\/07\/1407_pljusak_kisa.jpg","keywords":["prognoza","vrijeme"],"articleSection":["Bosna i Hercegovina","Istaknuto"],"inLanguage":"bs-BA"},{"@type":"WebPage","@id":"https:\/\/tuzlainfo.ba\/index.php\/bosna-i-hercegovina\/item\/269632-danas-oblacno-sa-pljuskovima-kakvo-nas-vrijeme-ocekuje-u-narednim-danima\/","url":"https:\/\/tuzlainfo.ba\/index.php\/bosna-i-hercegovina\/item\/269632-danas-oblacno-sa-pljuskovima-kakvo-nas-vrijeme-ocekuje-u-narednim-danima\/","name":"Danas obla\u010dno sa pljuskovima: Kakvo nas vrijeme o\u010dekuje u narednim danima? - TuzlaInfo.ba","isPartOf":{"@id":"https:\/\/tuzlainfo.ba\/#website"},"primaryImageOfPage":{"@id":"https:\/\/tuzlainfo.ba\/index.php\/bosna-i-hercegovina\/item\/269632-danas-oblacno-sa-pljuskovima-kakvo-nas-vrijeme-ocekuje-u-narednim-danima\/#primaryimage"},"image":{"@id":"https:\/\/tuzlainfo.ba\/index.php\/bosna-i-hercegovina\/item\/269632-danas-oblacno-sa-pljuskovima-kakvo-nas-vrijeme-ocekuje-u-narednim-danima\/#primaryimage"},"thumbnailUrl":"https:\/\/tuzlainfo.ba\/wp-content\/uploads\/2021\/07\/1407_pljusak_kisa.jpg","datePublished":"2025-05-17T06:22:21+00:00","dateModified":"2025-05-17T06:22:21+00:00","breadcrumb":{"@id":"https:\/\/tuzlainfo.ba\/index.php\/bosna-i-hercegovina\/item\/269632-danas-oblacno-sa-pljuskovima-kakvo-nas-vrijeme-ocekuje-u-narednim-danima\/#breadcrumb"},"inLanguage":"bs-BA","potentialAction":[{"@type":"ReadAction","target":["https:\/\/tuzlainfo.ba\/index.php\/bosna-i-hercegovina\/item\/269632-danas-oblacno-sa-pljuskovima-kakvo-nas-vrijeme-ocekuje-u-narednim-danima\/"]}]},{"@type":"ImageObject","inLanguage":"bs-BA","@id":"https:\/\/tuzlainfo.ba\/index.php\/bosna-i-hercegovina\/item\/269632-danas-oblacno-sa-pljuskovima-kakvo-nas-vrijeme-ocekuje-u-narednim-danima\/#primaryimage","url":"https:\/\/tuzlainfo.ba\/wp-content\/uploads\/2021\/07\/1407_pljusak_kisa.jpg","contentUrl":"https:\/\/tuzlainfo.ba\/wp-content\/uploads\/2021\/07\/1407_pljusak_kisa.jpg","width":1170,"height":800},{"@type":"BreadcrumbList","@id":"https:\/\/tuzlainfo.ba\/index.php\/bosna-i-hercegovina\/item\/269632-danas-oblacno-sa-pljuskovima-kakvo-nas-vrijeme-ocekuje-u-narednim-danima\/#breadcrumb","itemListElement":[{"@type":"ListItem","position":1,"name":"Home","item":"https:\/\/tuzlainfo.ba\/"},{"@type":"ListItem","position":2,"name":"Danas obla\u010dno sa pljuskovima: Kakvo nas vrijeme o\u010dekuje u narednim danima?"}]},{"@type":"WebSite","@id":"https:\/\/tuzlainfo.ba\/#website","url":"https:\/\/tuzlainfo.ba\/","name":"TuzlaInfo.ba","description":"Tuzla info, gradski informator - Tuzla na dlanu","publisher":{"@id":"https:\/\/tuzlainfo.ba\/#organization"},"potentialAction":[{"@type":"SearchAction","target":{"@type":"EntryPoint","urlTemplate":"https:\/\/tuzlainfo.ba\/?s={search_term_string}"},"query-input":{"@type":"PropertyValueSpecification","valueRequired":true,"valueName":"search_term_string"}}],"inLanguage":"bs-BA"},{"@type":"Organization","@id":"https:\/\/tuzlainfo.ba\/#organization","name":"TuzlaInfo.ba","url":"https:\/\/tuzlainfo.ba\/","logo":{"@type":"ImageObject","inLanguage":"bs-BA","@id":"https:\/\/tuzlainfo.ba\/#\/schema\/logo\/image\/","url":"https:\/\/tuzlainfo.ba\/wp-content\/uploads\/2021\/03\/logo-ver-3-1.png","contentUrl":"https:\/\/tuzlainfo.ba\/wp-content\/uploads\/2021\/03\/logo-ver-3-1.png","width":350,"height":95,"caption":"TuzlaInfo.ba"},"image":{"@id":"https:\/\/tuzlainfo.ba\/#\/schema\/logo\/image\/"},"sameAs":["https:\/\/www.facebook.com\/tuzlainfo.ba\/"]},{"@type":"Person","@id":"https:\/\/tuzlainfo.ba\/#\/schema\/person\/f434e20dc27ea133923aab08451b7f7f","name":"nedim","image":{"@type":"ImageObject","inLanguage":"bs-BA","@id":"https:\/\/tuzlainfo.ba\/#\/schema\/person\/image\/","url":"https:\/\/tuzlainfo.ba\/wp-content\/litespeed\/avatar\/aabad687af24844af817603ac1cbdc4f.jpg?ver=1776702173","contentUrl":"https:\/\/tuzlainfo.ba\/wp-content\/litespeed\/avatar\/aabad687af24844af817603ac1cbdc4f.jpg?ver=1776702173","caption":"nedim"},"description":"Tuzlainfo.ba pratite na dru\u0161tvenim mre\u017eama: Facebook, Instagram i Youtube. Svoje pri\u010de, upite i fotografije \u0161aljite na na\u0161u e-mail adresu."}]}},"_links":{"self":[{"href":"https:\/\/tuzlainfo.ba\/index.php\/wp-json\/wp\/v2\/posts\/269632"}],"collection":[{"href":"https:\/\/tuzlainfo.ba\/index.php\/wp-json\/wp\/v2\/posts"}],"about":[{"href":"https:\/\/tuzlainfo.ba\/index.php\/wp-json\/wp\/v2\/types\/post"}],"author":[{"embeddable":true,"href":"https:\/\/tuzlainfo.ba\/index.php\/wp-json\/wp\/v2\/users\/2"}],"replies":[{"embeddable":true,"href":"https:\/\/tuzlainfo.ba\/index.php\/wp-json\/wp\/v2\/comments?post=269632"}],"version-history":[{"count":1,"href":"https:\/\/tuzlainfo.ba\/index.php\/wp-json\/wp\/v2\/posts\/269632\/revisions"}],"predecessor-version":[{"id":269633,"href":"https:\/\/tuzlainfo.ba\/index.php\/wp-json\/wp\/v2\/posts\/269632\/revisions\/269633"}],"wp:featuredmedia":[{"embeddable":true,"href":"https:\/\/tuzlainfo.ba\/index.php\/wp-json\/wp\/v2\/media\/141875"}],"wp:attachment":[{"href":"https:\/\/tuzlainfo.ba\/index.php\/wp-json\/wp\/v2\/media?parent=269632"}],"wp:term":[{"taxonomy":"category","embeddable":true,"href":"https:\/\/tuzlainfo.ba\/index.php\/wp-json\/wp\/v2\/categories?post=269632"},{"taxonomy":"post_tag","embeddable":true,"href":"https:\/\/tuzlainfo.ba\/index.php\/wp-json\/wp\/v2\/tags?post=269632"}],"curies":[{"name":"wp","href":"https:\/\/api.w.org\/{rel}","templated":true}]}}