{"id":269528,"date":"2025-05-16T09:04:22","date_gmt":"2025-05-16T07:04:22","guid":{"rendered":"https:\/\/tuzlainfo.ba\/?p=269528"},"modified":"2025-05-15T17:03:07","modified_gmt":"2025-05-15T15:03:07","slug":"danas-pocinje-2-medjunarodni-sajam-kafe-i-cokolade-u-tuzli","status":"publish","type":"post","link":"https:\/\/tuzlainfo.ba\/index.php\/istaknuto\/item\/269528-danas-pocinje-2-medjunarodni-sajam-kafe-i-cokolade-u-tuzli\/","title":{"rendered":"Danas po\u010dinje 2. Me\u0111unarodni sajam kafe i \u010dokolade u Tuzli"},"content":{"rendered":"<p data-start=\"97\" data-end=\"443\">Danas u Tuzli po\u010dinje 2. Me\u0111unarodni sajam kafe i \u010dokolade, koji \u0107e tokom naredna tri dana, do 18. maja, okupiti ljubitelje vrhunskih kafa i \u010dokolada iz cijelog regiona. Nakon pro\u0161logodi\u0161njeg uspjeha i vi\u0161e od 10.000 posjetilaca, ovogodi\u0161nje izdanje sajma donosi jo\u0161 bogatiji program, uz besplatan ulaz za sve posjetitelje.<\/p>\n<p data-start=\"445\" data-end=\"736\">Organizator sajma je Udru\u017eenje gra\u0111ana Activus, a doga\u0111aj se odr\u017eava pod pokroviteljstvom firme Nipex, uz podr\u0161ku Zlatnog sponzora kompanije Lasta, te institucija poput Vlade Tuzlanskog kantona, Grada Tuzla, Turisti\u010dke zajednice grada Tuzle i Generalnog konzulata Republike Hrvatske u Tuzli.<\/p>\n<p data-start=\"738\" data-end=\"770\">Posjetioce o\u010dekuje niz sadr\u017eaja:<\/p>\n<p data-start=\"774\" data-end=\"828\">Degustacije i prezentacije vrhunskih kafa i \u010dokolada<\/p>\n<p data-start=\"831\" data-end=\"892\">Edukativni programi i kreativne radionice za sve generacije<\/p>\n<p data-start=\"895\" data-end=\"957\">Family Day (subota) s posebnim sadr\u017eajem za djecu i porodice<\/p>\n<p data-start=\"960\" data-end=\"1036\">Veliki kviz sa Deanom Kotigom na Panonskim jezerima (16. i 17. maja u 20h)<\/p>\n<p data-start=\"1039\" data-end=\"1090\">Kviz za srednjo\u0161kolce u Centru za kulturu Lukavac<\/p>\n<p data-start=\"1092\" data-end=\"1236\">Sve\u010dano otvaranje sajma zakazano je za danas, 16. maja, u 10:00 sati. Sajam \u0107e biti otvoren svakog dana do nedjelje, u periodu od 10 do 20 sati.<\/p>\n<p data-start=\"1238\" data-end=\"1545\">Zahvaljuju\u0107i sve ve\u0107em interesu i bogatstvu programa, Sajam kafe i \u010dokolade pozicionira se kao nova turisti\u010dka atrakcija Tuzle. O\u010dekuje se dolazak velikog broja gostiju iz cijele BiH i regiona, a atmosferu \u0107e dodatno obogatiti nastupi poznatih li\u010dnosti i posebna iznena\u0111enja koja su pripremili organizatori.<\/p>\n<p data-start=\"1547\" data-end=\"1689\" data-is-last-node=\"\" data-is-only-node=\"\">\n","protected":false},"excerpt":{"rendered":"<p>Danas u Tuzli po\u010dinje 2. Me\u0111unarodni sajam kafe i \u010dokolade, koji \u0107e tokom naredna tri&hellip;<\/p>\n","protected":false},"author":4,"featured_media":238721,"comment_status":"closed","ping_status":"closed","sticky":false,"template":"","format":"standard","meta":{"_acf_changed":false,"footnotes":""},"categories":[304,12],"tags":[9928,42],"acf":[],"yoast_head":"<!-- This site is optimized with the Yoast SEO plugin v23.5 - https:\/\/yoast.com\/wordpress\/plugins\/seo\/ -->\n<title>Danas po\u010dinje 2. Me\u0111unarodni sajam kafe i \u010dokolade u Tuzli - TuzlaInfo.ba<\/title>\n<meta name=\"robots\" content=\"index, follow, max-snippet:-1, max-image-preview:large, max-video-preview:-1\" \/>\n<link rel=\"canonical\" href=\"https:\/\/tuzlainfo.ba\/index.php\/istaknuto\/item\/269528-danas-pocinje-2-medjunarodni-sajam-kafe-i-cokolade-u-tuzli\/\" \/>\n<meta property=\"og:locale\" content=\"bs_BA\" \/>\n<meta property=\"og:type\" content=\"article\" \/>\n<meta property=\"og:title\" content=\"Danas po\u010dinje 2. Me\u0111unarodni sajam kafe i \u010dokolade u Tuzli - TuzlaInfo.ba\" \/>\n<meta property=\"og:description\" content=\"Danas u Tuzli po\u010dinje 2. Me\u0111unarodni sajam kafe i \u010dokolade, koji \u0107e tokom naredna tri&hellip;\" \/>\n<meta property=\"og:url\" content=\"https:\/\/tuzlainfo.ba\/index.php\/istaknuto\/item\/269528-danas-pocinje-2-medjunarodni-sajam-kafe-i-cokolade-u-tuzli\/\" \/>\n<meta property=\"og:site_name\" content=\"TuzlaInfo.ba\" \/>\n<meta property=\"article:publisher\" content=\"https:\/\/www.facebook.com\/tuzlainfo.ba\/\" \/>\n<meta property=\"article:published_time\" content=\"2025-05-16T07:04:22+00:00\" \/>\n<meta property=\"article:modified_time\" content=\"2025-05-15T15:03:07+00:00\" \/>\n<meta property=\"og:image\" content=\"https:\/\/tuzlainfo.ba\/wp-content\/uploads\/2024\/05\/Sajam-Kafe-i-cokolade-Kviz-1.jpg\" \/>\n\t<meta property=\"og:image:width\" content=\"1200\" \/>\n\t<meta property=\"og:image:height\" content=\"800\" \/>\n\t<meta property=\"og:image:type\" content=\"image\/jpeg\" \/>\n<meta name=\"author\" content=\"Tuzla Info\" \/>\n<meta name=\"twitter:card\" content=\"summary_large_image\" \/>\n<meta name=\"twitter:label1\" content=\"Written by\" \/>\n\t<meta name=\"twitter:data1\" content=\"Tuzla Info\" \/>\n\t<meta name=\"twitter:label2\" content=\"Est. reading time\" \/>\n\t<meta name=\"twitter:data2\" content=\"2 minute\" \/>\n<script type=\"application\/ld+json\" class=\"yoast-schema-graph\">{\"@context\":\"https:\/\/schema.org\",\"@graph\":[{\"@type\":\"Article\",\"@id\":\"https:\/\/tuzlainfo.ba\/index.php\/istaknuto\/item\/269528-danas-pocinje-2-medjunarodni-sajam-kafe-i-cokolade-u-tuzli\/#article\",\"isPartOf\":{\"@id\":\"https:\/\/tuzlainfo.ba\/index.php\/istaknuto\/item\/269528-danas-pocinje-2-medjunarodni-sajam-kafe-i-cokolade-u-tuzli\/\"},\"author\":{\"name\":\"Tuzla Info\",\"@id\":\"https:\/\/tuzlainfo.ba\/#\/schema\/person\/46cad4c57790cbc50781edd14870825a\"},\"headline\":\"Danas po\u010dinje 2. Me\u0111unarodni sajam kafe i \u010dokolade u Tuzli\",\"datePublished\":\"2025-05-16T07:04:22+00:00\",\"dateModified\":\"2025-05-15T15:03:07+00:00\",\"mainEntityOfPage\":{\"@id\":\"https:\/\/tuzlainfo.ba\/index.php\/istaknuto\/item\/269528-danas-pocinje-2-medjunarodni-sajam-kafe-i-cokolade-u-tuzli\/\"},\"wordCount\":235,\"publisher\":{\"@id\":\"https:\/\/tuzlainfo.ba\/#organization\"},\"image\":{\"@id\":\"https:\/\/tuzlainfo.ba\/index.php\/istaknuto\/item\/269528-danas-pocinje-2-medjunarodni-sajam-kafe-i-cokolade-u-tuzli\/#primaryimage\"},\"thumbnailUrl\":\"https:\/\/tuzlainfo.ba\/wp-content\/uploads\/2024\/05\/Sajam-Kafe-i-cokolade-Kviz-1.jpg\",\"keywords\":[\"sajam kafe i \u010dokolade\",\"tuzla\"],\"articleSection\":[\"Istaknuto\",\"Novosti\"],\"inLanguage\":\"bs-BA\"},{\"@type\":\"WebPage\",\"@id\":\"https:\/\/tuzlainfo.ba\/index.php\/istaknuto\/item\/269528-danas-pocinje-2-medjunarodni-sajam-kafe-i-cokolade-u-tuzli\/\",\"url\":\"https:\/\/tuzlainfo.ba\/index.php\/istaknuto\/item\/269528-danas-pocinje-2-medjunarodni-sajam-kafe-i-cokolade-u-tuzli\/\",\"name\":\"Danas po\u010dinje 2. Me\u0111unarodni sajam kafe i \u010dokolade u Tuzli - TuzlaInfo.ba\",\"isPartOf\":{\"@id\":\"https:\/\/tuzlainfo.ba\/#website\"},\"primaryImageOfPage\":{\"@id\":\"https:\/\/tuzlainfo.ba\/index.php\/istaknuto\/item\/269528-danas-pocinje-2-medjunarodni-sajam-kafe-i-cokolade-u-tuzli\/#primaryimage\"},\"image\":{\"@id\":\"https:\/\/tuzlainfo.ba\/index.php\/istaknuto\/item\/269528-danas-pocinje-2-medjunarodni-sajam-kafe-i-cokolade-u-tuzli\/#primaryimage\"},\"thumbnailUrl\":\"https:\/\/tuzlainfo.ba\/wp-content\/uploads\/2024\/05\/Sajam-Kafe-i-cokolade-Kviz-1.jpg\",\"datePublished\":\"2025-05-16T07:04:22+00:00\",\"dateModified\":\"2025-05-15T15:03:07+00:00\",\"breadcrumb\":{\"@id\":\"https:\/\/tuzlainfo.ba\/index.php\/istaknuto\/item\/269528-danas-pocinje-2-medjunarodni-sajam-kafe-i-cokolade-u-tuzli\/#breadcrumb\"},\"inLanguage\":\"bs-BA\",\"potentialAction\":[{\"@type\":\"ReadAction\",\"target\":[\"https:\/\/tuzlainfo.ba\/index.php\/istaknuto\/item\/269528-danas-pocinje-2-medjunarodni-sajam-kafe-i-cokolade-u-tuzli\/\"]}]},{\"@type\":\"ImageObject\",\"inLanguage\":\"bs-BA\",\"@id\":\"https:\/\/tuzlainfo.ba\/index.php\/istaknuto\/item\/269528-danas-pocinje-2-medjunarodni-sajam-kafe-i-cokolade-u-tuzli\/#primaryimage\",\"url\":\"https:\/\/tuzlainfo.ba\/wp-content\/uploads\/2024\/05\/Sajam-Kafe-i-cokolade-Kviz-1.jpg\",\"contentUrl\":\"https:\/\/tuzlainfo.ba\/wp-content\/uploads\/2024\/05\/Sajam-Kafe-i-cokolade-Kviz-1.jpg\",\"width\":1200,\"height\":800},{\"@type\":\"BreadcrumbList\",\"@id\":\"https:\/\/tuzlainfo.ba\/index.php\/istaknuto\/item\/269528-danas-pocinje-2-medjunarodni-sajam-kafe-i-cokolade-u-tuzli\/#breadcrumb\",\"itemListElement\":[{\"@type\":\"ListItem\",\"position\":1,\"name\":\"Home\",\"item\":\"https:\/\/tuzlainfo.ba\/\"},{\"@type\":\"ListItem\",\"position\":2,\"name\":\"Danas po\u010dinje 2. Me\u0111unarodni sajam kafe i \u010dokolade u Tuzli\"}]},{\"@type\":\"WebSite\",\"@id\":\"https:\/\/tuzlainfo.ba\/#website\",\"url\":\"https:\/\/tuzlainfo.ba\/\",\"name\":\"TuzlaInfo.ba\",\"description\":\"Tuzla info, gradski informator - Tuzla na dlanu\",\"publisher\":{\"@id\":\"https:\/\/tuzlainfo.ba\/#organization\"},\"potentialAction\":[{\"@type\":\"SearchAction\",\"target\":{\"@type\":\"EntryPoint\",\"urlTemplate\":\"https:\/\/tuzlainfo.ba\/?s={search_term_string}\"},\"query-input\":{\"@type\":\"PropertyValueSpecification\",\"valueRequired\":true,\"valueName\":\"search_term_string\"}}],\"inLanguage\":\"bs-BA\"},{\"@type\":\"Organization\",\"@id\":\"https:\/\/tuzlainfo.ba\/#organization\",\"name\":\"TuzlaInfo.ba\",\"url\":\"https:\/\/tuzlainfo.ba\/\",\"logo\":{\"@type\":\"ImageObject\",\"inLanguage\":\"bs-BA\",\"@id\":\"https:\/\/tuzlainfo.ba\/#\/schema\/logo\/image\/\",\"url\":\"https:\/\/tuzlainfo.ba\/wp-content\/uploads\/2021\/03\/logo-ver-3-1.png\",\"contentUrl\":\"https:\/\/tuzlainfo.ba\/wp-content\/uploads\/2021\/03\/logo-ver-3-1.png\",\"width\":350,\"height\":95,\"caption\":\"TuzlaInfo.ba\"},\"image\":{\"@id\":\"https:\/\/tuzlainfo.ba\/#\/schema\/logo\/image\/\"},\"sameAs\":[\"https:\/\/www.facebook.com\/tuzlainfo.ba\/\"]},{\"@type\":\"Person\",\"@id\":\"https:\/\/tuzlainfo.ba\/#\/schema\/person\/46cad4c57790cbc50781edd14870825a\",\"name\":\"Tuzla Info\",\"image\":{\"@type\":\"ImageObject\",\"inLanguage\":\"bs-BA\",\"@id\":\"https:\/\/tuzlainfo.ba\/#\/schema\/person\/image\/\",\"url\":\"https:\/\/tuzlainfo.ba\/wp-content\/litespeed\/avatar\/b6c453a6c38e3654f2e4416c643fc25c.jpg?ver=1777051911\",\"contentUrl\":\"https:\/\/tuzlainfo.ba\/wp-content\/litespeed\/avatar\/b6c453a6c38e3654f2e4416c643fc25c.jpg?ver=1777051911\",\"caption\":\"Tuzla Info\"}}]}<\/script>\n<!-- \/ Yoast SEO plugin. -->","yoast_head_json":{"title":"Danas po\u010dinje 2. Me\u0111unarodni sajam kafe i \u010dokolade u Tuzli - TuzlaInfo.ba","robots":{"index":"index","follow":"follow","max-snippet":"max-snippet:-1","max-image-preview":"max-image-preview:large","max-video-preview":"max-video-preview:-1"},"canonical":"https:\/\/tuzlainfo.ba\/index.php\/istaknuto\/item\/269528-danas-pocinje-2-medjunarodni-sajam-kafe-i-cokolade-u-tuzli\/","og_locale":"bs_BA","og_type":"article","og_title":"Danas po\u010dinje 2. Me\u0111unarodni sajam kafe i \u010dokolade u Tuzli - TuzlaInfo.ba","og_description":"Danas u Tuzli po\u010dinje 2. Me\u0111unarodni sajam kafe i \u010dokolade, koji \u0107e tokom naredna tri&hellip;","og_url":"https:\/\/tuzlainfo.ba\/index.php\/istaknuto\/item\/269528-danas-pocinje-2-medjunarodni-sajam-kafe-i-cokolade-u-tuzli\/","og_site_name":"TuzlaInfo.ba","article_publisher":"https:\/\/www.facebook.com\/tuzlainfo.ba\/","article_published_time":"2025-05-16T07:04:22+00:00","article_modified_time":"2025-05-15T15:03:07+00:00","og_image":[{"width":1200,"height":800,"url":"https:\/\/tuzlainfo.ba\/wp-content\/uploads\/2024\/05\/Sajam-Kafe-i-cokolade-Kviz-1.jpg","type":"image\/jpeg"}],"author":"Tuzla Info","twitter_card":"summary_large_image","twitter_misc":{"Written by":"Tuzla Info","Est. reading time":"2 minute"},"schema":{"@context":"https:\/\/schema.org","@graph":[{"@type":"Article","@id":"https:\/\/tuzlainfo.ba\/index.php\/istaknuto\/item\/269528-danas-pocinje-2-medjunarodni-sajam-kafe-i-cokolade-u-tuzli\/#article","isPartOf":{"@id":"https:\/\/tuzlainfo.ba\/index.php\/istaknuto\/item\/269528-danas-pocinje-2-medjunarodni-sajam-kafe-i-cokolade-u-tuzli\/"},"author":{"name":"Tuzla Info","@id":"https:\/\/tuzlainfo.ba\/#\/schema\/person\/46cad4c57790cbc50781edd14870825a"},"headline":"Danas po\u010dinje 2. Me\u0111unarodni sajam kafe i \u010dokolade u Tuzli","datePublished":"2025-05-16T07:04:22+00:00","dateModified":"2025-05-15T15:03:07+00:00","mainEntityOfPage":{"@id":"https:\/\/tuzlainfo.ba\/index.php\/istaknuto\/item\/269528-danas-pocinje-2-medjunarodni-sajam-kafe-i-cokolade-u-tuzli\/"},"wordCount":235,"publisher":{"@id":"https:\/\/tuzlainfo.ba\/#organization"},"image":{"@id":"https:\/\/tuzlainfo.ba\/index.php\/istaknuto\/item\/269528-danas-pocinje-2-medjunarodni-sajam-kafe-i-cokolade-u-tuzli\/#primaryimage"},"thumbnailUrl":"https:\/\/tuzlainfo.ba\/wp-content\/uploads\/2024\/05\/Sajam-Kafe-i-cokolade-Kviz-1.jpg","keywords":["sajam kafe i \u010dokolade","tuzla"],"articleSection":["Istaknuto","Novosti"],"inLanguage":"bs-BA"},{"@type":"WebPage","@id":"https:\/\/tuzlainfo.ba\/index.php\/istaknuto\/item\/269528-danas-pocinje-2-medjunarodni-sajam-kafe-i-cokolade-u-tuzli\/","url":"https:\/\/tuzlainfo.ba\/index.php\/istaknuto\/item\/269528-danas-pocinje-2-medjunarodni-sajam-kafe-i-cokolade-u-tuzli\/","name":"Danas po\u010dinje 2. Me\u0111unarodni sajam kafe i \u010dokolade u Tuzli - TuzlaInfo.ba","isPartOf":{"@id":"https:\/\/tuzlainfo.ba\/#website"},"primaryImageOfPage":{"@id":"https:\/\/tuzlainfo.ba\/index.php\/istaknuto\/item\/269528-danas-pocinje-2-medjunarodni-sajam-kafe-i-cokolade-u-tuzli\/#primaryimage"},"image":{"@id":"https:\/\/tuzlainfo.ba\/index.php\/istaknuto\/item\/269528-danas-pocinje-2-medjunarodni-sajam-kafe-i-cokolade-u-tuzli\/#primaryimage"},"thumbnailUrl":"https:\/\/tuzlainfo.ba\/wp-content\/uploads\/2024\/05\/Sajam-Kafe-i-cokolade-Kviz-1.jpg","datePublished":"2025-05-16T07:04:22+00:00","dateModified":"2025-05-15T15:03:07+00:00","breadcrumb":{"@id":"https:\/\/tuzlainfo.ba\/index.php\/istaknuto\/item\/269528-danas-pocinje-2-medjunarodni-sajam-kafe-i-cokolade-u-tuzli\/#breadcrumb"},"inLanguage":"bs-BA","potentialAction":[{"@type":"ReadAction","target":["https:\/\/tuzlainfo.ba\/index.php\/istaknuto\/item\/269528-danas-pocinje-2-medjunarodni-sajam-kafe-i-cokolade-u-tuzli\/"]}]},{"@type":"ImageObject","inLanguage":"bs-BA","@id":"https:\/\/tuzlainfo.ba\/index.php\/istaknuto\/item\/269528-danas-pocinje-2-medjunarodni-sajam-kafe-i-cokolade-u-tuzli\/#primaryimage","url":"https:\/\/tuzlainfo.ba\/wp-content\/uploads\/2024\/05\/Sajam-Kafe-i-cokolade-Kviz-1.jpg","contentUrl":"https:\/\/tuzlainfo.ba\/wp-content\/uploads\/2024\/05\/Sajam-Kafe-i-cokolade-Kviz-1.jpg","width":1200,"height":800},{"@type":"BreadcrumbList","@id":"https:\/\/tuzlainfo.ba\/index.php\/istaknuto\/item\/269528-danas-pocinje-2-medjunarodni-sajam-kafe-i-cokolade-u-tuzli\/#breadcrumb","itemListElement":[{"@type":"ListItem","position":1,"name":"Home","item":"https:\/\/tuzlainfo.ba\/"},{"@type":"ListItem","position":2,"name":"Danas po\u010dinje 2. Me\u0111unarodni sajam kafe i \u010dokolade u Tuzli"}]},{"@type":"WebSite","@id":"https:\/\/tuzlainfo.ba\/#website","url":"https:\/\/tuzlainfo.ba\/","name":"TuzlaInfo.ba","description":"Tuzla info, gradski informator - Tuzla na dlanu","publisher":{"@id":"https:\/\/tuzlainfo.ba\/#organization"},"potentialAction":[{"@type":"SearchAction","target":{"@type":"EntryPoint","urlTemplate":"https:\/\/tuzlainfo.ba\/?s={search_term_string}"},"query-input":{"@type":"PropertyValueSpecification","valueRequired":true,"valueName":"search_term_string"}}],"inLanguage":"bs-BA"},{"@type":"Organization","@id":"https:\/\/tuzlainfo.ba\/#organization","name":"TuzlaInfo.ba","url":"https:\/\/tuzlainfo.ba\/","logo":{"@type":"ImageObject","inLanguage":"bs-BA","@id":"https:\/\/tuzlainfo.ba\/#\/schema\/logo\/image\/","url":"https:\/\/tuzlainfo.ba\/wp-content\/uploads\/2021\/03\/logo-ver-3-1.png","contentUrl":"https:\/\/tuzlainfo.ba\/wp-content\/uploads\/2021\/03\/logo-ver-3-1.png","width":350,"height":95,"caption":"TuzlaInfo.ba"},"image":{"@id":"https:\/\/tuzlainfo.ba\/#\/schema\/logo\/image\/"},"sameAs":["https:\/\/www.facebook.com\/tuzlainfo.ba\/"]},{"@type":"Person","@id":"https:\/\/tuzlainfo.ba\/#\/schema\/person\/46cad4c57790cbc50781edd14870825a","name":"Tuzla Info","image":{"@type":"ImageObject","inLanguage":"bs-BA","@id":"https:\/\/tuzlainfo.ba\/#\/schema\/person\/image\/","url":"https:\/\/tuzlainfo.ba\/wp-content\/litespeed\/avatar\/b6c453a6c38e3654f2e4416c643fc25c.jpg?ver=1777051911","contentUrl":"https:\/\/tuzlainfo.ba\/wp-content\/litespeed\/avatar\/b6c453a6c38e3654f2e4416c643fc25c.jpg?ver=1777051911","caption":"Tuzla Info"}}]}},"_links":{"self":[{"href":"https:\/\/tuzlainfo.ba\/index.php\/wp-json\/wp\/v2\/posts\/269528"}],"collection":[{"href":"https:\/\/tuzlainfo.ba\/index.php\/wp-json\/wp\/v2\/posts"}],"about":[{"href":"https:\/\/tuzlainfo.ba\/index.php\/wp-json\/wp\/v2\/types\/post"}],"author":[{"embeddable":true,"href":"https:\/\/tuzlainfo.ba\/index.php\/wp-json\/wp\/v2\/users\/4"}],"replies":[{"embeddable":true,"href":"https:\/\/tuzlainfo.ba\/index.php\/wp-json\/wp\/v2\/comments?post=269528"}],"version-history":[{"count":1,"href":"https:\/\/tuzlainfo.ba\/index.php\/wp-json\/wp\/v2\/posts\/269528\/revisions"}],"predecessor-version":[{"id":269529,"href":"https:\/\/tuzlainfo.ba\/index.php\/wp-json\/wp\/v2\/posts\/269528\/revisions\/269529"}],"wp:featuredmedia":[{"embeddable":true,"href":"https:\/\/tuzlainfo.ba\/index.php\/wp-json\/wp\/v2\/media\/238721"}],"wp:attachment":[{"href":"https:\/\/tuzlainfo.ba\/index.php\/wp-json\/wp\/v2\/media?parent=269528"}],"wp:term":[{"taxonomy":"category","embeddable":true,"href":"https:\/\/tuzlainfo.ba\/index.php\/wp-json\/wp\/v2\/categories?post=269528"},{"taxonomy":"post_tag","embeddable":true,"href":"https:\/\/tuzlainfo.ba\/index.php\/wp-json\/wp\/v2\/tags?post=269528"}],"curies":[{"name":"wp","href":"https:\/\/api.w.org\/{rel}","templated":true}]}}