{"id":26937,"date":"2021-02-03T17:00:26","date_gmt":"2021-02-03T17:00:26","guid":{"rendered":"https:\/\/v2.tuzlainfo.ba\/2021\/02\/03\/promocija-ljudskih-prava-lgbt-osoba-tuzlanski-otvoreni-centar-i-grad-tuzla-potpisali-sporazum-o-saradnji\/"},"modified":"2021-03-23T08:28:14","modified_gmt":"2021-03-23T08:28:14","slug":"promocija-ljudskih-prava-lgbt-osoba-tuzlanski-otvoreni-centar-i-grad-tuzla-potpisali-sporazum-o-saradnji","status":"publish","type":"post","link":"https:\/\/tuzlainfo.ba\/index.php\/novosti\/item\/26937-promocija-ljudskih-prava-lgbt-osoba-tuzlanski-otvoreni-centar-i-grad-tuzla-potpisali-sporazum-o-saradnji\/","title":{"rendered":"Promocija ljudskih prava LGBT osoba: Tuzlanski otvoreni centar i Grad Tuzla potpisali Sporazum o saradnji"},"content":{"rendered":"<p>Tuzlanski otvoreni centar (TOC) i Grad Tuzla su pro\u0161le sedmice potpisali Sporazum o saradnji. Sporazumom je ugovorena saradnja Grada i TOC-a u svrhu promocije ljudskih prava LGBT osoba i to kroz djelovanje na tri klju\u010dna podru\u010dja: informisanju i obu\u010davanju osoblja o specifi\u010dnom polo\u017eaju LGBT osoba kako bi se postigao adekvatan pristup u pru\u017eanju usluga; organizaciji zajedni\u010dkih, bilateralnih aktivnosti (okruglih stolova, konferencija, seminara, projekata i drugih inicijativa); te usmjeravanju korisnika\/ca na usluge Grada i TOC-a, uz me\u0111usobnu podr\u0161ku.<\/p>\n<p>Sporazum je u ime Grada Tuzle potpisala Asja Red\u017ei\u0107, pomo\u0107nik gradona\u010delnika za Slu\u017ebu za kulturu, sport, mlade i socijalna pitanja Grada Tuzle i u ime Tuzlanskog otvorenog centra Dajana Baki\u0107, izvr\u0161na direktorica.<\/p>\n<p>Grad Tuzla je dugogodi\u0161nji saveznik Tuzlanskog otvorenog centra u borbi za bolji polo\u017eaj LGBTI osoba u na\u0161oj lokalnoj zajednici. Potpisivanje Sporazuma predstavlja veliki pomak ka ravnopravnom pristupu javnim servisima za sve gra\u0111ane i gra\u0111anke.<\/p>\n<p><strong>(Tuzlainfo.ba)<\/strong><\/p>\n","protected":false},"excerpt":{"rendered":"<p>Tuzlanski otvoreni centar (TOC) i Grad Tuzla su pro\u0161le sedmice potpisali Sporazum o saradnji. Sporazumom&hellip;<\/p>\n","protected":false},"author":3,"featured_media":86129,"comment_status":"open","ping_status":"closed","sticky":false,"template":"","format":"standard","meta":{"_acf_changed":false,"footnotes":""},"categories":[12],"tags":[],"acf":[],"yoast_head":"<!-- This site is optimized with the Yoast SEO plugin v23.5 - https:\/\/yoast.com\/wordpress\/plugins\/seo\/ -->\n<title>Promocija ljudskih prava LGBT osoba: Tuzlanski otvoreni centar i Grad Tuzla potpisali Sporazum o saradnji - TuzlaInfo.ba<\/title>\n<meta name=\"robots\" content=\"index, follow, max-snippet:-1, max-image-preview:large, max-video-preview:-1\" \/>\n<link rel=\"canonical\" href=\"https:\/\/tuzlainfo.ba\/index.php\/novosti\/item\/26937-promocija-ljudskih-prava-lgbt-osoba-tuzlanski-otvoreni-centar-i-grad-tuzla-potpisali-sporazum-o-saradnji\/\" \/>\n<meta property=\"og:locale\" content=\"bs_BA\" \/>\n<meta property=\"og:type\" content=\"article\" \/>\n<meta property=\"og:title\" content=\"Promocija ljudskih prava LGBT osoba: Tuzlanski otvoreni centar i Grad Tuzla potpisali Sporazum o saradnji - TuzlaInfo.ba\" \/>\n<meta property=\"og:description\" content=\"Tuzlanski otvoreni centar (TOC) i Grad Tuzla su pro\u0161le sedmice potpisali Sporazum o saradnji. Sporazumom&hellip;\" \/>\n<meta property=\"og:url\" content=\"https:\/\/tuzlainfo.ba\/index.php\/novosti\/item\/26937-promocija-ljudskih-prava-lgbt-osoba-tuzlanski-otvoreni-centar-i-grad-tuzla-potpisali-sporazum-o-saradnji\/\" \/>\n<meta property=\"og:site_name\" content=\"TuzlaInfo.ba\" \/>\n<meta property=\"article:publisher\" content=\"https:\/\/www.facebook.com\/tuzlainfo.ba\/\" \/>\n<meta property=\"article:published_time\" content=\"2021-02-03T17:00:26+00:00\" \/>\n<meta property=\"article:modified_time\" content=\"2021-03-23T08:28:14+00:00\" \/>\n<meta property=\"og:image\" content=\"https:\/\/tuzlainfo.ba\/wp-content\/uploads\/2021\/02\/k2_items_src_b21908f69c7095f90699e01c726f286b.jpg\" \/>\n\t<meta property=\"og:image:width\" content=\"770\" \/>\n\t<meta property=\"og:image:height\" content=\"385\" \/>\n\t<meta property=\"og:image:type\" content=\"image\/jpeg\" \/>\n<meta name=\"author\" content=\"admin2\" \/>\n<meta name=\"twitter:card\" content=\"summary_large_image\" \/>\n<meta name=\"twitter:label1\" content=\"Written by\" \/>\n\t<meta name=\"twitter:data1\" content=\"admin2\" \/>\n\t<meta name=\"twitter:label2\" content=\"Est. reading time\" \/>\n\t<meta name=\"twitter:data2\" content=\"1 minuta\" \/>\n<script type=\"application\/ld+json\" class=\"yoast-schema-graph\">{\"@context\":\"https:\/\/schema.org\",\"@graph\":[{\"@type\":\"Article\",\"@id\":\"https:\/\/tuzlainfo.ba\/index.php\/novosti\/item\/26937-promocija-ljudskih-prava-lgbt-osoba-tuzlanski-otvoreni-centar-i-grad-tuzla-potpisali-sporazum-o-saradnji\/#article\",\"isPartOf\":{\"@id\":\"https:\/\/tuzlainfo.ba\/index.php\/novosti\/item\/26937-promocija-ljudskih-prava-lgbt-osoba-tuzlanski-otvoreni-centar-i-grad-tuzla-potpisali-sporazum-o-saradnji\/\"},\"author\":{\"name\":\"admin2\",\"@id\":\"https:\/\/tuzlainfo.ba\/#\/schema\/person\/f4ebe4fff27e68efb65fa7e18f8af372\"},\"headline\":\"Promocija ljudskih prava LGBT osoba: Tuzlanski otvoreni centar i Grad Tuzla potpisali Sporazum o saradnji\",\"datePublished\":\"2021-02-03T17:00:26+00:00\",\"dateModified\":\"2021-03-23T08:28:14+00:00\",\"mainEntityOfPage\":{\"@id\":\"https:\/\/tuzlainfo.ba\/index.php\/novosti\/item\/26937-promocija-ljudskih-prava-lgbt-osoba-tuzlanski-otvoreni-centar-i-grad-tuzla-potpisali-sporazum-o-saradnji\/\"},\"wordCount\":181,\"commentCount\":0,\"publisher\":{\"@id\":\"https:\/\/tuzlainfo.ba\/#organization\"},\"image\":{\"@id\":\"https:\/\/tuzlainfo.ba\/index.php\/novosti\/item\/26937-promocija-ljudskih-prava-lgbt-osoba-tuzlanski-otvoreni-centar-i-grad-tuzla-potpisali-sporazum-o-saradnji\/#primaryimage\"},\"thumbnailUrl\":\"https:\/\/tuzlainfo.ba\/wp-content\/uploads\/2021\/02\/k2_items_src_b21908f69c7095f90699e01c726f286b.jpg\",\"articleSection\":[\"Novosti\"],\"inLanguage\":\"bs-BA\"},{\"@type\":\"WebPage\",\"@id\":\"https:\/\/tuzlainfo.ba\/index.php\/novosti\/item\/26937-promocija-ljudskih-prava-lgbt-osoba-tuzlanski-otvoreni-centar-i-grad-tuzla-potpisali-sporazum-o-saradnji\/\",\"url\":\"https:\/\/tuzlainfo.ba\/index.php\/novosti\/item\/26937-promocija-ljudskih-prava-lgbt-osoba-tuzlanski-otvoreni-centar-i-grad-tuzla-potpisali-sporazum-o-saradnji\/\",\"name\":\"Promocija ljudskih prava LGBT osoba: Tuzlanski otvoreni centar i Grad Tuzla potpisali Sporazum o saradnji - TuzlaInfo.ba\",\"isPartOf\":{\"@id\":\"https:\/\/tuzlainfo.ba\/#website\"},\"primaryImageOfPage\":{\"@id\":\"https:\/\/tuzlainfo.ba\/index.php\/novosti\/item\/26937-promocija-ljudskih-prava-lgbt-osoba-tuzlanski-otvoreni-centar-i-grad-tuzla-potpisali-sporazum-o-saradnji\/#primaryimage\"},\"image\":{\"@id\":\"https:\/\/tuzlainfo.ba\/index.php\/novosti\/item\/26937-promocija-ljudskih-prava-lgbt-osoba-tuzlanski-otvoreni-centar-i-grad-tuzla-potpisali-sporazum-o-saradnji\/#primaryimage\"},\"thumbnailUrl\":\"https:\/\/tuzlainfo.ba\/wp-content\/uploads\/2021\/02\/k2_items_src_b21908f69c7095f90699e01c726f286b.jpg\",\"datePublished\":\"2021-02-03T17:00:26+00:00\",\"dateModified\":\"2021-03-23T08:28:14+00:00\",\"breadcrumb\":{\"@id\":\"https:\/\/tuzlainfo.ba\/index.php\/novosti\/item\/26937-promocija-ljudskih-prava-lgbt-osoba-tuzlanski-otvoreni-centar-i-grad-tuzla-potpisali-sporazum-o-saradnji\/#breadcrumb\"},\"inLanguage\":\"bs-BA\",\"potentialAction\":[{\"@type\":\"ReadAction\",\"target\":[\"https:\/\/tuzlainfo.ba\/index.php\/novosti\/item\/26937-promocija-ljudskih-prava-lgbt-osoba-tuzlanski-otvoreni-centar-i-grad-tuzla-potpisali-sporazum-o-saradnji\/\"]}]},{\"@type\":\"ImageObject\",\"inLanguage\":\"bs-BA\",\"@id\":\"https:\/\/tuzlainfo.ba\/index.php\/novosti\/item\/26937-promocija-ljudskih-prava-lgbt-osoba-tuzlanski-otvoreni-centar-i-grad-tuzla-potpisali-sporazum-o-saradnji\/#primaryimage\",\"url\":\"https:\/\/tuzlainfo.ba\/wp-content\/uploads\/2021\/02\/k2_items_src_b21908f69c7095f90699e01c726f286b.jpg\",\"contentUrl\":\"https:\/\/tuzlainfo.ba\/wp-content\/uploads\/2021\/02\/k2_items_src_b21908f69c7095f90699e01c726f286b.jpg\",\"width\":770,\"height\":385},{\"@type\":\"BreadcrumbList\",\"@id\":\"https:\/\/tuzlainfo.ba\/index.php\/novosti\/item\/26937-promocija-ljudskih-prava-lgbt-osoba-tuzlanski-otvoreni-centar-i-grad-tuzla-potpisali-sporazum-o-saradnji\/#breadcrumb\",\"itemListElement\":[{\"@type\":\"ListItem\",\"position\":1,\"name\":\"Home\",\"item\":\"https:\/\/tuzlainfo.ba\/\"},{\"@type\":\"ListItem\",\"position\":2,\"name\":\"Promocija ljudskih prava LGBT osoba: Tuzlanski otvoreni centar i Grad Tuzla potpisali Sporazum o saradnji\"}]},{\"@type\":\"WebSite\",\"@id\":\"https:\/\/tuzlainfo.ba\/#website\",\"url\":\"https:\/\/tuzlainfo.ba\/\",\"name\":\"TuzlaInfo.ba\",\"description\":\"Tuzla info, gradski informator - Tuzla na dlanu\",\"publisher\":{\"@id\":\"https:\/\/tuzlainfo.ba\/#organization\"},\"potentialAction\":[{\"@type\":\"SearchAction\",\"target\":{\"@type\":\"EntryPoint\",\"urlTemplate\":\"https:\/\/tuzlainfo.ba\/?s={search_term_string}\"},\"query-input\":{\"@type\":\"PropertyValueSpecification\",\"valueRequired\":true,\"valueName\":\"search_term_string\"}}],\"inLanguage\":\"bs-BA\"},{\"@type\":\"Organization\",\"@id\":\"https:\/\/tuzlainfo.ba\/#organization\",\"name\":\"TuzlaInfo.ba\",\"url\":\"https:\/\/tuzlainfo.ba\/\",\"logo\":{\"@type\":\"ImageObject\",\"inLanguage\":\"bs-BA\",\"@id\":\"https:\/\/tuzlainfo.ba\/#\/schema\/logo\/image\/\",\"url\":\"https:\/\/tuzlainfo.ba\/wp-content\/uploads\/2021\/03\/logo-ver-3-1.png\",\"contentUrl\":\"https:\/\/tuzlainfo.ba\/wp-content\/uploads\/2021\/03\/logo-ver-3-1.png\",\"width\":350,\"height\":95,\"caption\":\"TuzlaInfo.ba\"},\"image\":{\"@id\":\"https:\/\/tuzlainfo.ba\/#\/schema\/logo\/image\/\"},\"sameAs\":[\"https:\/\/www.facebook.com\/tuzlainfo.ba\/\"]},{\"@type\":\"Person\",\"@id\":\"https:\/\/tuzlainfo.ba\/#\/schema\/person\/f4ebe4fff27e68efb65fa7e18f8af372\",\"name\":\"admin2\",\"image\":{\"@type\":\"ImageObject\",\"inLanguage\":\"bs-BA\",\"@id\":\"https:\/\/tuzlainfo.ba\/#\/schema\/person\/image\/\",\"url\":\"https:\/\/tuzlainfo.ba\/wp-content\/litespeed\/avatar\/8219eeb9a43cff2d096e773737736f62.jpg?ver=1777309398\",\"contentUrl\":\"https:\/\/tuzlainfo.ba\/wp-content\/litespeed\/avatar\/8219eeb9a43cff2d096e773737736f62.jpg?ver=1777309398\",\"caption\":\"admin2\"},\"description\":\"Tuzlainfo.ba pratite na dru\u0161tvenim mre\u017eama: Facebook, Instagram i Youtube. Svoje pri\u010de, upite i fotografije \u0161aljite na na\u0161u e-mail adresu.\",\"sameAs\":[\"admin\"]}]}<\/script>\n<!-- \/ Yoast SEO plugin. -->","yoast_head_json":{"title":"Promocija ljudskih prava LGBT osoba: Tuzlanski otvoreni centar i Grad Tuzla potpisali Sporazum o saradnji - TuzlaInfo.ba","robots":{"index":"index","follow":"follow","max-snippet":"max-snippet:-1","max-image-preview":"max-image-preview:large","max-video-preview":"max-video-preview:-1"},"canonical":"https:\/\/tuzlainfo.ba\/index.php\/novosti\/item\/26937-promocija-ljudskih-prava-lgbt-osoba-tuzlanski-otvoreni-centar-i-grad-tuzla-potpisali-sporazum-o-saradnji\/","og_locale":"bs_BA","og_type":"article","og_title":"Promocija ljudskih prava LGBT osoba: Tuzlanski otvoreni centar i Grad Tuzla potpisali Sporazum o saradnji - TuzlaInfo.ba","og_description":"Tuzlanski otvoreni centar (TOC) i Grad Tuzla su pro\u0161le sedmice potpisali Sporazum o saradnji. Sporazumom&hellip;","og_url":"https:\/\/tuzlainfo.ba\/index.php\/novosti\/item\/26937-promocija-ljudskih-prava-lgbt-osoba-tuzlanski-otvoreni-centar-i-grad-tuzla-potpisali-sporazum-o-saradnji\/","og_site_name":"TuzlaInfo.ba","article_publisher":"https:\/\/www.facebook.com\/tuzlainfo.ba\/","article_published_time":"2021-02-03T17:00:26+00:00","article_modified_time":"2021-03-23T08:28:14+00:00","og_image":[{"width":770,"height":385,"url":"https:\/\/tuzlainfo.ba\/wp-content\/uploads\/2021\/02\/k2_items_src_b21908f69c7095f90699e01c726f286b.jpg","type":"image\/jpeg"}],"author":"admin2","twitter_card":"summary_large_image","twitter_misc":{"Written by":"admin2","Est. reading time":"1 minuta"},"schema":{"@context":"https:\/\/schema.org","@graph":[{"@type":"Article","@id":"https:\/\/tuzlainfo.ba\/index.php\/novosti\/item\/26937-promocija-ljudskih-prava-lgbt-osoba-tuzlanski-otvoreni-centar-i-grad-tuzla-potpisali-sporazum-o-saradnji\/#article","isPartOf":{"@id":"https:\/\/tuzlainfo.ba\/index.php\/novosti\/item\/26937-promocija-ljudskih-prava-lgbt-osoba-tuzlanski-otvoreni-centar-i-grad-tuzla-potpisali-sporazum-o-saradnji\/"},"author":{"name":"admin2","@id":"https:\/\/tuzlainfo.ba\/#\/schema\/person\/f4ebe4fff27e68efb65fa7e18f8af372"},"headline":"Promocija ljudskih prava LGBT osoba: Tuzlanski otvoreni centar i Grad Tuzla potpisali Sporazum o saradnji","datePublished":"2021-02-03T17:00:26+00:00","dateModified":"2021-03-23T08:28:14+00:00","mainEntityOfPage":{"@id":"https:\/\/tuzlainfo.ba\/index.php\/novosti\/item\/26937-promocija-ljudskih-prava-lgbt-osoba-tuzlanski-otvoreni-centar-i-grad-tuzla-potpisali-sporazum-o-saradnji\/"},"wordCount":181,"commentCount":0,"publisher":{"@id":"https:\/\/tuzlainfo.ba\/#organization"},"image":{"@id":"https:\/\/tuzlainfo.ba\/index.php\/novosti\/item\/26937-promocija-ljudskih-prava-lgbt-osoba-tuzlanski-otvoreni-centar-i-grad-tuzla-potpisali-sporazum-o-saradnji\/#primaryimage"},"thumbnailUrl":"https:\/\/tuzlainfo.ba\/wp-content\/uploads\/2021\/02\/k2_items_src_b21908f69c7095f90699e01c726f286b.jpg","articleSection":["Novosti"],"inLanguage":"bs-BA"},{"@type":"WebPage","@id":"https:\/\/tuzlainfo.ba\/index.php\/novosti\/item\/26937-promocija-ljudskih-prava-lgbt-osoba-tuzlanski-otvoreni-centar-i-grad-tuzla-potpisali-sporazum-o-saradnji\/","url":"https:\/\/tuzlainfo.ba\/index.php\/novosti\/item\/26937-promocija-ljudskih-prava-lgbt-osoba-tuzlanski-otvoreni-centar-i-grad-tuzla-potpisali-sporazum-o-saradnji\/","name":"Promocija ljudskih prava LGBT osoba: Tuzlanski otvoreni centar i Grad Tuzla potpisali Sporazum o saradnji - TuzlaInfo.ba","isPartOf":{"@id":"https:\/\/tuzlainfo.ba\/#website"},"primaryImageOfPage":{"@id":"https:\/\/tuzlainfo.ba\/index.php\/novosti\/item\/26937-promocija-ljudskih-prava-lgbt-osoba-tuzlanski-otvoreni-centar-i-grad-tuzla-potpisali-sporazum-o-saradnji\/#primaryimage"},"image":{"@id":"https:\/\/tuzlainfo.ba\/index.php\/novosti\/item\/26937-promocija-ljudskih-prava-lgbt-osoba-tuzlanski-otvoreni-centar-i-grad-tuzla-potpisali-sporazum-o-saradnji\/#primaryimage"},"thumbnailUrl":"https:\/\/tuzlainfo.ba\/wp-content\/uploads\/2021\/02\/k2_items_src_b21908f69c7095f90699e01c726f286b.jpg","datePublished":"2021-02-03T17:00:26+00:00","dateModified":"2021-03-23T08:28:14+00:00","breadcrumb":{"@id":"https:\/\/tuzlainfo.ba\/index.php\/novosti\/item\/26937-promocija-ljudskih-prava-lgbt-osoba-tuzlanski-otvoreni-centar-i-grad-tuzla-potpisali-sporazum-o-saradnji\/#breadcrumb"},"inLanguage":"bs-BA","potentialAction":[{"@type":"ReadAction","target":["https:\/\/tuzlainfo.ba\/index.php\/novosti\/item\/26937-promocija-ljudskih-prava-lgbt-osoba-tuzlanski-otvoreni-centar-i-grad-tuzla-potpisali-sporazum-o-saradnji\/"]}]},{"@type":"ImageObject","inLanguage":"bs-BA","@id":"https:\/\/tuzlainfo.ba\/index.php\/novosti\/item\/26937-promocija-ljudskih-prava-lgbt-osoba-tuzlanski-otvoreni-centar-i-grad-tuzla-potpisali-sporazum-o-saradnji\/#primaryimage","url":"https:\/\/tuzlainfo.ba\/wp-content\/uploads\/2021\/02\/k2_items_src_b21908f69c7095f90699e01c726f286b.jpg","contentUrl":"https:\/\/tuzlainfo.ba\/wp-content\/uploads\/2021\/02\/k2_items_src_b21908f69c7095f90699e01c726f286b.jpg","width":770,"height":385},{"@type":"BreadcrumbList","@id":"https:\/\/tuzlainfo.ba\/index.php\/novosti\/item\/26937-promocija-ljudskih-prava-lgbt-osoba-tuzlanski-otvoreni-centar-i-grad-tuzla-potpisali-sporazum-o-saradnji\/#breadcrumb","itemListElement":[{"@type":"ListItem","position":1,"name":"Home","item":"https:\/\/tuzlainfo.ba\/"},{"@type":"ListItem","position":2,"name":"Promocija ljudskih prava LGBT osoba: Tuzlanski otvoreni centar i Grad Tuzla potpisali Sporazum o saradnji"}]},{"@type":"WebSite","@id":"https:\/\/tuzlainfo.ba\/#website","url":"https:\/\/tuzlainfo.ba\/","name":"TuzlaInfo.ba","description":"Tuzla info, gradski informator - Tuzla na dlanu","publisher":{"@id":"https:\/\/tuzlainfo.ba\/#organization"},"potentialAction":[{"@type":"SearchAction","target":{"@type":"EntryPoint","urlTemplate":"https:\/\/tuzlainfo.ba\/?s={search_term_string}"},"query-input":{"@type":"PropertyValueSpecification","valueRequired":true,"valueName":"search_term_string"}}],"inLanguage":"bs-BA"},{"@type":"Organization","@id":"https:\/\/tuzlainfo.ba\/#organization","name":"TuzlaInfo.ba","url":"https:\/\/tuzlainfo.ba\/","logo":{"@type":"ImageObject","inLanguage":"bs-BA","@id":"https:\/\/tuzlainfo.ba\/#\/schema\/logo\/image\/","url":"https:\/\/tuzlainfo.ba\/wp-content\/uploads\/2021\/03\/logo-ver-3-1.png","contentUrl":"https:\/\/tuzlainfo.ba\/wp-content\/uploads\/2021\/03\/logo-ver-3-1.png","width":350,"height":95,"caption":"TuzlaInfo.ba"},"image":{"@id":"https:\/\/tuzlainfo.ba\/#\/schema\/logo\/image\/"},"sameAs":["https:\/\/www.facebook.com\/tuzlainfo.ba\/"]},{"@type":"Person","@id":"https:\/\/tuzlainfo.ba\/#\/schema\/person\/f4ebe4fff27e68efb65fa7e18f8af372","name":"admin2","image":{"@type":"ImageObject","inLanguage":"bs-BA","@id":"https:\/\/tuzlainfo.ba\/#\/schema\/person\/image\/","url":"https:\/\/tuzlainfo.ba\/wp-content\/litespeed\/avatar\/8219eeb9a43cff2d096e773737736f62.jpg?ver=1777309398","contentUrl":"https:\/\/tuzlainfo.ba\/wp-content\/litespeed\/avatar\/8219eeb9a43cff2d096e773737736f62.jpg?ver=1777309398","caption":"admin2"},"description":"Tuzlainfo.ba pratite na dru\u0161tvenim mre\u017eama: Facebook, Instagram i Youtube. Svoje pri\u010de, upite i fotografije \u0161aljite na na\u0161u e-mail adresu.","sameAs":["admin"]}]}},"_links":{"self":[{"href":"https:\/\/tuzlainfo.ba\/index.php\/wp-json\/wp\/v2\/posts\/26937"}],"collection":[{"href":"https:\/\/tuzlainfo.ba\/index.php\/wp-json\/wp\/v2\/posts"}],"about":[{"href":"https:\/\/tuzlainfo.ba\/index.php\/wp-json\/wp\/v2\/types\/post"}],"author":[{"embeddable":true,"href":"https:\/\/tuzlainfo.ba\/index.php\/wp-json\/wp\/v2\/users\/3"}],"replies":[{"embeddable":true,"href":"https:\/\/tuzlainfo.ba\/index.php\/wp-json\/wp\/v2\/comments?post=26937"}],"version-history":[{"count":0,"href":"https:\/\/tuzlainfo.ba\/index.php\/wp-json\/wp\/v2\/posts\/26937\/revisions"}],"wp:featuredmedia":[{"embeddable":true,"href":"https:\/\/tuzlainfo.ba\/index.php\/wp-json\/wp\/v2\/media\/86129"}],"wp:attachment":[{"href":"https:\/\/tuzlainfo.ba\/index.php\/wp-json\/wp\/v2\/media?parent=26937"}],"wp:term":[{"taxonomy":"category","embeddable":true,"href":"https:\/\/tuzlainfo.ba\/index.php\/wp-json\/wp\/v2\/categories?post=26937"},{"taxonomy":"post_tag","embeddable":true,"href":"https:\/\/tuzlainfo.ba\/index.php\/wp-json\/wp\/v2\/tags?post=26937"}],"curies":[{"name":"wp","href":"https:\/\/api.w.org\/{rel}","templated":true}]}}