{"id":269328,"date":"2025-05-13T15:54:26","date_gmt":"2025-05-13T13:54:26","guid":{"rendered":"https:\/\/tuzlainfo.ba\/?p=269328"},"modified":"2025-05-13T15:54:26","modified_gmt":"2025-05-13T13:54:26","slug":"elzina-piric-podnijela-ostavku-na-celo-oo-pda-banovici-poznato-ko-ce-je-zamijeniti","status":"publish","type":"post","link":"https:\/\/tuzlainfo.ba\/index.php\/istaknuto\/item\/269328-elzina-piric-podnijela-ostavku-na-celo-oo-pda-banovici-poznato-ko-ce-je-zamijeniti\/","title":{"rendered":"Elzina Piri\u0107 podnijela ostavku na \u010delo OO PDA Banovi\u0107i, poznato ko \u0107e je zamijeniti"},"content":{"rendered":"<p data-start=\"0\" data-end=\"311\">Elzina Piri\u0107 podnijela je ostavku na mjesto predsjednice Op\u0107inske organizacije PDA Banovi\u0107i, \u0161to je objavila na svom Facebook profilu. Odluka je donesena na sjednici odr\u017eanoj 11. maja, a kao razlog navela je potrebu za kontinuiranim radom na programskim ciljevima PDA u trenutnim okolnostima u dr\u017eavi i kantonu.<\/p>\n<p data-start=\"313\" data-end=\"552\">Na njeno mjesto imenovan je Emir Idrizovi\u0107, dok su za potpredsjednike postavljeni Sifet Ikanovi\u0107 i Ibrahim Kuki\u0107. Piri\u0107 je izrazila uvjerenje da \u0107e novo rukovodstvo nastaviti timski rad i ostvarivati ciljeve stranke na svim nivoima vlasti.<\/p>\n<p data-start=\"554\" data-end=\"807\" data-is-last-node=\"\" data-is-only-node=\"\">U saop\u0161tenju je zahvalila saradnicima, \u010dlanovima PDA, op\u0107inskom na\u010delniku Mehmedu Hasanovi\u0107u, Upravi RMU &#8220;Banovi\u0107i&#8221; i gra\u0111anima Banovi\u0107a na podr\u0161ci, uz poruku da \u0107e PDA nastaviti djelovati u interesu gra\u0111ana u skladu s politi\u010dkom snagom koju bude imala.<\/p>\n","protected":false},"excerpt":{"rendered":"<p>Elzina Piri\u0107 podnijela je ostavku na mjesto predsjednice Op\u0107inske organizacije PDA Banovi\u0107i, \u0161to je objavila&hellip;<\/p>\n","protected":false},"author":4,"featured_media":181660,"comment_status":"closed","ping_status":"closed","sticky":false,"template":"","format":"standard","meta":{"_acf_changed":false,"footnotes":""},"categories":[304,12],"tags":[1385,12195],"acf":[],"yoast_head":"<!-- This site is optimized with the Yoast SEO plugin v23.5 - https:\/\/yoast.com\/wordpress\/plugins\/seo\/ -->\n<title>Elzina Piri\u0107 podnijela ostavku na \u010delo OO PDA Banovi\u0107i, poznato ko \u0107e je zamijeniti - TuzlaInfo.ba<\/title>\n<meta name=\"robots\" content=\"index, follow, max-snippet:-1, max-image-preview:large, max-video-preview:-1\" \/>\n<link rel=\"canonical\" href=\"https:\/\/tuzlainfo.ba\/index.php\/istaknuto\/item\/269328-elzina-piric-podnijela-ostavku-na-celo-oo-pda-banovici-poznato-ko-ce-je-zamijeniti\/\" \/>\n<meta property=\"og:locale\" content=\"bs_BA\" \/>\n<meta property=\"og:type\" content=\"article\" \/>\n<meta property=\"og:title\" content=\"Elzina Piri\u0107 podnijela ostavku na \u010delo OO PDA Banovi\u0107i, poznato ko \u0107e je zamijeniti - TuzlaInfo.ba\" \/>\n<meta property=\"og:description\" content=\"Elzina Piri\u0107 podnijela je ostavku na mjesto predsjednice Op\u0107inske organizacije PDA Banovi\u0107i, \u0161to je objavila&hellip;\" \/>\n<meta property=\"og:url\" content=\"https:\/\/tuzlainfo.ba\/index.php\/istaknuto\/item\/269328-elzina-piric-podnijela-ostavku-na-celo-oo-pda-banovici-poznato-ko-ce-je-zamijeniti\/\" \/>\n<meta property=\"og:site_name\" content=\"TuzlaInfo.ba\" \/>\n<meta property=\"article:publisher\" content=\"https:\/\/www.facebook.com\/tuzlainfo.ba\/\" \/>\n<meta property=\"article:published_time\" content=\"2025-05-13T13:54:26+00:00\" \/>\n<meta property=\"og:image\" content=\"https:\/\/tuzlainfo.ba\/wp-content\/uploads\/2022\/08\/1908_elzina_piric.jpg\" \/>\n\t<meta property=\"og:image:width\" content=\"800\" \/>\n\t<meta property=\"og:image:height\" content=\"616\" \/>\n\t<meta property=\"og:image:type\" content=\"image\/jpeg\" \/>\n<meta name=\"author\" content=\"Tuzla Info\" \/>\n<meta name=\"twitter:card\" content=\"summary_large_image\" \/>\n<meta name=\"twitter:label1\" content=\"Written by\" \/>\n\t<meta name=\"twitter:data1\" content=\"Tuzla Info\" \/>\n\t<meta name=\"twitter:label2\" content=\"Est. reading time\" \/>\n\t<meta name=\"twitter:data2\" content=\"1 minuta\" \/>\n<script type=\"application\/ld+json\" class=\"yoast-schema-graph\">{\"@context\":\"https:\/\/schema.org\",\"@graph\":[{\"@type\":\"Article\",\"@id\":\"https:\/\/tuzlainfo.ba\/index.php\/istaknuto\/item\/269328-elzina-piric-podnijela-ostavku-na-celo-oo-pda-banovici-poznato-ko-ce-je-zamijeniti\/#article\",\"isPartOf\":{\"@id\":\"https:\/\/tuzlainfo.ba\/index.php\/istaknuto\/item\/269328-elzina-piric-podnijela-ostavku-na-celo-oo-pda-banovici-poznato-ko-ce-je-zamijeniti\/\"},\"author\":{\"name\":\"Tuzla Info\",\"@id\":\"https:\/\/tuzlainfo.ba\/#\/schema\/person\/46cad4c57790cbc50781edd14870825a\"},\"headline\":\"Elzina Piri\u0107 podnijela ostavku na \u010delo OO PDA Banovi\u0107i, poznato ko \u0107e je zamijeniti\",\"datePublished\":\"2025-05-13T13:54:26+00:00\",\"dateModified\":\"2025-05-13T13:54:26+00:00\",\"mainEntityOfPage\":{\"@id\":\"https:\/\/tuzlainfo.ba\/index.php\/istaknuto\/item\/269328-elzina-piric-podnijela-ostavku-na-celo-oo-pda-banovici-poznato-ko-ce-je-zamijeniti\/\"},\"wordCount\":148,\"publisher\":{\"@id\":\"https:\/\/tuzlainfo.ba\/#organization\"},\"image\":{\"@id\":\"https:\/\/tuzlainfo.ba\/index.php\/istaknuto\/item\/269328-elzina-piric-podnijela-ostavku-na-celo-oo-pda-banovici-poznato-ko-ce-je-zamijeniti\/#primaryimage\"},\"thumbnailUrl\":\"https:\/\/tuzlainfo.ba\/wp-content\/uploads\/2022\/08\/1908_elzina_piric.jpg\",\"keywords\":[\"elzina piri\u0107\",\"oo pad banovi\u0107i\"],\"articleSection\":[\"Istaknuto\",\"Novosti\"],\"inLanguage\":\"bs-BA\"},{\"@type\":\"WebPage\",\"@id\":\"https:\/\/tuzlainfo.ba\/index.php\/istaknuto\/item\/269328-elzina-piric-podnijela-ostavku-na-celo-oo-pda-banovici-poznato-ko-ce-je-zamijeniti\/\",\"url\":\"https:\/\/tuzlainfo.ba\/index.php\/istaknuto\/item\/269328-elzina-piric-podnijela-ostavku-na-celo-oo-pda-banovici-poznato-ko-ce-je-zamijeniti\/\",\"name\":\"Elzina Piri\u0107 podnijela ostavku na \u010delo OO PDA Banovi\u0107i, poznato ko \u0107e je zamijeniti - TuzlaInfo.ba\",\"isPartOf\":{\"@id\":\"https:\/\/tuzlainfo.ba\/#website\"},\"primaryImageOfPage\":{\"@id\":\"https:\/\/tuzlainfo.ba\/index.php\/istaknuto\/item\/269328-elzina-piric-podnijela-ostavku-na-celo-oo-pda-banovici-poznato-ko-ce-je-zamijeniti\/#primaryimage\"},\"image\":{\"@id\":\"https:\/\/tuzlainfo.ba\/index.php\/istaknuto\/item\/269328-elzina-piric-podnijela-ostavku-na-celo-oo-pda-banovici-poznato-ko-ce-je-zamijeniti\/#primaryimage\"},\"thumbnailUrl\":\"https:\/\/tuzlainfo.ba\/wp-content\/uploads\/2022\/08\/1908_elzina_piric.jpg\",\"datePublished\":\"2025-05-13T13:54:26+00:00\",\"dateModified\":\"2025-05-13T13:54:26+00:00\",\"breadcrumb\":{\"@id\":\"https:\/\/tuzlainfo.ba\/index.php\/istaknuto\/item\/269328-elzina-piric-podnijela-ostavku-na-celo-oo-pda-banovici-poznato-ko-ce-je-zamijeniti\/#breadcrumb\"},\"inLanguage\":\"bs-BA\",\"potentialAction\":[{\"@type\":\"ReadAction\",\"target\":[\"https:\/\/tuzlainfo.ba\/index.php\/istaknuto\/item\/269328-elzina-piric-podnijela-ostavku-na-celo-oo-pda-banovici-poznato-ko-ce-je-zamijeniti\/\"]}]},{\"@type\":\"ImageObject\",\"inLanguage\":\"bs-BA\",\"@id\":\"https:\/\/tuzlainfo.ba\/index.php\/istaknuto\/item\/269328-elzina-piric-podnijela-ostavku-na-celo-oo-pda-banovici-poznato-ko-ce-je-zamijeniti\/#primaryimage\",\"url\":\"https:\/\/tuzlainfo.ba\/wp-content\/uploads\/2022\/08\/1908_elzina_piric.jpg\",\"contentUrl\":\"https:\/\/tuzlainfo.ba\/wp-content\/uploads\/2022\/08\/1908_elzina_piric.jpg\",\"width\":800,\"height\":616},{\"@type\":\"BreadcrumbList\",\"@id\":\"https:\/\/tuzlainfo.ba\/index.php\/istaknuto\/item\/269328-elzina-piric-podnijela-ostavku-na-celo-oo-pda-banovici-poznato-ko-ce-je-zamijeniti\/#breadcrumb\",\"itemListElement\":[{\"@type\":\"ListItem\",\"position\":1,\"name\":\"Home\",\"item\":\"https:\/\/tuzlainfo.ba\/\"},{\"@type\":\"ListItem\",\"position\":2,\"name\":\"Elzina Piri\u0107 podnijela ostavku na \u010delo OO PDA Banovi\u0107i, poznato ko \u0107e je zamijeniti\"}]},{\"@type\":\"WebSite\",\"@id\":\"https:\/\/tuzlainfo.ba\/#website\",\"url\":\"https:\/\/tuzlainfo.ba\/\",\"name\":\"TuzlaInfo.ba\",\"description\":\"Tuzla info, gradski informator - Tuzla na dlanu\",\"publisher\":{\"@id\":\"https:\/\/tuzlainfo.ba\/#organization\"},\"potentialAction\":[{\"@type\":\"SearchAction\",\"target\":{\"@type\":\"EntryPoint\",\"urlTemplate\":\"https:\/\/tuzlainfo.ba\/?s={search_term_string}\"},\"query-input\":{\"@type\":\"PropertyValueSpecification\",\"valueRequired\":true,\"valueName\":\"search_term_string\"}}],\"inLanguage\":\"bs-BA\"},{\"@type\":\"Organization\",\"@id\":\"https:\/\/tuzlainfo.ba\/#organization\",\"name\":\"TuzlaInfo.ba\",\"url\":\"https:\/\/tuzlainfo.ba\/\",\"logo\":{\"@type\":\"ImageObject\",\"inLanguage\":\"bs-BA\",\"@id\":\"https:\/\/tuzlainfo.ba\/#\/schema\/logo\/image\/\",\"url\":\"https:\/\/tuzlainfo.ba\/wp-content\/uploads\/2021\/03\/logo-ver-3-1.png\",\"contentUrl\":\"https:\/\/tuzlainfo.ba\/wp-content\/uploads\/2021\/03\/logo-ver-3-1.png\",\"width\":350,\"height\":95,\"caption\":\"TuzlaInfo.ba\"},\"image\":{\"@id\":\"https:\/\/tuzlainfo.ba\/#\/schema\/logo\/image\/\"},\"sameAs\":[\"https:\/\/www.facebook.com\/tuzlainfo.ba\/\"]},{\"@type\":\"Person\",\"@id\":\"https:\/\/tuzlainfo.ba\/#\/schema\/person\/46cad4c57790cbc50781edd14870825a\",\"name\":\"Tuzla Info\",\"image\":{\"@type\":\"ImageObject\",\"inLanguage\":\"bs-BA\",\"@id\":\"https:\/\/tuzlainfo.ba\/#\/schema\/person\/image\/\",\"url\":\"https:\/\/tuzlainfo.ba\/wp-content\/litespeed\/avatar\/b6c453a6c38e3654f2e4416c643fc25c.jpg?ver=1777656712\",\"contentUrl\":\"https:\/\/tuzlainfo.ba\/wp-content\/litespeed\/avatar\/b6c453a6c38e3654f2e4416c643fc25c.jpg?ver=1777656712\",\"caption\":\"Tuzla Info\"}}]}<\/script>\n<!-- \/ Yoast SEO plugin. -->","yoast_head_json":{"title":"Elzina Piri\u0107 podnijela ostavku na \u010delo OO PDA Banovi\u0107i, poznato ko \u0107e je zamijeniti - TuzlaInfo.ba","robots":{"index":"index","follow":"follow","max-snippet":"max-snippet:-1","max-image-preview":"max-image-preview:large","max-video-preview":"max-video-preview:-1"},"canonical":"https:\/\/tuzlainfo.ba\/index.php\/istaknuto\/item\/269328-elzina-piric-podnijela-ostavku-na-celo-oo-pda-banovici-poznato-ko-ce-je-zamijeniti\/","og_locale":"bs_BA","og_type":"article","og_title":"Elzina Piri\u0107 podnijela ostavku na \u010delo OO PDA Banovi\u0107i, poznato ko \u0107e je zamijeniti - TuzlaInfo.ba","og_description":"Elzina Piri\u0107 podnijela je ostavku na mjesto predsjednice Op\u0107inske organizacije PDA Banovi\u0107i, \u0161to je objavila&hellip;","og_url":"https:\/\/tuzlainfo.ba\/index.php\/istaknuto\/item\/269328-elzina-piric-podnijela-ostavku-na-celo-oo-pda-banovici-poznato-ko-ce-je-zamijeniti\/","og_site_name":"TuzlaInfo.ba","article_publisher":"https:\/\/www.facebook.com\/tuzlainfo.ba\/","article_published_time":"2025-05-13T13:54:26+00:00","og_image":[{"width":800,"height":616,"url":"https:\/\/tuzlainfo.ba\/wp-content\/uploads\/2022\/08\/1908_elzina_piric.jpg","type":"image\/jpeg"}],"author":"Tuzla Info","twitter_card":"summary_large_image","twitter_misc":{"Written by":"Tuzla Info","Est. reading time":"1 minuta"},"schema":{"@context":"https:\/\/schema.org","@graph":[{"@type":"Article","@id":"https:\/\/tuzlainfo.ba\/index.php\/istaknuto\/item\/269328-elzina-piric-podnijela-ostavku-na-celo-oo-pda-banovici-poznato-ko-ce-je-zamijeniti\/#article","isPartOf":{"@id":"https:\/\/tuzlainfo.ba\/index.php\/istaknuto\/item\/269328-elzina-piric-podnijela-ostavku-na-celo-oo-pda-banovici-poznato-ko-ce-je-zamijeniti\/"},"author":{"name":"Tuzla Info","@id":"https:\/\/tuzlainfo.ba\/#\/schema\/person\/46cad4c57790cbc50781edd14870825a"},"headline":"Elzina Piri\u0107 podnijela ostavku na \u010delo OO PDA Banovi\u0107i, poznato ko \u0107e je zamijeniti","datePublished":"2025-05-13T13:54:26+00:00","dateModified":"2025-05-13T13:54:26+00:00","mainEntityOfPage":{"@id":"https:\/\/tuzlainfo.ba\/index.php\/istaknuto\/item\/269328-elzina-piric-podnijela-ostavku-na-celo-oo-pda-banovici-poznato-ko-ce-je-zamijeniti\/"},"wordCount":148,"publisher":{"@id":"https:\/\/tuzlainfo.ba\/#organization"},"image":{"@id":"https:\/\/tuzlainfo.ba\/index.php\/istaknuto\/item\/269328-elzina-piric-podnijela-ostavku-na-celo-oo-pda-banovici-poznato-ko-ce-je-zamijeniti\/#primaryimage"},"thumbnailUrl":"https:\/\/tuzlainfo.ba\/wp-content\/uploads\/2022\/08\/1908_elzina_piric.jpg","keywords":["elzina piri\u0107","oo pad banovi\u0107i"],"articleSection":["Istaknuto","Novosti"],"inLanguage":"bs-BA"},{"@type":"WebPage","@id":"https:\/\/tuzlainfo.ba\/index.php\/istaknuto\/item\/269328-elzina-piric-podnijela-ostavku-na-celo-oo-pda-banovici-poznato-ko-ce-je-zamijeniti\/","url":"https:\/\/tuzlainfo.ba\/index.php\/istaknuto\/item\/269328-elzina-piric-podnijela-ostavku-na-celo-oo-pda-banovici-poznato-ko-ce-je-zamijeniti\/","name":"Elzina Piri\u0107 podnijela ostavku na \u010delo OO PDA Banovi\u0107i, poznato ko \u0107e je zamijeniti - TuzlaInfo.ba","isPartOf":{"@id":"https:\/\/tuzlainfo.ba\/#website"},"primaryImageOfPage":{"@id":"https:\/\/tuzlainfo.ba\/index.php\/istaknuto\/item\/269328-elzina-piric-podnijela-ostavku-na-celo-oo-pda-banovici-poznato-ko-ce-je-zamijeniti\/#primaryimage"},"image":{"@id":"https:\/\/tuzlainfo.ba\/index.php\/istaknuto\/item\/269328-elzina-piric-podnijela-ostavku-na-celo-oo-pda-banovici-poznato-ko-ce-je-zamijeniti\/#primaryimage"},"thumbnailUrl":"https:\/\/tuzlainfo.ba\/wp-content\/uploads\/2022\/08\/1908_elzina_piric.jpg","datePublished":"2025-05-13T13:54:26+00:00","dateModified":"2025-05-13T13:54:26+00:00","breadcrumb":{"@id":"https:\/\/tuzlainfo.ba\/index.php\/istaknuto\/item\/269328-elzina-piric-podnijela-ostavku-na-celo-oo-pda-banovici-poznato-ko-ce-je-zamijeniti\/#breadcrumb"},"inLanguage":"bs-BA","potentialAction":[{"@type":"ReadAction","target":["https:\/\/tuzlainfo.ba\/index.php\/istaknuto\/item\/269328-elzina-piric-podnijela-ostavku-na-celo-oo-pda-banovici-poznato-ko-ce-je-zamijeniti\/"]}]},{"@type":"ImageObject","inLanguage":"bs-BA","@id":"https:\/\/tuzlainfo.ba\/index.php\/istaknuto\/item\/269328-elzina-piric-podnijela-ostavku-na-celo-oo-pda-banovici-poznato-ko-ce-je-zamijeniti\/#primaryimage","url":"https:\/\/tuzlainfo.ba\/wp-content\/uploads\/2022\/08\/1908_elzina_piric.jpg","contentUrl":"https:\/\/tuzlainfo.ba\/wp-content\/uploads\/2022\/08\/1908_elzina_piric.jpg","width":800,"height":616},{"@type":"BreadcrumbList","@id":"https:\/\/tuzlainfo.ba\/index.php\/istaknuto\/item\/269328-elzina-piric-podnijela-ostavku-na-celo-oo-pda-banovici-poznato-ko-ce-je-zamijeniti\/#breadcrumb","itemListElement":[{"@type":"ListItem","position":1,"name":"Home","item":"https:\/\/tuzlainfo.ba\/"},{"@type":"ListItem","position":2,"name":"Elzina Piri\u0107 podnijela ostavku na \u010delo OO PDA Banovi\u0107i, poznato ko \u0107e je zamijeniti"}]},{"@type":"WebSite","@id":"https:\/\/tuzlainfo.ba\/#website","url":"https:\/\/tuzlainfo.ba\/","name":"TuzlaInfo.ba","description":"Tuzla info, gradski informator - Tuzla na dlanu","publisher":{"@id":"https:\/\/tuzlainfo.ba\/#organization"},"potentialAction":[{"@type":"SearchAction","target":{"@type":"EntryPoint","urlTemplate":"https:\/\/tuzlainfo.ba\/?s={search_term_string}"},"query-input":{"@type":"PropertyValueSpecification","valueRequired":true,"valueName":"search_term_string"}}],"inLanguage":"bs-BA"},{"@type":"Organization","@id":"https:\/\/tuzlainfo.ba\/#organization","name":"TuzlaInfo.ba","url":"https:\/\/tuzlainfo.ba\/","logo":{"@type":"ImageObject","inLanguage":"bs-BA","@id":"https:\/\/tuzlainfo.ba\/#\/schema\/logo\/image\/","url":"https:\/\/tuzlainfo.ba\/wp-content\/uploads\/2021\/03\/logo-ver-3-1.png","contentUrl":"https:\/\/tuzlainfo.ba\/wp-content\/uploads\/2021\/03\/logo-ver-3-1.png","width":350,"height":95,"caption":"TuzlaInfo.ba"},"image":{"@id":"https:\/\/tuzlainfo.ba\/#\/schema\/logo\/image\/"},"sameAs":["https:\/\/www.facebook.com\/tuzlainfo.ba\/"]},{"@type":"Person","@id":"https:\/\/tuzlainfo.ba\/#\/schema\/person\/46cad4c57790cbc50781edd14870825a","name":"Tuzla Info","image":{"@type":"ImageObject","inLanguage":"bs-BA","@id":"https:\/\/tuzlainfo.ba\/#\/schema\/person\/image\/","url":"https:\/\/tuzlainfo.ba\/wp-content\/litespeed\/avatar\/b6c453a6c38e3654f2e4416c643fc25c.jpg?ver=1777656712","contentUrl":"https:\/\/tuzlainfo.ba\/wp-content\/litespeed\/avatar\/b6c453a6c38e3654f2e4416c643fc25c.jpg?ver=1777656712","caption":"Tuzla Info"}}]}},"_links":{"self":[{"href":"https:\/\/tuzlainfo.ba\/index.php\/wp-json\/wp\/v2\/posts\/269328"}],"collection":[{"href":"https:\/\/tuzlainfo.ba\/index.php\/wp-json\/wp\/v2\/posts"}],"about":[{"href":"https:\/\/tuzlainfo.ba\/index.php\/wp-json\/wp\/v2\/types\/post"}],"author":[{"embeddable":true,"href":"https:\/\/tuzlainfo.ba\/index.php\/wp-json\/wp\/v2\/users\/4"}],"replies":[{"embeddable":true,"href":"https:\/\/tuzlainfo.ba\/index.php\/wp-json\/wp\/v2\/comments?post=269328"}],"version-history":[{"count":1,"href":"https:\/\/tuzlainfo.ba\/index.php\/wp-json\/wp\/v2\/posts\/269328\/revisions"}],"predecessor-version":[{"id":269329,"href":"https:\/\/tuzlainfo.ba\/index.php\/wp-json\/wp\/v2\/posts\/269328\/revisions\/269329"}],"wp:featuredmedia":[{"embeddable":true,"href":"https:\/\/tuzlainfo.ba\/index.php\/wp-json\/wp\/v2\/media\/181660"}],"wp:attachment":[{"href":"https:\/\/tuzlainfo.ba\/index.php\/wp-json\/wp\/v2\/media?parent=269328"}],"wp:term":[{"taxonomy":"category","embeddable":true,"href":"https:\/\/tuzlainfo.ba\/index.php\/wp-json\/wp\/v2\/categories?post=269328"},{"taxonomy":"post_tag","embeddable":true,"href":"https:\/\/tuzlainfo.ba\/index.php\/wp-json\/wp\/v2\/tags?post=269328"}],"curies":[{"name":"wp","href":"https:\/\/api.w.org\/{rel}","templated":true}]}}