{"id":269305,"date":"2025-05-13T15:00:26","date_gmt":"2025-05-13T13:00:26","guid":{"rendered":"https:\/\/tuzlainfo.ba\/?p=269305"},"modified":"2025-05-13T15:15:57","modified_gmt":"2025-05-13T13:15:57","slug":"akcenat-na-novim-putevima-ta-donosi-nacrt-prostornog-plana-tk-2025-2045","status":"publish","type":"post","link":"https:\/\/tuzlainfo.ba\/index.php\/novosti\/item\/269305-akcenat-na-novim-putevima-ta-donosi-nacrt-prostornog-plana-tk-2025-2045\/","title":{"rendered":"Akcenat na novim putevima: \u0160ta donosi Nacrt Prostornog plana TK 2025\u20132045?"},"content":{"rendered":"<p>Vlada TK\u00a0 je danas utvrdila Nacrt Prostornog plana Tuzlanskog kantona za period 2025\u20132045. godine. Imaju\u0107i u vidu da se radi o dokumentu koji je u formi nacrta, predvi\u0111ena je i javna rasprava o njegovom sadr\u017eaju, tako da \u0107e on do svoje finalne verzije pretrpjeti i odre\u0111ene izmjene, dopune i promjene a u skladu sa potrebama razli\u010ditih sektora u Tuzlanskom kantonu.<\/p>\n<p>Prostorni plan ina\u010de predstavlja strate\u0161ki dokument jer odre\u0111uje pravce ure\u0111enja prostora, razvoja saobra\u0107aja, za\u0161tite okoli\u0161a, kori\u0161tenja prirodnih resursa, te unapre\u0111enja uslova \u017eivota za sve gra\u0111ane, a njime se usmjerava dugoro\u010dni prostorni, infrastrukturni i ekonomski razvoj kantona. Posmatraju\u0107i Nacrt, mo\u017ee se zaklju\u010diti da je poseban akcenat u Planu dat razvoju saobra\u0107aja i saobra\u0107ajnih komunikacija, s ciljem ja\u010danja povezanosti unutar kantona, ali i s drugim regijama u Bosni i Hercegovini i \u0161ire.<\/p>\n<p>Predvi\u0111eno je stvaranje preduslova za modernizaciju postoje\u0107ih i izgradnju novih dionica brzih cesta i magistralnih puteva, uklju\u010duju\u0107i povezivanje s koridorom Vc, kao i stvaranje uslova za izgradnju autoputa Ora\u0161je \u2013 Tuzla \u2013 \u017dep\u010de, \u0161to bi zna\u010dajno doprinijelo smanjenju saobra\u0107ajne\u00a0 izoliranosti Tuzlanskog kantona. Tako\u0111er, prepoznata je potreba za ja\u010danjem intermodalnog saobra\u0107aja, uklju\u010duju\u0107i pretovarne terminale koji bi unaprijedili efikasnost teretnog prevoza.<\/p>\n<p>U oblasti energetske infrastrukture, Nacrt Plana predvi\u0111a izgradnju novih dalekovoda i ja\u010danje postoje\u0107ih elektroenergetskih kapaciteta radi osiguranja stabilnog i pouzdanog napajanja elektri\u010dnom energijom. Posebno zna\u010dajna komponenta jeste planirana izgradnja gasovoda koji bi omogu\u0107io priklju\u010denje Tuzlanskog kantona na gasni sistem Bosne i Hercegovine, \u010dime bi se osigurala dugoro\u010dna energetska sigurnost, pove\u0107ala konkurentnost privrede i omogu\u0107io prelazak na ekolo\u0161ki prihvatljivije izvore energije. Ovim Tuzlanski kanton ve\u0107 poduzima i konkretne korake u skladu sa dogovorom koji je postignut sa Federalnim institucijama nadle\u017enim za ovu oblast. Ipak zna\u010dajnije i detaljnije planiranje zahtijeva zavr\u0161etak studijskih dokumenata za tri kantona, me\u0111u kojima i za Tuzlanski, koji su u fazi izrade.<\/p>\n<p>Pozivamo sve zainteresirane gra\u0111ane, predstavnike lokalnih zajednica, institucija, stru\u010dne i nau\u010dne zajednice da uzmu aktivno u\u010de\u0161\u0107e u javnoj raspravi i doprinesu kvaliteti kona\u010dnog dokumenta koji \u0107e oblikovati razvoj prostora Tuzlanskog kantona u narednih 20 godina. U drugoj fazi Ministarstvo prostornog ure\u0111enja i za\u0161tite okolice \u0107e, nakon javne rasprave i analize izvje\u0161taja o provedenoj javnoj raspravi, zajedno sa nosiocem izrade, pripremiti Prijedlog Prostornog plana, te ga, sa izvje\u0161tajem o provedenoj javnoj raspravi, uputiti Skup\u0161tini Kantona na usvajanje.<\/p>\n","protected":false},"excerpt":{"rendered":"<p>Vlada TK\u00a0 je danas utvrdila Nacrt Prostornog plana Tuzlanskog kantona za period 2025\u20132045. godine. Imaju\u0107i&hellip;<\/p>\n","protected":false},"author":2,"featured_media":77230,"comment_status":"closed","ping_status":"closed","sticky":false,"template":"","format":"standard","meta":{"_acf_changed":false,"footnotes":""},"categories":[304,12],"tags":[12194],"acf":[],"yoast_head":"<!-- This site is optimized with the Yoast SEO plugin v23.5 - https:\/\/yoast.com\/wordpress\/plugins\/seo\/ -->\n<title>Akcenat na novim putevima: \u0160ta donosi Nacrt Prostornog plana TK 2025\u20132045? - TuzlaInfo.ba<\/title>\n<meta name=\"robots\" content=\"index, follow, max-snippet:-1, max-image-preview:large, max-video-preview:-1\" \/>\n<link rel=\"canonical\" href=\"https:\/\/tuzlainfo.ba\/index.php\/novosti\/item\/269305-akcenat-na-novim-putevima-ta-donosi-nacrt-prostornog-plana-tk-2025-2045\/\" \/>\n<meta property=\"og:locale\" content=\"bs_BA\" \/>\n<meta property=\"og:type\" content=\"article\" \/>\n<meta property=\"og:title\" content=\"Akcenat na novim putevima: \u0160ta donosi Nacrt Prostornog plana TK 2025\u20132045? - TuzlaInfo.ba\" \/>\n<meta property=\"og:description\" content=\"Vlada TK\u00a0 je danas utvrdila Nacrt Prostornog plana Tuzlanskog kantona za period 2025\u20132045. godine. Imaju\u0107i&hellip;\" \/>\n<meta property=\"og:url\" content=\"https:\/\/tuzlainfo.ba\/index.php\/novosti\/item\/269305-akcenat-na-novim-putevima-ta-donosi-nacrt-prostornog-plana-tk-2025-2045\/\" \/>\n<meta property=\"og:site_name\" content=\"TuzlaInfo.ba\" \/>\n<meta property=\"article:publisher\" content=\"https:\/\/www.facebook.com\/tuzlainfo.ba\/\" \/>\n<meta property=\"article:published_time\" content=\"2025-05-13T13:00:26+00:00\" \/>\n<meta property=\"article:modified_time\" content=\"2025-05-13T13:15:57+00:00\" \/>\n<meta property=\"og:image\" content=\"https:\/\/tuzlainfo.ba\/wp-content\/uploads\/2020\/02\/sadrzaj_2020_20200101_0101_poslovna_zona_kreka.jpg\" \/>\n\t<meta property=\"og:image:width\" content=\"770\" \/>\n\t<meta property=\"og:image:height\" content=\"463\" \/>\n\t<meta property=\"og:image:type\" content=\"image\/jpeg\" \/>\n<meta name=\"author\" content=\"nedim\" \/>\n<meta name=\"twitter:card\" content=\"summary_large_image\" \/>\n<meta name=\"twitter:label1\" content=\"Written by\" \/>\n\t<meta name=\"twitter:data1\" content=\"nedim\" \/>\n\t<meta name=\"twitter:label2\" content=\"Est. reading time\" \/>\n\t<meta name=\"twitter:data2\" content=\"3 minute\" \/>\n<script type=\"application\/ld+json\" class=\"yoast-schema-graph\">{\"@context\":\"https:\/\/schema.org\",\"@graph\":[{\"@type\":\"Article\",\"@id\":\"https:\/\/tuzlainfo.ba\/index.php\/novosti\/item\/269305-akcenat-na-novim-putevima-ta-donosi-nacrt-prostornog-plana-tk-2025-2045\/#article\",\"isPartOf\":{\"@id\":\"https:\/\/tuzlainfo.ba\/index.php\/novosti\/item\/269305-akcenat-na-novim-putevima-ta-donosi-nacrt-prostornog-plana-tk-2025-2045\/\"},\"author\":{\"name\":\"nedim\",\"@id\":\"https:\/\/tuzlainfo.ba\/#\/schema\/person\/f434e20dc27ea133923aab08451b7f7f\"},\"headline\":\"Akcenat na novim putevima: \u0160ta donosi Nacrt Prostornog plana TK 2025\u20132045?\",\"datePublished\":\"2025-05-13T13:00:26+00:00\",\"dateModified\":\"2025-05-13T13:15:57+00:00\",\"mainEntityOfPage\":{\"@id\":\"https:\/\/tuzlainfo.ba\/index.php\/novosti\/item\/269305-akcenat-na-novim-putevima-ta-donosi-nacrt-prostornog-plana-tk-2025-2045\/\"},\"wordCount\":436,\"publisher\":{\"@id\":\"https:\/\/tuzlainfo.ba\/#organization\"},\"image\":{\"@id\":\"https:\/\/tuzlainfo.ba\/index.php\/novosti\/item\/269305-akcenat-na-novim-putevima-ta-donosi-nacrt-prostornog-plana-tk-2025-2045\/#primaryimage\"},\"thumbnailUrl\":\"https:\/\/tuzlainfo.ba\/wp-content\/uploads\/2020\/02\/sadrzaj_2020_20200101_0101_poslovna_zona_kreka.jpg\",\"keywords\":[\"prostorni plan tk\"],\"articleSection\":[\"Istaknuto\",\"Novosti\"],\"inLanguage\":\"bs-BA\"},{\"@type\":\"WebPage\",\"@id\":\"https:\/\/tuzlainfo.ba\/index.php\/novosti\/item\/269305-akcenat-na-novim-putevima-ta-donosi-nacrt-prostornog-plana-tk-2025-2045\/\",\"url\":\"https:\/\/tuzlainfo.ba\/index.php\/novosti\/item\/269305-akcenat-na-novim-putevima-ta-donosi-nacrt-prostornog-plana-tk-2025-2045\/\",\"name\":\"Akcenat na novim putevima: \u0160ta donosi Nacrt Prostornog plana TK 2025\u20132045? - TuzlaInfo.ba\",\"isPartOf\":{\"@id\":\"https:\/\/tuzlainfo.ba\/#website\"},\"primaryImageOfPage\":{\"@id\":\"https:\/\/tuzlainfo.ba\/index.php\/novosti\/item\/269305-akcenat-na-novim-putevima-ta-donosi-nacrt-prostornog-plana-tk-2025-2045\/#primaryimage\"},\"image\":{\"@id\":\"https:\/\/tuzlainfo.ba\/index.php\/novosti\/item\/269305-akcenat-na-novim-putevima-ta-donosi-nacrt-prostornog-plana-tk-2025-2045\/#primaryimage\"},\"thumbnailUrl\":\"https:\/\/tuzlainfo.ba\/wp-content\/uploads\/2020\/02\/sadrzaj_2020_20200101_0101_poslovna_zona_kreka.jpg\",\"datePublished\":\"2025-05-13T13:00:26+00:00\",\"dateModified\":\"2025-05-13T13:15:57+00:00\",\"breadcrumb\":{\"@id\":\"https:\/\/tuzlainfo.ba\/index.php\/novosti\/item\/269305-akcenat-na-novim-putevima-ta-donosi-nacrt-prostornog-plana-tk-2025-2045\/#breadcrumb\"},\"inLanguage\":\"bs-BA\",\"potentialAction\":[{\"@type\":\"ReadAction\",\"target\":[\"https:\/\/tuzlainfo.ba\/index.php\/novosti\/item\/269305-akcenat-na-novim-putevima-ta-donosi-nacrt-prostornog-plana-tk-2025-2045\/\"]}]},{\"@type\":\"ImageObject\",\"inLanguage\":\"bs-BA\",\"@id\":\"https:\/\/tuzlainfo.ba\/index.php\/novosti\/item\/269305-akcenat-na-novim-putevima-ta-donosi-nacrt-prostornog-plana-tk-2025-2045\/#primaryimage\",\"url\":\"https:\/\/tuzlainfo.ba\/wp-content\/uploads\/2020\/02\/sadrzaj_2020_20200101_0101_poslovna_zona_kreka.jpg\",\"contentUrl\":\"https:\/\/tuzlainfo.ba\/wp-content\/uploads\/2020\/02\/sadrzaj_2020_20200101_0101_poslovna_zona_kreka.jpg\",\"width\":770,\"height\":463,\"caption\":\"Poslovna zona Kreka Sjever \/ Arhiv\"},{\"@type\":\"BreadcrumbList\",\"@id\":\"https:\/\/tuzlainfo.ba\/index.php\/novosti\/item\/269305-akcenat-na-novim-putevima-ta-donosi-nacrt-prostornog-plana-tk-2025-2045\/#breadcrumb\",\"itemListElement\":[{\"@type\":\"ListItem\",\"position\":1,\"name\":\"Home\",\"item\":\"https:\/\/tuzlainfo.ba\/\"},{\"@type\":\"ListItem\",\"position\":2,\"name\":\"Akcenat na novim putevima: \u0160ta donosi Nacrt Prostornog plana TK 2025\u20132045?\"}]},{\"@type\":\"WebSite\",\"@id\":\"https:\/\/tuzlainfo.ba\/#website\",\"url\":\"https:\/\/tuzlainfo.ba\/\",\"name\":\"TuzlaInfo.ba\",\"description\":\"Tuzla info, gradski informator - Tuzla na dlanu\",\"publisher\":{\"@id\":\"https:\/\/tuzlainfo.ba\/#organization\"},\"potentialAction\":[{\"@type\":\"SearchAction\",\"target\":{\"@type\":\"EntryPoint\",\"urlTemplate\":\"https:\/\/tuzlainfo.ba\/?s={search_term_string}\"},\"query-input\":{\"@type\":\"PropertyValueSpecification\",\"valueRequired\":true,\"valueName\":\"search_term_string\"}}],\"inLanguage\":\"bs-BA\"},{\"@type\":\"Organization\",\"@id\":\"https:\/\/tuzlainfo.ba\/#organization\",\"name\":\"TuzlaInfo.ba\",\"url\":\"https:\/\/tuzlainfo.ba\/\",\"logo\":{\"@type\":\"ImageObject\",\"inLanguage\":\"bs-BA\",\"@id\":\"https:\/\/tuzlainfo.ba\/#\/schema\/logo\/image\/\",\"url\":\"https:\/\/tuzlainfo.ba\/wp-content\/uploads\/2021\/03\/logo-ver-3-1.png\",\"contentUrl\":\"https:\/\/tuzlainfo.ba\/wp-content\/uploads\/2021\/03\/logo-ver-3-1.png\",\"width\":350,\"height\":95,\"caption\":\"TuzlaInfo.ba\"},\"image\":{\"@id\":\"https:\/\/tuzlainfo.ba\/#\/schema\/logo\/image\/\"},\"sameAs\":[\"https:\/\/www.facebook.com\/tuzlainfo.ba\/\"]},{\"@type\":\"Person\",\"@id\":\"https:\/\/tuzlainfo.ba\/#\/schema\/person\/f434e20dc27ea133923aab08451b7f7f\",\"name\":\"nedim\",\"image\":{\"@type\":\"ImageObject\",\"inLanguage\":\"bs-BA\",\"@id\":\"https:\/\/tuzlainfo.ba\/#\/schema\/person\/image\/\",\"url\":\"https:\/\/tuzlainfo.ba\/wp-content\/litespeed\/avatar\/aabad687af24844af817603ac1cbdc4f.jpg?ver=1777306975\",\"contentUrl\":\"https:\/\/tuzlainfo.ba\/wp-content\/litespeed\/avatar\/aabad687af24844af817603ac1cbdc4f.jpg?ver=1777306975\",\"caption\":\"nedim\"},\"description\":\"Tuzlainfo.ba pratite na dru\u0161tvenim mre\u017eama: Facebook, Instagram i Youtube. Svoje pri\u010de, upite i fotografije \u0161aljite na na\u0161u e-mail adresu.\"}]}<\/script>\n<!-- \/ Yoast SEO plugin. -->","yoast_head_json":{"title":"Akcenat na novim putevima: \u0160ta donosi Nacrt Prostornog plana TK 2025\u20132045? - TuzlaInfo.ba","robots":{"index":"index","follow":"follow","max-snippet":"max-snippet:-1","max-image-preview":"max-image-preview:large","max-video-preview":"max-video-preview:-1"},"canonical":"https:\/\/tuzlainfo.ba\/index.php\/novosti\/item\/269305-akcenat-na-novim-putevima-ta-donosi-nacrt-prostornog-plana-tk-2025-2045\/","og_locale":"bs_BA","og_type":"article","og_title":"Akcenat na novim putevima: \u0160ta donosi Nacrt Prostornog plana TK 2025\u20132045? - TuzlaInfo.ba","og_description":"Vlada TK\u00a0 je danas utvrdila Nacrt Prostornog plana Tuzlanskog kantona za period 2025\u20132045. godine. Imaju\u0107i&hellip;","og_url":"https:\/\/tuzlainfo.ba\/index.php\/novosti\/item\/269305-akcenat-na-novim-putevima-ta-donosi-nacrt-prostornog-plana-tk-2025-2045\/","og_site_name":"TuzlaInfo.ba","article_publisher":"https:\/\/www.facebook.com\/tuzlainfo.ba\/","article_published_time":"2025-05-13T13:00:26+00:00","article_modified_time":"2025-05-13T13:15:57+00:00","og_image":[{"width":770,"height":463,"url":"https:\/\/tuzlainfo.ba\/wp-content\/uploads\/2020\/02\/sadrzaj_2020_20200101_0101_poslovna_zona_kreka.jpg","type":"image\/jpeg"}],"author":"nedim","twitter_card":"summary_large_image","twitter_misc":{"Written by":"nedim","Est. reading time":"3 minute"},"schema":{"@context":"https:\/\/schema.org","@graph":[{"@type":"Article","@id":"https:\/\/tuzlainfo.ba\/index.php\/novosti\/item\/269305-akcenat-na-novim-putevima-ta-donosi-nacrt-prostornog-plana-tk-2025-2045\/#article","isPartOf":{"@id":"https:\/\/tuzlainfo.ba\/index.php\/novosti\/item\/269305-akcenat-na-novim-putevima-ta-donosi-nacrt-prostornog-plana-tk-2025-2045\/"},"author":{"name":"nedim","@id":"https:\/\/tuzlainfo.ba\/#\/schema\/person\/f434e20dc27ea133923aab08451b7f7f"},"headline":"Akcenat na novim putevima: \u0160ta donosi Nacrt Prostornog plana TK 2025\u20132045?","datePublished":"2025-05-13T13:00:26+00:00","dateModified":"2025-05-13T13:15:57+00:00","mainEntityOfPage":{"@id":"https:\/\/tuzlainfo.ba\/index.php\/novosti\/item\/269305-akcenat-na-novim-putevima-ta-donosi-nacrt-prostornog-plana-tk-2025-2045\/"},"wordCount":436,"publisher":{"@id":"https:\/\/tuzlainfo.ba\/#organization"},"image":{"@id":"https:\/\/tuzlainfo.ba\/index.php\/novosti\/item\/269305-akcenat-na-novim-putevima-ta-donosi-nacrt-prostornog-plana-tk-2025-2045\/#primaryimage"},"thumbnailUrl":"https:\/\/tuzlainfo.ba\/wp-content\/uploads\/2020\/02\/sadrzaj_2020_20200101_0101_poslovna_zona_kreka.jpg","keywords":["prostorni plan tk"],"articleSection":["Istaknuto","Novosti"],"inLanguage":"bs-BA"},{"@type":"WebPage","@id":"https:\/\/tuzlainfo.ba\/index.php\/novosti\/item\/269305-akcenat-na-novim-putevima-ta-donosi-nacrt-prostornog-plana-tk-2025-2045\/","url":"https:\/\/tuzlainfo.ba\/index.php\/novosti\/item\/269305-akcenat-na-novim-putevima-ta-donosi-nacrt-prostornog-plana-tk-2025-2045\/","name":"Akcenat na novim putevima: \u0160ta donosi Nacrt Prostornog plana TK 2025\u20132045? - TuzlaInfo.ba","isPartOf":{"@id":"https:\/\/tuzlainfo.ba\/#website"},"primaryImageOfPage":{"@id":"https:\/\/tuzlainfo.ba\/index.php\/novosti\/item\/269305-akcenat-na-novim-putevima-ta-donosi-nacrt-prostornog-plana-tk-2025-2045\/#primaryimage"},"image":{"@id":"https:\/\/tuzlainfo.ba\/index.php\/novosti\/item\/269305-akcenat-na-novim-putevima-ta-donosi-nacrt-prostornog-plana-tk-2025-2045\/#primaryimage"},"thumbnailUrl":"https:\/\/tuzlainfo.ba\/wp-content\/uploads\/2020\/02\/sadrzaj_2020_20200101_0101_poslovna_zona_kreka.jpg","datePublished":"2025-05-13T13:00:26+00:00","dateModified":"2025-05-13T13:15:57+00:00","breadcrumb":{"@id":"https:\/\/tuzlainfo.ba\/index.php\/novosti\/item\/269305-akcenat-na-novim-putevima-ta-donosi-nacrt-prostornog-plana-tk-2025-2045\/#breadcrumb"},"inLanguage":"bs-BA","potentialAction":[{"@type":"ReadAction","target":["https:\/\/tuzlainfo.ba\/index.php\/novosti\/item\/269305-akcenat-na-novim-putevima-ta-donosi-nacrt-prostornog-plana-tk-2025-2045\/"]}]},{"@type":"ImageObject","inLanguage":"bs-BA","@id":"https:\/\/tuzlainfo.ba\/index.php\/novosti\/item\/269305-akcenat-na-novim-putevima-ta-donosi-nacrt-prostornog-plana-tk-2025-2045\/#primaryimage","url":"https:\/\/tuzlainfo.ba\/wp-content\/uploads\/2020\/02\/sadrzaj_2020_20200101_0101_poslovna_zona_kreka.jpg","contentUrl":"https:\/\/tuzlainfo.ba\/wp-content\/uploads\/2020\/02\/sadrzaj_2020_20200101_0101_poslovna_zona_kreka.jpg","width":770,"height":463,"caption":"Poslovna zona Kreka Sjever \/ Arhiv"},{"@type":"BreadcrumbList","@id":"https:\/\/tuzlainfo.ba\/index.php\/novosti\/item\/269305-akcenat-na-novim-putevima-ta-donosi-nacrt-prostornog-plana-tk-2025-2045\/#breadcrumb","itemListElement":[{"@type":"ListItem","position":1,"name":"Home","item":"https:\/\/tuzlainfo.ba\/"},{"@type":"ListItem","position":2,"name":"Akcenat na novim putevima: \u0160ta donosi Nacrt Prostornog plana TK 2025\u20132045?"}]},{"@type":"WebSite","@id":"https:\/\/tuzlainfo.ba\/#website","url":"https:\/\/tuzlainfo.ba\/","name":"TuzlaInfo.ba","description":"Tuzla info, gradski informator - Tuzla na dlanu","publisher":{"@id":"https:\/\/tuzlainfo.ba\/#organization"},"potentialAction":[{"@type":"SearchAction","target":{"@type":"EntryPoint","urlTemplate":"https:\/\/tuzlainfo.ba\/?s={search_term_string}"},"query-input":{"@type":"PropertyValueSpecification","valueRequired":true,"valueName":"search_term_string"}}],"inLanguage":"bs-BA"},{"@type":"Organization","@id":"https:\/\/tuzlainfo.ba\/#organization","name":"TuzlaInfo.ba","url":"https:\/\/tuzlainfo.ba\/","logo":{"@type":"ImageObject","inLanguage":"bs-BA","@id":"https:\/\/tuzlainfo.ba\/#\/schema\/logo\/image\/","url":"https:\/\/tuzlainfo.ba\/wp-content\/uploads\/2021\/03\/logo-ver-3-1.png","contentUrl":"https:\/\/tuzlainfo.ba\/wp-content\/uploads\/2021\/03\/logo-ver-3-1.png","width":350,"height":95,"caption":"TuzlaInfo.ba"},"image":{"@id":"https:\/\/tuzlainfo.ba\/#\/schema\/logo\/image\/"},"sameAs":["https:\/\/www.facebook.com\/tuzlainfo.ba\/"]},{"@type":"Person","@id":"https:\/\/tuzlainfo.ba\/#\/schema\/person\/f434e20dc27ea133923aab08451b7f7f","name":"nedim","image":{"@type":"ImageObject","inLanguage":"bs-BA","@id":"https:\/\/tuzlainfo.ba\/#\/schema\/person\/image\/","url":"https:\/\/tuzlainfo.ba\/wp-content\/litespeed\/avatar\/aabad687af24844af817603ac1cbdc4f.jpg?ver=1777306975","contentUrl":"https:\/\/tuzlainfo.ba\/wp-content\/litespeed\/avatar\/aabad687af24844af817603ac1cbdc4f.jpg?ver=1777306975","caption":"nedim"},"description":"Tuzlainfo.ba pratite na dru\u0161tvenim mre\u017eama: Facebook, Instagram i Youtube. Svoje pri\u010de, upite i fotografije \u0161aljite na na\u0161u e-mail adresu."}]}},"_links":{"self":[{"href":"https:\/\/tuzlainfo.ba\/index.php\/wp-json\/wp\/v2\/posts\/269305"}],"collection":[{"href":"https:\/\/tuzlainfo.ba\/index.php\/wp-json\/wp\/v2\/posts"}],"about":[{"href":"https:\/\/tuzlainfo.ba\/index.php\/wp-json\/wp\/v2\/types\/post"}],"author":[{"embeddable":true,"href":"https:\/\/tuzlainfo.ba\/index.php\/wp-json\/wp\/v2\/users\/2"}],"replies":[{"embeddable":true,"href":"https:\/\/tuzlainfo.ba\/index.php\/wp-json\/wp\/v2\/comments?post=269305"}],"version-history":[{"count":2,"href":"https:\/\/tuzlainfo.ba\/index.php\/wp-json\/wp\/v2\/posts\/269305\/revisions"}],"predecessor-version":[{"id":269321,"href":"https:\/\/tuzlainfo.ba\/index.php\/wp-json\/wp\/v2\/posts\/269305\/revisions\/269321"}],"wp:featuredmedia":[{"embeddable":true,"href":"https:\/\/tuzlainfo.ba\/index.php\/wp-json\/wp\/v2\/media\/77230"}],"wp:attachment":[{"href":"https:\/\/tuzlainfo.ba\/index.php\/wp-json\/wp\/v2\/media?parent=269305"}],"wp:term":[{"taxonomy":"category","embeddable":true,"href":"https:\/\/tuzlainfo.ba\/index.php\/wp-json\/wp\/v2\/categories?post=269305"},{"taxonomy":"post_tag","embeddable":true,"href":"https:\/\/tuzlainfo.ba\/index.php\/wp-json\/wp\/v2\/tags?post=269305"}],"curies":[{"name":"wp","href":"https:\/\/api.w.org\/{rel}","templated":true}]}}