{"id":269211,"date":"2025-05-12T22:00:58","date_gmt":"2025-05-12T20:00:58","guid":{"rendered":"https:\/\/tuzlainfo.ba\/?p=269211"},"modified":"2025-05-12T15:29:11","modified_gmt":"2025-05-12T13:29:11","slug":"tk-u-vrhu-po-naplati-javnih-prihoda-vise-od-pola-milijarde-km-za-cetiri-mjeseca","status":"publish","type":"post","link":"https:\/\/tuzlainfo.ba\/index.php\/istaknuto\/item\/269211-tk-u-vrhu-po-naplati-javnih-prihoda-vise-od-pola-milijarde-km-za-cetiri-mjeseca\/","title":{"rendered":"TK u vrhu po naplati javnih prihoda: Vi\u0161e od pola milijarde KM za \u010detiri mjeseca"},"content":{"rendered":"<p data-pm-slice=\"1 1 []\">Porezna uprava Federacije BiH saop\u0107ila je da su porezni obveznici u periodu januar \u2013 april 2025. godine uplatili ukupno <strong>3.006.820.324 KM<\/strong> javnih prihoda, \u0161to je za <strong>348.333.005 KM<\/strong> (odnosno <strong>13,10%<\/strong>) vi\u0161e u odnosu na isti period 2024. godine.<\/p>\n<h3>Prikaz uplata po kantonima:<\/h3>\n<table>\n<tbody>\n<tr>\n<th>Kantoni<\/th>\n<th>Jan-Apr 2024<\/th>\n<th>Jan-Apr 2025<\/th>\n<th>Indeks (%)<\/th>\n<th>Razlika (KM)<\/th>\n<th>U\u010des\u0107e (%)<\/th>\n<\/tr>\n<tr>\n<td>Sarajevski<\/td>\n<td>985.373.595<\/td>\n<td>1.113.732.075<\/td>\n<td>113,03<\/td>\n<td>128.358.480<\/td>\n<td>37,04<\/td>\n<\/tr>\n<tr>\n<td>Tuzlanski<\/td>\n<td>450.148.731<\/td>\n<td>511.706.364<\/td>\n<td>113,67<\/td>\n<td>61.557.633<\/td>\n<td>17,02<\/td>\n<\/tr>\n<tr>\n<td>Zeni\u010dko-dobojski<\/td>\n<td>334.823.452<\/td>\n<td>375.809.881<\/td>\n<td>112,24<\/td>\n<td>40.986.429<\/td>\n<td>12,50<\/td>\n<\/tr>\n<tr>\n<td>Hercegova\u010dko-neretvanski<\/td>\n<td>315.192.169<\/td>\n<td>339.127.177<\/td>\n<td>107,59<\/td>\n<td>23.935.008<\/td>\n<td>11,28<\/td>\n<\/tr>\n<tr>\n<td>Srednjobosanski<\/td>\n<td>197.428.841<\/td>\n<td>231.255.448<\/td>\n<td>117,13<\/td>\n<td>33.826.607<\/td>\n<td>7,69<\/td>\n<\/tr>\n<tr>\n<td>Unsko-sanski<\/td>\n<td>153.306.638<\/td>\n<td>181.518.300<\/td>\n<td>118,40<\/td>\n<td>28.211.662<\/td>\n<td>6,04<\/td>\n<\/tr>\n<tr>\n<td>Zapadnohercegova\u010dki<\/td>\n<td>112.911.227<\/td>\n<td>128.466.799<\/td>\n<td>113,78<\/td>\n<td>15.555.572<\/td>\n<td>4,27<\/td>\n<\/tr>\n<tr>\n<td>Kanton 10<\/td>\n<td>51.645.565<\/td>\n<td>58.641.753<\/td>\n<td>113,55<\/td>\n<td>6.996.188<\/td>\n<td>1,95<\/td>\n<\/tr>\n<tr>\n<td>Bosansko-podrinjski<\/td>\n<td>29.530.819<\/td>\n<td>35.019.895<\/td>\n<td>118,59<\/td>\n<td>5.489.076<\/td>\n<td>1,16<\/td>\n<\/tr>\n<tr>\n<td>Posavski<\/td>\n<td>28.126.283<\/td>\n<td>31.542.632<\/td>\n<td>112,15<\/td>\n<td>3.416.349<\/td>\n<td>1,05<\/td>\n<\/tr>\n<tr>\n<td><strong>UKUPNO<\/strong><\/td>\n<td><strong>2.658.487.319<\/strong><\/td>\n<td><strong>3.006.820.324<\/strong><\/td>\n<td><strong>113,10<\/strong><\/td>\n<td><strong>348.333.005<\/strong><\/td>\n<td><strong>100,00<\/strong><\/td>\n<\/tr>\n<\/tbody>\n<\/table>\n<h3>Struktura javnih prihoda (jan-apr 2025):<\/h3>\n<p>Porez na dohodak: <strong>311.731.697 KM<\/strong><\/p>\n<p>Porez na dobit: <strong>291.271.858 KM<\/strong><\/p>\n<p>Porez na imovinu, naslje\u0111e i poklon: <strong>25.809.427 KM<\/strong><\/p>\n<p>Porez na promet nepokretnosti i prava: <strong>32.160.926 KM<\/strong><\/p>\n<p>Ostali zaostali porezi: <strong>143.510 KM<\/strong><\/p>\n<p>Takse i naknade: <strong>262.950.046 KM<\/strong><\/p>\n<p>Nov\u010dane kazne: <strong>26.989.986 KM<\/strong><\/p>\n<p>\u010clanarine: <strong>6.455.712 KM<\/strong><\/p>\n<p>Ostali javni prihodi: <strong>1.073.375 KM<\/strong><\/p>\n<h3>Doprinosi (ukupno: 2.047.916.219 KM):<\/h3>\n<p>PIO\/MIO: <strong>1.142.788.062 KM<\/strong><\/p>\n<p>Zdravstveno osiguranje: <strong>810.531.919 KM<\/strong><\/p>\n<p>Osiguranje za nezaposlenost: <strong>94.596.238 KM<\/strong><\/p>\n<h3>Inspekcijski nadzori (jan-apr 2025):<\/h3>\n<p>Izvr\u0161eno: <strong>3.183 nadzora<\/strong> (2024: 1.339)<\/p>\n<p>Otkriveni objekti bez odobrenja: <strong>44<\/strong> (2024: 30)<\/p>\n<p>Neprijavljeni radnici: <strong>497<\/strong> (2024: 359)<\/p>\n<p>Objekti bez fiskalnog ure\u0111aja: <strong>34<\/strong> (2024: 27)<\/p>\n<p>Obveznici koji nisu evidentirali promet: <strong>829<\/strong> (2024: 270)<\/p>\n<p>Zape\u010da\u0107eni objekti: <strong>298<\/strong> (2024: 95)<\/p>\n<p>Prekr\u0161ajni nalozi: <strong>1.291 kontrole<\/strong> (2024: 546)<\/p>\n<p>Kazne izre\u010dene: <strong>3.313.800 KM<\/strong> (2024: 2.108.600 KM)<\/p>\n<h3>Broj zaposlenih (30.4.2025):<\/h3>\n<p>Ukupno: <strong>544.613<\/strong> (31.3.2025: 542.803)<\/p>\n<p>Do 35 godina: <strong>168.352 (30,91%)<\/strong><\/p>\n<p>Preko 36 godina: <strong>376.261 (69,09%)<\/strong><\/p>\n<p>Mu\u0161karci: <strong>302.284 (55,50%)<\/strong><\/p>\n<p>\u017dene: <strong>242.329 (44,50%)<\/strong><\/p>\n<p><a href=\"https:\/\/pufbih.ba\/v1\/public\/upload\/files\/zaposleni_za_WEB_na_dan_30_04_2025.pdf\">Detaljna tabela zaposlenih po op\u0107inama i kantonima<\/a><\/p>\n<h3>Starosna struktura zaposlenih:<\/h3>\n<table>\n<tbody>\n<tr>\n<td>Godine<\/td>\n<td>Broj zaposlenih<\/td>\n<td>% u ukupnom broju<\/td>\n<\/tr>\n<tr>\n<td>Do 20<\/td>\n<td>5.997<\/td>\n<td>1,10%<\/td>\n<\/tr>\n<tr>\n<td>21\u201325<\/td>\n<td>35.717<\/td>\n<td>6,56%<\/td>\n<\/tr>\n<tr>\n<td>26\u201330<\/td>\n<td>65.695<\/td>\n<td>12,06%<\/td>\n<\/tr>\n<tr>\n<td>31\u201335<\/td>\n<td>60.943<\/td>\n<td>11,19%<\/td>\n<\/tr>\n<tr>\n<td>36\u201345<\/td>\n<td>155.134<\/td>\n<td>28,49%<\/td>\n<\/tr>\n<tr>\n<td>46\u201355<\/td>\n<td>134.056<\/td>\n<td>24,61%<\/td>\n<\/tr>\n<tr>\n<td>56\u201365<\/td>\n<td>82.594<\/td>\n<td>15,17%<\/td>\n<\/tr>\n<tr>\n<td>Preko 66<\/td>\n<td>4.477<\/td>\n<td>0,82%<\/td>\n<\/tr>\n<\/tbody>\n<\/table>\n<h3>Promet putem fiskalnih ure\u0111aja:<\/h3>\n<p>Broj fiskalnih ure\u0111aja (30.4.2025): <strong>106.658<\/strong> (2024: 101.733)<\/p>\n<p>Ukupan promet u aprilu 2025: <strong>6.094.876.569,75 KM<\/strong> (porast za 585.833.978,96 KM)<\/p>\n<p>Najvi\u0161e fiskalnih ure\u0111aja: <strong>Op\u0107ina Centar Sarajevo (7.043)<\/strong><\/p>\n<p>Najve\u0107i promet: <strong>Op\u0107ina Ilid\u017ea (480.211.020,02 KM)<\/strong><\/p>\n<p><a href=\"https:\/\/pufbih.ba\/v1\/public\/upload\/files\/2025_04.pdf\">Podaci o prometu putem fiskalnih ure\u0111aja za april 2025<\/a><\/p>\n<h3>Poziv Porezne uprave<\/h3>\n<p>Porezna uprava FBiH poziva obveznike da legalno posluju i svaki promet evidentiraju putem fiskalnog ure\u0111aja, a kupcima izdaju ra\u010dun. Time izbjegavaju sankcije i doprinose stabilnosti javnih prihoda. Zahvaljuju se svima na urednom izmirenju obaveza.<\/p>\n<p>&nbsp;<\/p>\n","protected":false},"excerpt":{"rendered":"<p>Porezna uprava Federacije BiH saop\u0107ila je da su porezni obveznici u periodu januar \u2013 april&hellip;<\/p>\n","protected":false},"author":4,"featured_media":78616,"comment_status":"closed","ping_status":"closed","sticky":false,"template":"","format":"standard","meta":{"_acf_changed":false,"footnotes":""},"categories":[304,12],"tags":[4019,360],"acf":[],"yoast_head":"<!-- This site is optimized with the Yoast SEO plugin v23.5 - https:\/\/yoast.com\/wordpress\/plugins\/seo\/ -->\n<title>TK u vrhu po naplati javnih prihoda: Vi\u0161e od pola milijarde KM za \u010detiri mjeseca - TuzlaInfo.ba<\/title>\n<meta name=\"robots\" content=\"index, follow, max-snippet:-1, max-image-preview:large, max-video-preview:-1\" \/>\n<link rel=\"canonical\" href=\"https:\/\/tuzlainfo.ba\/index.php\/istaknuto\/item\/269211-tk-u-vrhu-po-naplati-javnih-prihoda-vise-od-pola-milijarde-km-za-cetiri-mjeseca\/\" \/>\n<meta property=\"og:locale\" content=\"bs_BA\" \/>\n<meta property=\"og:type\" content=\"article\" \/>\n<meta property=\"og:title\" content=\"TK u vrhu po naplati javnih prihoda: Vi\u0161e od pola milijarde KM za \u010detiri mjeseca - TuzlaInfo.ba\" \/>\n<meta property=\"og:description\" content=\"Porezna uprava Federacije BiH saop\u0107ila je da su porezni obveznici u periodu januar \u2013 april&hellip;\" \/>\n<meta property=\"og:url\" content=\"https:\/\/tuzlainfo.ba\/index.php\/istaknuto\/item\/269211-tk-u-vrhu-po-naplati-javnih-prihoda-vise-od-pola-milijarde-km-za-cetiri-mjeseca\/\" \/>\n<meta property=\"og:site_name\" content=\"TuzlaInfo.ba\" \/>\n<meta property=\"article:publisher\" content=\"https:\/\/www.facebook.com\/tuzlainfo.ba\/\" \/>\n<meta property=\"article:published_time\" content=\"2025-05-12T20:00:58+00:00\" \/>\n<meta property=\"article:modified_time\" content=\"2025-05-12T13:29:11+00:00\" \/>\n<meta property=\"og:image\" content=\"https:\/\/tuzlainfo.ba\/wp-content\/uploads\/2020\/04\/sadrzaj_2020_20200401_1504_novac.jpg\" \/>\n\t<meta property=\"og:image:width\" content=\"770\" \/>\n\t<meta property=\"og:image:height\" content=\"442\" \/>\n\t<meta property=\"og:image:type\" content=\"image\/jpeg\" \/>\n<meta name=\"author\" content=\"Tuzla Info\" \/>\n<meta name=\"twitter:card\" content=\"summary_large_image\" \/>\n<meta name=\"twitter:label1\" content=\"Written by\" \/>\n\t<meta name=\"twitter:data1\" content=\"Tuzla Info\" \/>\n\t<meta name=\"twitter:label2\" content=\"Est. reading time\" \/>\n\t<meta name=\"twitter:data2\" content=\"3 minute\" \/>\n<script type=\"application\/ld+json\" class=\"yoast-schema-graph\">{\"@context\":\"https:\/\/schema.org\",\"@graph\":[{\"@type\":\"Article\",\"@id\":\"https:\/\/tuzlainfo.ba\/index.php\/istaknuto\/item\/269211-tk-u-vrhu-po-naplati-javnih-prihoda-vise-od-pola-milijarde-km-za-cetiri-mjeseca\/#article\",\"isPartOf\":{\"@id\":\"https:\/\/tuzlainfo.ba\/index.php\/istaknuto\/item\/269211-tk-u-vrhu-po-naplati-javnih-prihoda-vise-od-pola-milijarde-km-za-cetiri-mjeseca\/\"},\"author\":{\"name\":\"Tuzla Info\",\"@id\":\"https:\/\/tuzlainfo.ba\/#\/schema\/person\/46cad4c57790cbc50781edd14870825a\"},\"headline\":\"TK u vrhu po naplati javnih prihoda: Vi\u0161e od pola milijarde KM za \u010detiri mjeseca\",\"datePublished\":\"2025-05-12T20:00:58+00:00\",\"dateModified\":\"2025-05-12T13:29:11+00:00\",\"mainEntityOfPage\":{\"@id\":\"https:\/\/tuzlainfo.ba\/index.php\/istaknuto\/item\/269211-tk-u-vrhu-po-naplati-javnih-prihoda-vise-od-pola-milijarde-km-za-cetiri-mjeseca\/\"},\"wordCount\":282,\"publisher\":{\"@id\":\"https:\/\/tuzlainfo.ba\/#organization\"},\"image\":{\"@id\":\"https:\/\/tuzlainfo.ba\/index.php\/istaknuto\/item\/269211-tk-u-vrhu-po-naplati-javnih-prihoda-vise-od-pola-milijarde-km-za-cetiri-mjeseca\/#primaryimage\"},\"thumbnailUrl\":\"https:\/\/tuzlainfo.ba\/wp-content\/uploads\/2020\/04\/sadrzaj_2020_20200401_1504_novac.jpg\",\"keywords\":[\"javni prihodi\",\"tuzlanski kanton\"],\"articleSection\":[\"Istaknuto\",\"Novosti\"],\"inLanguage\":\"bs-BA\"},{\"@type\":\"WebPage\",\"@id\":\"https:\/\/tuzlainfo.ba\/index.php\/istaknuto\/item\/269211-tk-u-vrhu-po-naplati-javnih-prihoda-vise-od-pola-milijarde-km-za-cetiri-mjeseca\/\",\"url\":\"https:\/\/tuzlainfo.ba\/index.php\/istaknuto\/item\/269211-tk-u-vrhu-po-naplati-javnih-prihoda-vise-od-pola-milijarde-km-za-cetiri-mjeseca\/\",\"name\":\"TK u vrhu po naplati javnih prihoda: Vi\u0161e od pola milijarde KM za \u010detiri mjeseca - TuzlaInfo.ba\",\"isPartOf\":{\"@id\":\"https:\/\/tuzlainfo.ba\/#website\"},\"primaryImageOfPage\":{\"@id\":\"https:\/\/tuzlainfo.ba\/index.php\/istaknuto\/item\/269211-tk-u-vrhu-po-naplati-javnih-prihoda-vise-od-pola-milijarde-km-za-cetiri-mjeseca\/#primaryimage\"},\"image\":{\"@id\":\"https:\/\/tuzlainfo.ba\/index.php\/istaknuto\/item\/269211-tk-u-vrhu-po-naplati-javnih-prihoda-vise-od-pola-milijarde-km-za-cetiri-mjeseca\/#primaryimage\"},\"thumbnailUrl\":\"https:\/\/tuzlainfo.ba\/wp-content\/uploads\/2020\/04\/sadrzaj_2020_20200401_1504_novac.jpg\",\"datePublished\":\"2025-05-12T20:00:58+00:00\",\"dateModified\":\"2025-05-12T13:29:11+00:00\",\"breadcrumb\":{\"@id\":\"https:\/\/tuzlainfo.ba\/index.php\/istaknuto\/item\/269211-tk-u-vrhu-po-naplati-javnih-prihoda-vise-od-pola-milijarde-km-za-cetiri-mjeseca\/#breadcrumb\"},\"inLanguage\":\"bs-BA\",\"potentialAction\":[{\"@type\":\"ReadAction\",\"target\":[\"https:\/\/tuzlainfo.ba\/index.php\/istaknuto\/item\/269211-tk-u-vrhu-po-naplati-javnih-prihoda-vise-od-pola-milijarde-km-za-cetiri-mjeseca\/\"]}]},{\"@type\":\"ImageObject\",\"inLanguage\":\"bs-BA\",\"@id\":\"https:\/\/tuzlainfo.ba\/index.php\/istaknuto\/item\/269211-tk-u-vrhu-po-naplati-javnih-prihoda-vise-od-pola-milijarde-km-za-cetiri-mjeseca\/#primaryimage\",\"url\":\"https:\/\/tuzlainfo.ba\/wp-content\/uploads\/2020\/04\/sadrzaj_2020_20200401_1504_novac.jpg\",\"contentUrl\":\"https:\/\/tuzlainfo.ba\/wp-content\/uploads\/2020\/04\/sadrzaj_2020_20200401_1504_novac.jpg\",\"width\":770,\"height\":442,\"caption\":\"1504 novac\"},{\"@type\":\"BreadcrumbList\",\"@id\":\"https:\/\/tuzlainfo.ba\/index.php\/istaknuto\/item\/269211-tk-u-vrhu-po-naplati-javnih-prihoda-vise-od-pola-milijarde-km-za-cetiri-mjeseca\/#breadcrumb\",\"itemListElement\":[{\"@type\":\"ListItem\",\"position\":1,\"name\":\"Home\",\"item\":\"https:\/\/tuzlainfo.ba\/\"},{\"@type\":\"ListItem\",\"position\":2,\"name\":\"TK u vrhu po naplati javnih prihoda: Vi\u0161e od pola milijarde KM za \u010detiri mjeseca\"}]},{\"@type\":\"WebSite\",\"@id\":\"https:\/\/tuzlainfo.ba\/#website\",\"url\":\"https:\/\/tuzlainfo.ba\/\",\"name\":\"TuzlaInfo.ba\",\"description\":\"Tuzla info, gradski informator - Tuzla na dlanu\",\"publisher\":{\"@id\":\"https:\/\/tuzlainfo.ba\/#organization\"},\"potentialAction\":[{\"@type\":\"SearchAction\",\"target\":{\"@type\":\"EntryPoint\",\"urlTemplate\":\"https:\/\/tuzlainfo.ba\/?s={search_term_string}\"},\"query-input\":{\"@type\":\"PropertyValueSpecification\",\"valueRequired\":true,\"valueName\":\"search_term_string\"}}],\"inLanguage\":\"bs-BA\"},{\"@type\":\"Organization\",\"@id\":\"https:\/\/tuzlainfo.ba\/#organization\",\"name\":\"TuzlaInfo.ba\",\"url\":\"https:\/\/tuzlainfo.ba\/\",\"logo\":{\"@type\":\"ImageObject\",\"inLanguage\":\"bs-BA\",\"@id\":\"https:\/\/tuzlainfo.ba\/#\/schema\/logo\/image\/\",\"url\":\"https:\/\/tuzlainfo.ba\/wp-content\/uploads\/2021\/03\/logo-ver-3-1.png\",\"contentUrl\":\"https:\/\/tuzlainfo.ba\/wp-content\/uploads\/2021\/03\/logo-ver-3-1.png\",\"width\":350,\"height\":95,\"caption\":\"TuzlaInfo.ba\"},\"image\":{\"@id\":\"https:\/\/tuzlainfo.ba\/#\/schema\/logo\/image\/\"},\"sameAs\":[\"https:\/\/www.facebook.com\/tuzlainfo.ba\/\"]},{\"@type\":\"Person\",\"@id\":\"https:\/\/tuzlainfo.ba\/#\/schema\/person\/46cad4c57790cbc50781edd14870825a\",\"name\":\"Tuzla Info\",\"image\":{\"@type\":\"ImageObject\",\"inLanguage\":\"bs-BA\",\"@id\":\"https:\/\/tuzlainfo.ba\/#\/schema\/person\/image\/\",\"url\":\"https:\/\/tuzlainfo.ba\/wp-content\/litespeed\/avatar\/b6c453a6c38e3654f2e4416c643fc25c.jpg?ver=1777051911\",\"contentUrl\":\"https:\/\/tuzlainfo.ba\/wp-content\/litespeed\/avatar\/b6c453a6c38e3654f2e4416c643fc25c.jpg?ver=1777051911\",\"caption\":\"Tuzla Info\"}}]}<\/script>\n<!-- \/ Yoast SEO plugin. -->","yoast_head_json":{"title":"TK u vrhu po naplati javnih prihoda: Vi\u0161e od pola milijarde KM za \u010detiri mjeseca - TuzlaInfo.ba","robots":{"index":"index","follow":"follow","max-snippet":"max-snippet:-1","max-image-preview":"max-image-preview:large","max-video-preview":"max-video-preview:-1"},"canonical":"https:\/\/tuzlainfo.ba\/index.php\/istaknuto\/item\/269211-tk-u-vrhu-po-naplati-javnih-prihoda-vise-od-pola-milijarde-km-za-cetiri-mjeseca\/","og_locale":"bs_BA","og_type":"article","og_title":"TK u vrhu po naplati javnih prihoda: Vi\u0161e od pola milijarde KM za \u010detiri mjeseca - TuzlaInfo.ba","og_description":"Porezna uprava Federacije BiH saop\u0107ila je da su porezni obveznici u periodu januar \u2013 april&hellip;","og_url":"https:\/\/tuzlainfo.ba\/index.php\/istaknuto\/item\/269211-tk-u-vrhu-po-naplati-javnih-prihoda-vise-od-pola-milijarde-km-za-cetiri-mjeseca\/","og_site_name":"TuzlaInfo.ba","article_publisher":"https:\/\/www.facebook.com\/tuzlainfo.ba\/","article_published_time":"2025-05-12T20:00:58+00:00","article_modified_time":"2025-05-12T13:29:11+00:00","og_image":[{"width":770,"height":442,"url":"https:\/\/tuzlainfo.ba\/wp-content\/uploads\/2020\/04\/sadrzaj_2020_20200401_1504_novac.jpg","type":"image\/jpeg"}],"author":"Tuzla Info","twitter_card":"summary_large_image","twitter_misc":{"Written by":"Tuzla Info","Est. reading time":"3 minute"},"schema":{"@context":"https:\/\/schema.org","@graph":[{"@type":"Article","@id":"https:\/\/tuzlainfo.ba\/index.php\/istaknuto\/item\/269211-tk-u-vrhu-po-naplati-javnih-prihoda-vise-od-pola-milijarde-km-za-cetiri-mjeseca\/#article","isPartOf":{"@id":"https:\/\/tuzlainfo.ba\/index.php\/istaknuto\/item\/269211-tk-u-vrhu-po-naplati-javnih-prihoda-vise-od-pola-milijarde-km-za-cetiri-mjeseca\/"},"author":{"name":"Tuzla Info","@id":"https:\/\/tuzlainfo.ba\/#\/schema\/person\/46cad4c57790cbc50781edd14870825a"},"headline":"TK u vrhu po naplati javnih prihoda: Vi\u0161e od pola milijarde KM za \u010detiri mjeseca","datePublished":"2025-05-12T20:00:58+00:00","dateModified":"2025-05-12T13:29:11+00:00","mainEntityOfPage":{"@id":"https:\/\/tuzlainfo.ba\/index.php\/istaknuto\/item\/269211-tk-u-vrhu-po-naplati-javnih-prihoda-vise-od-pola-milijarde-km-za-cetiri-mjeseca\/"},"wordCount":282,"publisher":{"@id":"https:\/\/tuzlainfo.ba\/#organization"},"image":{"@id":"https:\/\/tuzlainfo.ba\/index.php\/istaknuto\/item\/269211-tk-u-vrhu-po-naplati-javnih-prihoda-vise-od-pola-milijarde-km-za-cetiri-mjeseca\/#primaryimage"},"thumbnailUrl":"https:\/\/tuzlainfo.ba\/wp-content\/uploads\/2020\/04\/sadrzaj_2020_20200401_1504_novac.jpg","keywords":["javni prihodi","tuzlanski kanton"],"articleSection":["Istaknuto","Novosti"],"inLanguage":"bs-BA"},{"@type":"WebPage","@id":"https:\/\/tuzlainfo.ba\/index.php\/istaknuto\/item\/269211-tk-u-vrhu-po-naplati-javnih-prihoda-vise-od-pola-milijarde-km-za-cetiri-mjeseca\/","url":"https:\/\/tuzlainfo.ba\/index.php\/istaknuto\/item\/269211-tk-u-vrhu-po-naplati-javnih-prihoda-vise-od-pola-milijarde-km-za-cetiri-mjeseca\/","name":"TK u vrhu po naplati javnih prihoda: Vi\u0161e od pola milijarde KM za \u010detiri mjeseca - TuzlaInfo.ba","isPartOf":{"@id":"https:\/\/tuzlainfo.ba\/#website"},"primaryImageOfPage":{"@id":"https:\/\/tuzlainfo.ba\/index.php\/istaknuto\/item\/269211-tk-u-vrhu-po-naplati-javnih-prihoda-vise-od-pola-milijarde-km-za-cetiri-mjeseca\/#primaryimage"},"image":{"@id":"https:\/\/tuzlainfo.ba\/index.php\/istaknuto\/item\/269211-tk-u-vrhu-po-naplati-javnih-prihoda-vise-od-pola-milijarde-km-za-cetiri-mjeseca\/#primaryimage"},"thumbnailUrl":"https:\/\/tuzlainfo.ba\/wp-content\/uploads\/2020\/04\/sadrzaj_2020_20200401_1504_novac.jpg","datePublished":"2025-05-12T20:00:58+00:00","dateModified":"2025-05-12T13:29:11+00:00","breadcrumb":{"@id":"https:\/\/tuzlainfo.ba\/index.php\/istaknuto\/item\/269211-tk-u-vrhu-po-naplati-javnih-prihoda-vise-od-pola-milijarde-km-za-cetiri-mjeseca\/#breadcrumb"},"inLanguage":"bs-BA","potentialAction":[{"@type":"ReadAction","target":["https:\/\/tuzlainfo.ba\/index.php\/istaknuto\/item\/269211-tk-u-vrhu-po-naplati-javnih-prihoda-vise-od-pola-milijarde-km-za-cetiri-mjeseca\/"]}]},{"@type":"ImageObject","inLanguage":"bs-BA","@id":"https:\/\/tuzlainfo.ba\/index.php\/istaknuto\/item\/269211-tk-u-vrhu-po-naplati-javnih-prihoda-vise-od-pola-milijarde-km-za-cetiri-mjeseca\/#primaryimage","url":"https:\/\/tuzlainfo.ba\/wp-content\/uploads\/2020\/04\/sadrzaj_2020_20200401_1504_novac.jpg","contentUrl":"https:\/\/tuzlainfo.ba\/wp-content\/uploads\/2020\/04\/sadrzaj_2020_20200401_1504_novac.jpg","width":770,"height":442,"caption":"1504 novac"},{"@type":"BreadcrumbList","@id":"https:\/\/tuzlainfo.ba\/index.php\/istaknuto\/item\/269211-tk-u-vrhu-po-naplati-javnih-prihoda-vise-od-pola-milijarde-km-za-cetiri-mjeseca\/#breadcrumb","itemListElement":[{"@type":"ListItem","position":1,"name":"Home","item":"https:\/\/tuzlainfo.ba\/"},{"@type":"ListItem","position":2,"name":"TK u vrhu po naplati javnih prihoda: Vi\u0161e od pola milijarde KM za \u010detiri mjeseca"}]},{"@type":"WebSite","@id":"https:\/\/tuzlainfo.ba\/#website","url":"https:\/\/tuzlainfo.ba\/","name":"TuzlaInfo.ba","description":"Tuzla info, gradski informator - Tuzla na dlanu","publisher":{"@id":"https:\/\/tuzlainfo.ba\/#organization"},"potentialAction":[{"@type":"SearchAction","target":{"@type":"EntryPoint","urlTemplate":"https:\/\/tuzlainfo.ba\/?s={search_term_string}"},"query-input":{"@type":"PropertyValueSpecification","valueRequired":true,"valueName":"search_term_string"}}],"inLanguage":"bs-BA"},{"@type":"Organization","@id":"https:\/\/tuzlainfo.ba\/#organization","name":"TuzlaInfo.ba","url":"https:\/\/tuzlainfo.ba\/","logo":{"@type":"ImageObject","inLanguage":"bs-BA","@id":"https:\/\/tuzlainfo.ba\/#\/schema\/logo\/image\/","url":"https:\/\/tuzlainfo.ba\/wp-content\/uploads\/2021\/03\/logo-ver-3-1.png","contentUrl":"https:\/\/tuzlainfo.ba\/wp-content\/uploads\/2021\/03\/logo-ver-3-1.png","width":350,"height":95,"caption":"TuzlaInfo.ba"},"image":{"@id":"https:\/\/tuzlainfo.ba\/#\/schema\/logo\/image\/"},"sameAs":["https:\/\/www.facebook.com\/tuzlainfo.ba\/"]},{"@type":"Person","@id":"https:\/\/tuzlainfo.ba\/#\/schema\/person\/46cad4c57790cbc50781edd14870825a","name":"Tuzla Info","image":{"@type":"ImageObject","inLanguage":"bs-BA","@id":"https:\/\/tuzlainfo.ba\/#\/schema\/person\/image\/","url":"https:\/\/tuzlainfo.ba\/wp-content\/litespeed\/avatar\/b6c453a6c38e3654f2e4416c643fc25c.jpg?ver=1777051911","contentUrl":"https:\/\/tuzlainfo.ba\/wp-content\/litespeed\/avatar\/b6c453a6c38e3654f2e4416c643fc25c.jpg?ver=1777051911","caption":"Tuzla Info"}}]}},"_links":{"self":[{"href":"https:\/\/tuzlainfo.ba\/index.php\/wp-json\/wp\/v2\/posts\/269211"}],"collection":[{"href":"https:\/\/tuzlainfo.ba\/index.php\/wp-json\/wp\/v2\/posts"}],"about":[{"href":"https:\/\/tuzlainfo.ba\/index.php\/wp-json\/wp\/v2\/types\/post"}],"author":[{"embeddable":true,"href":"https:\/\/tuzlainfo.ba\/index.php\/wp-json\/wp\/v2\/users\/4"}],"replies":[{"embeddable":true,"href":"https:\/\/tuzlainfo.ba\/index.php\/wp-json\/wp\/v2\/comments?post=269211"}],"version-history":[{"count":1,"href":"https:\/\/tuzlainfo.ba\/index.php\/wp-json\/wp\/v2\/posts\/269211\/revisions"}],"predecessor-version":[{"id":269212,"href":"https:\/\/tuzlainfo.ba\/index.php\/wp-json\/wp\/v2\/posts\/269211\/revisions\/269212"}],"wp:featuredmedia":[{"embeddable":true,"href":"https:\/\/tuzlainfo.ba\/index.php\/wp-json\/wp\/v2\/media\/78616"}],"wp:attachment":[{"href":"https:\/\/tuzlainfo.ba\/index.php\/wp-json\/wp\/v2\/media?parent=269211"}],"wp:term":[{"taxonomy":"category","embeddable":true,"href":"https:\/\/tuzlainfo.ba\/index.php\/wp-json\/wp\/v2\/categories?post=269211"},{"taxonomy":"post_tag","embeddable":true,"href":"https:\/\/tuzlainfo.ba\/index.php\/wp-json\/wp\/v2\/tags?post=269211"}],"curies":[{"name":"wp","href":"https:\/\/api.w.org\/{rel}","templated":true}]}}