{"id":269152,"date":"2025-05-11T21:05:53","date_gmt":"2025-05-11T19:05:53","guid":{"rendered":"https:\/\/tuzlainfo.ba\/?p=269152"},"modified":"2025-05-11T17:02:00","modified_gmt":"2025-05-11T15:02:00","slug":"rast-prihoda-koliko-se-pdv-a-prikupljalo-2006-a-koliko-danas","status":"publish","type":"post","link":"https:\/\/tuzlainfo.ba\/index.php\/bosna-i-hercegovina\/item\/269152-rast-prihoda-koliko-se-pdv-a-prikupljalo-2006-a-koliko-danas\/","title":{"rendered":"Rast prihoda: Koliko se PDV-a prikupljalo 2006., a koliko danas?"},"content":{"rendered":"<p>Projektovana stopa rasta neto prihoda od indirektnih poreza za narednu godinu je 4,2 odsto, njene projekcije rasta za 2027. godinu su 4,6 odsto, a za 2028. godinu 4,3 odsto, navodi u svom biltenu Odjeljenje za makroekonomsku analizu Uprave za indirektno oporezivanje (UIO) BiH.<\/p>\n<p>Projekcija prihoda u navedenom periodu zasnovana je na projektovanim relevantnim makroekonomskim pokazateljima, istorijskoj sezonskoj \u0161emi naplate i projekcijama pojedinih kategorija prihoda za ovu godinu.<\/p>\n<p>Za razliku od projektovanog pada udjela indirektnih poreza u bruto doma\u0107em proizvodu (BDP) sa 17,5 odsto, koliko se predvi\u0111a za ovu godinu, na 17,2 odsto u 2028. godini, projektovani udio prihoda od indirektnih poreza u potro\u0161nji u navedenom periodu ima\u0107e rast od 20,6 odsto, koliko se projektuje za ovu godinu, do 21 odsto u 2028. godini.<\/p>\n<p>Prihodi od PDV-a predstavlja\u0107e najve\u0107i generator godi\u0161njeg apsolutnog rasta ukupnih prihoda od indirektnih poreza u posmatranom srednjoro\u010dnom periodu, a projektovani su u skladu sa dugoro\u010dnim trendovima naplate, istorijskom sezonskom \u0161emom, te projekcijama relevantnih makroekonomskih pokazatelja.<\/p>\n<p>Analiza trendova naplate ukazuje na dugogodi\u0161nji rast prihoda od PDV-a.<\/p>\n<p>U 2006. godini, kada je uveden PDV, napla\u0107eno je 2,48 milijardi KM neto prihoda od ove vrste poreza, i u svim narednim godinama, izuzev 2009. i 2020. godine, zabilje\u017een je njihov rast.<\/p>\n<p>O\u010dekuje se da \u0107e u ovoj godini prihodi od PDV-a biti 6,55 milijardi KM, dok se njihova vrijednost u 2028. godini procjenjuje na 7,47 milijardi KM.<\/p>\n<p>Ostvarenje projektovanog nivoa prihoda podlo\u017eno je svim rizicima za ostvarenje projektovanih makroekonomskih pokazatelja i rizicima koji se odnose na samu naplatu prihoda od indirektnih poreza i borbu protiv sive ekonomije.<\/p>\n<p>Izmjene Zakona o PDV-u, kojima se uvodi pravo na povrat PDV-a na kupovinu prvog stambenog objekta, stupile su na snagu u aprilu, ali \u0107e se primjenjivati nakon stupanja na snagu izmjena Pravilnika o primjeni Zakona o PDV-a, kojima \u0107e se precizirati uslovi za primjenu prava na povrat PDV-a.<\/p>\n<p>Iz tog razloga trenutno nije mogu\u0107e procijeniti stati\u010dke efekte na naplatu indirektnih poreza u smislu gubitaka prihoda od PDV-a.<\/p>\n","protected":false},"excerpt":{"rendered":"<p>Projektovana stopa rasta neto prihoda od indirektnih poreza za narednu godinu je 4,2 odsto, njene&hellip;<\/p>\n","protected":false},"author":2,"featured_media":78616,"comment_status":"closed","ping_status":"closed","sticky":false,"template":"","format":"standard","meta":{"_acf_changed":false,"footnotes":""},"categories":[291,304],"tags":[3013,868],"acf":[],"yoast_head":"<!-- This site is optimized with the Yoast SEO plugin v23.5 - https:\/\/yoast.com\/wordpress\/plugins\/seo\/ -->\n<title>Rast prihoda: Koliko se PDV-a prikupljalo 2006., a koliko danas? - TuzlaInfo.ba<\/title>\n<meta name=\"robots\" content=\"index, follow, max-snippet:-1, max-image-preview:large, max-video-preview:-1\" \/>\n<link rel=\"canonical\" href=\"https:\/\/tuzlainfo.ba\/index.php\/bosna-i-hercegovina\/item\/269152-rast-prihoda-koliko-se-pdv-a-prikupljalo-2006-a-koliko-danas\/\" \/>\n<meta property=\"og:locale\" content=\"bs_BA\" \/>\n<meta property=\"og:type\" content=\"article\" \/>\n<meta property=\"og:title\" content=\"Rast prihoda: Koliko se PDV-a prikupljalo 2006., a koliko danas? - TuzlaInfo.ba\" \/>\n<meta property=\"og:description\" content=\"Projektovana stopa rasta neto prihoda od indirektnih poreza za narednu godinu je 4,2 odsto, njene&hellip;\" \/>\n<meta property=\"og:url\" content=\"https:\/\/tuzlainfo.ba\/index.php\/bosna-i-hercegovina\/item\/269152-rast-prihoda-koliko-se-pdv-a-prikupljalo-2006-a-koliko-danas\/\" \/>\n<meta property=\"og:site_name\" content=\"TuzlaInfo.ba\" \/>\n<meta property=\"article:publisher\" content=\"https:\/\/www.facebook.com\/tuzlainfo.ba\/\" \/>\n<meta property=\"article:published_time\" content=\"2025-05-11T19:05:53+00:00\" \/>\n<meta property=\"article:modified_time\" content=\"2025-05-11T15:02:00+00:00\" \/>\n<meta property=\"og:image\" content=\"https:\/\/tuzlainfo.ba\/wp-content\/uploads\/2020\/04\/sadrzaj_2020_20200401_1504_novac.jpg\" \/>\n\t<meta property=\"og:image:width\" content=\"770\" \/>\n\t<meta property=\"og:image:height\" content=\"442\" \/>\n\t<meta property=\"og:image:type\" content=\"image\/jpeg\" \/>\n<meta name=\"author\" content=\"nedim\" \/>\n<meta name=\"twitter:card\" content=\"summary_large_image\" \/>\n<meta name=\"twitter:label1\" content=\"Written by\" \/>\n\t<meta name=\"twitter:data1\" content=\"nedim\" \/>\n\t<meta name=\"twitter:label2\" content=\"Est. reading time\" \/>\n\t<meta name=\"twitter:data2\" content=\"2 minute\" \/>\n<script type=\"application\/ld+json\" class=\"yoast-schema-graph\">{\"@context\":\"https:\/\/schema.org\",\"@graph\":[{\"@type\":\"Article\",\"@id\":\"https:\/\/tuzlainfo.ba\/index.php\/bosna-i-hercegovina\/item\/269152-rast-prihoda-koliko-se-pdv-a-prikupljalo-2006-a-koliko-danas\/#article\",\"isPartOf\":{\"@id\":\"https:\/\/tuzlainfo.ba\/index.php\/bosna-i-hercegovina\/item\/269152-rast-prihoda-koliko-se-pdv-a-prikupljalo-2006-a-koliko-danas\/\"},\"author\":{\"name\":\"nedim\",\"@id\":\"https:\/\/tuzlainfo.ba\/#\/schema\/person\/f434e20dc27ea133923aab08451b7f7f\"},\"headline\":\"Rast prihoda: Koliko se PDV-a prikupljalo 2006., a koliko danas?\",\"datePublished\":\"2025-05-11T19:05:53+00:00\",\"dateModified\":\"2025-05-11T15:02:00+00:00\",\"mainEntityOfPage\":{\"@id\":\"https:\/\/tuzlainfo.ba\/index.php\/bosna-i-hercegovina\/item\/269152-rast-prihoda-koliko-se-pdv-a-prikupljalo-2006-a-koliko-danas\/\"},\"wordCount\":330,\"publisher\":{\"@id\":\"https:\/\/tuzlainfo.ba\/#organization\"},\"image\":{\"@id\":\"https:\/\/tuzlainfo.ba\/index.php\/bosna-i-hercegovina\/item\/269152-rast-prihoda-koliko-se-pdv-a-prikupljalo-2006-a-koliko-danas\/#primaryimage\"},\"thumbnailUrl\":\"https:\/\/tuzlainfo.ba\/wp-content\/uploads\/2020\/04\/sadrzaj_2020_20200401_1504_novac.jpg\",\"keywords\":[\"PDV\",\"uio bih\"],\"articleSection\":[\"Bosna i Hercegovina\",\"Istaknuto\"],\"inLanguage\":\"bs-BA\"},{\"@type\":\"WebPage\",\"@id\":\"https:\/\/tuzlainfo.ba\/index.php\/bosna-i-hercegovina\/item\/269152-rast-prihoda-koliko-se-pdv-a-prikupljalo-2006-a-koliko-danas\/\",\"url\":\"https:\/\/tuzlainfo.ba\/index.php\/bosna-i-hercegovina\/item\/269152-rast-prihoda-koliko-se-pdv-a-prikupljalo-2006-a-koliko-danas\/\",\"name\":\"Rast prihoda: Koliko se PDV-a prikupljalo 2006., a koliko danas? - TuzlaInfo.ba\",\"isPartOf\":{\"@id\":\"https:\/\/tuzlainfo.ba\/#website\"},\"primaryImageOfPage\":{\"@id\":\"https:\/\/tuzlainfo.ba\/index.php\/bosna-i-hercegovina\/item\/269152-rast-prihoda-koliko-se-pdv-a-prikupljalo-2006-a-koliko-danas\/#primaryimage\"},\"image\":{\"@id\":\"https:\/\/tuzlainfo.ba\/index.php\/bosna-i-hercegovina\/item\/269152-rast-prihoda-koliko-se-pdv-a-prikupljalo-2006-a-koliko-danas\/#primaryimage\"},\"thumbnailUrl\":\"https:\/\/tuzlainfo.ba\/wp-content\/uploads\/2020\/04\/sadrzaj_2020_20200401_1504_novac.jpg\",\"datePublished\":\"2025-05-11T19:05:53+00:00\",\"dateModified\":\"2025-05-11T15:02:00+00:00\",\"breadcrumb\":{\"@id\":\"https:\/\/tuzlainfo.ba\/index.php\/bosna-i-hercegovina\/item\/269152-rast-prihoda-koliko-se-pdv-a-prikupljalo-2006-a-koliko-danas\/#breadcrumb\"},\"inLanguage\":\"bs-BA\",\"potentialAction\":[{\"@type\":\"ReadAction\",\"target\":[\"https:\/\/tuzlainfo.ba\/index.php\/bosna-i-hercegovina\/item\/269152-rast-prihoda-koliko-se-pdv-a-prikupljalo-2006-a-koliko-danas\/\"]}]},{\"@type\":\"ImageObject\",\"inLanguage\":\"bs-BA\",\"@id\":\"https:\/\/tuzlainfo.ba\/index.php\/bosna-i-hercegovina\/item\/269152-rast-prihoda-koliko-se-pdv-a-prikupljalo-2006-a-koliko-danas\/#primaryimage\",\"url\":\"https:\/\/tuzlainfo.ba\/wp-content\/uploads\/2020\/04\/sadrzaj_2020_20200401_1504_novac.jpg\",\"contentUrl\":\"https:\/\/tuzlainfo.ba\/wp-content\/uploads\/2020\/04\/sadrzaj_2020_20200401_1504_novac.jpg\",\"width\":770,\"height\":442,\"caption\":\"1504 novac\"},{\"@type\":\"BreadcrumbList\",\"@id\":\"https:\/\/tuzlainfo.ba\/index.php\/bosna-i-hercegovina\/item\/269152-rast-prihoda-koliko-se-pdv-a-prikupljalo-2006-a-koliko-danas\/#breadcrumb\",\"itemListElement\":[{\"@type\":\"ListItem\",\"position\":1,\"name\":\"Home\",\"item\":\"https:\/\/tuzlainfo.ba\/\"},{\"@type\":\"ListItem\",\"position\":2,\"name\":\"Rast prihoda: Koliko se PDV-a prikupljalo 2006., a koliko danas?\"}]},{\"@type\":\"WebSite\",\"@id\":\"https:\/\/tuzlainfo.ba\/#website\",\"url\":\"https:\/\/tuzlainfo.ba\/\",\"name\":\"TuzlaInfo.ba\",\"description\":\"Tuzla info, gradski informator - Tuzla na dlanu\",\"publisher\":{\"@id\":\"https:\/\/tuzlainfo.ba\/#organization\"},\"potentialAction\":[{\"@type\":\"SearchAction\",\"target\":{\"@type\":\"EntryPoint\",\"urlTemplate\":\"https:\/\/tuzlainfo.ba\/?s={search_term_string}\"},\"query-input\":{\"@type\":\"PropertyValueSpecification\",\"valueRequired\":true,\"valueName\":\"search_term_string\"}}],\"inLanguage\":\"bs-BA\"},{\"@type\":\"Organization\",\"@id\":\"https:\/\/tuzlainfo.ba\/#organization\",\"name\":\"TuzlaInfo.ba\",\"url\":\"https:\/\/tuzlainfo.ba\/\",\"logo\":{\"@type\":\"ImageObject\",\"inLanguage\":\"bs-BA\",\"@id\":\"https:\/\/tuzlainfo.ba\/#\/schema\/logo\/image\/\",\"url\":\"https:\/\/tuzlainfo.ba\/wp-content\/uploads\/2021\/03\/logo-ver-3-1.png\",\"contentUrl\":\"https:\/\/tuzlainfo.ba\/wp-content\/uploads\/2021\/03\/logo-ver-3-1.png\",\"width\":350,\"height\":95,\"caption\":\"TuzlaInfo.ba\"},\"image\":{\"@id\":\"https:\/\/tuzlainfo.ba\/#\/schema\/logo\/image\/\"},\"sameAs\":[\"https:\/\/www.facebook.com\/tuzlainfo.ba\/\"]},{\"@type\":\"Person\",\"@id\":\"https:\/\/tuzlainfo.ba\/#\/schema\/person\/f434e20dc27ea133923aab08451b7f7f\",\"name\":\"nedim\",\"image\":{\"@type\":\"ImageObject\",\"inLanguage\":\"bs-BA\",\"@id\":\"https:\/\/tuzlainfo.ba\/#\/schema\/person\/image\/\",\"url\":\"https:\/\/tuzlainfo.ba\/wp-content\/litespeed\/avatar\/aabad687af24844af817603ac1cbdc4f.jpg?ver=1777306975\",\"contentUrl\":\"https:\/\/tuzlainfo.ba\/wp-content\/litespeed\/avatar\/aabad687af24844af817603ac1cbdc4f.jpg?ver=1777306975\",\"caption\":\"nedim\"},\"description\":\"Tuzlainfo.ba pratite na dru\u0161tvenim mre\u017eama: Facebook, Instagram i Youtube. Svoje pri\u010de, upite i fotografije \u0161aljite na na\u0161u e-mail adresu.\"}]}<\/script>\n<!-- \/ Yoast SEO plugin. -->","yoast_head_json":{"title":"Rast prihoda: Koliko se PDV-a prikupljalo 2006., a koliko danas? - TuzlaInfo.ba","robots":{"index":"index","follow":"follow","max-snippet":"max-snippet:-1","max-image-preview":"max-image-preview:large","max-video-preview":"max-video-preview:-1"},"canonical":"https:\/\/tuzlainfo.ba\/index.php\/bosna-i-hercegovina\/item\/269152-rast-prihoda-koliko-se-pdv-a-prikupljalo-2006-a-koliko-danas\/","og_locale":"bs_BA","og_type":"article","og_title":"Rast prihoda: Koliko se PDV-a prikupljalo 2006., a koliko danas? - TuzlaInfo.ba","og_description":"Projektovana stopa rasta neto prihoda od indirektnih poreza za narednu godinu je 4,2 odsto, njene&hellip;","og_url":"https:\/\/tuzlainfo.ba\/index.php\/bosna-i-hercegovina\/item\/269152-rast-prihoda-koliko-se-pdv-a-prikupljalo-2006-a-koliko-danas\/","og_site_name":"TuzlaInfo.ba","article_publisher":"https:\/\/www.facebook.com\/tuzlainfo.ba\/","article_published_time":"2025-05-11T19:05:53+00:00","article_modified_time":"2025-05-11T15:02:00+00:00","og_image":[{"width":770,"height":442,"url":"https:\/\/tuzlainfo.ba\/wp-content\/uploads\/2020\/04\/sadrzaj_2020_20200401_1504_novac.jpg","type":"image\/jpeg"}],"author":"nedim","twitter_card":"summary_large_image","twitter_misc":{"Written by":"nedim","Est. reading time":"2 minute"},"schema":{"@context":"https:\/\/schema.org","@graph":[{"@type":"Article","@id":"https:\/\/tuzlainfo.ba\/index.php\/bosna-i-hercegovina\/item\/269152-rast-prihoda-koliko-se-pdv-a-prikupljalo-2006-a-koliko-danas\/#article","isPartOf":{"@id":"https:\/\/tuzlainfo.ba\/index.php\/bosna-i-hercegovina\/item\/269152-rast-prihoda-koliko-se-pdv-a-prikupljalo-2006-a-koliko-danas\/"},"author":{"name":"nedim","@id":"https:\/\/tuzlainfo.ba\/#\/schema\/person\/f434e20dc27ea133923aab08451b7f7f"},"headline":"Rast prihoda: Koliko se PDV-a prikupljalo 2006., a koliko danas?","datePublished":"2025-05-11T19:05:53+00:00","dateModified":"2025-05-11T15:02:00+00:00","mainEntityOfPage":{"@id":"https:\/\/tuzlainfo.ba\/index.php\/bosna-i-hercegovina\/item\/269152-rast-prihoda-koliko-se-pdv-a-prikupljalo-2006-a-koliko-danas\/"},"wordCount":330,"publisher":{"@id":"https:\/\/tuzlainfo.ba\/#organization"},"image":{"@id":"https:\/\/tuzlainfo.ba\/index.php\/bosna-i-hercegovina\/item\/269152-rast-prihoda-koliko-se-pdv-a-prikupljalo-2006-a-koliko-danas\/#primaryimage"},"thumbnailUrl":"https:\/\/tuzlainfo.ba\/wp-content\/uploads\/2020\/04\/sadrzaj_2020_20200401_1504_novac.jpg","keywords":["PDV","uio bih"],"articleSection":["Bosna i Hercegovina","Istaknuto"],"inLanguage":"bs-BA"},{"@type":"WebPage","@id":"https:\/\/tuzlainfo.ba\/index.php\/bosna-i-hercegovina\/item\/269152-rast-prihoda-koliko-se-pdv-a-prikupljalo-2006-a-koliko-danas\/","url":"https:\/\/tuzlainfo.ba\/index.php\/bosna-i-hercegovina\/item\/269152-rast-prihoda-koliko-se-pdv-a-prikupljalo-2006-a-koliko-danas\/","name":"Rast prihoda: Koliko se PDV-a prikupljalo 2006., a koliko danas? - TuzlaInfo.ba","isPartOf":{"@id":"https:\/\/tuzlainfo.ba\/#website"},"primaryImageOfPage":{"@id":"https:\/\/tuzlainfo.ba\/index.php\/bosna-i-hercegovina\/item\/269152-rast-prihoda-koliko-se-pdv-a-prikupljalo-2006-a-koliko-danas\/#primaryimage"},"image":{"@id":"https:\/\/tuzlainfo.ba\/index.php\/bosna-i-hercegovina\/item\/269152-rast-prihoda-koliko-se-pdv-a-prikupljalo-2006-a-koliko-danas\/#primaryimage"},"thumbnailUrl":"https:\/\/tuzlainfo.ba\/wp-content\/uploads\/2020\/04\/sadrzaj_2020_20200401_1504_novac.jpg","datePublished":"2025-05-11T19:05:53+00:00","dateModified":"2025-05-11T15:02:00+00:00","breadcrumb":{"@id":"https:\/\/tuzlainfo.ba\/index.php\/bosna-i-hercegovina\/item\/269152-rast-prihoda-koliko-se-pdv-a-prikupljalo-2006-a-koliko-danas\/#breadcrumb"},"inLanguage":"bs-BA","potentialAction":[{"@type":"ReadAction","target":["https:\/\/tuzlainfo.ba\/index.php\/bosna-i-hercegovina\/item\/269152-rast-prihoda-koliko-se-pdv-a-prikupljalo-2006-a-koliko-danas\/"]}]},{"@type":"ImageObject","inLanguage":"bs-BA","@id":"https:\/\/tuzlainfo.ba\/index.php\/bosna-i-hercegovina\/item\/269152-rast-prihoda-koliko-se-pdv-a-prikupljalo-2006-a-koliko-danas\/#primaryimage","url":"https:\/\/tuzlainfo.ba\/wp-content\/uploads\/2020\/04\/sadrzaj_2020_20200401_1504_novac.jpg","contentUrl":"https:\/\/tuzlainfo.ba\/wp-content\/uploads\/2020\/04\/sadrzaj_2020_20200401_1504_novac.jpg","width":770,"height":442,"caption":"1504 novac"},{"@type":"BreadcrumbList","@id":"https:\/\/tuzlainfo.ba\/index.php\/bosna-i-hercegovina\/item\/269152-rast-prihoda-koliko-se-pdv-a-prikupljalo-2006-a-koliko-danas\/#breadcrumb","itemListElement":[{"@type":"ListItem","position":1,"name":"Home","item":"https:\/\/tuzlainfo.ba\/"},{"@type":"ListItem","position":2,"name":"Rast prihoda: Koliko se PDV-a prikupljalo 2006., a koliko danas?"}]},{"@type":"WebSite","@id":"https:\/\/tuzlainfo.ba\/#website","url":"https:\/\/tuzlainfo.ba\/","name":"TuzlaInfo.ba","description":"Tuzla info, gradski informator - Tuzla na dlanu","publisher":{"@id":"https:\/\/tuzlainfo.ba\/#organization"},"potentialAction":[{"@type":"SearchAction","target":{"@type":"EntryPoint","urlTemplate":"https:\/\/tuzlainfo.ba\/?s={search_term_string}"},"query-input":{"@type":"PropertyValueSpecification","valueRequired":true,"valueName":"search_term_string"}}],"inLanguage":"bs-BA"},{"@type":"Organization","@id":"https:\/\/tuzlainfo.ba\/#organization","name":"TuzlaInfo.ba","url":"https:\/\/tuzlainfo.ba\/","logo":{"@type":"ImageObject","inLanguage":"bs-BA","@id":"https:\/\/tuzlainfo.ba\/#\/schema\/logo\/image\/","url":"https:\/\/tuzlainfo.ba\/wp-content\/uploads\/2021\/03\/logo-ver-3-1.png","contentUrl":"https:\/\/tuzlainfo.ba\/wp-content\/uploads\/2021\/03\/logo-ver-3-1.png","width":350,"height":95,"caption":"TuzlaInfo.ba"},"image":{"@id":"https:\/\/tuzlainfo.ba\/#\/schema\/logo\/image\/"},"sameAs":["https:\/\/www.facebook.com\/tuzlainfo.ba\/"]},{"@type":"Person","@id":"https:\/\/tuzlainfo.ba\/#\/schema\/person\/f434e20dc27ea133923aab08451b7f7f","name":"nedim","image":{"@type":"ImageObject","inLanguage":"bs-BA","@id":"https:\/\/tuzlainfo.ba\/#\/schema\/person\/image\/","url":"https:\/\/tuzlainfo.ba\/wp-content\/litespeed\/avatar\/aabad687af24844af817603ac1cbdc4f.jpg?ver=1777306975","contentUrl":"https:\/\/tuzlainfo.ba\/wp-content\/litespeed\/avatar\/aabad687af24844af817603ac1cbdc4f.jpg?ver=1777306975","caption":"nedim"},"description":"Tuzlainfo.ba pratite na dru\u0161tvenim mre\u017eama: Facebook, Instagram i Youtube. Svoje pri\u010de, upite i fotografije \u0161aljite na na\u0161u e-mail adresu."}]}},"_links":{"self":[{"href":"https:\/\/tuzlainfo.ba\/index.php\/wp-json\/wp\/v2\/posts\/269152"}],"collection":[{"href":"https:\/\/tuzlainfo.ba\/index.php\/wp-json\/wp\/v2\/posts"}],"about":[{"href":"https:\/\/tuzlainfo.ba\/index.php\/wp-json\/wp\/v2\/types\/post"}],"author":[{"embeddable":true,"href":"https:\/\/tuzlainfo.ba\/index.php\/wp-json\/wp\/v2\/users\/2"}],"replies":[{"embeddable":true,"href":"https:\/\/tuzlainfo.ba\/index.php\/wp-json\/wp\/v2\/comments?post=269152"}],"version-history":[{"count":1,"href":"https:\/\/tuzlainfo.ba\/index.php\/wp-json\/wp\/v2\/posts\/269152\/revisions"}],"predecessor-version":[{"id":269153,"href":"https:\/\/tuzlainfo.ba\/index.php\/wp-json\/wp\/v2\/posts\/269152\/revisions\/269153"}],"wp:featuredmedia":[{"embeddable":true,"href":"https:\/\/tuzlainfo.ba\/index.php\/wp-json\/wp\/v2\/media\/78616"}],"wp:attachment":[{"href":"https:\/\/tuzlainfo.ba\/index.php\/wp-json\/wp\/v2\/media?parent=269152"}],"wp:term":[{"taxonomy":"category","embeddable":true,"href":"https:\/\/tuzlainfo.ba\/index.php\/wp-json\/wp\/v2\/categories?post=269152"},{"taxonomy":"post_tag","embeddable":true,"href":"https:\/\/tuzlainfo.ba\/index.php\/wp-json\/wp\/v2\/tags?post=269152"}],"curies":[{"name":"wp","href":"https:\/\/api.w.org\/{rel}","templated":true}]}}