{"id":26905,"date":"2021-02-01T13:48:56","date_gmt":"2021-02-01T13:48:56","guid":{"rendered":"https:\/\/v2.tuzlainfo.ba\/2021\/02\/01\/naselje-brgule-bez-vode-do-sutra-u-gornjoj-tuzli-normalizacija-vodosnabdijevanja\/"},"modified":"2021-03-23T08:28:19","modified_gmt":"2021-03-23T08:28:19","slug":"naselje-brgule-bez-vode-do-sutra-u-gornjoj-tuzli-normalizacija-vodosnabdijevanja","status":"publish","type":"post","link":"https:\/\/tuzlainfo.ba\/index.php\/novosti\/item\/26905-naselje-brgule-bez-vode-do-sutra-u-gornjoj-tuzli-normalizacija-vodosnabdijevanja\/","title":{"rendered":"Naselje Brgule bez vode do sutra, u Gornjoj Tuzli normalizacija vodosnabdijevanja"},"content":{"rendered":"<p>Kako je potvr\u0111eno u JKP \u201cVodovod i kanalizacija\u201d Tuzla , naselje Brgule je bez vodosnabdijevanja zbog kvara na cjevovodu \u010dija se sanacija o\u010dekuje u utorak.<\/p>\n<p>Naselje Trnovac koje je od jutros bilo bez vode ima urednu isporuku vode, dok naselje Gornja Tuzla ima normalizaciju u vodosnabdijevanju nakon saniranog kvara.<\/p>\n<p>Pristupilo se punjenju sistema, pa se u ovom naselju o\u010dekuje da \u0107e svi objekti imati urednu isporuku vode u narednim satima.<\/p>\n<p><strong>(Tuzlainfo.ba)<\/strong><\/p>\n","protected":false},"excerpt":{"rendered":"<p>Kako je potvr\u0111eno u JKP \u201cVodovod i kanalizacija\u201d Tuzla , naselje Brgule je bez vodosnabdijevanja&hellip;<\/p>\n","protected":false},"author":3,"featured_media":86080,"comment_status":"open","ping_status":"closed","sticky":false,"template":"","format":"standard","meta":{"_acf_changed":false,"footnotes":""},"categories":[12],"tags":[],"acf":[],"yoast_head":"<!-- This site is optimized with the Yoast SEO plugin v23.5 - https:\/\/yoast.com\/wordpress\/plugins\/seo\/ -->\n<title>Naselje Brgule bez vode do sutra, u Gornjoj Tuzli normalizacija vodosnabdijevanja - TuzlaInfo.ba<\/title>\n<meta name=\"robots\" content=\"index, follow, max-snippet:-1, max-image-preview:large, max-video-preview:-1\" \/>\n<link rel=\"canonical\" href=\"https:\/\/tuzlainfo.ba\/index.php\/novosti\/item\/26905-naselje-brgule-bez-vode-do-sutra-u-gornjoj-tuzli-normalizacija-vodosnabdijevanja\/\" \/>\n<meta property=\"og:locale\" content=\"bs_BA\" \/>\n<meta property=\"og:type\" content=\"article\" \/>\n<meta property=\"og:title\" content=\"Naselje Brgule bez vode do sutra, u Gornjoj Tuzli normalizacija vodosnabdijevanja - TuzlaInfo.ba\" \/>\n<meta property=\"og:description\" content=\"Kako je potvr\u0111eno u JKP \u201cVodovod i kanalizacija\u201d Tuzla , naselje Brgule je bez vodosnabdijevanja&hellip;\" \/>\n<meta property=\"og:url\" content=\"https:\/\/tuzlainfo.ba\/index.php\/novosti\/item\/26905-naselje-brgule-bez-vode-do-sutra-u-gornjoj-tuzli-normalizacija-vodosnabdijevanja\/\" \/>\n<meta property=\"og:site_name\" content=\"TuzlaInfo.ba\" \/>\n<meta property=\"article:publisher\" content=\"https:\/\/www.facebook.com\/tuzlainfo.ba\/\" \/>\n<meta property=\"article:published_time\" content=\"2021-02-01T13:48:56+00:00\" \/>\n<meta property=\"article:modified_time\" content=\"2021-03-23T08:28:19+00:00\" \/>\n<meta property=\"og:image\" content=\"https:\/\/tuzlainfo.ba\/wp-content\/uploads\/2021\/02\/k2_items_src_fef672d2b55460b848d08b23907392a9.jpg\" \/>\n\t<meta property=\"og:image:width\" content=\"770\" \/>\n\t<meta property=\"og:image:height\" content=\"482\" \/>\n\t<meta property=\"og:image:type\" content=\"image\/jpeg\" \/>\n<meta name=\"author\" content=\"admin2\" \/>\n<meta name=\"twitter:card\" content=\"summary_large_image\" \/>\n<meta name=\"twitter:label1\" content=\"Written by\" \/>\n\t<meta name=\"twitter:data1\" content=\"admin2\" \/>\n<script type=\"application\/ld+json\" class=\"yoast-schema-graph\">{\"@context\":\"https:\/\/schema.org\",\"@graph\":[{\"@type\":\"Article\",\"@id\":\"https:\/\/tuzlainfo.ba\/index.php\/novosti\/item\/26905-naselje-brgule-bez-vode-do-sutra-u-gornjoj-tuzli-normalizacija-vodosnabdijevanja\/#article\",\"isPartOf\":{\"@id\":\"https:\/\/tuzlainfo.ba\/index.php\/novosti\/item\/26905-naselje-brgule-bez-vode-do-sutra-u-gornjoj-tuzli-normalizacija-vodosnabdijevanja\/\"},\"author\":{\"name\":\"admin2\",\"@id\":\"https:\/\/tuzlainfo.ba\/#\/schema\/person\/f4ebe4fff27e68efb65fa7e18f8af372\"},\"headline\":\"Naselje Brgule bez vode do sutra, u Gornjoj Tuzli normalizacija vodosnabdijevanja\",\"datePublished\":\"2021-02-01T13:48:56+00:00\",\"dateModified\":\"2021-03-23T08:28:19+00:00\",\"mainEntityOfPage\":{\"@id\":\"https:\/\/tuzlainfo.ba\/index.php\/novosti\/item\/26905-naselje-brgule-bez-vode-do-sutra-u-gornjoj-tuzli-normalizacija-vodosnabdijevanja\/\"},\"wordCount\":85,\"commentCount\":0,\"publisher\":{\"@id\":\"https:\/\/tuzlainfo.ba\/#organization\"},\"image\":{\"@id\":\"https:\/\/tuzlainfo.ba\/index.php\/novosti\/item\/26905-naselje-brgule-bez-vode-do-sutra-u-gornjoj-tuzli-normalizacija-vodosnabdijevanja\/#primaryimage\"},\"thumbnailUrl\":\"https:\/\/tuzlainfo.ba\/wp-content\/uploads\/2021\/02\/k2_items_src_fef672d2b55460b848d08b23907392a9.jpg\",\"articleSection\":[\"Novosti\"],\"inLanguage\":\"bs-BA\"},{\"@type\":\"WebPage\",\"@id\":\"https:\/\/tuzlainfo.ba\/index.php\/novosti\/item\/26905-naselje-brgule-bez-vode-do-sutra-u-gornjoj-tuzli-normalizacija-vodosnabdijevanja\/\",\"url\":\"https:\/\/tuzlainfo.ba\/index.php\/novosti\/item\/26905-naselje-brgule-bez-vode-do-sutra-u-gornjoj-tuzli-normalizacija-vodosnabdijevanja\/\",\"name\":\"Naselje Brgule bez vode do sutra, u Gornjoj Tuzli normalizacija vodosnabdijevanja - TuzlaInfo.ba\",\"isPartOf\":{\"@id\":\"https:\/\/tuzlainfo.ba\/#website\"},\"primaryImageOfPage\":{\"@id\":\"https:\/\/tuzlainfo.ba\/index.php\/novosti\/item\/26905-naselje-brgule-bez-vode-do-sutra-u-gornjoj-tuzli-normalizacija-vodosnabdijevanja\/#primaryimage\"},\"image\":{\"@id\":\"https:\/\/tuzlainfo.ba\/index.php\/novosti\/item\/26905-naselje-brgule-bez-vode-do-sutra-u-gornjoj-tuzli-normalizacija-vodosnabdijevanja\/#primaryimage\"},\"thumbnailUrl\":\"https:\/\/tuzlainfo.ba\/wp-content\/uploads\/2021\/02\/k2_items_src_fef672d2b55460b848d08b23907392a9.jpg\",\"datePublished\":\"2021-02-01T13:48:56+00:00\",\"dateModified\":\"2021-03-23T08:28:19+00:00\",\"breadcrumb\":{\"@id\":\"https:\/\/tuzlainfo.ba\/index.php\/novosti\/item\/26905-naselje-brgule-bez-vode-do-sutra-u-gornjoj-tuzli-normalizacija-vodosnabdijevanja\/#breadcrumb\"},\"inLanguage\":\"bs-BA\",\"potentialAction\":[{\"@type\":\"ReadAction\",\"target\":[\"https:\/\/tuzlainfo.ba\/index.php\/novosti\/item\/26905-naselje-brgule-bez-vode-do-sutra-u-gornjoj-tuzli-normalizacija-vodosnabdijevanja\/\"]}]},{\"@type\":\"ImageObject\",\"inLanguage\":\"bs-BA\",\"@id\":\"https:\/\/tuzlainfo.ba\/index.php\/novosti\/item\/26905-naselje-brgule-bez-vode-do-sutra-u-gornjoj-tuzli-normalizacija-vodosnabdijevanja\/#primaryimage\",\"url\":\"https:\/\/tuzlainfo.ba\/wp-content\/uploads\/2021\/02\/k2_items_src_fef672d2b55460b848d08b23907392a9.jpg\",\"contentUrl\":\"https:\/\/tuzlainfo.ba\/wp-content\/uploads\/2021\/02\/k2_items_src_fef672d2b55460b848d08b23907392a9.jpg\",\"width\":770,\"height\":482},{\"@type\":\"BreadcrumbList\",\"@id\":\"https:\/\/tuzlainfo.ba\/index.php\/novosti\/item\/26905-naselje-brgule-bez-vode-do-sutra-u-gornjoj-tuzli-normalizacija-vodosnabdijevanja\/#breadcrumb\",\"itemListElement\":[{\"@type\":\"ListItem\",\"position\":1,\"name\":\"Home\",\"item\":\"https:\/\/tuzlainfo.ba\/\"},{\"@type\":\"ListItem\",\"position\":2,\"name\":\"Naselje Brgule bez vode do sutra, u Gornjoj Tuzli normalizacija vodosnabdijevanja\"}]},{\"@type\":\"WebSite\",\"@id\":\"https:\/\/tuzlainfo.ba\/#website\",\"url\":\"https:\/\/tuzlainfo.ba\/\",\"name\":\"TuzlaInfo.ba\",\"description\":\"Tuzla info, gradski informator - Tuzla na dlanu\",\"publisher\":{\"@id\":\"https:\/\/tuzlainfo.ba\/#organization\"},\"potentialAction\":[{\"@type\":\"SearchAction\",\"target\":{\"@type\":\"EntryPoint\",\"urlTemplate\":\"https:\/\/tuzlainfo.ba\/?s={search_term_string}\"},\"query-input\":{\"@type\":\"PropertyValueSpecification\",\"valueRequired\":true,\"valueName\":\"search_term_string\"}}],\"inLanguage\":\"bs-BA\"},{\"@type\":\"Organization\",\"@id\":\"https:\/\/tuzlainfo.ba\/#organization\",\"name\":\"TuzlaInfo.ba\",\"url\":\"https:\/\/tuzlainfo.ba\/\",\"logo\":{\"@type\":\"ImageObject\",\"inLanguage\":\"bs-BA\",\"@id\":\"https:\/\/tuzlainfo.ba\/#\/schema\/logo\/image\/\",\"url\":\"https:\/\/tuzlainfo.ba\/wp-content\/uploads\/2021\/03\/logo-ver-3-1.png\",\"contentUrl\":\"https:\/\/tuzlainfo.ba\/wp-content\/uploads\/2021\/03\/logo-ver-3-1.png\",\"width\":350,\"height\":95,\"caption\":\"TuzlaInfo.ba\"},\"image\":{\"@id\":\"https:\/\/tuzlainfo.ba\/#\/schema\/logo\/image\/\"},\"sameAs\":[\"https:\/\/www.facebook.com\/tuzlainfo.ba\/\"]},{\"@type\":\"Person\",\"@id\":\"https:\/\/tuzlainfo.ba\/#\/schema\/person\/f4ebe4fff27e68efb65fa7e18f8af372\",\"name\":\"admin2\",\"image\":{\"@type\":\"ImageObject\",\"inLanguage\":\"bs-BA\",\"@id\":\"https:\/\/tuzlainfo.ba\/#\/schema\/person\/image\/\",\"url\":\"https:\/\/tuzlainfo.ba\/wp-content\/litespeed\/avatar\/8219eeb9a43cff2d096e773737736f62.jpg?ver=1777309398\",\"contentUrl\":\"https:\/\/tuzlainfo.ba\/wp-content\/litespeed\/avatar\/8219eeb9a43cff2d096e773737736f62.jpg?ver=1777309398\",\"caption\":\"admin2\"},\"description\":\"Tuzlainfo.ba pratite na dru\u0161tvenim mre\u017eama: Facebook, Instagram i Youtube. Svoje pri\u010de, upite i fotografije \u0161aljite na na\u0161u e-mail adresu.\",\"sameAs\":[\"admin\"]}]}<\/script>\n<!-- \/ Yoast SEO plugin. -->","yoast_head_json":{"title":"Naselje Brgule bez vode do sutra, u Gornjoj Tuzli normalizacija vodosnabdijevanja - TuzlaInfo.ba","robots":{"index":"index","follow":"follow","max-snippet":"max-snippet:-1","max-image-preview":"max-image-preview:large","max-video-preview":"max-video-preview:-1"},"canonical":"https:\/\/tuzlainfo.ba\/index.php\/novosti\/item\/26905-naselje-brgule-bez-vode-do-sutra-u-gornjoj-tuzli-normalizacija-vodosnabdijevanja\/","og_locale":"bs_BA","og_type":"article","og_title":"Naselje Brgule bez vode do sutra, u Gornjoj Tuzli normalizacija vodosnabdijevanja - TuzlaInfo.ba","og_description":"Kako je potvr\u0111eno u JKP \u201cVodovod i kanalizacija\u201d Tuzla , naselje Brgule je bez vodosnabdijevanja&hellip;","og_url":"https:\/\/tuzlainfo.ba\/index.php\/novosti\/item\/26905-naselje-brgule-bez-vode-do-sutra-u-gornjoj-tuzli-normalizacija-vodosnabdijevanja\/","og_site_name":"TuzlaInfo.ba","article_publisher":"https:\/\/www.facebook.com\/tuzlainfo.ba\/","article_published_time":"2021-02-01T13:48:56+00:00","article_modified_time":"2021-03-23T08:28:19+00:00","og_image":[{"width":770,"height":482,"url":"https:\/\/tuzlainfo.ba\/wp-content\/uploads\/2021\/02\/k2_items_src_fef672d2b55460b848d08b23907392a9.jpg","type":"image\/jpeg"}],"author":"admin2","twitter_card":"summary_large_image","twitter_misc":{"Written by":"admin2"},"schema":{"@context":"https:\/\/schema.org","@graph":[{"@type":"Article","@id":"https:\/\/tuzlainfo.ba\/index.php\/novosti\/item\/26905-naselje-brgule-bez-vode-do-sutra-u-gornjoj-tuzli-normalizacija-vodosnabdijevanja\/#article","isPartOf":{"@id":"https:\/\/tuzlainfo.ba\/index.php\/novosti\/item\/26905-naselje-brgule-bez-vode-do-sutra-u-gornjoj-tuzli-normalizacija-vodosnabdijevanja\/"},"author":{"name":"admin2","@id":"https:\/\/tuzlainfo.ba\/#\/schema\/person\/f4ebe4fff27e68efb65fa7e18f8af372"},"headline":"Naselje Brgule bez vode do sutra, u Gornjoj Tuzli normalizacija vodosnabdijevanja","datePublished":"2021-02-01T13:48:56+00:00","dateModified":"2021-03-23T08:28:19+00:00","mainEntityOfPage":{"@id":"https:\/\/tuzlainfo.ba\/index.php\/novosti\/item\/26905-naselje-brgule-bez-vode-do-sutra-u-gornjoj-tuzli-normalizacija-vodosnabdijevanja\/"},"wordCount":85,"commentCount":0,"publisher":{"@id":"https:\/\/tuzlainfo.ba\/#organization"},"image":{"@id":"https:\/\/tuzlainfo.ba\/index.php\/novosti\/item\/26905-naselje-brgule-bez-vode-do-sutra-u-gornjoj-tuzli-normalizacija-vodosnabdijevanja\/#primaryimage"},"thumbnailUrl":"https:\/\/tuzlainfo.ba\/wp-content\/uploads\/2021\/02\/k2_items_src_fef672d2b55460b848d08b23907392a9.jpg","articleSection":["Novosti"],"inLanguage":"bs-BA"},{"@type":"WebPage","@id":"https:\/\/tuzlainfo.ba\/index.php\/novosti\/item\/26905-naselje-brgule-bez-vode-do-sutra-u-gornjoj-tuzli-normalizacija-vodosnabdijevanja\/","url":"https:\/\/tuzlainfo.ba\/index.php\/novosti\/item\/26905-naselje-brgule-bez-vode-do-sutra-u-gornjoj-tuzli-normalizacija-vodosnabdijevanja\/","name":"Naselje Brgule bez vode do sutra, u Gornjoj Tuzli normalizacija vodosnabdijevanja - TuzlaInfo.ba","isPartOf":{"@id":"https:\/\/tuzlainfo.ba\/#website"},"primaryImageOfPage":{"@id":"https:\/\/tuzlainfo.ba\/index.php\/novosti\/item\/26905-naselje-brgule-bez-vode-do-sutra-u-gornjoj-tuzli-normalizacija-vodosnabdijevanja\/#primaryimage"},"image":{"@id":"https:\/\/tuzlainfo.ba\/index.php\/novosti\/item\/26905-naselje-brgule-bez-vode-do-sutra-u-gornjoj-tuzli-normalizacija-vodosnabdijevanja\/#primaryimage"},"thumbnailUrl":"https:\/\/tuzlainfo.ba\/wp-content\/uploads\/2021\/02\/k2_items_src_fef672d2b55460b848d08b23907392a9.jpg","datePublished":"2021-02-01T13:48:56+00:00","dateModified":"2021-03-23T08:28:19+00:00","breadcrumb":{"@id":"https:\/\/tuzlainfo.ba\/index.php\/novosti\/item\/26905-naselje-brgule-bez-vode-do-sutra-u-gornjoj-tuzli-normalizacija-vodosnabdijevanja\/#breadcrumb"},"inLanguage":"bs-BA","potentialAction":[{"@type":"ReadAction","target":["https:\/\/tuzlainfo.ba\/index.php\/novosti\/item\/26905-naselje-brgule-bez-vode-do-sutra-u-gornjoj-tuzli-normalizacija-vodosnabdijevanja\/"]}]},{"@type":"ImageObject","inLanguage":"bs-BA","@id":"https:\/\/tuzlainfo.ba\/index.php\/novosti\/item\/26905-naselje-brgule-bez-vode-do-sutra-u-gornjoj-tuzli-normalizacija-vodosnabdijevanja\/#primaryimage","url":"https:\/\/tuzlainfo.ba\/wp-content\/uploads\/2021\/02\/k2_items_src_fef672d2b55460b848d08b23907392a9.jpg","contentUrl":"https:\/\/tuzlainfo.ba\/wp-content\/uploads\/2021\/02\/k2_items_src_fef672d2b55460b848d08b23907392a9.jpg","width":770,"height":482},{"@type":"BreadcrumbList","@id":"https:\/\/tuzlainfo.ba\/index.php\/novosti\/item\/26905-naselje-brgule-bez-vode-do-sutra-u-gornjoj-tuzli-normalizacija-vodosnabdijevanja\/#breadcrumb","itemListElement":[{"@type":"ListItem","position":1,"name":"Home","item":"https:\/\/tuzlainfo.ba\/"},{"@type":"ListItem","position":2,"name":"Naselje Brgule bez vode do sutra, u Gornjoj Tuzli normalizacija vodosnabdijevanja"}]},{"@type":"WebSite","@id":"https:\/\/tuzlainfo.ba\/#website","url":"https:\/\/tuzlainfo.ba\/","name":"TuzlaInfo.ba","description":"Tuzla info, gradski informator - Tuzla na dlanu","publisher":{"@id":"https:\/\/tuzlainfo.ba\/#organization"},"potentialAction":[{"@type":"SearchAction","target":{"@type":"EntryPoint","urlTemplate":"https:\/\/tuzlainfo.ba\/?s={search_term_string}"},"query-input":{"@type":"PropertyValueSpecification","valueRequired":true,"valueName":"search_term_string"}}],"inLanguage":"bs-BA"},{"@type":"Organization","@id":"https:\/\/tuzlainfo.ba\/#organization","name":"TuzlaInfo.ba","url":"https:\/\/tuzlainfo.ba\/","logo":{"@type":"ImageObject","inLanguage":"bs-BA","@id":"https:\/\/tuzlainfo.ba\/#\/schema\/logo\/image\/","url":"https:\/\/tuzlainfo.ba\/wp-content\/uploads\/2021\/03\/logo-ver-3-1.png","contentUrl":"https:\/\/tuzlainfo.ba\/wp-content\/uploads\/2021\/03\/logo-ver-3-1.png","width":350,"height":95,"caption":"TuzlaInfo.ba"},"image":{"@id":"https:\/\/tuzlainfo.ba\/#\/schema\/logo\/image\/"},"sameAs":["https:\/\/www.facebook.com\/tuzlainfo.ba\/"]},{"@type":"Person","@id":"https:\/\/tuzlainfo.ba\/#\/schema\/person\/f4ebe4fff27e68efb65fa7e18f8af372","name":"admin2","image":{"@type":"ImageObject","inLanguage":"bs-BA","@id":"https:\/\/tuzlainfo.ba\/#\/schema\/person\/image\/","url":"https:\/\/tuzlainfo.ba\/wp-content\/litespeed\/avatar\/8219eeb9a43cff2d096e773737736f62.jpg?ver=1777309398","contentUrl":"https:\/\/tuzlainfo.ba\/wp-content\/litespeed\/avatar\/8219eeb9a43cff2d096e773737736f62.jpg?ver=1777309398","caption":"admin2"},"description":"Tuzlainfo.ba pratite na dru\u0161tvenim mre\u017eama: Facebook, Instagram i Youtube. Svoje pri\u010de, upite i fotografije \u0161aljite na na\u0161u e-mail adresu.","sameAs":["admin"]}]}},"_links":{"self":[{"href":"https:\/\/tuzlainfo.ba\/index.php\/wp-json\/wp\/v2\/posts\/26905"}],"collection":[{"href":"https:\/\/tuzlainfo.ba\/index.php\/wp-json\/wp\/v2\/posts"}],"about":[{"href":"https:\/\/tuzlainfo.ba\/index.php\/wp-json\/wp\/v2\/types\/post"}],"author":[{"embeddable":true,"href":"https:\/\/tuzlainfo.ba\/index.php\/wp-json\/wp\/v2\/users\/3"}],"replies":[{"embeddable":true,"href":"https:\/\/tuzlainfo.ba\/index.php\/wp-json\/wp\/v2\/comments?post=26905"}],"version-history":[{"count":0,"href":"https:\/\/tuzlainfo.ba\/index.php\/wp-json\/wp\/v2\/posts\/26905\/revisions"}],"wp:featuredmedia":[{"embeddable":true,"href":"https:\/\/tuzlainfo.ba\/index.php\/wp-json\/wp\/v2\/media\/86080"}],"wp:attachment":[{"href":"https:\/\/tuzlainfo.ba\/index.php\/wp-json\/wp\/v2\/media?parent=26905"}],"wp:term":[{"taxonomy":"category","embeddable":true,"href":"https:\/\/tuzlainfo.ba\/index.php\/wp-json\/wp\/v2\/categories?post=26905"},{"taxonomy":"post_tag","embeddable":true,"href":"https:\/\/tuzlainfo.ba\/index.php\/wp-json\/wp\/v2\/tags?post=26905"}],"curies":[{"name":"wp","href":"https:\/\/api.w.org\/{rel}","templated":true}]}}