{"id":268945,"date":"2025-05-08T17:03:59","date_gmt":"2025-05-08T15:03:59","guid":{"rendered":"https:\/\/tuzlainfo.ba\/?p=268945"},"modified":"2025-05-08T13:57:37","modified_gmt":"2025-05-08T11:57:37","slug":"stizu-nova-pdv-pravila-u-bih-sta-sve-mijenja-novi-pravilnik","status":"publish","type":"post","link":"https:\/\/tuzlainfo.ba\/index.php\/bosna-i-hercegovina\/item\/268945-stizu-nova-pdv-pravila-u-bih-sta-sve-mijenja-novi-pravilnik\/","title":{"rendered":"Sti\u017eu nova PDV pravila u BiH: \u0160ta sve mijenja novi Pravilnik?"},"content":{"rendered":"<p>Upravni odbor Uprave za indirektno oporezivanje BiH usvojio je\u00a0<a href=\"https:\/\/www.akta.ba\/legislativa\/190750\/izmjene-i-dopune-pravilnika-o-primjeni-zakona-o-porezu-na-dodanu-vrijednost\" target=\"_blank\" rel=\"noopener\">Pravilnik<\/a>\u00a0o izmjenama i dopunama Pravilnika o primjeni Zakona o porezu na dodanu vrijednost, kojim se uvode brojna i zna\u010dajna a\u017euriranja u sistem PDV-a,\u00a0<a href=\"https:\/\/www.akta.ba\/vijesti\/bih\/190793\/vazne-izmjene-u-pdv-sistemu-bih-sta-firme-i-racunovode-moraju-znati-do-augusta-2\"><strong>pi\u0161e Akta.ba.<\/strong><\/a><\/p>\n<p>Pravilnik je donesen na 9. sjednici odr\u017eanoj 14. aprila 2025. godine, a primjena po\u010dinje od 6. augusta 2025. godine, nakon isteka roka od 90 dana od dana stupanja na snagu.<\/p>\n<p><em>U nastavku donosimo detaljan pregled klju\u010dnih izmjena.<\/em><\/p>\n<p><strong>Specijalni alati \u2013 novi kriteriji za sporedni promet<\/strong><\/p>\n<p>Dodaje se novi stav kojim se promet specijalnih alata izme\u0111u doma\u0107ih i stranih subjekata, uz ispunjenje odre\u0111enih uslova, tretira kao sporedni promet. Alati moraju biti kori\u0161teni isklju\u010divo za izvoznu proizvodnju i izvezeni nakon upotrebe, uz obavezu obavje\u0161tavanja UIO u roku od osam dana.<\/p>\n<p><strong>Razmjena elektri\u010dne energije iz obnovljivih izvora \u2013 izuzeta iz PDV-a<\/strong><\/p>\n<p>Nova odredba precizira da se me\u0111usobna razmjena elektri\u010dne energije unutar distributivnog sistema izme\u0111u poreznog obveznika i fizi\u010dkog lica koje proizvodi energiju za vlastite potrebe iz obnovljivih izvora ne smatra razmjenom u smislu PDV-a.<\/p>\n<p><strong>Otpis zaliha \u2013 fleksibilnija procedura<\/strong><\/p>\n<p>U slu\u010daju uni\u0161tenja zaliha zbog isteka roka trajanja, nije vi\u0161e potrebna Sanitarna inspekcija, ve\u0107 bilo koji nadle\u017eni organ, uz obavezno prethodno pismeno obavje\u0161tavanje UIO najmanje sedam dana prije uni\u0161tenja.<\/p>\n<p><strong>Pokloni male vrijednosti \u2013 dodatna poja\u0161njenja<\/strong><\/p>\n<p>Izmjenama se precizira da pokloni male vrijednosti ne smiju biti iz proizvodno-prodajnog asortimana obveznika, a uvodi se i obaveza vo\u0111enja evidencije o davanju poklona u poreskom periodu.<\/p>\n<p><strong>Jasnije definisane elektronske usluge<\/strong><\/p>\n<p>Zna\u010dajne izmjene unose se u definiciju elektronski isporu\u010denih usluga. Izri\u010dito se navode usluge kao \u0161to su:<\/p>\n<p>Web hosting i serverski prostor,<\/p>\n<p>Nabavka i a\u017euriranje softvera,<\/p>\n<p>Baze podataka i digitalni sadr\u017eaji (muzika, filmovi, igre),<\/p>\n<p>Online edukacije.<\/p>\n<p>Ove usluge ne podlije\u017eu oporezivanju u BiH ako su pru\u017eene licima izvan BiH, uz obavezu dokumentacije o prebivali\u0161tu primalaca.<\/p>\n<p><strong>Povrat PDV-a me\u0111unarodnim i diplomatskim subjektima<\/strong><\/p>\n<p>Detaljno je razra\u0111en postupak za ostvarivanje prava na povrat PDV-a me\u0111unarodnim organizacijama i diplomatskim predstavni\u0161tvima:<\/p>\n<p>Uvode se novi obrasci: CD-PDV 1 i CD-PDV 1M,<\/p>\n<p>Jasno su navedeni uslovi, ograni\u010denja i dokumentacija,<\/p>\n<p>Povrat se ne odobrava za odre\u0111ene artikle (duhan, alkohol, restorani, hoteli),<\/p>\n<p>Ukupni godi\u0161nji povrat fizi\u010dkim licima ograni\u010den je na 1.200 KM, osim za vozila.<\/p>\n<p><strong>Povrat PDV-a stranim dr\u017eavljanima \u2013 stro\u017ea evidencija<\/strong><\/p>\n<p>Precizira se procedura za povrat PDV-a stranim fizi\u010dkim licima koja iznose robu iz BiH:<\/p>\n<p>Potvr\u0111uje se identitet na osnovu paso\u0161a ili li\u010dne karte,<\/p>\n<p>Povrat se odobrava za kupovine iznad 200 KM,<\/p>\n<p>Uveden je jedinstveni evidencioni broj koji izdaje UIO i koji mora biti upisan u obrazac PDV-SL-2.<\/p>\n<p><strong>Stalna imovina kupljena prije registracije \u2013 mogu\u0107e ostvarenje PDV odbitka<\/strong><\/p>\n<p>Novi \u010dlan Pravilnika omogu\u0107ava novim PDV obveznicima da ostvare pravo na odbitak ulaznog PDV-a za stalnu imovinu nabavljenu do godinu dana prije registracije. Za to je potrebna detaljna dokumentacija, uklju\u010duju\u0107i specifikaciju, fakture i izjavu o upotrebi.<\/p>\n<p><strong>Odbitak i pla\u0107anje PDV-a<\/strong><\/p>\n<p>PDV se ubudu\u0107e pla\u0107a u decimalnim brojevima zaokru\u017eenim na dvije decimale.<\/p>\n<p>Odbitak ulaznog poreza se priznaje najranije u poreznom periodu kada su ispunjeni uslovi.<\/p>\n<p>Ove izmjene Pravilnika imaju za cilj modernizaciju, preciziranje i efikasnije upravljanje sistemom PDV-a u BiH, uz ja\u010du kontrolu i bolju definisanost obaveza poreznih obveznika. Poseban fokus stavljen je na digitalne usluge, me\u0111unarodne projekte, pravnu sigurnost i transparentnost.<\/p>\n<p>Primjena Pravilnika po\u010dinje<strong>\u00a06. augusta 2025. godine.<\/strong><\/p>\n<p>Za sve obveznike PDV-a i ra\u010dunovo\u0111e, preporu\u010duje se da pravovremeno analiziraju izmjene i usklade svoje interne procese s novim pravilima.<\/p>\n","protected":false},"excerpt":{"rendered":"<p>Upravni odbor Uprave za indirektno oporezivanje BiH usvojio je\u00a0Pravilnik\u00a0o izmjenama i dopunama Pravilnika o primjeni&hellip;<\/p>\n","protected":false},"author":4,"featured_media":67150,"comment_status":"closed","ping_status":"closed","sticky":false,"template":"","format":"standard","meta":{"_acf_changed":false,"footnotes":""},"categories":[291,304],"tags":[3013,12179],"acf":[],"yoast_head":"<!-- This site is optimized with the Yoast SEO plugin v23.5 - https:\/\/yoast.com\/wordpress\/plugins\/seo\/ -->\n<title>Sti\u017eu nova PDV pravila u BiH: \u0160ta sve mijenja novi Pravilnik? - TuzlaInfo.ba<\/title>\n<meta name=\"robots\" content=\"index, follow, max-snippet:-1, max-image-preview:large, max-video-preview:-1\" \/>\n<link rel=\"canonical\" href=\"https:\/\/tuzlainfo.ba\/index.php\/bosna-i-hercegovina\/item\/268945-stizu-nova-pdv-pravila-u-bih-sta-sve-mijenja-novi-pravilnik\/\" \/>\n<meta property=\"og:locale\" content=\"bs_BA\" \/>\n<meta property=\"og:type\" content=\"article\" \/>\n<meta property=\"og:title\" content=\"Sti\u017eu nova PDV pravila u BiH: \u0160ta sve mijenja novi Pravilnik? - TuzlaInfo.ba\" \/>\n<meta property=\"og:description\" content=\"Upravni odbor Uprave za indirektno oporezivanje BiH usvojio je\u00a0Pravilnik\u00a0o izmjenama i dopunama Pravilnika o primjeni&hellip;\" \/>\n<meta property=\"og:url\" content=\"https:\/\/tuzlainfo.ba\/index.php\/bosna-i-hercegovina\/item\/268945-stizu-nova-pdv-pravila-u-bih-sta-sve-mijenja-novi-pravilnik\/\" \/>\n<meta property=\"og:site_name\" content=\"TuzlaInfo.ba\" \/>\n<meta property=\"article:publisher\" content=\"https:\/\/www.facebook.com\/tuzlainfo.ba\/\" \/>\n<meta property=\"article:published_time\" content=\"2025-05-08T15:03:59+00:00\" \/>\n<meta property=\"article:modified_time\" content=\"2025-05-08T11:57:37+00:00\" \/>\n<meta property=\"og:image\" content=\"https:\/\/tuzlainfo.ba\/wp-content\/uploads\/2019\/01\/sadrzaj_2019_20190102_1901_pdv_prijava.jpg\" \/>\n\t<meta property=\"og:image:width\" content=\"770\" \/>\n\t<meta property=\"og:image:height\" content=\"577\" \/>\n\t<meta property=\"og:image:type\" content=\"image\/jpeg\" \/>\n<meta name=\"author\" content=\"Tuzla Info\" \/>\n<meta name=\"twitter:card\" content=\"summary_large_image\" \/>\n<meta name=\"twitter:label1\" content=\"Written by\" \/>\n\t<meta name=\"twitter:data1\" content=\"Tuzla Info\" \/>\n\t<meta name=\"twitter:label2\" content=\"Est. reading time\" \/>\n\t<meta name=\"twitter:data2\" content=\"4 minute\" \/>\n<script type=\"application\/ld+json\" class=\"yoast-schema-graph\">{\"@context\":\"https:\/\/schema.org\",\"@graph\":[{\"@type\":\"Article\",\"@id\":\"https:\/\/tuzlainfo.ba\/index.php\/bosna-i-hercegovina\/item\/268945-stizu-nova-pdv-pravila-u-bih-sta-sve-mijenja-novi-pravilnik\/#article\",\"isPartOf\":{\"@id\":\"https:\/\/tuzlainfo.ba\/index.php\/bosna-i-hercegovina\/item\/268945-stizu-nova-pdv-pravila-u-bih-sta-sve-mijenja-novi-pravilnik\/\"},\"author\":{\"name\":\"Tuzla Info\",\"@id\":\"https:\/\/tuzlainfo.ba\/#\/schema\/person\/46cad4c57790cbc50781edd14870825a\"},\"headline\":\"Sti\u017eu nova PDV pravila u BiH: \u0160ta sve mijenja novi Pravilnik?\",\"datePublished\":\"2025-05-08T15:03:59+00:00\",\"dateModified\":\"2025-05-08T11:57:37+00:00\",\"mainEntityOfPage\":{\"@id\":\"https:\/\/tuzlainfo.ba\/index.php\/bosna-i-hercegovina\/item\/268945-stizu-nova-pdv-pravila-u-bih-sta-sve-mijenja-novi-pravilnik\/\"},\"wordCount\":602,\"publisher\":{\"@id\":\"https:\/\/tuzlainfo.ba\/#organization\"},\"image\":{\"@id\":\"https:\/\/tuzlainfo.ba\/index.php\/bosna-i-hercegovina\/item\/268945-stizu-nova-pdv-pravila-u-bih-sta-sve-mijenja-novi-pravilnik\/#primaryimage\"},\"thumbnailUrl\":\"https:\/\/tuzlainfo.ba\/wp-content\/uploads\/2019\/01\/sadrzaj_2019_20190102_1901_pdv_prijava.jpg\",\"keywords\":[\"PDV\",\"pdv pravila\"],\"articleSection\":[\"Bosna i Hercegovina\",\"Istaknuto\"],\"inLanguage\":\"bs-BA\"},{\"@type\":\"WebPage\",\"@id\":\"https:\/\/tuzlainfo.ba\/index.php\/bosna-i-hercegovina\/item\/268945-stizu-nova-pdv-pravila-u-bih-sta-sve-mijenja-novi-pravilnik\/\",\"url\":\"https:\/\/tuzlainfo.ba\/index.php\/bosna-i-hercegovina\/item\/268945-stizu-nova-pdv-pravila-u-bih-sta-sve-mijenja-novi-pravilnik\/\",\"name\":\"Sti\u017eu nova PDV pravila u BiH: \u0160ta sve mijenja novi Pravilnik? - TuzlaInfo.ba\",\"isPartOf\":{\"@id\":\"https:\/\/tuzlainfo.ba\/#website\"},\"primaryImageOfPage\":{\"@id\":\"https:\/\/tuzlainfo.ba\/index.php\/bosna-i-hercegovina\/item\/268945-stizu-nova-pdv-pravila-u-bih-sta-sve-mijenja-novi-pravilnik\/#primaryimage\"},\"image\":{\"@id\":\"https:\/\/tuzlainfo.ba\/index.php\/bosna-i-hercegovina\/item\/268945-stizu-nova-pdv-pravila-u-bih-sta-sve-mijenja-novi-pravilnik\/#primaryimage\"},\"thumbnailUrl\":\"https:\/\/tuzlainfo.ba\/wp-content\/uploads\/2019\/01\/sadrzaj_2019_20190102_1901_pdv_prijava.jpg\",\"datePublished\":\"2025-05-08T15:03:59+00:00\",\"dateModified\":\"2025-05-08T11:57:37+00:00\",\"breadcrumb\":{\"@id\":\"https:\/\/tuzlainfo.ba\/index.php\/bosna-i-hercegovina\/item\/268945-stizu-nova-pdv-pravila-u-bih-sta-sve-mijenja-novi-pravilnik\/#breadcrumb\"},\"inLanguage\":\"bs-BA\",\"potentialAction\":[{\"@type\":\"ReadAction\",\"target\":[\"https:\/\/tuzlainfo.ba\/index.php\/bosna-i-hercegovina\/item\/268945-stizu-nova-pdv-pravila-u-bih-sta-sve-mijenja-novi-pravilnik\/\"]}]},{\"@type\":\"ImageObject\",\"inLanguage\":\"bs-BA\",\"@id\":\"https:\/\/tuzlainfo.ba\/index.php\/bosna-i-hercegovina\/item\/268945-stizu-nova-pdv-pravila-u-bih-sta-sve-mijenja-novi-pravilnik\/#primaryimage\",\"url\":\"https:\/\/tuzlainfo.ba\/wp-content\/uploads\/2019\/01\/sadrzaj_2019_20190102_1901_pdv_prijava.jpg\",\"contentUrl\":\"https:\/\/tuzlainfo.ba\/wp-content\/uploads\/2019\/01\/sadrzaj_2019_20190102_1901_pdv_prijava.jpg\",\"width\":770,\"height\":577,\"caption\":\"1901 pdv prijava\"},{\"@type\":\"BreadcrumbList\",\"@id\":\"https:\/\/tuzlainfo.ba\/index.php\/bosna-i-hercegovina\/item\/268945-stizu-nova-pdv-pravila-u-bih-sta-sve-mijenja-novi-pravilnik\/#breadcrumb\",\"itemListElement\":[{\"@type\":\"ListItem\",\"position\":1,\"name\":\"Home\",\"item\":\"https:\/\/tuzlainfo.ba\/\"},{\"@type\":\"ListItem\",\"position\":2,\"name\":\"Sti\u017eu nova PDV pravila u BiH: \u0160ta sve mijenja novi Pravilnik?\"}]},{\"@type\":\"WebSite\",\"@id\":\"https:\/\/tuzlainfo.ba\/#website\",\"url\":\"https:\/\/tuzlainfo.ba\/\",\"name\":\"TuzlaInfo.ba\",\"description\":\"Tuzla info, gradski informator - Tuzla na dlanu\",\"publisher\":{\"@id\":\"https:\/\/tuzlainfo.ba\/#organization\"},\"potentialAction\":[{\"@type\":\"SearchAction\",\"target\":{\"@type\":\"EntryPoint\",\"urlTemplate\":\"https:\/\/tuzlainfo.ba\/?s={search_term_string}\"},\"query-input\":{\"@type\":\"PropertyValueSpecification\",\"valueRequired\":true,\"valueName\":\"search_term_string\"}}],\"inLanguage\":\"bs-BA\"},{\"@type\":\"Organization\",\"@id\":\"https:\/\/tuzlainfo.ba\/#organization\",\"name\":\"TuzlaInfo.ba\",\"url\":\"https:\/\/tuzlainfo.ba\/\",\"logo\":{\"@type\":\"ImageObject\",\"inLanguage\":\"bs-BA\",\"@id\":\"https:\/\/tuzlainfo.ba\/#\/schema\/logo\/image\/\",\"url\":\"https:\/\/tuzlainfo.ba\/wp-content\/uploads\/2021\/03\/logo-ver-3-1.png\",\"contentUrl\":\"https:\/\/tuzlainfo.ba\/wp-content\/uploads\/2021\/03\/logo-ver-3-1.png\",\"width\":350,\"height\":95,\"caption\":\"TuzlaInfo.ba\"},\"image\":{\"@id\":\"https:\/\/tuzlainfo.ba\/#\/schema\/logo\/image\/\"},\"sameAs\":[\"https:\/\/www.facebook.com\/tuzlainfo.ba\/\"]},{\"@type\":\"Person\",\"@id\":\"https:\/\/tuzlainfo.ba\/#\/schema\/person\/46cad4c57790cbc50781edd14870825a\",\"name\":\"Tuzla Info\",\"image\":{\"@type\":\"ImageObject\",\"inLanguage\":\"bs-BA\",\"@id\":\"https:\/\/tuzlainfo.ba\/#\/schema\/person\/image\/\",\"url\":\"https:\/\/tuzlainfo.ba\/wp-content\/litespeed\/avatar\/b6c453a6c38e3654f2e4416c643fc25c.jpg?ver=1777051911\",\"contentUrl\":\"https:\/\/tuzlainfo.ba\/wp-content\/litespeed\/avatar\/b6c453a6c38e3654f2e4416c643fc25c.jpg?ver=1777051911\",\"caption\":\"Tuzla Info\"}}]}<\/script>\n<!-- \/ Yoast SEO plugin. -->","yoast_head_json":{"title":"Sti\u017eu nova PDV pravila u BiH: \u0160ta sve mijenja novi Pravilnik? - TuzlaInfo.ba","robots":{"index":"index","follow":"follow","max-snippet":"max-snippet:-1","max-image-preview":"max-image-preview:large","max-video-preview":"max-video-preview:-1"},"canonical":"https:\/\/tuzlainfo.ba\/index.php\/bosna-i-hercegovina\/item\/268945-stizu-nova-pdv-pravila-u-bih-sta-sve-mijenja-novi-pravilnik\/","og_locale":"bs_BA","og_type":"article","og_title":"Sti\u017eu nova PDV pravila u BiH: \u0160ta sve mijenja novi Pravilnik? - TuzlaInfo.ba","og_description":"Upravni odbor Uprave za indirektno oporezivanje BiH usvojio je\u00a0Pravilnik\u00a0o izmjenama i dopunama Pravilnika o primjeni&hellip;","og_url":"https:\/\/tuzlainfo.ba\/index.php\/bosna-i-hercegovina\/item\/268945-stizu-nova-pdv-pravila-u-bih-sta-sve-mijenja-novi-pravilnik\/","og_site_name":"TuzlaInfo.ba","article_publisher":"https:\/\/www.facebook.com\/tuzlainfo.ba\/","article_published_time":"2025-05-08T15:03:59+00:00","article_modified_time":"2025-05-08T11:57:37+00:00","og_image":[{"width":770,"height":577,"url":"https:\/\/tuzlainfo.ba\/wp-content\/uploads\/2019\/01\/sadrzaj_2019_20190102_1901_pdv_prijava.jpg","type":"image\/jpeg"}],"author":"Tuzla Info","twitter_card":"summary_large_image","twitter_misc":{"Written by":"Tuzla Info","Est. reading time":"4 minute"},"schema":{"@context":"https:\/\/schema.org","@graph":[{"@type":"Article","@id":"https:\/\/tuzlainfo.ba\/index.php\/bosna-i-hercegovina\/item\/268945-stizu-nova-pdv-pravila-u-bih-sta-sve-mijenja-novi-pravilnik\/#article","isPartOf":{"@id":"https:\/\/tuzlainfo.ba\/index.php\/bosna-i-hercegovina\/item\/268945-stizu-nova-pdv-pravila-u-bih-sta-sve-mijenja-novi-pravilnik\/"},"author":{"name":"Tuzla Info","@id":"https:\/\/tuzlainfo.ba\/#\/schema\/person\/46cad4c57790cbc50781edd14870825a"},"headline":"Sti\u017eu nova PDV pravila u BiH: \u0160ta sve mijenja novi Pravilnik?","datePublished":"2025-05-08T15:03:59+00:00","dateModified":"2025-05-08T11:57:37+00:00","mainEntityOfPage":{"@id":"https:\/\/tuzlainfo.ba\/index.php\/bosna-i-hercegovina\/item\/268945-stizu-nova-pdv-pravila-u-bih-sta-sve-mijenja-novi-pravilnik\/"},"wordCount":602,"publisher":{"@id":"https:\/\/tuzlainfo.ba\/#organization"},"image":{"@id":"https:\/\/tuzlainfo.ba\/index.php\/bosna-i-hercegovina\/item\/268945-stizu-nova-pdv-pravila-u-bih-sta-sve-mijenja-novi-pravilnik\/#primaryimage"},"thumbnailUrl":"https:\/\/tuzlainfo.ba\/wp-content\/uploads\/2019\/01\/sadrzaj_2019_20190102_1901_pdv_prijava.jpg","keywords":["PDV","pdv pravila"],"articleSection":["Bosna i Hercegovina","Istaknuto"],"inLanguage":"bs-BA"},{"@type":"WebPage","@id":"https:\/\/tuzlainfo.ba\/index.php\/bosna-i-hercegovina\/item\/268945-stizu-nova-pdv-pravila-u-bih-sta-sve-mijenja-novi-pravilnik\/","url":"https:\/\/tuzlainfo.ba\/index.php\/bosna-i-hercegovina\/item\/268945-stizu-nova-pdv-pravila-u-bih-sta-sve-mijenja-novi-pravilnik\/","name":"Sti\u017eu nova PDV pravila u BiH: \u0160ta sve mijenja novi Pravilnik? - TuzlaInfo.ba","isPartOf":{"@id":"https:\/\/tuzlainfo.ba\/#website"},"primaryImageOfPage":{"@id":"https:\/\/tuzlainfo.ba\/index.php\/bosna-i-hercegovina\/item\/268945-stizu-nova-pdv-pravila-u-bih-sta-sve-mijenja-novi-pravilnik\/#primaryimage"},"image":{"@id":"https:\/\/tuzlainfo.ba\/index.php\/bosna-i-hercegovina\/item\/268945-stizu-nova-pdv-pravila-u-bih-sta-sve-mijenja-novi-pravilnik\/#primaryimage"},"thumbnailUrl":"https:\/\/tuzlainfo.ba\/wp-content\/uploads\/2019\/01\/sadrzaj_2019_20190102_1901_pdv_prijava.jpg","datePublished":"2025-05-08T15:03:59+00:00","dateModified":"2025-05-08T11:57:37+00:00","breadcrumb":{"@id":"https:\/\/tuzlainfo.ba\/index.php\/bosna-i-hercegovina\/item\/268945-stizu-nova-pdv-pravila-u-bih-sta-sve-mijenja-novi-pravilnik\/#breadcrumb"},"inLanguage":"bs-BA","potentialAction":[{"@type":"ReadAction","target":["https:\/\/tuzlainfo.ba\/index.php\/bosna-i-hercegovina\/item\/268945-stizu-nova-pdv-pravila-u-bih-sta-sve-mijenja-novi-pravilnik\/"]}]},{"@type":"ImageObject","inLanguage":"bs-BA","@id":"https:\/\/tuzlainfo.ba\/index.php\/bosna-i-hercegovina\/item\/268945-stizu-nova-pdv-pravila-u-bih-sta-sve-mijenja-novi-pravilnik\/#primaryimage","url":"https:\/\/tuzlainfo.ba\/wp-content\/uploads\/2019\/01\/sadrzaj_2019_20190102_1901_pdv_prijava.jpg","contentUrl":"https:\/\/tuzlainfo.ba\/wp-content\/uploads\/2019\/01\/sadrzaj_2019_20190102_1901_pdv_prijava.jpg","width":770,"height":577,"caption":"1901 pdv prijava"},{"@type":"BreadcrumbList","@id":"https:\/\/tuzlainfo.ba\/index.php\/bosna-i-hercegovina\/item\/268945-stizu-nova-pdv-pravila-u-bih-sta-sve-mijenja-novi-pravilnik\/#breadcrumb","itemListElement":[{"@type":"ListItem","position":1,"name":"Home","item":"https:\/\/tuzlainfo.ba\/"},{"@type":"ListItem","position":2,"name":"Sti\u017eu nova PDV pravila u BiH: \u0160ta sve mijenja novi Pravilnik?"}]},{"@type":"WebSite","@id":"https:\/\/tuzlainfo.ba\/#website","url":"https:\/\/tuzlainfo.ba\/","name":"TuzlaInfo.ba","description":"Tuzla info, gradski informator - Tuzla na dlanu","publisher":{"@id":"https:\/\/tuzlainfo.ba\/#organization"},"potentialAction":[{"@type":"SearchAction","target":{"@type":"EntryPoint","urlTemplate":"https:\/\/tuzlainfo.ba\/?s={search_term_string}"},"query-input":{"@type":"PropertyValueSpecification","valueRequired":true,"valueName":"search_term_string"}}],"inLanguage":"bs-BA"},{"@type":"Organization","@id":"https:\/\/tuzlainfo.ba\/#organization","name":"TuzlaInfo.ba","url":"https:\/\/tuzlainfo.ba\/","logo":{"@type":"ImageObject","inLanguage":"bs-BA","@id":"https:\/\/tuzlainfo.ba\/#\/schema\/logo\/image\/","url":"https:\/\/tuzlainfo.ba\/wp-content\/uploads\/2021\/03\/logo-ver-3-1.png","contentUrl":"https:\/\/tuzlainfo.ba\/wp-content\/uploads\/2021\/03\/logo-ver-3-1.png","width":350,"height":95,"caption":"TuzlaInfo.ba"},"image":{"@id":"https:\/\/tuzlainfo.ba\/#\/schema\/logo\/image\/"},"sameAs":["https:\/\/www.facebook.com\/tuzlainfo.ba\/"]},{"@type":"Person","@id":"https:\/\/tuzlainfo.ba\/#\/schema\/person\/46cad4c57790cbc50781edd14870825a","name":"Tuzla Info","image":{"@type":"ImageObject","inLanguage":"bs-BA","@id":"https:\/\/tuzlainfo.ba\/#\/schema\/person\/image\/","url":"https:\/\/tuzlainfo.ba\/wp-content\/litespeed\/avatar\/b6c453a6c38e3654f2e4416c643fc25c.jpg?ver=1777051911","contentUrl":"https:\/\/tuzlainfo.ba\/wp-content\/litespeed\/avatar\/b6c453a6c38e3654f2e4416c643fc25c.jpg?ver=1777051911","caption":"Tuzla Info"}}]}},"_links":{"self":[{"href":"https:\/\/tuzlainfo.ba\/index.php\/wp-json\/wp\/v2\/posts\/268945"}],"collection":[{"href":"https:\/\/tuzlainfo.ba\/index.php\/wp-json\/wp\/v2\/posts"}],"about":[{"href":"https:\/\/tuzlainfo.ba\/index.php\/wp-json\/wp\/v2\/types\/post"}],"author":[{"embeddable":true,"href":"https:\/\/tuzlainfo.ba\/index.php\/wp-json\/wp\/v2\/users\/4"}],"replies":[{"embeddable":true,"href":"https:\/\/tuzlainfo.ba\/index.php\/wp-json\/wp\/v2\/comments?post=268945"}],"version-history":[{"count":1,"href":"https:\/\/tuzlainfo.ba\/index.php\/wp-json\/wp\/v2\/posts\/268945\/revisions"}],"predecessor-version":[{"id":268946,"href":"https:\/\/tuzlainfo.ba\/index.php\/wp-json\/wp\/v2\/posts\/268945\/revisions\/268946"}],"wp:featuredmedia":[{"embeddable":true,"href":"https:\/\/tuzlainfo.ba\/index.php\/wp-json\/wp\/v2\/media\/67150"}],"wp:attachment":[{"href":"https:\/\/tuzlainfo.ba\/index.php\/wp-json\/wp\/v2\/media?parent=268945"}],"wp:term":[{"taxonomy":"category","embeddable":true,"href":"https:\/\/tuzlainfo.ba\/index.php\/wp-json\/wp\/v2\/categories?post=268945"},{"taxonomy":"post_tag","embeddable":true,"href":"https:\/\/tuzlainfo.ba\/index.php\/wp-json\/wp\/v2\/tags?post=268945"}],"curies":[{"name":"wp","href":"https:\/\/api.w.org\/{rel}","templated":true}]}}