{"id":268943,"date":"2025-05-08T12:03:10","date_gmt":"2025-05-08T10:03:10","guid":{"rendered":"https:\/\/tuzlainfo.ba\/?p=268943"},"modified":"2025-05-08T11:25:55","modified_gmt":"2025-05-08T09:25:55","slug":"ustavni-sud-fbih-ukinuo-obavezu-placanja-komunalne-naknade-za-isticanje-naziva-firme","status":"publish","type":"post","link":"https:\/\/tuzlainfo.ba\/index.php\/bosna-i-hercegovina\/item\/268943-ustavni-sud-fbih-ukinuo-obavezu-placanja-komunalne-naknade-za-isticanje-naziva-firme\/","title":{"rendered":"Ustavni sud FBiH ukinuo obavezu pla\u0107anja komunalne naknade za isticanje naziva firme"},"content":{"rendered":"<article class=\"text-token-text-primary w-full\" dir=\"auto\" data-testid=\"conversation-turn-4\" data-scroll-anchor=\"true\">\n<div class=\"text-base my-auto mx-auto py-5 [--thread-content-margin:--spacing(4)] @[37rem]:[--thread-content-margin:--spacing(6)] @[72rem]:[--thread-content-margin:--spacing(16)] px-(--thread-content-margin)\">\n<div class=\"[--thread-content-max-width:32rem] @[34rem]:[--thread-content-max-width:40rem] @[64rem]:[--thread-content-max-width:48rem] mx-auto flex max-w-(--thread-content-max-width) flex-1 text-base gap-4 md:gap-5 lg:gap-6 group\/turn-messages focus-visible:outline-hidden\" tabindex=\"-1\">\n<div class=\"group\/conversation-turn relative flex w-full min-w-0 flex-col agent-turn\">\n<div class=\"relative flex-col gap-1 md:gap-3\">\n<div class=\"flex max-w-full flex-col grow\">\n<div class=\"min-h-8 text-message relative flex w-full flex-col items-end gap-2 text-start break-words whitespace-normal [.text-message+&amp;]:mt-5\" dir=\"auto\" data-message-author-role=\"assistant\" data-message-id=\"a892cb70-3500-42e4-9f01-cdd586d64810\" data-message-model-slug=\"gpt-4o\">\n<div class=\"flex w-full flex-col gap-1 empty:hidden first:pt-[3px]\">\n<div class=\"markdown prose dark:prose-invert w-full break-words light\">\n<p class=\"\" data-start=\"102\" data-end=\"444\">Komunalne naknade za isticanje naziva firme u Federaciji Bosne i Hercegovine vi\u0161e se ne\u0107e napla\u0107ivati, prema Mi\u0161ljenju Ustavnog suda FBiH donesenom na zahtjev federalnog dopremijera Tonija Kraljevi\u0107a.<\/p>\n<p class=\"\" data-start=\"102\" data-end=\"444\">Ova odluka nala\u017ee lokalnim zajednicama da iz svojih propisa uklone odredbe kojima se propisuje obaveza pla\u0107anja takve naknade.<\/p>\n<p class=\"\" data-start=\"446\" data-end=\"820\">Odluka Ustavnog suda FBiH rje\u0161ava vi\u0161egodi\u0161nji spor izme\u0111u jedinica lokalne samouprave i privrednih subjekata, a njenim objavljivanjem u &#8220;Slu\u017ebenim novinama Federacije BiH&#8221; sve kantonalne skup\u0161tine, gradska i op\u0107inska vije\u0107a morat \u0107e uskladiti svoje propise.<\/p>\n<p class=\"\" data-start=\"446\" data-end=\"820\">Tako\u0111er, svi organi uprave i sudovi u FBiH obavezni su prilikom odlu\u010divanja postupati u skladu s ovim Mi\u0161ljenjem.<\/p>\n<p class=\"\" data-start=\"822\" data-end=\"1223\">Ukidanje ove naknade predstavlja zna\u010dajno finansijsko rastere\u0107enje za privrednike u FBiH, doprinose\u0107i fiskalnoj reformi koju Vlada Federacije BiH provodi na prijedlog Federalnog ministarstva finansija.<\/p>\n<p class=\"\" data-start=\"822\" data-end=\"1223\">Od 1. jula ove godine zbirna stopa doprinosa bi\u0107e smanjena za 13,25 posto, dok je danas zavr\u0161ena javna rasprava o Nacrtu zakona o fiskalizaciji transakcija, koji ima za cilj smanjenje sive ekonomije.<\/p>\n<\/div>\n<\/div>\n<\/div>\n<\/div>\n<\/div>\n<\/div>\n<\/div>\n<\/div>\n<\/article>\n","protected":false},"excerpt":{"rendered":"<p>Komunalne naknade za isticanje naziva firme u Federaciji Bosne i Hercegovine vi\u0161e se ne\u0107e napla\u0107ivati,&hellip;<\/p>\n","protected":false},"author":2,"featured_media":73924,"comment_status":"closed","ping_status":"closed","sticky":false,"template":"","format":"standard","meta":{"_acf_changed":false,"footnotes":""},"categories":[291,304],"tags":[11943],"acf":[],"yoast_head":"<!-- This site is optimized with the Yoast SEO plugin v23.5 - https:\/\/yoast.com\/wordpress\/plugins\/seo\/ -->\n<title>Ustavni sud FBiH ukinuo obavezu pla\u0107anja komunalne naknade za isticanje naziva firme - TuzlaInfo.ba<\/title>\n<meta name=\"robots\" content=\"index, follow, max-snippet:-1, max-image-preview:large, max-video-preview:-1\" \/>\n<link rel=\"canonical\" href=\"https:\/\/tuzlainfo.ba\/index.php\/bosna-i-hercegovina\/item\/268943-ustavni-sud-fbih-ukinuo-obavezu-placanja-komunalne-naknade-za-isticanje-naziva-firme\/\" \/>\n<meta property=\"og:locale\" content=\"bs_BA\" \/>\n<meta property=\"og:type\" content=\"article\" \/>\n<meta property=\"og:title\" content=\"Ustavni sud FBiH ukinuo obavezu pla\u0107anja komunalne naknade za isticanje naziva firme - TuzlaInfo.ba\" \/>\n<meta property=\"og:description\" content=\"Komunalne naknade za isticanje naziva firme u Federaciji Bosne i Hercegovine vi\u0161e se ne\u0107e napla\u0107ivati,&hellip;\" \/>\n<meta property=\"og:url\" content=\"https:\/\/tuzlainfo.ba\/index.php\/bosna-i-hercegovina\/item\/268943-ustavni-sud-fbih-ukinuo-obavezu-placanja-komunalne-naknade-za-isticanje-naziva-firme\/\" \/>\n<meta property=\"og:site_name\" content=\"TuzlaInfo.ba\" \/>\n<meta property=\"article:publisher\" content=\"https:\/\/www.facebook.com\/tuzlainfo.ba\/\" \/>\n<meta property=\"article:published_time\" content=\"2025-05-08T10:03:10+00:00\" \/>\n<meta property=\"article:modified_time\" content=\"2025-05-08T09:25:55+00:00\" \/>\n<meta property=\"og:image\" content=\"https:\/\/tuzlainfo.ba\/wp-content\/uploads\/2019\/10\/sadrzaj_2018_2018_01_Tuzla_0609_korzo_proljece.jpg\" \/>\n\t<meta property=\"og:image:width\" content=\"770\" \/>\n\t<meta property=\"og:image:height\" content=\"577\" \/>\n\t<meta property=\"og:image:type\" content=\"image\/jpeg\" \/>\n<meta name=\"author\" content=\"nedim\" \/>\n<meta name=\"twitter:card\" content=\"summary_large_image\" \/>\n<meta name=\"twitter:label1\" content=\"Written by\" \/>\n\t<meta name=\"twitter:data1\" content=\"nedim\" \/>\n\t<meta name=\"twitter:label2\" content=\"Est. reading time\" \/>\n\t<meta name=\"twitter:data2\" content=\"2 minute\" \/>\n<script type=\"application\/ld+json\" class=\"yoast-schema-graph\">{\"@context\":\"https:\/\/schema.org\",\"@graph\":[{\"@type\":\"Article\",\"@id\":\"https:\/\/tuzlainfo.ba\/index.php\/bosna-i-hercegovina\/item\/268943-ustavni-sud-fbih-ukinuo-obavezu-placanja-komunalne-naknade-za-isticanje-naziva-firme\/#article\",\"isPartOf\":{\"@id\":\"https:\/\/tuzlainfo.ba\/index.php\/bosna-i-hercegovina\/item\/268943-ustavni-sud-fbih-ukinuo-obavezu-placanja-komunalne-naknade-za-isticanje-naziva-firme\/\"},\"author\":{\"name\":\"nedim\",\"@id\":\"https:\/\/tuzlainfo.ba\/#\/schema\/person\/f434e20dc27ea133923aab08451b7f7f\"},\"headline\":\"Ustavni sud FBiH ukinuo obavezu pla\u0107anja komunalne naknade za isticanje naziva firme\",\"datePublished\":\"2025-05-08T10:03:10+00:00\",\"dateModified\":\"2025-05-08T09:25:55+00:00\",\"mainEntityOfPage\":{\"@id\":\"https:\/\/tuzlainfo.ba\/index.php\/bosna-i-hercegovina\/item\/268943-ustavni-sud-fbih-ukinuo-obavezu-placanja-komunalne-naknade-za-isticanje-naziva-firme\/\"},\"wordCount\":187,\"publisher\":{\"@id\":\"https:\/\/tuzlainfo.ba\/#organization\"},\"image\":{\"@id\":\"https:\/\/tuzlainfo.ba\/index.php\/bosna-i-hercegovina\/item\/268943-ustavni-sud-fbih-ukinuo-obavezu-placanja-komunalne-naknade-za-isticanje-naziva-firme\/#primaryimage\"},\"thumbnailUrl\":\"https:\/\/tuzlainfo.ba\/wp-content\/uploads\/2019\/10\/sadrzaj_2018_2018_01_Tuzla_0609_korzo_proljece.jpg\",\"keywords\":[\"komunalna taksa\"],\"articleSection\":[\"Bosna i Hercegovina\",\"Istaknuto\"],\"inLanguage\":\"bs-BA\"},{\"@type\":\"WebPage\",\"@id\":\"https:\/\/tuzlainfo.ba\/index.php\/bosna-i-hercegovina\/item\/268943-ustavni-sud-fbih-ukinuo-obavezu-placanja-komunalne-naknade-za-isticanje-naziva-firme\/\",\"url\":\"https:\/\/tuzlainfo.ba\/index.php\/bosna-i-hercegovina\/item\/268943-ustavni-sud-fbih-ukinuo-obavezu-placanja-komunalne-naknade-za-isticanje-naziva-firme\/\",\"name\":\"Ustavni sud FBiH ukinuo obavezu pla\u0107anja komunalne naknade za isticanje naziva firme - TuzlaInfo.ba\",\"isPartOf\":{\"@id\":\"https:\/\/tuzlainfo.ba\/#website\"},\"primaryImageOfPage\":{\"@id\":\"https:\/\/tuzlainfo.ba\/index.php\/bosna-i-hercegovina\/item\/268943-ustavni-sud-fbih-ukinuo-obavezu-placanja-komunalne-naknade-za-isticanje-naziva-firme\/#primaryimage\"},\"image\":{\"@id\":\"https:\/\/tuzlainfo.ba\/index.php\/bosna-i-hercegovina\/item\/268943-ustavni-sud-fbih-ukinuo-obavezu-placanja-komunalne-naknade-za-isticanje-naziva-firme\/#primaryimage\"},\"thumbnailUrl\":\"https:\/\/tuzlainfo.ba\/wp-content\/uploads\/2019\/10\/sadrzaj_2018_2018_01_Tuzla_0609_korzo_proljece.jpg\",\"datePublished\":\"2025-05-08T10:03:10+00:00\",\"dateModified\":\"2025-05-08T09:25:55+00:00\",\"breadcrumb\":{\"@id\":\"https:\/\/tuzlainfo.ba\/index.php\/bosna-i-hercegovina\/item\/268943-ustavni-sud-fbih-ukinuo-obavezu-placanja-komunalne-naknade-za-isticanje-naziva-firme\/#breadcrumb\"},\"inLanguage\":\"bs-BA\",\"potentialAction\":[{\"@type\":\"ReadAction\",\"target\":[\"https:\/\/tuzlainfo.ba\/index.php\/bosna-i-hercegovina\/item\/268943-ustavni-sud-fbih-ukinuo-obavezu-placanja-komunalne-naknade-za-isticanje-naziva-firme\/\"]}]},{\"@type\":\"ImageObject\",\"inLanguage\":\"bs-BA\",\"@id\":\"https:\/\/tuzlainfo.ba\/index.php\/bosna-i-hercegovina\/item\/268943-ustavni-sud-fbih-ukinuo-obavezu-placanja-komunalne-naknade-za-isticanje-naziva-firme\/#primaryimage\",\"url\":\"https:\/\/tuzlainfo.ba\/wp-content\/uploads\/2019\/10\/sadrzaj_2018_2018_01_Tuzla_0609_korzo_proljece.jpg\",\"contentUrl\":\"https:\/\/tuzlainfo.ba\/wp-content\/uploads\/2019\/10\/sadrzaj_2018_2018_01_Tuzla_0609_korzo_proljece.jpg\",\"width\":770,\"height\":577,\"caption\":\"0609 korzo proljece\"},{\"@type\":\"BreadcrumbList\",\"@id\":\"https:\/\/tuzlainfo.ba\/index.php\/bosna-i-hercegovina\/item\/268943-ustavni-sud-fbih-ukinuo-obavezu-placanja-komunalne-naknade-za-isticanje-naziva-firme\/#breadcrumb\",\"itemListElement\":[{\"@type\":\"ListItem\",\"position\":1,\"name\":\"Home\",\"item\":\"https:\/\/tuzlainfo.ba\/\"},{\"@type\":\"ListItem\",\"position\":2,\"name\":\"Ustavni sud FBiH ukinuo obavezu pla\u0107anja komunalne naknade za isticanje naziva firme\"}]},{\"@type\":\"WebSite\",\"@id\":\"https:\/\/tuzlainfo.ba\/#website\",\"url\":\"https:\/\/tuzlainfo.ba\/\",\"name\":\"TuzlaInfo.ba\",\"description\":\"Tuzla info, gradski informator - Tuzla na dlanu\",\"publisher\":{\"@id\":\"https:\/\/tuzlainfo.ba\/#organization\"},\"potentialAction\":[{\"@type\":\"SearchAction\",\"target\":{\"@type\":\"EntryPoint\",\"urlTemplate\":\"https:\/\/tuzlainfo.ba\/?s={search_term_string}\"},\"query-input\":{\"@type\":\"PropertyValueSpecification\",\"valueRequired\":true,\"valueName\":\"search_term_string\"}}],\"inLanguage\":\"bs-BA\"},{\"@type\":\"Organization\",\"@id\":\"https:\/\/tuzlainfo.ba\/#organization\",\"name\":\"TuzlaInfo.ba\",\"url\":\"https:\/\/tuzlainfo.ba\/\",\"logo\":{\"@type\":\"ImageObject\",\"inLanguage\":\"bs-BA\",\"@id\":\"https:\/\/tuzlainfo.ba\/#\/schema\/logo\/image\/\",\"url\":\"https:\/\/tuzlainfo.ba\/wp-content\/uploads\/2021\/03\/logo-ver-3-1.png\",\"contentUrl\":\"https:\/\/tuzlainfo.ba\/wp-content\/uploads\/2021\/03\/logo-ver-3-1.png\",\"width\":350,\"height\":95,\"caption\":\"TuzlaInfo.ba\"},\"image\":{\"@id\":\"https:\/\/tuzlainfo.ba\/#\/schema\/logo\/image\/\"},\"sameAs\":[\"https:\/\/www.facebook.com\/tuzlainfo.ba\/\"]},{\"@type\":\"Person\",\"@id\":\"https:\/\/tuzlainfo.ba\/#\/schema\/person\/f434e20dc27ea133923aab08451b7f7f\",\"name\":\"nedim\",\"image\":{\"@type\":\"ImageObject\",\"inLanguage\":\"bs-BA\",\"@id\":\"https:\/\/tuzlainfo.ba\/#\/schema\/person\/image\/\",\"url\":\"https:\/\/tuzlainfo.ba\/wp-content\/litespeed\/avatar\/aabad687af24844af817603ac1cbdc4f.jpg?ver=1777306975\",\"contentUrl\":\"https:\/\/tuzlainfo.ba\/wp-content\/litespeed\/avatar\/aabad687af24844af817603ac1cbdc4f.jpg?ver=1777306975\",\"caption\":\"nedim\"},\"description\":\"Tuzlainfo.ba pratite na dru\u0161tvenim mre\u017eama: Facebook, Instagram i Youtube. Svoje pri\u010de, upite i fotografije \u0161aljite na na\u0161u e-mail adresu.\"}]}<\/script>\n<!-- \/ Yoast SEO plugin. -->","yoast_head_json":{"title":"Ustavni sud FBiH ukinuo obavezu pla\u0107anja komunalne naknade za isticanje naziva firme - TuzlaInfo.ba","robots":{"index":"index","follow":"follow","max-snippet":"max-snippet:-1","max-image-preview":"max-image-preview:large","max-video-preview":"max-video-preview:-1"},"canonical":"https:\/\/tuzlainfo.ba\/index.php\/bosna-i-hercegovina\/item\/268943-ustavni-sud-fbih-ukinuo-obavezu-placanja-komunalne-naknade-za-isticanje-naziva-firme\/","og_locale":"bs_BA","og_type":"article","og_title":"Ustavni sud FBiH ukinuo obavezu pla\u0107anja komunalne naknade za isticanje naziva firme - TuzlaInfo.ba","og_description":"Komunalne naknade za isticanje naziva firme u Federaciji Bosne i Hercegovine vi\u0161e se ne\u0107e napla\u0107ivati,&hellip;","og_url":"https:\/\/tuzlainfo.ba\/index.php\/bosna-i-hercegovina\/item\/268943-ustavni-sud-fbih-ukinuo-obavezu-placanja-komunalne-naknade-za-isticanje-naziva-firme\/","og_site_name":"TuzlaInfo.ba","article_publisher":"https:\/\/www.facebook.com\/tuzlainfo.ba\/","article_published_time":"2025-05-08T10:03:10+00:00","article_modified_time":"2025-05-08T09:25:55+00:00","og_image":[{"width":770,"height":577,"url":"https:\/\/tuzlainfo.ba\/wp-content\/uploads\/2019\/10\/sadrzaj_2018_2018_01_Tuzla_0609_korzo_proljece.jpg","type":"image\/jpeg"}],"author":"nedim","twitter_card":"summary_large_image","twitter_misc":{"Written by":"nedim","Est. reading time":"2 minute"},"schema":{"@context":"https:\/\/schema.org","@graph":[{"@type":"Article","@id":"https:\/\/tuzlainfo.ba\/index.php\/bosna-i-hercegovina\/item\/268943-ustavni-sud-fbih-ukinuo-obavezu-placanja-komunalne-naknade-za-isticanje-naziva-firme\/#article","isPartOf":{"@id":"https:\/\/tuzlainfo.ba\/index.php\/bosna-i-hercegovina\/item\/268943-ustavni-sud-fbih-ukinuo-obavezu-placanja-komunalne-naknade-za-isticanje-naziva-firme\/"},"author":{"name":"nedim","@id":"https:\/\/tuzlainfo.ba\/#\/schema\/person\/f434e20dc27ea133923aab08451b7f7f"},"headline":"Ustavni sud FBiH ukinuo obavezu pla\u0107anja komunalne naknade za isticanje naziva firme","datePublished":"2025-05-08T10:03:10+00:00","dateModified":"2025-05-08T09:25:55+00:00","mainEntityOfPage":{"@id":"https:\/\/tuzlainfo.ba\/index.php\/bosna-i-hercegovina\/item\/268943-ustavni-sud-fbih-ukinuo-obavezu-placanja-komunalne-naknade-za-isticanje-naziva-firme\/"},"wordCount":187,"publisher":{"@id":"https:\/\/tuzlainfo.ba\/#organization"},"image":{"@id":"https:\/\/tuzlainfo.ba\/index.php\/bosna-i-hercegovina\/item\/268943-ustavni-sud-fbih-ukinuo-obavezu-placanja-komunalne-naknade-za-isticanje-naziva-firme\/#primaryimage"},"thumbnailUrl":"https:\/\/tuzlainfo.ba\/wp-content\/uploads\/2019\/10\/sadrzaj_2018_2018_01_Tuzla_0609_korzo_proljece.jpg","keywords":["komunalna taksa"],"articleSection":["Bosna i Hercegovina","Istaknuto"],"inLanguage":"bs-BA"},{"@type":"WebPage","@id":"https:\/\/tuzlainfo.ba\/index.php\/bosna-i-hercegovina\/item\/268943-ustavni-sud-fbih-ukinuo-obavezu-placanja-komunalne-naknade-za-isticanje-naziva-firme\/","url":"https:\/\/tuzlainfo.ba\/index.php\/bosna-i-hercegovina\/item\/268943-ustavni-sud-fbih-ukinuo-obavezu-placanja-komunalne-naknade-za-isticanje-naziva-firme\/","name":"Ustavni sud FBiH ukinuo obavezu pla\u0107anja komunalne naknade za isticanje naziva firme - TuzlaInfo.ba","isPartOf":{"@id":"https:\/\/tuzlainfo.ba\/#website"},"primaryImageOfPage":{"@id":"https:\/\/tuzlainfo.ba\/index.php\/bosna-i-hercegovina\/item\/268943-ustavni-sud-fbih-ukinuo-obavezu-placanja-komunalne-naknade-za-isticanje-naziva-firme\/#primaryimage"},"image":{"@id":"https:\/\/tuzlainfo.ba\/index.php\/bosna-i-hercegovina\/item\/268943-ustavni-sud-fbih-ukinuo-obavezu-placanja-komunalne-naknade-za-isticanje-naziva-firme\/#primaryimage"},"thumbnailUrl":"https:\/\/tuzlainfo.ba\/wp-content\/uploads\/2019\/10\/sadrzaj_2018_2018_01_Tuzla_0609_korzo_proljece.jpg","datePublished":"2025-05-08T10:03:10+00:00","dateModified":"2025-05-08T09:25:55+00:00","breadcrumb":{"@id":"https:\/\/tuzlainfo.ba\/index.php\/bosna-i-hercegovina\/item\/268943-ustavni-sud-fbih-ukinuo-obavezu-placanja-komunalne-naknade-za-isticanje-naziva-firme\/#breadcrumb"},"inLanguage":"bs-BA","potentialAction":[{"@type":"ReadAction","target":["https:\/\/tuzlainfo.ba\/index.php\/bosna-i-hercegovina\/item\/268943-ustavni-sud-fbih-ukinuo-obavezu-placanja-komunalne-naknade-za-isticanje-naziva-firme\/"]}]},{"@type":"ImageObject","inLanguage":"bs-BA","@id":"https:\/\/tuzlainfo.ba\/index.php\/bosna-i-hercegovina\/item\/268943-ustavni-sud-fbih-ukinuo-obavezu-placanja-komunalne-naknade-za-isticanje-naziva-firme\/#primaryimage","url":"https:\/\/tuzlainfo.ba\/wp-content\/uploads\/2019\/10\/sadrzaj_2018_2018_01_Tuzla_0609_korzo_proljece.jpg","contentUrl":"https:\/\/tuzlainfo.ba\/wp-content\/uploads\/2019\/10\/sadrzaj_2018_2018_01_Tuzla_0609_korzo_proljece.jpg","width":770,"height":577,"caption":"0609 korzo proljece"},{"@type":"BreadcrumbList","@id":"https:\/\/tuzlainfo.ba\/index.php\/bosna-i-hercegovina\/item\/268943-ustavni-sud-fbih-ukinuo-obavezu-placanja-komunalne-naknade-za-isticanje-naziva-firme\/#breadcrumb","itemListElement":[{"@type":"ListItem","position":1,"name":"Home","item":"https:\/\/tuzlainfo.ba\/"},{"@type":"ListItem","position":2,"name":"Ustavni sud FBiH ukinuo obavezu pla\u0107anja komunalne naknade za isticanje naziva firme"}]},{"@type":"WebSite","@id":"https:\/\/tuzlainfo.ba\/#website","url":"https:\/\/tuzlainfo.ba\/","name":"TuzlaInfo.ba","description":"Tuzla info, gradski informator - Tuzla na dlanu","publisher":{"@id":"https:\/\/tuzlainfo.ba\/#organization"},"potentialAction":[{"@type":"SearchAction","target":{"@type":"EntryPoint","urlTemplate":"https:\/\/tuzlainfo.ba\/?s={search_term_string}"},"query-input":{"@type":"PropertyValueSpecification","valueRequired":true,"valueName":"search_term_string"}}],"inLanguage":"bs-BA"},{"@type":"Organization","@id":"https:\/\/tuzlainfo.ba\/#organization","name":"TuzlaInfo.ba","url":"https:\/\/tuzlainfo.ba\/","logo":{"@type":"ImageObject","inLanguage":"bs-BA","@id":"https:\/\/tuzlainfo.ba\/#\/schema\/logo\/image\/","url":"https:\/\/tuzlainfo.ba\/wp-content\/uploads\/2021\/03\/logo-ver-3-1.png","contentUrl":"https:\/\/tuzlainfo.ba\/wp-content\/uploads\/2021\/03\/logo-ver-3-1.png","width":350,"height":95,"caption":"TuzlaInfo.ba"},"image":{"@id":"https:\/\/tuzlainfo.ba\/#\/schema\/logo\/image\/"},"sameAs":["https:\/\/www.facebook.com\/tuzlainfo.ba\/"]},{"@type":"Person","@id":"https:\/\/tuzlainfo.ba\/#\/schema\/person\/f434e20dc27ea133923aab08451b7f7f","name":"nedim","image":{"@type":"ImageObject","inLanguage":"bs-BA","@id":"https:\/\/tuzlainfo.ba\/#\/schema\/person\/image\/","url":"https:\/\/tuzlainfo.ba\/wp-content\/litespeed\/avatar\/aabad687af24844af817603ac1cbdc4f.jpg?ver=1777306975","contentUrl":"https:\/\/tuzlainfo.ba\/wp-content\/litespeed\/avatar\/aabad687af24844af817603ac1cbdc4f.jpg?ver=1777306975","caption":"nedim"},"description":"Tuzlainfo.ba pratite na dru\u0161tvenim mre\u017eama: Facebook, Instagram i Youtube. Svoje pri\u010de, upite i fotografije \u0161aljite na na\u0161u e-mail adresu."}]}},"_links":{"self":[{"href":"https:\/\/tuzlainfo.ba\/index.php\/wp-json\/wp\/v2\/posts\/268943"}],"collection":[{"href":"https:\/\/tuzlainfo.ba\/index.php\/wp-json\/wp\/v2\/posts"}],"about":[{"href":"https:\/\/tuzlainfo.ba\/index.php\/wp-json\/wp\/v2\/types\/post"}],"author":[{"embeddable":true,"href":"https:\/\/tuzlainfo.ba\/index.php\/wp-json\/wp\/v2\/users\/2"}],"replies":[{"embeddable":true,"href":"https:\/\/tuzlainfo.ba\/index.php\/wp-json\/wp\/v2\/comments?post=268943"}],"version-history":[{"count":1,"href":"https:\/\/tuzlainfo.ba\/index.php\/wp-json\/wp\/v2\/posts\/268943\/revisions"}],"predecessor-version":[{"id":268944,"href":"https:\/\/tuzlainfo.ba\/index.php\/wp-json\/wp\/v2\/posts\/268943\/revisions\/268944"}],"wp:featuredmedia":[{"embeddable":true,"href":"https:\/\/tuzlainfo.ba\/index.php\/wp-json\/wp\/v2\/media\/73924"}],"wp:attachment":[{"href":"https:\/\/tuzlainfo.ba\/index.php\/wp-json\/wp\/v2\/media?parent=268943"}],"wp:term":[{"taxonomy":"category","embeddable":true,"href":"https:\/\/tuzlainfo.ba\/index.php\/wp-json\/wp\/v2\/categories?post=268943"},{"taxonomy":"post_tag","embeddable":true,"href":"https:\/\/tuzlainfo.ba\/index.php\/wp-json\/wp\/v2\/tags?post=268943"}],"curies":[{"name":"wp","href":"https:\/\/api.w.org\/{rel}","templated":true}]}}