{"id":268743,"date":"2025-05-05T21:17:42","date_gmt":"2025-05-05T19:17:42","guid":{"rendered":"https:\/\/tuzlainfo.ba\/?p=268743"},"modified":"2025-05-06T07:33:45","modified_gmt":"2025-05-06T05:33:45","slug":"opcinski-sud-u-bihacu-osudio-fikreta-abdica-u-jos-jednom-slucaju","status":"publish","type":"post","link":"https:\/\/tuzlainfo.ba\/index.php\/bosna-i-hercegovina\/item\/268743-opcinski-sud-u-bihacu-osudio-fikreta-abdica-u-jos-jednom-slucaju\/","title":{"rendered":"Op\u0107inski sud u Biha\u0107u osudio Fikreta Abdi\u0107a u jo\u0161 jednom slu\u010daju"},"content":{"rendered":"<p>Op\u0107inski sud u Biha\u0107u donio je prvostepenu, nepravosna\u017enu presudu kojom je biv\u0161eg na\u010delnika Op\u0107ine Velika Kladu\u0161a, Fikreta Abdi\u0107a, proglasio krivim za krivi\u010dno djelo zloupotrebe polo\u017eaja i ovla\u0161tenja te ga osudio na kaznu zatvora u trajanju od \u0161est mjeseci.<\/p>\n<p>Sud je istovremeno odredio da se izre\u010dena kazna ne\u0107e izvr\u0161iti ukoliko optu\u017eeni, u roku od godinu i \u0161est mjeseci od pravosna\u017enosti presude, ne po\u010dini novo krivi\u010dno djelo.<\/p>\n<p>Afera \u201ePe\u010dat\u201c, koja je obilje\u017eila po\u010detak 2023. godine u Velikoj Kladu\u0161i, bila je u centru pa\u017enje javnosti nakon \u0161to je, prema navodima Kantonalnog tu\u017eila\u0161tva, tada\u0161nji na\u010delnik Abdi\u0107 donio Pravilnik o kori\u0161tenju slu\u017ebenog pe\u010data. Tim aktom onemogu\u0107eno je Op\u0107inskom vije\u0107u Velike Kladu\u0161e da obavlja poslove iz svoje nadle\u017enosti.<\/p>\n<p>Ovim postupkom, Abdi\u0107 je te\u017ee povrijedio prava Op\u0107inskog vije\u0107a, koje nije moglo koristiti slu\u017ebeni pe\u010dat za ovjeravanje op\u0107ih i drugih akata.<\/p>\n<div class=\"se-article__content\">\n<div class=\"se-article__text\">\n<p>Na zahtjev za vra\u0107anje pe\u010data, Abdi\u0107 se oglu\u0161io, \u010dime je dodatno onemogu\u0107io rad Vije\u0107a, koje je samostalan predstavni\u010dki organ, odvojen od op\u0107inske uprave nad kojom na\u010delnik nema ovla\u0161tenja, pi\u0161e Oslobo\u0111enje.<\/p>\n<\/div>\n<\/div>\n","protected":false},"excerpt":{"rendered":"<p>Op\u0107inski sud u Biha\u0107u donio je prvostepenu, nepravosna\u017enu presudu kojom je biv\u0161eg na\u010delnika Op\u0107ine Velika&hellip;<\/p>\n","protected":false},"author":2,"featured_media":149376,"comment_status":"closed","ping_status":"closed","sticky":false,"template":"","format":"standard","meta":{"_acf_changed":false,"footnotes":""},"categories":[291],"tags":[2802],"acf":[],"yoast_head":"<!-- This site is optimized with the Yoast SEO plugin v23.5 - https:\/\/yoast.com\/wordpress\/plugins\/seo\/ -->\n<title>Op\u0107inski sud u Biha\u0107u osudio Fikreta Abdi\u0107a u jo\u0161 jednom slu\u010daju - TuzlaInfo.ba<\/title>\n<meta name=\"robots\" content=\"index, follow, max-snippet:-1, max-image-preview:large, max-video-preview:-1\" \/>\n<link rel=\"canonical\" href=\"https:\/\/tuzlainfo.ba\/index.php\/bosna-i-hercegovina\/item\/268743-opcinski-sud-u-bihacu-osudio-fikreta-abdica-u-jos-jednom-slucaju\/\" \/>\n<meta property=\"og:locale\" content=\"bs_BA\" \/>\n<meta property=\"og:type\" content=\"article\" \/>\n<meta property=\"og:title\" content=\"Op\u0107inski sud u Biha\u0107u osudio Fikreta Abdi\u0107a u jo\u0161 jednom slu\u010daju - TuzlaInfo.ba\" \/>\n<meta property=\"og:description\" content=\"Op\u0107inski sud u Biha\u0107u donio je prvostepenu, nepravosna\u017enu presudu kojom je biv\u0161eg na\u010delnika Op\u0107ine Velika&hellip;\" \/>\n<meta property=\"og:url\" content=\"https:\/\/tuzlainfo.ba\/index.php\/bosna-i-hercegovina\/item\/268743-opcinski-sud-u-bihacu-osudio-fikreta-abdica-u-jos-jednom-slucaju\/\" \/>\n<meta property=\"og:site_name\" content=\"TuzlaInfo.ba\" \/>\n<meta property=\"article:publisher\" content=\"https:\/\/www.facebook.com\/tuzlainfo.ba\/\" \/>\n<meta property=\"article:published_time\" content=\"2025-05-05T19:17:42+00:00\" \/>\n<meta property=\"article:modified_time\" content=\"2025-05-06T05:33:45+00:00\" \/>\n<meta property=\"og:image\" content=\"https:\/\/tuzlainfo.ba\/wp-content\/uploads\/2021\/09\/2909_fikret-abdic-\u00b81.jpg\" \/>\n\t<meta property=\"og:image:width\" content=\"875\" \/>\n\t<meta property=\"og:image:height\" content=\"633\" \/>\n\t<meta property=\"og:image:type\" content=\"image\/jpeg\" \/>\n<meta name=\"author\" content=\"nedim\" \/>\n<meta name=\"twitter:card\" content=\"summary_large_image\" \/>\n<meta name=\"twitter:label1\" content=\"Written by\" \/>\n\t<meta name=\"twitter:data1\" content=\"nedim\" \/>\n\t<meta name=\"twitter:label2\" content=\"Est. reading time\" \/>\n\t<meta name=\"twitter:data2\" content=\"2 minute\" \/>\n<script type=\"application\/ld+json\" class=\"yoast-schema-graph\">{\"@context\":\"https:\/\/schema.org\",\"@graph\":[{\"@type\":\"Article\",\"@id\":\"https:\/\/tuzlainfo.ba\/index.php\/bosna-i-hercegovina\/item\/268743-opcinski-sud-u-bihacu-osudio-fikreta-abdica-u-jos-jednom-slucaju\/#article\",\"isPartOf\":{\"@id\":\"https:\/\/tuzlainfo.ba\/index.php\/bosna-i-hercegovina\/item\/268743-opcinski-sud-u-bihacu-osudio-fikreta-abdica-u-jos-jednom-slucaju\/\"},\"author\":{\"name\":\"nedim\",\"@id\":\"https:\/\/tuzlainfo.ba\/#\/schema\/person\/f434e20dc27ea133923aab08451b7f7f\"},\"headline\":\"Op\u0107inski sud u Biha\u0107u osudio Fikreta Abdi\u0107a u jo\u0161 jednom slu\u010daju\",\"datePublished\":\"2025-05-05T19:17:42+00:00\",\"dateModified\":\"2025-05-06T05:33:45+00:00\",\"mainEntityOfPage\":{\"@id\":\"https:\/\/tuzlainfo.ba\/index.php\/bosna-i-hercegovina\/item\/268743-opcinski-sud-u-bihacu-osudio-fikreta-abdica-u-jos-jednom-slucaju\/\"},\"wordCount\":229,\"publisher\":{\"@id\":\"https:\/\/tuzlainfo.ba\/#organization\"},\"image\":{\"@id\":\"https:\/\/tuzlainfo.ba\/index.php\/bosna-i-hercegovina\/item\/268743-opcinski-sud-u-bihacu-osudio-fikreta-abdica-u-jos-jednom-slucaju\/#primaryimage\"},\"thumbnailUrl\":\"https:\/\/tuzlainfo.ba\/wp-content\/uploads\/2021\/09\/2909_fikret-abdic-\u00b81.jpg\",\"keywords\":[\"fikret abdic\"],\"articleSection\":[\"Bosna i Hercegovina\"],\"inLanguage\":\"bs-BA\"},{\"@type\":\"WebPage\",\"@id\":\"https:\/\/tuzlainfo.ba\/index.php\/bosna-i-hercegovina\/item\/268743-opcinski-sud-u-bihacu-osudio-fikreta-abdica-u-jos-jednom-slucaju\/\",\"url\":\"https:\/\/tuzlainfo.ba\/index.php\/bosna-i-hercegovina\/item\/268743-opcinski-sud-u-bihacu-osudio-fikreta-abdica-u-jos-jednom-slucaju\/\",\"name\":\"Op\u0107inski sud u Biha\u0107u osudio Fikreta Abdi\u0107a u jo\u0161 jednom slu\u010daju - TuzlaInfo.ba\",\"isPartOf\":{\"@id\":\"https:\/\/tuzlainfo.ba\/#website\"},\"primaryImageOfPage\":{\"@id\":\"https:\/\/tuzlainfo.ba\/index.php\/bosna-i-hercegovina\/item\/268743-opcinski-sud-u-bihacu-osudio-fikreta-abdica-u-jos-jednom-slucaju\/#primaryimage\"},\"image\":{\"@id\":\"https:\/\/tuzlainfo.ba\/index.php\/bosna-i-hercegovina\/item\/268743-opcinski-sud-u-bihacu-osudio-fikreta-abdica-u-jos-jednom-slucaju\/#primaryimage\"},\"thumbnailUrl\":\"https:\/\/tuzlainfo.ba\/wp-content\/uploads\/2021\/09\/2909_fikret-abdic-\u00b81.jpg\",\"datePublished\":\"2025-05-05T19:17:42+00:00\",\"dateModified\":\"2025-05-06T05:33:45+00:00\",\"breadcrumb\":{\"@id\":\"https:\/\/tuzlainfo.ba\/index.php\/bosna-i-hercegovina\/item\/268743-opcinski-sud-u-bihacu-osudio-fikreta-abdica-u-jos-jednom-slucaju\/#breadcrumb\"},\"inLanguage\":\"bs-BA\",\"potentialAction\":[{\"@type\":\"ReadAction\",\"target\":[\"https:\/\/tuzlainfo.ba\/index.php\/bosna-i-hercegovina\/item\/268743-opcinski-sud-u-bihacu-osudio-fikreta-abdica-u-jos-jednom-slucaju\/\"]}]},{\"@type\":\"ImageObject\",\"inLanguage\":\"bs-BA\",\"@id\":\"https:\/\/tuzlainfo.ba\/index.php\/bosna-i-hercegovina\/item\/268743-opcinski-sud-u-bihacu-osudio-fikreta-abdica-u-jos-jednom-slucaju\/#primaryimage\",\"url\":\"https:\/\/tuzlainfo.ba\/wp-content\/uploads\/2021\/09\/2909_fikret-abdic-\u00b81.jpg\",\"contentUrl\":\"https:\/\/tuzlainfo.ba\/wp-content\/uploads\/2021\/09\/2909_fikret-abdic-\u00b81.jpg\",\"width\":875,\"height\":633},{\"@type\":\"BreadcrumbList\",\"@id\":\"https:\/\/tuzlainfo.ba\/index.php\/bosna-i-hercegovina\/item\/268743-opcinski-sud-u-bihacu-osudio-fikreta-abdica-u-jos-jednom-slucaju\/#breadcrumb\",\"itemListElement\":[{\"@type\":\"ListItem\",\"position\":1,\"name\":\"Home\",\"item\":\"https:\/\/tuzlainfo.ba\/\"},{\"@type\":\"ListItem\",\"position\":2,\"name\":\"Op\u0107inski sud u Biha\u0107u osudio Fikreta Abdi\u0107a u jo\u0161 jednom slu\u010daju\"}]},{\"@type\":\"WebSite\",\"@id\":\"https:\/\/tuzlainfo.ba\/#website\",\"url\":\"https:\/\/tuzlainfo.ba\/\",\"name\":\"TuzlaInfo.ba\",\"description\":\"Tuzla info, gradski informator - Tuzla na dlanu\",\"publisher\":{\"@id\":\"https:\/\/tuzlainfo.ba\/#organization\"},\"potentialAction\":[{\"@type\":\"SearchAction\",\"target\":{\"@type\":\"EntryPoint\",\"urlTemplate\":\"https:\/\/tuzlainfo.ba\/?s={search_term_string}\"},\"query-input\":{\"@type\":\"PropertyValueSpecification\",\"valueRequired\":true,\"valueName\":\"search_term_string\"}}],\"inLanguage\":\"bs-BA\"},{\"@type\":\"Organization\",\"@id\":\"https:\/\/tuzlainfo.ba\/#organization\",\"name\":\"TuzlaInfo.ba\",\"url\":\"https:\/\/tuzlainfo.ba\/\",\"logo\":{\"@type\":\"ImageObject\",\"inLanguage\":\"bs-BA\",\"@id\":\"https:\/\/tuzlainfo.ba\/#\/schema\/logo\/image\/\",\"url\":\"https:\/\/tuzlainfo.ba\/wp-content\/uploads\/2021\/03\/logo-ver-3-1.png\",\"contentUrl\":\"https:\/\/tuzlainfo.ba\/wp-content\/uploads\/2021\/03\/logo-ver-3-1.png\",\"width\":350,\"height\":95,\"caption\":\"TuzlaInfo.ba\"},\"image\":{\"@id\":\"https:\/\/tuzlainfo.ba\/#\/schema\/logo\/image\/\"},\"sameAs\":[\"https:\/\/www.facebook.com\/tuzlainfo.ba\/\"]},{\"@type\":\"Person\",\"@id\":\"https:\/\/tuzlainfo.ba\/#\/schema\/person\/f434e20dc27ea133923aab08451b7f7f\",\"name\":\"nedim\",\"image\":{\"@type\":\"ImageObject\",\"inLanguage\":\"bs-BA\",\"@id\":\"https:\/\/tuzlainfo.ba\/#\/schema\/person\/image\/\",\"url\":\"https:\/\/tuzlainfo.ba\/wp-content\/litespeed\/avatar\/aabad687af24844af817603ac1cbdc4f.jpg?ver=1777306975\",\"contentUrl\":\"https:\/\/tuzlainfo.ba\/wp-content\/litespeed\/avatar\/aabad687af24844af817603ac1cbdc4f.jpg?ver=1777306975\",\"caption\":\"nedim\"},\"description\":\"Tuzlainfo.ba pratite na dru\u0161tvenim mre\u017eama: Facebook, Instagram i Youtube. Svoje pri\u010de, upite i fotografije \u0161aljite na na\u0161u e-mail adresu.\"}]}<\/script>\n<!-- \/ Yoast SEO plugin. -->","yoast_head_json":{"title":"Op\u0107inski sud u Biha\u0107u osudio Fikreta Abdi\u0107a u jo\u0161 jednom slu\u010daju - TuzlaInfo.ba","robots":{"index":"index","follow":"follow","max-snippet":"max-snippet:-1","max-image-preview":"max-image-preview:large","max-video-preview":"max-video-preview:-1"},"canonical":"https:\/\/tuzlainfo.ba\/index.php\/bosna-i-hercegovina\/item\/268743-opcinski-sud-u-bihacu-osudio-fikreta-abdica-u-jos-jednom-slucaju\/","og_locale":"bs_BA","og_type":"article","og_title":"Op\u0107inski sud u Biha\u0107u osudio Fikreta Abdi\u0107a u jo\u0161 jednom slu\u010daju - TuzlaInfo.ba","og_description":"Op\u0107inski sud u Biha\u0107u donio je prvostepenu, nepravosna\u017enu presudu kojom je biv\u0161eg na\u010delnika Op\u0107ine Velika&hellip;","og_url":"https:\/\/tuzlainfo.ba\/index.php\/bosna-i-hercegovina\/item\/268743-opcinski-sud-u-bihacu-osudio-fikreta-abdica-u-jos-jednom-slucaju\/","og_site_name":"TuzlaInfo.ba","article_publisher":"https:\/\/www.facebook.com\/tuzlainfo.ba\/","article_published_time":"2025-05-05T19:17:42+00:00","article_modified_time":"2025-05-06T05:33:45+00:00","og_image":[{"width":875,"height":633,"url":"https:\/\/tuzlainfo.ba\/wp-content\/uploads\/2021\/09\/2909_fikret-abdic-\u00b81.jpg","type":"image\/jpeg"}],"author":"nedim","twitter_card":"summary_large_image","twitter_misc":{"Written by":"nedim","Est. reading time":"2 minute"},"schema":{"@context":"https:\/\/schema.org","@graph":[{"@type":"Article","@id":"https:\/\/tuzlainfo.ba\/index.php\/bosna-i-hercegovina\/item\/268743-opcinski-sud-u-bihacu-osudio-fikreta-abdica-u-jos-jednom-slucaju\/#article","isPartOf":{"@id":"https:\/\/tuzlainfo.ba\/index.php\/bosna-i-hercegovina\/item\/268743-opcinski-sud-u-bihacu-osudio-fikreta-abdica-u-jos-jednom-slucaju\/"},"author":{"name":"nedim","@id":"https:\/\/tuzlainfo.ba\/#\/schema\/person\/f434e20dc27ea133923aab08451b7f7f"},"headline":"Op\u0107inski sud u Biha\u0107u osudio Fikreta Abdi\u0107a u jo\u0161 jednom slu\u010daju","datePublished":"2025-05-05T19:17:42+00:00","dateModified":"2025-05-06T05:33:45+00:00","mainEntityOfPage":{"@id":"https:\/\/tuzlainfo.ba\/index.php\/bosna-i-hercegovina\/item\/268743-opcinski-sud-u-bihacu-osudio-fikreta-abdica-u-jos-jednom-slucaju\/"},"wordCount":229,"publisher":{"@id":"https:\/\/tuzlainfo.ba\/#organization"},"image":{"@id":"https:\/\/tuzlainfo.ba\/index.php\/bosna-i-hercegovina\/item\/268743-opcinski-sud-u-bihacu-osudio-fikreta-abdica-u-jos-jednom-slucaju\/#primaryimage"},"thumbnailUrl":"https:\/\/tuzlainfo.ba\/wp-content\/uploads\/2021\/09\/2909_fikret-abdic-\u00b81.jpg","keywords":["fikret abdic"],"articleSection":["Bosna i Hercegovina"],"inLanguage":"bs-BA"},{"@type":"WebPage","@id":"https:\/\/tuzlainfo.ba\/index.php\/bosna-i-hercegovina\/item\/268743-opcinski-sud-u-bihacu-osudio-fikreta-abdica-u-jos-jednom-slucaju\/","url":"https:\/\/tuzlainfo.ba\/index.php\/bosna-i-hercegovina\/item\/268743-opcinski-sud-u-bihacu-osudio-fikreta-abdica-u-jos-jednom-slucaju\/","name":"Op\u0107inski sud u Biha\u0107u osudio Fikreta Abdi\u0107a u jo\u0161 jednom slu\u010daju - TuzlaInfo.ba","isPartOf":{"@id":"https:\/\/tuzlainfo.ba\/#website"},"primaryImageOfPage":{"@id":"https:\/\/tuzlainfo.ba\/index.php\/bosna-i-hercegovina\/item\/268743-opcinski-sud-u-bihacu-osudio-fikreta-abdica-u-jos-jednom-slucaju\/#primaryimage"},"image":{"@id":"https:\/\/tuzlainfo.ba\/index.php\/bosna-i-hercegovina\/item\/268743-opcinski-sud-u-bihacu-osudio-fikreta-abdica-u-jos-jednom-slucaju\/#primaryimage"},"thumbnailUrl":"https:\/\/tuzlainfo.ba\/wp-content\/uploads\/2021\/09\/2909_fikret-abdic-\u00b81.jpg","datePublished":"2025-05-05T19:17:42+00:00","dateModified":"2025-05-06T05:33:45+00:00","breadcrumb":{"@id":"https:\/\/tuzlainfo.ba\/index.php\/bosna-i-hercegovina\/item\/268743-opcinski-sud-u-bihacu-osudio-fikreta-abdica-u-jos-jednom-slucaju\/#breadcrumb"},"inLanguage":"bs-BA","potentialAction":[{"@type":"ReadAction","target":["https:\/\/tuzlainfo.ba\/index.php\/bosna-i-hercegovina\/item\/268743-opcinski-sud-u-bihacu-osudio-fikreta-abdica-u-jos-jednom-slucaju\/"]}]},{"@type":"ImageObject","inLanguage":"bs-BA","@id":"https:\/\/tuzlainfo.ba\/index.php\/bosna-i-hercegovina\/item\/268743-opcinski-sud-u-bihacu-osudio-fikreta-abdica-u-jos-jednom-slucaju\/#primaryimage","url":"https:\/\/tuzlainfo.ba\/wp-content\/uploads\/2021\/09\/2909_fikret-abdic-\u00b81.jpg","contentUrl":"https:\/\/tuzlainfo.ba\/wp-content\/uploads\/2021\/09\/2909_fikret-abdic-\u00b81.jpg","width":875,"height":633},{"@type":"BreadcrumbList","@id":"https:\/\/tuzlainfo.ba\/index.php\/bosna-i-hercegovina\/item\/268743-opcinski-sud-u-bihacu-osudio-fikreta-abdica-u-jos-jednom-slucaju\/#breadcrumb","itemListElement":[{"@type":"ListItem","position":1,"name":"Home","item":"https:\/\/tuzlainfo.ba\/"},{"@type":"ListItem","position":2,"name":"Op\u0107inski sud u Biha\u0107u osudio Fikreta Abdi\u0107a u jo\u0161 jednom slu\u010daju"}]},{"@type":"WebSite","@id":"https:\/\/tuzlainfo.ba\/#website","url":"https:\/\/tuzlainfo.ba\/","name":"TuzlaInfo.ba","description":"Tuzla info, gradski informator - Tuzla na dlanu","publisher":{"@id":"https:\/\/tuzlainfo.ba\/#organization"},"potentialAction":[{"@type":"SearchAction","target":{"@type":"EntryPoint","urlTemplate":"https:\/\/tuzlainfo.ba\/?s={search_term_string}"},"query-input":{"@type":"PropertyValueSpecification","valueRequired":true,"valueName":"search_term_string"}}],"inLanguage":"bs-BA"},{"@type":"Organization","@id":"https:\/\/tuzlainfo.ba\/#organization","name":"TuzlaInfo.ba","url":"https:\/\/tuzlainfo.ba\/","logo":{"@type":"ImageObject","inLanguage":"bs-BA","@id":"https:\/\/tuzlainfo.ba\/#\/schema\/logo\/image\/","url":"https:\/\/tuzlainfo.ba\/wp-content\/uploads\/2021\/03\/logo-ver-3-1.png","contentUrl":"https:\/\/tuzlainfo.ba\/wp-content\/uploads\/2021\/03\/logo-ver-3-1.png","width":350,"height":95,"caption":"TuzlaInfo.ba"},"image":{"@id":"https:\/\/tuzlainfo.ba\/#\/schema\/logo\/image\/"},"sameAs":["https:\/\/www.facebook.com\/tuzlainfo.ba\/"]},{"@type":"Person","@id":"https:\/\/tuzlainfo.ba\/#\/schema\/person\/f434e20dc27ea133923aab08451b7f7f","name":"nedim","image":{"@type":"ImageObject","inLanguage":"bs-BA","@id":"https:\/\/tuzlainfo.ba\/#\/schema\/person\/image\/","url":"https:\/\/tuzlainfo.ba\/wp-content\/litespeed\/avatar\/aabad687af24844af817603ac1cbdc4f.jpg?ver=1777306975","contentUrl":"https:\/\/tuzlainfo.ba\/wp-content\/litespeed\/avatar\/aabad687af24844af817603ac1cbdc4f.jpg?ver=1777306975","caption":"nedim"},"description":"Tuzlainfo.ba pratite na dru\u0161tvenim mre\u017eama: Facebook, Instagram i Youtube. Svoje pri\u010de, upite i fotografije \u0161aljite na na\u0161u e-mail adresu."}]}},"_links":{"self":[{"href":"https:\/\/tuzlainfo.ba\/index.php\/wp-json\/wp\/v2\/posts\/268743"}],"collection":[{"href":"https:\/\/tuzlainfo.ba\/index.php\/wp-json\/wp\/v2\/posts"}],"about":[{"href":"https:\/\/tuzlainfo.ba\/index.php\/wp-json\/wp\/v2\/types\/post"}],"author":[{"embeddable":true,"href":"https:\/\/tuzlainfo.ba\/index.php\/wp-json\/wp\/v2\/users\/2"}],"replies":[{"embeddable":true,"href":"https:\/\/tuzlainfo.ba\/index.php\/wp-json\/wp\/v2\/comments?post=268743"}],"version-history":[{"count":2,"href":"https:\/\/tuzlainfo.ba\/index.php\/wp-json\/wp\/v2\/posts\/268743\/revisions"}],"predecessor-version":[{"id":268757,"href":"https:\/\/tuzlainfo.ba\/index.php\/wp-json\/wp\/v2\/posts\/268743\/revisions\/268757"}],"wp:featuredmedia":[{"embeddable":true,"href":"https:\/\/tuzlainfo.ba\/index.php\/wp-json\/wp\/v2\/media\/149376"}],"wp:attachment":[{"href":"https:\/\/tuzlainfo.ba\/index.php\/wp-json\/wp\/v2\/media?parent=268743"}],"wp:term":[{"taxonomy":"category","embeddable":true,"href":"https:\/\/tuzlainfo.ba\/index.php\/wp-json\/wp\/v2\/categories?post=268743"},{"taxonomy":"post_tag","embeddable":true,"href":"https:\/\/tuzlainfo.ba\/index.php\/wp-json\/wp\/v2\/tags?post=268743"}],"curies":[{"name":"wp","href":"https:\/\/api.w.org\/{rel}","templated":true}]}}