{"id":268531,"date":"2025-05-02T18:00:47","date_gmt":"2025-05-02T16:00:47","guid":{"rendered":"https:\/\/tuzlainfo.ba\/?p=268531"},"modified":"2025-05-01T18:45:43","modified_gmt":"2025-05-01T16:45:43","slug":"ibrahim-kajan-gost-knjizevne-veceri-u-tuzli-predstavlja-autobiografsku-knjigu-samo-prolaznik","status":"publish","type":"post","link":"https:\/\/tuzlainfo.ba\/index.php\/najava-dogadaja-2\/item\/268531-ibrahim-kajan-gost-knjizevne-veceri-u-tuzli-predstavlja-autobiografsku-knjigu-samo-prolaznik\/","title":{"rendered":"Ibrahim Kajan gost knji\u017eevne ve\u010deri u Tuzli, predstavlja autobiografsku knjigu &#8220;Samo prolaznik&#8221;"},"content":{"rendered":"<p class=\"\" data-start=\"199\" data-end=\"445\">U organizaciji Biblioteke &#8220;Behram-beg&#8221; i partnera, u utorak 6. maja s po\u010detkom u 18 sati u \u010citaonici Biblioteke na Solnom trgu bit \u0107e odr\u017ean knji\u017eevni razgovor s Ibrahimom Kajanom, jednim od najzna\u010dajnijih savremenih bosanskohercegova\u010dkih pisaca.<\/p>\n<p class=\"\" data-start=\"447\" data-end=\"687\">Povod susreta je predstavljanje njegove knjige &#8220;Samo prolaznik \/ Autobiografski fragmenti&#8221;, u kojoj autor retrospektivno promi\u0161lja vlastiti \u017eivot, knji\u017eevni rad i vrijeme u kojem je stvarao. U razgovoru s Kajanom u\u010destvovat \u0107e i Sead Husi\u0107.<\/p>\n<p class=\"\" data-start=\"689\" data-end=\"850\">Doga\u0111aj organizuju Biblioteka &#8220;Behram-beg&#8221;, Institut za dru\u0161tvena i religijska istra\u017eivanja, Behram-begova medresa i Bosanski kulturni centar Tuzlanskog kantona.<\/p>\n<p class=\"\" data-start=\"852\" data-end=\"1059\">Ibrahim Kajan autor je bogatog knji\u017eevnog opusa koji uklju\u010duje poeziju, romane, drame, putopise i eseje. Njegova djela su prevo\u0111ena na vi\u0161e jezika, a dobitnik je i brojnih priznanja za doprinos knji\u017eevnosti.<\/p>\n<p class=\"\" data-start=\"1061\" data-end=\"1254\">Organizatori pozivaju sve zainteresovane gra\u0111ane, posebno ljubitelje knji\u017eevnosti, da prisustvuju ovom susretu sa piscem \u010dija su djela ostavila sna\u017ean trag u bosanskohercegova\u010dkoj knji\u017eevnosti.<\/p>\n","protected":false},"excerpt":{"rendered":"<p>U organizaciji Biblioteke &#8220;Behram-beg&#8221; i partnera, u utorak 6. maja s po\u010detkom u 18 sati&hellip;<\/p>\n","protected":false},"author":2,"featured_media":268532,"comment_status":"closed","ping_status":"closed","sticky":false,"template":"","format":"standard","meta":{"_acf_changed":false,"footnotes":""},"categories":[11],"tags":[3965,12152],"acf":[],"yoast_head":"<!-- This site is optimized with the Yoast SEO plugin v23.5 - https:\/\/yoast.com\/wordpress\/plugins\/seo\/ -->\n<title>Ibrahim Kajan gost knji\u017eevne ve\u010deri u Tuzli, predstavlja autobiografsku knjigu &quot;Samo prolaznik&quot; - TuzlaInfo.ba<\/title>\n<meta name=\"robots\" content=\"index, follow, max-snippet:-1, max-image-preview:large, max-video-preview:-1\" \/>\n<link rel=\"canonical\" href=\"https:\/\/tuzlainfo.ba\/index.php\/najava-dogadaja-2\/item\/268531-ibrahim-kajan-gost-knjizevne-veceri-u-tuzli-predstavlja-autobiografsku-knjigu-samo-prolaznik\/\" \/>\n<meta property=\"og:locale\" content=\"bs_BA\" \/>\n<meta property=\"og:type\" content=\"article\" \/>\n<meta property=\"og:title\" content=\"Ibrahim Kajan gost knji\u017eevne ve\u010deri u Tuzli, predstavlja autobiografsku knjigu &quot;Samo prolaznik&quot; - TuzlaInfo.ba\" \/>\n<meta property=\"og:description\" content=\"U organizaciji Biblioteke &#8220;Behram-beg&#8221; i partnera, u utorak 6. maja s po\u010detkom u 18 sati&hellip;\" \/>\n<meta property=\"og:url\" content=\"https:\/\/tuzlainfo.ba\/index.php\/najava-dogadaja-2\/item\/268531-ibrahim-kajan-gost-knjizevne-veceri-u-tuzli-predstavlja-autobiografsku-knjigu-samo-prolaznik\/\" \/>\n<meta property=\"og:site_name\" content=\"TuzlaInfo.ba\" \/>\n<meta property=\"article:publisher\" content=\"https:\/\/www.facebook.com\/tuzlainfo.ba\/\" \/>\n<meta property=\"article:published_time\" content=\"2025-05-02T16:00:47+00:00\" \/>\n<meta property=\"article:modified_time\" content=\"2025-05-01T16:45:43+00:00\" \/>\n<meta property=\"og:image\" content=\"https:\/\/tuzlainfo.ba\/wp-content\/uploads\/2025\/04\/3004_kajan.jpg\" \/>\n\t<meta property=\"og:image:width\" content=\"800\" \/>\n\t<meta property=\"og:image:height\" content=\"461\" \/>\n\t<meta property=\"og:image:type\" content=\"image\/jpeg\" \/>\n<meta name=\"author\" content=\"nedim\" \/>\n<meta name=\"twitter:card\" content=\"summary_large_image\" \/>\n<meta name=\"twitter:label1\" content=\"Written by\" \/>\n\t<meta name=\"twitter:data1\" content=\"nedim\" \/>\n\t<meta name=\"twitter:label2\" content=\"Est. reading time\" \/>\n\t<meta name=\"twitter:data2\" content=\"1 minuta\" \/>\n<script type=\"application\/ld+json\" class=\"yoast-schema-graph\">{\"@context\":\"https:\/\/schema.org\",\"@graph\":[{\"@type\":\"Article\",\"@id\":\"https:\/\/tuzlainfo.ba\/index.php\/najava-dogadaja-2\/item\/268531-ibrahim-kajan-gost-knjizevne-veceri-u-tuzli-predstavlja-autobiografsku-knjigu-samo-prolaznik\/#article\",\"isPartOf\":{\"@id\":\"https:\/\/tuzlainfo.ba\/index.php\/najava-dogadaja-2\/item\/268531-ibrahim-kajan-gost-knjizevne-veceri-u-tuzli-predstavlja-autobiografsku-knjigu-samo-prolaznik\/\"},\"author\":{\"name\":\"nedim\",\"@id\":\"https:\/\/tuzlainfo.ba\/#\/schema\/person\/f434e20dc27ea133923aab08451b7f7f\"},\"headline\":\"Ibrahim Kajan gost knji\u017eevne ve\u010deri u Tuzli, predstavlja autobiografsku knjigu &#8220;Samo prolaznik&#8221;\",\"datePublished\":\"2025-05-02T16:00:47+00:00\",\"dateModified\":\"2025-05-01T16:45:43+00:00\",\"mainEntityOfPage\":{\"@id\":\"https:\/\/tuzlainfo.ba\/index.php\/najava-dogadaja-2\/item\/268531-ibrahim-kajan-gost-knjizevne-veceri-u-tuzli-predstavlja-autobiografsku-knjigu-samo-prolaznik\/\"},\"wordCount\":174,\"publisher\":{\"@id\":\"https:\/\/tuzlainfo.ba\/#organization\"},\"image\":{\"@id\":\"https:\/\/tuzlainfo.ba\/index.php\/najava-dogadaja-2\/item\/268531-ibrahim-kajan-gost-knjizevne-veceri-u-tuzli-predstavlja-autobiografsku-knjigu-samo-prolaznik\/#primaryimage\"},\"thumbnailUrl\":\"https:\/\/tuzlainfo.ba\/wp-content\/uploads\/2025\/04\/3004_kajan.jpg\",\"keywords\":[\"Behram-begova biblioteka\",\"ibrahim kajan\"],\"articleSection\":[\"Najave i doga\u0111aji\"],\"inLanguage\":\"bs-BA\"},{\"@type\":\"WebPage\",\"@id\":\"https:\/\/tuzlainfo.ba\/index.php\/najava-dogadaja-2\/item\/268531-ibrahim-kajan-gost-knjizevne-veceri-u-tuzli-predstavlja-autobiografsku-knjigu-samo-prolaznik\/\",\"url\":\"https:\/\/tuzlainfo.ba\/index.php\/najava-dogadaja-2\/item\/268531-ibrahim-kajan-gost-knjizevne-veceri-u-tuzli-predstavlja-autobiografsku-knjigu-samo-prolaznik\/\",\"name\":\"Ibrahim Kajan gost knji\u017eevne ve\u010deri u Tuzli, predstavlja autobiografsku knjigu \\\"Samo prolaznik\\\" - TuzlaInfo.ba\",\"isPartOf\":{\"@id\":\"https:\/\/tuzlainfo.ba\/#website\"},\"primaryImageOfPage\":{\"@id\":\"https:\/\/tuzlainfo.ba\/index.php\/najava-dogadaja-2\/item\/268531-ibrahim-kajan-gost-knjizevne-veceri-u-tuzli-predstavlja-autobiografsku-knjigu-samo-prolaznik\/#primaryimage\"},\"image\":{\"@id\":\"https:\/\/tuzlainfo.ba\/index.php\/najava-dogadaja-2\/item\/268531-ibrahim-kajan-gost-knjizevne-veceri-u-tuzli-predstavlja-autobiografsku-knjigu-samo-prolaznik\/#primaryimage\"},\"thumbnailUrl\":\"https:\/\/tuzlainfo.ba\/wp-content\/uploads\/2025\/04\/3004_kajan.jpg\",\"datePublished\":\"2025-05-02T16:00:47+00:00\",\"dateModified\":\"2025-05-01T16:45:43+00:00\",\"breadcrumb\":{\"@id\":\"https:\/\/tuzlainfo.ba\/index.php\/najava-dogadaja-2\/item\/268531-ibrahim-kajan-gost-knjizevne-veceri-u-tuzli-predstavlja-autobiografsku-knjigu-samo-prolaznik\/#breadcrumb\"},\"inLanguage\":\"bs-BA\",\"potentialAction\":[{\"@type\":\"ReadAction\",\"target\":[\"https:\/\/tuzlainfo.ba\/index.php\/najava-dogadaja-2\/item\/268531-ibrahim-kajan-gost-knjizevne-veceri-u-tuzli-predstavlja-autobiografsku-knjigu-samo-prolaznik\/\"]}]},{\"@type\":\"ImageObject\",\"inLanguage\":\"bs-BA\",\"@id\":\"https:\/\/tuzlainfo.ba\/index.php\/najava-dogadaja-2\/item\/268531-ibrahim-kajan-gost-knjizevne-veceri-u-tuzli-predstavlja-autobiografsku-knjigu-samo-prolaznik\/#primaryimage\",\"url\":\"https:\/\/tuzlainfo.ba\/wp-content\/uploads\/2025\/04\/3004_kajan.jpg\",\"contentUrl\":\"https:\/\/tuzlainfo.ba\/wp-content\/uploads\/2025\/04\/3004_kajan.jpg\",\"width\":800,\"height\":461},{\"@type\":\"BreadcrumbList\",\"@id\":\"https:\/\/tuzlainfo.ba\/index.php\/najava-dogadaja-2\/item\/268531-ibrahim-kajan-gost-knjizevne-veceri-u-tuzli-predstavlja-autobiografsku-knjigu-samo-prolaznik\/#breadcrumb\",\"itemListElement\":[{\"@type\":\"ListItem\",\"position\":1,\"name\":\"Home\",\"item\":\"https:\/\/tuzlainfo.ba\/\"},{\"@type\":\"ListItem\",\"position\":2,\"name\":\"Ibrahim Kajan gost knji\u017eevne ve\u010deri u Tuzli, predstavlja autobiografsku knjigu &#8220;Samo prolaznik&#8221;\"}]},{\"@type\":\"WebSite\",\"@id\":\"https:\/\/tuzlainfo.ba\/#website\",\"url\":\"https:\/\/tuzlainfo.ba\/\",\"name\":\"TuzlaInfo.ba\",\"description\":\"Tuzla info, gradski informator - Tuzla na dlanu\",\"publisher\":{\"@id\":\"https:\/\/tuzlainfo.ba\/#organization\"},\"potentialAction\":[{\"@type\":\"SearchAction\",\"target\":{\"@type\":\"EntryPoint\",\"urlTemplate\":\"https:\/\/tuzlainfo.ba\/?s={search_term_string}\"},\"query-input\":{\"@type\":\"PropertyValueSpecification\",\"valueRequired\":true,\"valueName\":\"search_term_string\"}}],\"inLanguage\":\"bs-BA\"},{\"@type\":\"Organization\",\"@id\":\"https:\/\/tuzlainfo.ba\/#organization\",\"name\":\"TuzlaInfo.ba\",\"url\":\"https:\/\/tuzlainfo.ba\/\",\"logo\":{\"@type\":\"ImageObject\",\"inLanguage\":\"bs-BA\",\"@id\":\"https:\/\/tuzlainfo.ba\/#\/schema\/logo\/image\/\",\"url\":\"https:\/\/tuzlainfo.ba\/wp-content\/uploads\/2021\/03\/logo-ver-3-1.png\",\"contentUrl\":\"https:\/\/tuzlainfo.ba\/wp-content\/uploads\/2021\/03\/logo-ver-3-1.png\",\"width\":350,\"height\":95,\"caption\":\"TuzlaInfo.ba\"},\"image\":{\"@id\":\"https:\/\/tuzlainfo.ba\/#\/schema\/logo\/image\/\"},\"sameAs\":[\"https:\/\/www.facebook.com\/tuzlainfo.ba\/\"]},{\"@type\":\"Person\",\"@id\":\"https:\/\/tuzlainfo.ba\/#\/schema\/person\/f434e20dc27ea133923aab08451b7f7f\",\"name\":\"nedim\",\"image\":{\"@type\":\"ImageObject\",\"inLanguage\":\"bs-BA\",\"@id\":\"https:\/\/tuzlainfo.ba\/#\/schema\/person\/image\/\",\"url\":\"https:\/\/tuzlainfo.ba\/wp-content\/litespeed\/avatar\/aabad687af24844af817603ac1cbdc4f.jpg?ver=1776702173\",\"contentUrl\":\"https:\/\/tuzlainfo.ba\/wp-content\/litespeed\/avatar\/aabad687af24844af817603ac1cbdc4f.jpg?ver=1776702173\",\"caption\":\"nedim\"},\"description\":\"Tuzlainfo.ba pratite na dru\u0161tvenim mre\u017eama: Facebook, Instagram i Youtube. Svoje pri\u010de, upite i fotografije \u0161aljite na na\u0161u e-mail adresu.\"}]}<\/script>\n<!-- \/ Yoast SEO plugin. -->","yoast_head_json":{"title":"Ibrahim Kajan gost knji\u017eevne ve\u010deri u Tuzli, predstavlja autobiografsku knjigu \"Samo prolaznik\" - TuzlaInfo.ba","robots":{"index":"index","follow":"follow","max-snippet":"max-snippet:-1","max-image-preview":"max-image-preview:large","max-video-preview":"max-video-preview:-1"},"canonical":"https:\/\/tuzlainfo.ba\/index.php\/najava-dogadaja-2\/item\/268531-ibrahim-kajan-gost-knjizevne-veceri-u-tuzli-predstavlja-autobiografsku-knjigu-samo-prolaznik\/","og_locale":"bs_BA","og_type":"article","og_title":"Ibrahim Kajan gost knji\u017eevne ve\u010deri u Tuzli, predstavlja autobiografsku knjigu \"Samo prolaznik\" - TuzlaInfo.ba","og_description":"U organizaciji Biblioteke &#8220;Behram-beg&#8221; i partnera, u utorak 6. maja s po\u010detkom u 18 sati&hellip;","og_url":"https:\/\/tuzlainfo.ba\/index.php\/najava-dogadaja-2\/item\/268531-ibrahim-kajan-gost-knjizevne-veceri-u-tuzli-predstavlja-autobiografsku-knjigu-samo-prolaznik\/","og_site_name":"TuzlaInfo.ba","article_publisher":"https:\/\/www.facebook.com\/tuzlainfo.ba\/","article_published_time":"2025-05-02T16:00:47+00:00","article_modified_time":"2025-05-01T16:45:43+00:00","og_image":[{"width":800,"height":461,"url":"https:\/\/tuzlainfo.ba\/wp-content\/uploads\/2025\/04\/3004_kajan.jpg","type":"image\/jpeg"}],"author":"nedim","twitter_card":"summary_large_image","twitter_misc":{"Written by":"nedim","Est. reading time":"1 minuta"},"schema":{"@context":"https:\/\/schema.org","@graph":[{"@type":"Article","@id":"https:\/\/tuzlainfo.ba\/index.php\/najava-dogadaja-2\/item\/268531-ibrahim-kajan-gost-knjizevne-veceri-u-tuzli-predstavlja-autobiografsku-knjigu-samo-prolaznik\/#article","isPartOf":{"@id":"https:\/\/tuzlainfo.ba\/index.php\/najava-dogadaja-2\/item\/268531-ibrahim-kajan-gost-knjizevne-veceri-u-tuzli-predstavlja-autobiografsku-knjigu-samo-prolaznik\/"},"author":{"name":"nedim","@id":"https:\/\/tuzlainfo.ba\/#\/schema\/person\/f434e20dc27ea133923aab08451b7f7f"},"headline":"Ibrahim Kajan gost knji\u017eevne ve\u010deri u Tuzli, predstavlja autobiografsku knjigu &#8220;Samo prolaznik&#8221;","datePublished":"2025-05-02T16:00:47+00:00","dateModified":"2025-05-01T16:45:43+00:00","mainEntityOfPage":{"@id":"https:\/\/tuzlainfo.ba\/index.php\/najava-dogadaja-2\/item\/268531-ibrahim-kajan-gost-knjizevne-veceri-u-tuzli-predstavlja-autobiografsku-knjigu-samo-prolaznik\/"},"wordCount":174,"publisher":{"@id":"https:\/\/tuzlainfo.ba\/#organization"},"image":{"@id":"https:\/\/tuzlainfo.ba\/index.php\/najava-dogadaja-2\/item\/268531-ibrahim-kajan-gost-knjizevne-veceri-u-tuzli-predstavlja-autobiografsku-knjigu-samo-prolaznik\/#primaryimage"},"thumbnailUrl":"https:\/\/tuzlainfo.ba\/wp-content\/uploads\/2025\/04\/3004_kajan.jpg","keywords":["Behram-begova biblioteka","ibrahim kajan"],"articleSection":["Najave i doga\u0111aji"],"inLanguage":"bs-BA"},{"@type":"WebPage","@id":"https:\/\/tuzlainfo.ba\/index.php\/najava-dogadaja-2\/item\/268531-ibrahim-kajan-gost-knjizevne-veceri-u-tuzli-predstavlja-autobiografsku-knjigu-samo-prolaznik\/","url":"https:\/\/tuzlainfo.ba\/index.php\/najava-dogadaja-2\/item\/268531-ibrahim-kajan-gost-knjizevne-veceri-u-tuzli-predstavlja-autobiografsku-knjigu-samo-prolaznik\/","name":"Ibrahim Kajan gost knji\u017eevne ve\u010deri u Tuzli, predstavlja autobiografsku knjigu \"Samo prolaznik\" - TuzlaInfo.ba","isPartOf":{"@id":"https:\/\/tuzlainfo.ba\/#website"},"primaryImageOfPage":{"@id":"https:\/\/tuzlainfo.ba\/index.php\/najava-dogadaja-2\/item\/268531-ibrahim-kajan-gost-knjizevne-veceri-u-tuzli-predstavlja-autobiografsku-knjigu-samo-prolaznik\/#primaryimage"},"image":{"@id":"https:\/\/tuzlainfo.ba\/index.php\/najava-dogadaja-2\/item\/268531-ibrahim-kajan-gost-knjizevne-veceri-u-tuzli-predstavlja-autobiografsku-knjigu-samo-prolaznik\/#primaryimage"},"thumbnailUrl":"https:\/\/tuzlainfo.ba\/wp-content\/uploads\/2025\/04\/3004_kajan.jpg","datePublished":"2025-05-02T16:00:47+00:00","dateModified":"2025-05-01T16:45:43+00:00","breadcrumb":{"@id":"https:\/\/tuzlainfo.ba\/index.php\/najava-dogadaja-2\/item\/268531-ibrahim-kajan-gost-knjizevne-veceri-u-tuzli-predstavlja-autobiografsku-knjigu-samo-prolaznik\/#breadcrumb"},"inLanguage":"bs-BA","potentialAction":[{"@type":"ReadAction","target":["https:\/\/tuzlainfo.ba\/index.php\/najava-dogadaja-2\/item\/268531-ibrahim-kajan-gost-knjizevne-veceri-u-tuzli-predstavlja-autobiografsku-knjigu-samo-prolaznik\/"]}]},{"@type":"ImageObject","inLanguage":"bs-BA","@id":"https:\/\/tuzlainfo.ba\/index.php\/najava-dogadaja-2\/item\/268531-ibrahim-kajan-gost-knjizevne-veceri-u-tuzli-predstavlja-autobiografsku-knjigu-samo-prolaznik\/#primaryimage","url":"https:\/\/tuzlainfo.ba\/wp-content\/uploads\/2025\/04\/3004_kajan.jpg","contentUrl":"https:\/\/tuzlainfo.ba\/wp-content\/uploads\/2025\/04\/3004_kajan.jpg","width":800,"height":461},{"@type":"BreadcrumbList","@id":"https:\/\/tuzlainfo.ba\/index.php\/najava-dogadaja-2\/item\/268531-ibrahim-kajan-gost-knjizevne-veceri-u-tuzli-predstavlja-autobiografsku-knjigu-samo-prolaznik\/#breadcrumb","itemListElement":[{"@type":"ListItem","position":1,"name":"Home","item":"https:\/\/tuzlainfo.ba\/"},{"@type":"ListItem","position":2,"name":"Ibrahim Kajan gost knji\u017eevne ve\u010deri u Tuzli, predstavlja autobiografsku knjigu &#8220;Samo prolaznik&#8221;"}]},{"@type":"WebSite","@id":"https:\/\/tuzlainfo.ba\/#website","url":"https:\/\/tuzlainfo.ba\/","name":"TuzlaInfo.ba","description":"Tuzla info, gradski informator - Tuzla na dlanu","publisher":{"@id":"https:\/\/tuzlainfo.ba\/#organization"},"potentialAction":[{"@type":"SearchAction","target":{"@type":"EntryPoint","urlTemplate":"https:\/\/tuzlainfo.ba\/?s={search_term_string}"},"query-input":{"@type":"PropertyValueSpecification","valueRequired":true,"valueName":"search_term_string"}}],"inLanguage":"bs-BA"},{"@type":"Organization","@id":"https:\/\/tuzlainfo.ba\/#organization","name":"TuzlaInfo.ba","url":"https:\/\/tuzlainfo.ba\/","logo":{"@type":"ImageObject","inLanguage":"bs-BA","@id":"https:\/\/tuzlainfo.ba\/#\/schema\/logo\/image\/","url":"https:\/\/tuzlainfo.ba\/wp-content\/uploads\/2021\/03\/logo-ver-3-1.png","contentUrl":"https:\/\/tuzlainfo.ba\/wp-content\/uploads\/2021\/03\/logo-ver-3-1.png","width":350,"height":95,"caption":"TuzlaInfo.ba"},"image":{"@id":"https:\/\/tuzlainfo.ba\/#\/schema\/logo\/image\/"},"sameAs":["https:\/\/www.facebook.com\/tuzlainfo.ba\/"]},{"@type":"Person","@id":"https:\/\/tuzlainfo.ba\/#\/schema\/person\/f434e20dc27ea133923aab08451b7f7f","name":"nedim","image":{"@type":"ImageObject","inLanguage":"bs-BA","@id":"https:\/\/tuzlainfo.ba\/#\/schema\/person\/image\/","url":"https:\/\/tuzlainfo.ba\/wp-content\/litespeed\/avatar\/aabad687af24844af817603ac1cbdc4f.jpg?ver=1776702173","contentUrl":"https:\/\/tuzlainfo.ba\/wp-content\/litespeed\/avatar\/aabad687af24844af817603ac1cbdc4f.jpg?ver=1776702173","caption":"nedim"},"description":"Tuzlainfo.ba pratite na dru\u0161tvenim mre\u017eama: Facebook, Instagram i Youtube. Svoje pri\u010de, upite i fotografije \u0161aljite na na\u0161u e-mail adresu."}]}},"_links":{"self":[{"href":"https:\/\/tuzlainfo.ba\/index.php\/wp-json\/wp\/v2\/posts\/268531"}],"collection":[{"href":"https:\/\/tuzlainfo.ba\/index.php\/wp-json\/wp\/v2\/posts"}],"about":[{"href":"https:\/\/tuzlainfo.ba\/index.php\/wp-json\/wp\/v2\/types\/post"}],"author":[{"embeddable":true,"href":"https:\/\/tuzlainfo.ba\/index.php\/wp-json\/wp\/v2\/users\/2"}],"replies":[{"embeddable":true,"href":"https:\/\/tuzlainfo.ba\/index.php\/wp-json\/wp\/v2\/comments?post=268531"}],"version-history":[{"count":1,"href":"https:\/\/tuzlainfo.ba\/index.php\/wp-json\/wp\/v2\/posts\/268531\/revisions"}],"predecessor-version":[{"id":268533,"href":"https:\/\/tuzlainfo.ba\/index.php\/wp-json\/wp\/v2\/posts\/268531\/revisions\/268533"}],"wp:featuredmedia":[{"embeddable":true,"href":"https:\/\/tuzlainfo.ba\/index.php\/wp-json\/wp\/v2\/media\/268532"}],"wp:attachment":[{"href":"https:\/\/tuzlainfo.ba\/index.php\/wp-json\/wp\/v2\/media?parent=268531"}],"wp:term":[{"taxonomy":"category","embeddable":true,"href":"https:\/\/tuzlainfo.ba\/index.php\/wp-json\/wp\/v2\/categories?post=268531"},{"taxonomy":"post_tag","embeddable":true,"href":"https:\/\/tuzlainfo.ba\/index.php\/wp-json\/wp\/v2\/tags?post=268531"}],"curies":[{"name":"wp","href":"https:\/\/api.w.org\/{rel}","templated":true}]}}