{"id":268461,"date":"2025-04-30T15:02:49","date_gmt":"2025-04-30T13:02:49","guid":{"rendered":"https:\/\/tuzlainfo.ba\/?p=268461"},"modified":"2025-04-30T13:51:10","modified_gmt":"2025-04-30T11:51:10","slug":"nakon-lakrdije-na-tusnju-kazna-za-slobodu-dervisagica-i-sudiju-gigovica","status":"publish","type":"post","link":"https:\/\/tuzlainfo.ba\/index.php\/novosti\/item\/268461-nakon-lakrdije-na-tusnju-kazna-za-slobodu-dervisagica-i-sudiju-gigovica\/","title":{"rendered":"Nakon lakrdije na Tu\u0161nju: Kazna za Slobodu, Dervi\u0161agi\u0107a i sudiju Gigovi\u0107a"},"content":{"rendered":"<p class=\"\" data-start=\"150\" data-end=\"577\">Disciplinska komisija Fudbalskog saveza BiH suspendovala je Kenana Dervi\u0161agi\u0107a, napada\u010da Slobode, na \u010detiri utakmice zbog direktnog crvenog kartona koji je dobio u 81. minuti prekinute utakmice protiv Posu\u0161ja.<\/p>\n<p class=\"\" data-start=\"150\" data-end=\"577\">U zapisniku glavnog sudije Milo\u0161a Gigovi\u0107a navodi se da je isklju\u010denje uslijedilo zbog psovanja sudije i predsjednika Saveza. Igra\u010d je demantovao navode, ali Disciplinska komisija nije prihvatila njegovo obrazlo\u017eenje.<\/p>\n<p class=\"\" data-start=\"579\" data-end=\"763\">Dan ranije, Takmi\u010darska komisija FSBiH donijela je odluku da se prekinuti susret registruje rezultatom 0:3 u korist Posu\u0161ja, a Slobodi su oduzeta tri boda uz nov\u010danu kaznu od 5.000 KM.<\/p>\n<p class=\"\" data-start=\"765\" data-end=\"1089\">Zbog brojnih propusta na utakmici, suspendovan je i sudija Milo\u0161 Gigovi\u0107 \u2013 i to do kraja sezone. Kako prenosi Faktor, pored njega su suspendovani i drugi arbitri, me\u0111u kojima su Mateo Musa, Aleksandar Njegomirovi\u0107, Luka Bilbija i drugi. Na seminaru u Banjoj Luci norme nisu pro\u0161li ni Sabrija Topalovi\u0107 ni Benjamin Deljkovi\u0107.<\/p>\n","protected":false},"excerpt":{"rendered":"<p>Disciplinska komisija Fudbalskog saveza BiH suspendovala je Kenana Dervi\u0161agi\u0107a, napada\u010da Slobode, na \u010detiri utakmice zbog&hellip;<\/p>\n","protected":false},"author":2,"featured_media":268290,"comment_status":"closed","ping_status":"closed","sticky":false,"template":"","format":"standard","meta":{"_acf_changed":false,"footnotes":""},"categories":[304,12],"tags":[466,2530,915],"acf":[],"yoast_head":"<!-- This site is optimized with the Yoast SEO plugin v23.5 - https:\/\/yoast.com\/wordpress\/plugins\/seo\/ -->\n<title>Nakon lakrdije na Tu\u0161nju: Kazna za Slobodu, Dervi\u0161agi\u0107a i sudiju Gigovi\u0107a - TuzlaInfo.ba<\/title>\n<meta name=\"robots\" content=\"index, follow, max-snippet:-1, max-image-preview:large, max-video-preview:-1\" \/>\n<link rel=\"canonical\" href=\"https:\/\/tuzlainfo.ba\/index.php\/novosti\/item\/268461-nakon-lakrdije-na-tusnju-kazna-za-slobodu-dervisagica-i-sudiju-gigovica\/\" \/>\n<meta property=\"og:locale\" content=\"bs_BA\" \/>\n<meta property=\"og:type\" content=\"article\" \/>\n<meta property=\"og:title\" content=\"Nakon lakrdije na Tu\u0161nju: Kazna za Slobodu, Dervi\u0161agi\u0107a i sudiju Gigovi\u0107a - TuzlaInfo.ba\" \/>\n<meta property=\"og:description\" content=\"Disciplinska komisija Fudbalskog saveza BiH suspendovala je Kenana Dervi\u0161agi\u0107a, napada\u010da Slobode, na \u010detiri utakmice zbog&hellip;\" \/>\n<meta property=\"og:url\" content=\"https:\/\/tuzlainfo.ba\/index.php\/novosti\/item\/268461-nakon-lakrdije-na-tusnju-kazna-za-slobodu-dervisagica-i-sudiju-gigovica\/\" \/>\n<meta property=\"og:site_name\" content=\"TuzlaInfo.ba\" \/>\n<meta property=\"article:publisher\" content=\"https:\/\/www.facebook.com\/tuzlainfo.ba\/\" \/>\n<meta property=\"article:published_time\" content=\"2025-04-30T13:02:49+00:00\" \/>\n<meta property=\"article:modified_time\" content=\"2025-04-30T11:51:10+00:00\" \/>\n<meta property=\"og:image\" content=\"https:\/\/tuzlainfo.ba\/wp-content\/uploads\/2025\/04\/2804_gigovic_slo_posusje.jpg\" \/>\n\t<meta property=\"og:image:width\" content=\"1000\" \/>\n\t<meta property=\"og:image:height\" content=\"665\" \/>\n\t<meta property=\"og:image:type\" content=\"image\/jpeg\" \/>\n<meta name=\"author\" content=\"nedim\" \/>\n<meta name=\"twitter:card\" content=\"summary_large_image\" \/>\n<meta name=\"twitter:label1\" content=\"Written by\" \/>\n\t<meta name=\"twitter:data1\" content=\"nedim\" \/>\n\t<meta name=\"twitter:label2\" content=\"Est. reading time\" \/>\n\t<meta name=\"twitter:data2\" content=\"1 minuta\" \/>\n<script type=\"application\/ld+json\" class=\"yoast-schema-graph\">{\"@context\":\"https:\/\/schema.org\",\"@graph\":[{\"@type\":\"Article\",\"@id\":\"https:\/\/tuzlainfo.ba\/index.php\/novosti\/item\/268461-nakon-lakrdije-na-tusnju-kazna-za-slobodu-dervisagica-i-sudiju-gigovica\/#article\",\"isPartOf\":{\"@id\":\"https:\/\/tuzlainfo.ba\/index.php\/novosti\/item\/268461-nakon-lakrdije-na-tusnju-kazna-za-slobodu-dervisagica-i-sudiju-gigovica\/\"},\"author\":{\"name\":\"nedim\",\"@id\":\"https:\/\/tuzlainfo.ba\/#\/schema\/person\/f434e20dc27ea133923aab08451b7f7f\"},\"headline\":\"Nakon lakrdije na Tu\u0161nju: Kazna za Slobodu, Dervi\u0161agi\u0107a i sudiju Gigovi\u0107a\",\"datePublished\":\"2025-04-30T13:02:49+00:00\",\"dateModified\":\"2025-04-30T11:51:10+00:00\",\"mainEntityOfPage\":{\"@id\":\"https:\/\/tuzlainfo.ba\/index.php\/novosti\/item\/268461-nakon-lakrdije-na-tusnju-kazna-za-slobodu-dervisagica-i-sudiju-gigovica\/\"},\"wordCount\":163,\"publisher\":{\"@id\":\"https:\/\/tuzlainfo.ba\/#organization\"},\"image\":{\"@id\":\"https:\/\/tuzlainfo.ba\/index.php\/novosti\/item\/268461-nakon-lakrdije-na-tusnju-kazna-za-slobodu-dervisagica-i-sudiju-gigovica\/#primaryimage\"},\"thumbnailUrl\":\"https:\/\/tuzlainfo.ba\/wp-content\/uploads\/2025\/04\/2804_gigovic_slo_posusje.jpg\",\"keywords\":[\"fk sloboda\",\"NFSBiH\",\"sport\"],\"articleSection\":[\"Istaknuto\",\"Novosti\"],\"inLanguage\":\"bs-BA\"},{\"@type\":\"WebPage\",\"@id\":\"https:\/\/tuzlainfo.ba\/index.php\/novosti\/item\/268461-nakon-lakrdije-na-tusnju-kazna-za-slobodu-dervisagica-i-sudiju-gigovica\/\",\"url\":\"https:\/\/tuzlainfo.ba\/index.php\/novosti\/item\/268461-nakon-lakrdije-na-tusnju-kazna-za-slobodu-dervisagica-i-sudiju-gigovica\/\",\"name\":\"Nakon lakrdije na Tu\u0161nju: Kazna za Slobodu, Dervi\u0161agi\u0107a i sudiju Gigovi\u0107a - TuzlaInfo.ba\",\"isPartOf\":{\"@id\":\"https:\/\/tuzlainfo.ba\/#website\"},\"primaryImageOfPage\":{\"@id\":\"https:\/\/tuzlainfo.ba\/index.php\/novosti\/item\/268461-nakon-lakrdije-na-tusnju-kazna-za-slobodu-dervisagica-i-sudiju-gigovica\/#primaryimage\"},\"image\":{\"@id\":\"https:\/\/tuzlainfo.ba\/index.php\/novosti\/item\/268461-nakon-lakrdije-na-tusnju-kazna-za-slobodu-dervisagica-i-sudiju-gigovica\/#primaryimage\"},\"thumbnailUrl\":\"https:\/\/tuzlainfo.ba\/wp-content\/uploads\/2025\/04\/2804_gigovic_slo_posusje.jpg\",\"datePublished\":\"2025-04-30T13:02:49+00:00\",\"dateModified\":\"2025-04-30T11:51:10+00:00\",\"breadcrumb\":{\"@id\":\"https:\/\/tuzlainfo.ba\/index.php\/novosti\/item\/268461-nakon-lakrdije-na-tusnju-kazna-za-slobodu-dervisagica-i-sudiju-gigovica\/#breadcrumb\"},\"inLanguage\":\"bs-BA\",\"potentialAction\":[{\"@type\":\"ReadAction\",\"target\":[\"https:\/\/tuzlainfo.ba\/index.php\/novosti\/item\/268461-nakon-lakrdije-na-tusnju-kazna-za-slobodu-dervisagica-i-sudiju-gigovica\/\"]}]},{\"@type\":\"ImageObject\",\"inLanguage\":\"bs-BA\",\"@id\":\"https:\/\/tuzlainfo.ba\/index.php\/novosti\/item\/268461-nakon-lakrdije-na-tusnju-kazna-za-slobodu-dervisagica-i-sudiju-gigovica\/#primaryimage\",\"url\":\"https:\/\/tuzlainfo.ba\/wp-content\/uploads\/2025\/04\/2804_gigovic_slo_posusje.jpg\",\"contentUrl\":\"https:\/\/tuzlainfo.ba\/wp-content\/uploads\/2025\/04\/2804_gigovic_slo_posusje.jpg\",\"width\":1000,\"height\":665},{\"@type\":\"BreadcrumbList\",\"@id\":\"https:\/\/tuzlainfo.ba\/index.php\/novosti\/item\/268461-nakon-lakrdije-na-tusnju-kazna-za-slobodu-dervisagica-i-sudiju-gigovica\/#breadcrumb\",\"itemListElement\":[{\"@type\":\"ListItem\",\"position\":1,\"name\":\"Home\",\"item\":\"https:\/\/tuzlainfo.ba\/\"},{\"@type\":\"ListItem\",\"position\":2,\"name\":\"Nakon lakrdije na Tu\u0161nju: Kazna za Slobodu, Dervi\u0161agi\u0107a i sudiju Gigovi\u0107a\"}]},{\"@type\":\"WebSite\",\"@id\":\"https:\/\/tuzlainfo.ba\/#website\",\"url\":\"https:\/\/tuzlainfo.ba\/\",\"name\":\"TuzlaInfo.ba\",\"description\":\"Tuzla info, gradski informator - Tuzla na dlanu\",\"publisher\":{\"@id\":\"https:\/\/tuzlainfo.ba\/#organization\"},\"potentialAction\":[{\"@type\":\"SearchAction\",\"target\":{\"@type\":\"EntryPoint\",\"urlTemplate\":\"https:\/\/tuzlainfo.ba\/?s={search_term_string}\"},\"query-input\":{\"@type\":\"PropertyValueSpecification\",\"valueRequired\":true,\"valueName\":\"search_term_string\"}}],\"inLanguage\":\"bs-BA\"},{\"@type\":\"Organization\",\"@id\":\"https:\/\/tuzlainfo.ba\/#organization\",\"name\":\"TuzlaInfo.ba\",\"url\":\"https:\/\/tuzlainfo.ba\/\",\"logo\":{\"@type\":\"ImageObject\",\"inLanguage\":\"bs-BA\",\"@id\":\"https:\/\/tuzlainfo.ba\/#\/schema\/logo\/image\/\",\"url\":\"https:\/\/tuzlainfo.ba\/wp-content\/uploads\/2021\/03\/logo-ver-3-1.png\",\"contentUrl\":\"https:\/\/tuzlainfo.ba\/wp-content\/uploads\/2021\/03\/logo-ver-3-1.png\",\"width\":350,\"height\":95,\"caption\":\"TuzlaInfo.ba\"},\"image\":{\"@id\":\"https:\/\/tuzlainfo.ba\/#\/schema\/logo\/image\/\"},\"sameAs\":[\"https:\/\/www.facebook.com\/tuzlainfo.ba\/\"]},{\"@type\":\"Person\",\"@id\":\"https:\/\/tuzlainfo.ba\/#\/schema\/person\/f434e20dc27ea133923aab08451b7f7f\",\"name\":\"nedim\",\"image\":{\"@type\":\"ImageObject\",\"inLanguage\":\"bs-BA\",\"@id\":\"https:\/\/tuzlainfo.ba\/#\/schema\/person\/image\/\",\"url\":\"https:\/\/tuzlainfo.ba\/wp-content\/litespeed\/avatar\/aabad687af24844af817603ac1cbdc4f.jpg?ver=1776702173\",\"contentUrl\":\"https:\/\/tuzlainfo.ba\/wp-content\/litespeed\/avatar\/aabad687af24844af817603ac1cbdc4f.jpg?ver=1776702173\",\"caption\":\"nedim\"},\"description\":\"Tuzlainfo.ba pratite na dru\u0161tvenim mre\u017eama: Facebook, Instagram i Youtube. Svoje pri\u010de, upite i fotografije \u0161aljite na na\u0161u e-mail adresu.\"}]}<\/script>\n<!-- \/ Yoast SEO plugin. -->","yoast_head_json":{"title":"Nakon lakrdije na Tu\u0161nju: Kazna za Slobodu, Dervi\u0161agi\u0107a i sudiju Gigovi\u0107a - TuzlaInfo.ba","robots":{"index":"index","follow":"follow","max-snippet":"max-snippet:-1","max-image-preview":"max-image-preview:large","max-video-preview":"max-video-preview:-1"},"canonical":"https:\/\/tuzlainfo.ba\/index.php\/novosti\/item\/268461-nakon-lakrdije-na-tusnju-kazna-za-slobodu-dervisagica-i-sudiju-gigovica\/","og_locale":"bs_BA","og_type":"article","og_title":"Nakon lakrdije na Tu\u0161nju: Kazna za Slobodu, Dervi\u0161agi\u0107a i sudiju Gigovi\u0107a - TuzlaInfo.ba","og_description":"Disciplinska komisija Fudbalskog saveza BiH suspendovala je Kenana Dervi\u0161agi\u0107a, napada\u010da Slobode, na \u010detiri utakmice zbog&hellip;","og_url":"https:\/\/tuzlainfo.ba\/index.php\/novosti\/item\/268461-nakon-lakrdije-na-tusnju-kazna-za-slobodu-dervisagica-i-sudiju-gigovica\/","og_site_name":"TuzlaInfo.ba","article_publisher":"https:\/\/www.facebook.com\/tuzlainfo.ba\/","article_published_time":"2025-04-30T13:02:49+00:00","article_modified_time":"2025-04-30T11:51:10+00:00","og_image":[{"width":1000,"height":665,"url":"https:\/\/tuzlainfo.ba\/wp-content\/uploads\/2025\/04\/2804_gigovic_slo_posusje.jpg","type":"image\/jpeg"}],"author":"nedim","twitter_card":"summary_large_image","twitter_misc":{"Written by":"nedim","Est. reading time":"1 minuta"},"schema":{"@context":"https:\/\/schema.org","@graph":[{"@type":"Article","@id":"https:\/\/tuzlainfo.ba\/index.php\/novosti\/item\/268461-nakon-lakrdije-na-tusnju-kazna-za-slobodu-dervisagica-i-sudiju-gigovica\/#article","isPartOf":{"@id":"https:\/\/tuzlainfo.ba\/index.php\/novosti\/item\/268461-nakon-lakrdije-na-tusnju-kazna-za-slobodu-dervisagica-i-sudiju-gigovica\/"},"author":{"name":"nedim","@id":"https:\/\/tuzlainfo.ba\/#\/schema\/person\/f434e20dc27ea133923aab08451b7f7f"},"headline":"Nakon lakrdije na Tu\u0161nju: Kazna za Slobodu, Dervi\u0161agi\u0107a i sudiju Gigovi\u0107a","datePublished":"2025-04-30T13:02:49+00:00","dateModified":"2025-04-30T11:51:10+00:00","mainEntityOfPage":{"@id":"https:\/\/tuzlainfo.ba\/index.php\/novosti\/item\/268461-nakon-lakrdije-na-tusnju-kazna-za-slobodu-dervisagica-i-sudiju-gigovica\/"},"wordCount":163,"publisher":{"@id":"https:\/\/tuzlainfo.ba\/#organization"},"image":{"@id":"https:\/\/tuzlainfo.ba\/index.php\/novosti\/item\/268461-nakon-lakrdije-na-tusnju-kazna-za-slobodu-dervisagica-i-sudiju-gigovica\/#primaryimage"},"thumbnailUrl":"https:\/\/tuzlainfo.ba\/wp-content\/uploads\/2025\/04\/2804_gigovic_slo_posusje.jpg","keywords":["fk sloboda","NFSBiH","sport"],"articleSection":["Istaknuto","Novosti"],"inLanguage":"bs-BA"},{"@type":"WebPage","@id":"https:\/\/tuzlainfo.ba\/index.php\/novosti\/item\/268461-nakon-lakrdije-na-tusnju-kazna-za-slobodu-dervisagica-i-sudiju-gigovica\/","url":"https:\/\/tuzlainfo.ba\/index.php\/novosti\/item\/268461-nakon-lakrdije-na-tusnju-kazna-za-slobodu-dervisagica-i-sudiju-gigovica\/","name":"Nakon lakrdije na Tu\u0161nju: Kazna za Slobodu, Dervi\u0161agi\u0107a i sudiju Gigovi\u0107a - TuzlaInfo.ba","isPartOf":{"@id":"https:\/\/tuzlainfo.ba\/#website"},"primaryImageOfPage":{"@id":"https:\/\/tuzlainfo.ba\/index.php\/novosti\/item\/268461-nakon-lakrdije-na-tusnju-kazna-za-slobodu-dervisagica-i-sudiju-gigovica\/#primaryimage"},"image":{"@id":"https:\/\/tuzlainfo.ba\/index.php\/novosti\/item\/268461-nakon-lakrdije-na-tusnju-kazna-za-slobodu-dervisagica-i-sudiju-gigovica\/#primaryimage"},"thumbnailUrl":"https:\/\/tuzlainfo.ba\/wp-content\/uploads\/2025\/04\/2804_gigovic_slo_posusje.jpg","datePublished":"2025-04-30T13:02:49+00:00","dateModified":"2025-04-30T11:51:10+00:00","breadcrumb":{"@id":"https:\/\/tuzlainfo.ba\/index.php\/novosti\/item\/268461-nakon-lakrdije-na-tusnju-kazna-za-slobodu-dervisagica-i-sudiju-gigovica\/#breadcrumb"},"inLanguage":"bs-BA","potentialAction":[{"@type":"ReadAction","target":["https:\/\/tuzlainfo.ba\/index.php\/novosti\/item\/268461-nakon-lakrdije-na-tusnju-kazna-za-slobodu-dervisagica-i-sudiju-gigovica\/"]}]},{"@type":"ImageObject","inLanguage":"bs-BA","@id":"https:\/\/tuzlainfo.ba\/index.php\/novosti\/item\/268461-nakon-lakrdije-na-tusnju-kazna-za-slobodu-dervisagica-i-sudiju-gigovica\/#primaryimage","url":"https:\/\/tuzlainfo.ba\/wp-content\/uploads\/2025\/04\/2804_gigovic_slo_posusje.jpg","contentUrl":"https:\/\/tuzlainfo.ba\/wp-content\/uploads\/2025\/04\/2804_gigovic_slo_posusje.jpg","width":1000,"height":665},{"@type":"BreadcrumbList","@id":"https:\/\/tuzlainfo.ba\/index.php\/novosti\/item\/268461-nakon-lakrdije-na-tusnju-kazna-za-slobodu-dervisagica-i-sudiju-gigovica\/#breadcrumb","itemListElement":[{"@type":"ListItem","position":1,"name":"Home","item":"https:\/\/tuzlainfo.ba\/"},{"@type":"ListItem","position":2,"name":"Nakon lakrdije na Tu\u0161nju: Kazna za Slobodu, Dervi\u0161agi\u0107a i sudiju Gigovi\u0107a"}]},{"@type":"WebSite","@id":"https:\/\/tuzlainfo.ba\/#website","url":"https:\/\/tuzlainfo.ba\/","name":"TuzlaInfo.ba","description":"Tuzla info, gradski informator - Tuzla na dlanu","publisher":{"@id":"https:\/\/tuzlainfo.ba\/#organization"},"potentialAction":[{"@type":"SearchAction","target":{"@type":"EntryPoint","urlTemplate":"https:\/\/tuzlainfo.ba\/?s={search_term_string}"},"query-input":{"@type":"PropertyValueSpecification","valueRequired":true,"valueName":"search_term_string"}}],"inLanguage":"bs-BA"},{"@type":"Organization","@id":"https:\/\/tuzlainfo.ba\/#organization","name":"TuzlaInfo.ba","url":"https:\/\/tuzlainfo.ba\/","logo":{"@type":"ImageObject","inLanguage":"bs-BA","@id":"https:\/\/tuzlainfo.ba\/#\/schema\/logo\/image\/","url":"https:\/\/tuzlainfo.ba\/wp-content\/uploads\/2021\/03\/logo-ver-3-1.png","contentUrl":"https:\/\/tuzlainfo.ba\/wp-content\/uploads\/2021\/03\/logo-ver-3-1.png","width":350,"height":95,"caption":"TuzlaInfo.ba"},"image":{"@id":"https:\/\/tuzlainfo.ba\/#\/schema\/logo\/image\/"},"sameAs":["https:\/\/www.facebook.com\/tuzlainfo.ba\/"]},{"@type":"Person","@id":"https:\/\/tuzlainfo.ba\/#\/schema\/person\/f434e20dc27ea133923aab08451b7f7f","name":"nedim","image":{"@type":"ImageObject","inLanguage":"bs-BA","@id":"https:\/\/tuzlainfo.ba\/#\/schema\/person\/image\/","url":"https:\/\/tuzlainfo.ba\/wp-content\/litespeed\/avatar\/aabad687af24844af817603ac1cbdc4f.jpg?ver=1776702173","contentUrl":"https:\/\/tuzlainfo.ba\/wp-content\/litespeed\/avatar\/aabad687af24844af817603ac1cbdc4f.jpg?ver=1776702173","caption":"nedim"},"description":"Tuzlainfo.ba pratite na dru\u0161tvenim mre\u017eama: Facebook, Instagram i Youtube. Svoje pri\u010de, upite i fotografije \u0161aljite na na\u0161u e-mail adresu."}]}},"_links":{"self":[{"href":"https:\/\/tuzlainfo.ba\/index.php\/wp-json\/wp\/v2\/posts\/268461"}],"collection":[{"href":"https:\/\/tuzlainfo.ba\/index.php\/wp-json\/wp\/v2\/posts"}],"about":[{"href":"https:\/\/tuzlainfo.ba\/index.php\/wp-json\/wp\/v2\/types\/post"}],"author":[{"embeddable":true,"href":"https:\/\/tuzlainfo.ba\/index.php\/wp-json\/wp\/v2\/users\/2"}],"replies":[{"embeddable":true,"href":"https:\/\/tuzlainfo.ba\/index.php\/wp-json\/wp\/v2\/comments?post=268461"}],"version-history":[{"count":1,"href":"https:\/\/tuzlainfo.ba\/index.php\/wp-json\/wp\/v2\/posts\/268461\/revisions"}],"predecessor-version":[{"id":268463,"href":"https:\/\/tuzlainfo.ba\/index.php\/wp-json\/wp\/v2\/posts\/268461\/revisions\/268463"}],"wp:featuredmedia":[{"embeddable":true,"href":"https:\/\/tuzlainfo.ba\/index.php\/wp-json\/wp\/v2\/media\/268290"}],"wp:attachment":[{"href":"https:\/\/tuzlainfo.ba\/index.php\/wp-json\/wp\/v2\/media?parent=268461"}],"wp:term":[{"taxonomy":"category","embeddable":true,"href":"https:\/\/tuzlainfo.ba\/index.php\/wp-json\/wp\/v2\/categories?post=268461"},{"taxonomy":"post_tag","embeddable":true,"href":"https:\/\/tuzlainfo.ba\/index.php\/wp-json\/wp\/v2\/tags?post=268461"}],"curies":[{"name":"wp","href":"https:\/\/api.w.org\/{rel}","templated":true}]}}