{"id":268368,"date":"2025-04-29T17:10:48","date_gmt":"2025-04-29T15:10:48","guid":{"rendered":"https:\/\/tuzlainfo.ba\/?p=268368"},"modified":"2025-04-29T14:20:37","modified_gmt":"2025-04-29T12:20:37","slug":"tk-pokrece-sistemsku-borbu-protiv-djecje-gojaznosti-i-neaktivnosti","status":"publish","type":"post","link":"https:\/\/tuzlainfo.ba\/index.php\/novosti\/item\/268368-tk-pokrece-sistemsku-borbu-protiv-djecje-gojaznosti-i-neaktivnosti\/","title":{"rendered":"TK pokre\u0107e sistemsku borbu protiv dje\u010dje gojaznosti i neaktivnosti"},"content":{"rendered":"<p>U vremenu kada se globalno suo\u010davamo sa alarmantnim rastom dje\u010dje gojaznosti, sedentarnosti i tjelesnih deformiteta, projekat TKfit pokre\u0107e sistemsku promjenu u Tuzlanskom kantonu. Rije\u010d je o sveobuhvatnom programu za pra\u0107enje tjelesne spremnosti i psihofizi\u010dkog razvoja djece, zasnovanom na preporukama Svjetske zdravstvene organizacije i najnovijim nau\u010dnim saznanjima iz oblasti kinezilogije, pedijatrije i javnog zdravlja, re\u010deno je danas tokom prezentacije ovog projekta u Vladi Tuzlanskog kantona. Ova prezentacija i projekat iniciran je od Savjeta za sport koji djeluje u resoru Ministarstva za kulturu, sport i mlade TK, i jedinstven je model u Bosni i Hercegovini, pionirski je korak u pra\u0107enju razvoja djece \u0161kolskog uzrasta u na\u0161oj dr\u017eavi.<\/p>\n<p>Cilj je iskoristiti kapacitete i stru\u010dnost kapaciteta kojima Tuzlanski kanton raspola\u017ee, a kako bi se nastavio i sistemski unaprijedio rad sa djecom i potaklo bavljenje djece \u0161kolskog uzrasta sportom, ali i po\u010delo sistemski raditi na prevenciji i otklanjanju ne\u017eeljenih posljedica ne bavljenja sportom.<\/p>\n<p>Istra\u017eivanja sprovedena na prostoru TK-a jasno su pokazala da razvojne karakteristike na\u0161e djece zna\u010dajno odstupaju od globalnih standarda, dok istovremeno ne postoji centralizovana baza podataka koja bi pratila i unapre\u0111ivala zdravlje mladih. TKfit je odgovor na ovu potrebu: kroz sistematska godi\u0161nja mjerenja visine, te\u017eine, ko\u017enog nabora, BMI indeksa i motori\u010dkih sposobnosti, projekat omogu\u0107ava ranu identifikaciju rizika kao \u0161to su gojaznost, dijabetes, deformiteti lokomotornog sistema i niska fizi\u010dka spremnost.<\/p>\n<p>Ova baza slu\u017eiti \u0107e kao alat za planiranje preventivnih mjera, za edukaciju djece, roditelja i nastavnika o zna\u010daju redovne tjelesne aktivnosti, da uspostavi direktnu saradnju sa zdravstvenim sektorom u cilju pravovremenih intervencija, dok dugoro\u010dno treba da uti\u010de na smanjenje optere\u0107enja zdravstvenog sistema i pove\u0107anje kvaliteta \u017eivota budu\u0107ih generacija.<\/p>\n<p>\u201ePosebno nagla\u0161avamo da redovna tjelesna aktivnost ne samo da pobolj\u0161ava fizi\u010dko zdravlje, ve\u0107 ima direktan pozitivan uticaj na mentalno zdravlje djece, uspjeh u \u0161koli, emocionalnu stabilnost i socijalne vje\u0161tine. Ulaganjem u zdravlje djece kroz TKfit, ula\u017eemo u budu\u0107nost cijelog dru\u0161tva \u2013 u generacije koje \u0107e biti otpornije, zdravije i spremnije za izazove savremenog svijeta\u201c, kazao je dekan Fakulteta za tjelesni odgoj i sport Univerziteta u Tuzli Edin U\u017ei\u010danin.<\/p>\n<p>\u201eVlada Tuzlanskog kantona s ponosom daje punu podr\u0161ku projektu TKfit, koji predstavlja pionirski iskorak u unapre\u0111enju zdravlja i psihofizi\u010dkog razvoja na\u0161e djece. Posebno cijenimo \u0161to je TKfit zasnovan na savremenim preporukama Svjetske zdravstvene organizacije i najsvje\u017eijim saznanjima iz oblasti kinezilogije, pedijatrije i javnog zdravlja, te \u0161to uklju\u010duje stru\u010dne kapacitete na\u0161eg kantona. Ovaj program nije samo dijagnosti\u010dki alat \u2013 on je temelj za kreiranje preventivnih mjera, ja\u010danje saradnje izme\u0111u obrazovnog i zdravstvenog sektora, te edukaciju djece, roditelja i nastavnika o va\u017enosti redovne tjelesne aktivnosti. Ulaganjem u projekte poput TKfit, ne ula\u017eemo samo u zdravlje pojedinca, ve\u0107 u zdravlje cijelog dru\u0161tva. Djeca koja danas razviju zdrave navike sutra \u0107e biti sna\u017ene, stabilne i uspje\u0161ne li\u010dnosti koje \u0107e graditi otpornije i prosperitetnije zajednice. Vlada TK \u0107e nastaviti sna\u017eno podr\u017eavati ovakve inicijative koje donose dugoro\u010dne koristi za sve gra\u0111ane na\u0161eg kantona\u201c, kazao je danas premijer Halilagi\u0107.<\/p>\n<article class=\"col-12 col-lg-9 px-0\">\n<div class=\"padding-left padding-right py-3 \">\n<p>U ime Fakulteta dana\u0161njoj prezentaciji prisustvovao je i prodekan Fakulteta za nau\u010dno \u2013 istra\u017eiva\u010dki rad Tarik Huremovi\u0107, dok su u ime Vlade TK prezentaciji prisustvovali ministri Damir Gazdi\u0107, Ahmed Omerovi\u0107, Du\u0161anka Be\u0107irovi\u0107, Nata\u0161a Maro\u0161evi\u0107, Senada Dizdarevi\u0107 i Fedahija Ahmetovi\u0107.<\/p>\n<\/div>\n<\/article>\n<div class=\"col-12 col-lg-3\">\n<div class=\"\">\n<div><\/div>\n<\/div>\n<\/div>\n","protected":false},"excerpt":{"rendered":"<p>U vremenu kada se globalno suo\u010davamo sa alarmantnim rastom dje\u010dje gojaznosti, sedentarnosti i tjelesnih deformiteta,&hellip;<\/p>\n","protected":false},"author":4,"featured_media":268369,"comment_status":"closed","ping_status":"closed","sticky":false,"template":"","format":"standard","meta":{"_acf_changed":false,"footnotes":""},"categories":[304,12],"tags":[9936,360],"acf":[],"yoast_head":"<!-- This site is optimized with the Yoast SEO plugin v23.5 - https:\/\/yoast.com\/wordpress\/plugins\/seo\/ -->\n<title>TK pokre\u0107e sistemsku borbu protiv dje\u010dje gojaznosti i neaktivnosti - TuzlaInfo.ba<\/title>\n<meta name=\"robots\" content=\"index, follow, max-snippet:-1, max-image-preview:large, max-video-preview:-1\" \/>\n<link rel=\"canonical\" href=\"https:\/\/tuzlainfo.ba\/index.php\/novosti\/item\/268368-tk-pokrece-sistemsku-borbu-protiv-djecje-gojaznosti-i-neaktivnosti\/\" \/>\n<meta property=\"og:locale\" content=\"bs_BA\" \/>\n<meta property=\"og:type\" content=\"article\" \/>\n<meta property=\"og:title\" content=\"TK pokre\u0107e sistemsku borbu protiv dje\u010dje gojaznosti i neaktivnosti - TuzlaInfo.ba\" \/>\n<meta property=\"og:description\" content=\"U vremenu kada se globalno suo\u010davamo sa alarmantnim rastom dje\u010dje gojaznosti, sedentarnosti i tjelesnih deformiteta,&hellip;\" \/>\n<meta property=\"og:url\" content=\"https:\/\/tuzlainfo.ba\/index.php\/novosti\/item\/268368-tk-pokrece-sistemsku-borbu-protiv-djecje-gojaznosti-i-neaktivnosti\/\" \/>\n<meta property=\"og:site_name\" content=\"TuzlaInfo.ba\" \/>\n<meta property=\"article:publisher\" content=\"https:\/\/www.facebook.com\/tuzlainfo.ba\/\" \/>\n<meta property=\"article:published_time\" content=\"2025-04-29T15:10:48+00:00\" \/>\n<meta property=\"article:modified_time\" content=\"2025-04-29T12:20:37+00:00\" \/>\n<meta property=\"og:image\" content=\"https:\/\/tuzlainfo.ba\/wp-content\/uploads\/2025\/04\/Prezantacija-TKFIT-04-29-04-2025.webp\" \/>\n\t<meta property=\"og:image:width\" content=\"1800\" \/>\n\t<meta property=\"og:image:height\" content=\"1350\" \/>\n\t<meta property=\"og:image:type\" content=\"image\/webp\" \/>\n<meta name=\"author\" content=\"Tuzla Info\" \/>\n<meta name=\"twitter:card\" content=\"summary_large_image\" \/>\n<meta name=\"twitter:label1\" content=\"Written by\" \/>\n\t<meta name=\"twitter:data1\" content=\"Tuzla Info\" \/>\n\t<meta name=\"twitter:label2\" content=\"Est. reading time\" \/>\n\t<meta name=\"twitter:data2\" content=\"3 minute\" \/>\n<script type=\"application\/ld+json\" class=\"yoast-schema-graph\">{\"@context\":\"https:\/\/schema.org\",\"@graph\":[{\"@type\":\"Article\",\"@id\":\"https:\/\/tuzlainfo.ba\/index.php\/novosti\/item\/268368-tk-pokrece-sistemsku-borbu-protiv-djecje-gojaznosti-i-neaktivnosti\/#article\",\"isPartOf\":{\"@id\":\"https:\/\/tuzlainfo.ba\/index.php\/novosti\/item\/268368-tk-pokrece-sistemsku-borbu-protiv-djecje-gojaznosti-i-neaktivnosti\/\"},\"author\":{\"name\":\"Tuzla Info\",\"@id\":\"https:\/\/tuzlainfo.ba\/#\/schema\/person\/46cad4c57790cbc50781edd14870825a\"},\"headline\":\"TK pokre\u0107e sistemsku borbu protiv dje\u010dje gojaznosti i neaktivnosti\",\"datePublished\":\"2025-04-29T15:10:48+00:00\",\"dateModified\":\"2025-04-29T12:20:37+00:00\",\"mainEntityOfPage\":{\"@id\":\"https:\/\/tuzlainfo.ba\/index.php\/novosti\/item\/268368-tk-pokrece-sistemsku-borbu-protiv-djecje-gojaznosti-i-neaktivnosti\/\"},\"wordCount\":591,\"publisher\":{\"@id\":\"https:\/\/tuzlainfo.ba\/#organization\"},\"image\":{\"@id\":\"https:\/\/tuzlainfo.ba\/index.php\/novosti\/item\/268368-tk-pokrece-sistemsku-borbu-protiv-djecje-gojaznosti-i-neaktivnosti\/#primaryimage\"},\"thumbnailUrl\":\"https:\/\/tuzlainfo.ba\/wp-content\/uploads\/2025\/04\/Prezantacija-TKFIT-04-29-04-2025.webp\",\"keywords\":[\"gojaznost\",\"tuzlanski kanton\"],\"articleSection\":[\"Istaknuto\",\"Novosti\"],\"inLanguage\":\"bs-BA\"},{\"@type\":\"WebPage\",\"@id\":\"https:\/\/tuzlainfo.ba\/index.php\/novosti\/item\/268368-tk-pokrece-sistemsku-borbu-protiv-djecje-gojaznosti-i-neaktivnosti\/\",\"url\":\"https:\/\/tuzlainfo.ba\/index.php\/novosti\/item\/268368-tk-pokrece-sistemsku-borbu-protiv-djecje-gojaznosti-i-neaktivnosti\/\",\"name\":\"TK pokre\u0107e sistemsku borbu protiv dje\u010dje gojaznosti i neaktivnosti - TuzlaInfo.ba\",\"isPartOf\":{\"@id\":\"https:\/\/tuzlainfo.ba\/#website\"},\"primaryImageOfPage\":{\"@id\":\"https:\/\/tuzlainfo.ba\/index.php\/novosti\/item\/268368-tk-pokrece-sistemsku-borbu-protiv-djecje-gojaznosti-i-neaktivnosti\/#primaryimage\"},\"image\":{\"@id\":\"https:\/\/tuzlainfo.ba\/index.php\/novosti\/item\/268368-tk-pokrece-sistemsku-borbu-protiv-djecje-gojaznosti-i-neaktivnosti\/#primaryimage\"},\"thumbnailUrl\":\"https:\/\/tuzlainfo.ba\/wp-content\/uploads\/2025\/04\/Prezantacija-TKFIT-04-29-04-2025.webp\",\"datePublished\":\"2025-04-29T15:10:48+00:00\",\"dateModified\":\"2025-04-29T12:20:37+00:00\",\"breadcrumb\":{\"@id\":\"https:\/\/tuzlainfo.ba\/index.php\/novosti\/item\/268368-tk-pokrece-sistemsku-borbu-protiv-djecje-gojaznosti-i-neaktivnosti\/#breadcrumb\"},\"inLanguage\":\"bs-BA\",\"potentialAction\":[{\"@type\":\"ReadAction\",\"target\":[\"https:\/\/tuzlainfo.ba\/index.php\/novosti\/item\/268368-tk-pokrece-sistemsku-borbu-protiv-djecje-gojaznosti-i-neaktivnosti\/\"]}]},{\"@type\":\"ImageObject\",\"inLanguage\":\"bs-BA\",\"@id\":\"https:\/\/tuzlainfo.ba\/index.php\/novosti\/item\/268368-tk-pokrece-sistemsku-borbu-protiv-djecje-gojaznosti-i-neaktivnosti\/#primaryimage\",\"url\":\"https:\/\/tuzlainfo.ba\/wp-content\/uploads\/2025\/04\/Prezantacija-TKFIT-04-29-04-2025.webp\",\"contentUrl\":\"https:\/\/tuzlainfo.ba\/wp-content\/uploads\/2025\/04\/Prezantacija-TKFIT-04-29-04-2025.webp\",\"width\":1800,\"height\":1350},{\"@type\":\"BreadcrumbList\",\"@id\":\"https:\/\/tuzlainfo.ba\/index.php\/novosti\/item\/268368-tk-pokrece-sistemsku-borbu-protiv-djecje-gojaznosti-i-neaktivnosti\/#breadcrumb\",\"itemListElement\":[{\"@type\":\"ListItem\",\"position\":1,\"name\":\"Home\",\"item\":\"https:\/\/tuzlainfo.ba\/\"},{\"@type\":\"ListItem\",\"position\":2,\"name\":\"TK pokre\u0107e sistemsku borbu protiv dje\u010dje gojaznosti i neaktivnosti\"}]},{\"@type\":\"WebSite\",\"@id\":\"https:\/\/tuzlainfo.ba\/#website\",\"url\":\"https:\/\/tuzlainfo.ba\/\",\"name\":\"TuzlaInfo.ba\",\"description\":\"Tuzla info, gradski informator - Tuzla na dlanu\",\"publisher\":{\"@id\":\"https:\/\/tuzlainfo.ba\/#organization\"},\"potentialAction\":[{\"@type\":\"SearchAction\",\"target\":{\"@type\":\"EntryPoint\",\"urlTemplate\":\"https:\/\/tuzlainfo.ba\/?s={search_term_string}\"},\"query-input\":{\"@type\":\"PropertyValueSpecification\",\"valueRequired\":true,\"valueName\":\"search_term_string\"}}],\"inLanguage\":\"bs-BA\"},{\"@type\":\"Organization\",\"@id\":\"https:\/\/tuzlainfo.ba\/#organization\",\"name\":\"TuzlaInfo.ba\",\"url\":\"https:\/\/tuzlainfo.ba\/\",\"logo\":{\"@type\":\"ImageObject\",\"inLanguage\":\"bs-BA\",\"@id\":\"https:\/\/tuzlainfo.ba\/#\/schema\/logo\/image\/\",\"url\":\"https:\/\/tuzlainfo.ba\/wp-content\/uploads\/2021\/03\/logo-ver-3-1.png\",\"contentUrl\":\"https:\/\/tuzlainfo.ba\/wp-content\/uploads\/2021\/03\/logo-ver-3-1.png\",\"width\":350,\"height\":95,\"caption\":\"TuzlaInfo.ba\"},\"image\":{\"@id\":\"https:\/\/tuzlainfo.ba\/#\/schema\/logo\/image\/\"},\"sameAs\":[\"https:\/\/www.facebook.com\/tuzlainfo.ba\/\"]},{\"@type\":\"Person\",\"@id\":\"https:\/\/tuzlainfo.ba\/#\/schema\/person\/46cad4c57790cbc50781edd14870825a\",\"name\":\"Tuzla Info\",\"image\":{\"@type\":\"ImageObject\",\"inLanguage\":\"bs-BA\",\"@id\":\"https:\/\/tuzlainfo.ba\/#\/schema\/person\/image\/\",\"url\":\"https:\/\/tuzlainfo.ba\/wp-content\/litespeed\/avatar\/b6c453a6c38e3654f2e4416c643fc25c.jpg?ver=1777051911\",\"contentUrl\":\"https:\/\/tuzlainfo.ba\/wp-content\/litespeed\/avatar\/b6c453a6c38e3654f2e4416c643fc25c.jpg?ver=1777051911\",\"caption\":\"Tuzla Info\"}}]}<\/script>\n<!-- \/ Yoast SEO plugin. -->","yoast_head_json":{"title":"TK pokre\u0107e sistemsku borbu protiv dje\u010dje gojaznosti i neaktivnosti - TuzlaInfo.ba","robots":{"index":"index","follow":"follow","max-snippet":"max-snippet:-1","max-image-preview":"max-image-preview:large","max-video-preview":"max-video-preview:-1"},"canonical":"https:\/\/tuzlainfo.ba\/index.php\/novosti\/item\/268368-tk-pokrece-sistemsku-borbu-protiv-djecje-gojaznosti-i-neaktivnosti\/","og_locale":"bs_BA","og_type":"article","og_title":"TK pokre\u0107e sistemsku borbu protiv dje\u010dje gojaznosti i neaktivnosti - TuzlaInfo.ba","og_description":"U vremenu kada se globalno suo\u010davamo sa alarmantnim rastom dje\u010dje gojaznosti, sedentarnosti i tjelesnih deformiteta,&hellip;","og_url":"https:\/\/tuzlainfo.ba\/index.php\/novosti\/item\/268368-tk-pokrece-sistemsku-borbu-protiv-djecje-gojaznosti-i-neaktivnosti\/","og_site_name":"TuzlaInfo.ba","article_publisher":"https:\/\/www.facebook.com\/tuzlainfo.ba\/","article_published_time":"2025-04-29T15:10:48+00:00","article_modified_time":"2025-04-29T12:20:37+00:00","og_image":[{"width":1800,"height":1350,"url":"https:\/\/tuzlainfo.ba\/wp-content\/uploads\/2025\/04\/Prezantacija-TKFIT-04-29-04-2025.webp","type":"image\/webp"}],"author":"Tuzla Info","twitter_card":"summary_large_image","twitter_misc":{"Written by":"Tuzla Info","Est. reading time":"3 minute"},"schema":{"@context":"https:\/\/schema.org","@graph":[{"@type":"Article","@id":"https:\/\/tuzlainfo.ba\/index.php\/novosti\/item\/268368-tk-pokrece-sistemsku-borbu-protiv-djecje-gojaznosti-i-neaktivnosti\/#article","isPartOf":{"@id":"https:\/\/tuzlainfo.ba\/index.php\/novosti\/item\/268368-tk-pokrece-sistemsku-borbu-protiv-djecje-gojaznosti-i-neaktivnosti\/"},"author":{"name":"Tuzla Info","@id":"https:\/\/tuzlainfo.ba\/#\/schema\/person\/46cad4c57790cbc50781edd14870825a"},"headline":"TK pokre\u0107e sistemsku borbu protiv dje\u010dje gojaznosti i neaktivnosti","datePublished":"2025-04-29T15:10:48+00:00","dateModified":"2025-04-29T12:20:37+00:00","mainEntityOfPage":{"@id":"https:\/\/tuzlainfo.ba\/index.php\/novosti\/item\/268368-tk-pokrece-sistemsku-borbu-protiv-djecje-gojaznosti-i-neaktivnosti\/"},"wordCount":591,"publisher":{"@id":"https:\/\/tuzlainfo.ba\/#organization"},"image":{"@id":"https:\/\/tuzlainfo.ba\/index.php\/novosti\/item\/268368-tk-pokrece-sistemsku-borbu-protiv-djecje-gojaznosti-i-neaktivnosti\/#primaryimage"},"thumbnailUrl":"https:\/\/tuzlainfo.ba\/wp-content\/uploads\/2025\/04\/Prezantacija-TKFIT-04-29-04-2025.webp","keywords":["gojaznost","tuzlanski kanton"],"articleSection":["Istaknuto","Novosti"],"inLanguage":"bs-BA"},{"@type":"WebPage","@id":"https:\/\/tuzlainfo.ba\/index.php\/novosti\/item\/268368-tk-pokrece-sistemsku-borbu-protiv-djecje-gojaznosti-i-neaktivnosti\/","url":"https:\/\/tuzlainfo.ba\/index.php\/novosti\/item\/268368-tk-pokrece-sistemsku-borbu-protiv-djecje-gojaznosti-i-neaktivnosti\/","name":"TK pokre\u0107e sistemsku borbu protiv dje\u010dje gojaznosti i neaktivnosti - TuzlaInfo.ba","isPartOf":{"@id":"https:\/\/tuzlainfo.ba\/#website"},"primaryImageOfPage":{"@id":"https:\/\/tuzlainfo.ba\/index.php\/novosti\/item\/268368-tk-pokrece-sistemsku-borbu-protiv-djecje-gojaznosti-i-neaktivnosti\/#primaryimage"},"image":{"@id":"https:\/\/tuzlainfo.ba\/index.php\/novosti\/item\/268368-tk-pokrece-sistemsku-borbu-protiv-djecje-gojaznosti-i-neaktivnosti\/#primaryimage"},"thumbnailUrl":"https:\/\/tuzlainfo.ba\/wp-content\/uploads\/2025\/04\/Prezantacija-TKFIT-04-29-04-2025.webp","datePublished":"2025-04-29T15:10:48+00:00","dateModified":"2025-04-29T12:20:37+00:00","breadcrumb":{"@id":"https:\/\/tuzlainfo.ba\/index.php\/novosti\/item\/268368-tk-pokrece-sistemsku-borbu-protiv-djecje-gojaznosti-i-neaktivnosti\/#breadcrumb"},"inLanguage":"bs-BA","potentialAction":[{"@type":"ReadAction","target":["https:\/\/tuzlainfo.ba\/index.php\/novosti\/item\/268368-tk-pokrece-sistemsku-borbu-protiv-djecje-gojaznosti-i-neaktivnosti\/"]}]},{"@type":"ImageObject","inLanguage":"bs-BA","@id":"https:\/\/tuzlainfo.ba\/index.php\/novosti\/item\/268368-tk-pokrece-sistemsku-borbu-protiv-djecje-gojaznosti-i-neaktivnosti\/#primaryimage","url":"https:\/\/tuzlainfo.ba\/wp-content\/uploads\/2025\/04\/Prezantacija-TKFIT-04-29-04-2025.webp","contentUrl":"https:\/\/tuzlainfo.ba\/wp-content\/uploads\/2025\/04\/Prezantacija-TKFIT-04-29-04-2025.webp","width":1800,"height":1350},{"@type":"BreadcrumbList","@id":"https:\/\/tuzlainfo.ba\/index.php\/novosti\/item\/268368-tk-pokrece-sistemsku-borbu-protiv-djecje-gojaznosti-i-neaktivnosti\/#breadcrumb","itemListElement":[{"@type":"ListItem","position":1,"name":"Home","item":"https:\/\/tuzlainfo.ba\/"},{"@type":"ListItem","position":2,"name":"TK pokre\u0107e sistemsku borbu protiv dje\u010dje gojaznosti i neaktivnosti"}]},{"@type":"WebSite","@id":"https:\/\/tuzlainfo.ba\/#website","url":"https:\/\/tuzlainfo.ba\/","name":"TuzlaInfo.ba","description":"Tuzla info, gradski informator - Tuzla na dlanu","publisher":{"@id":"https:\/\/tuzlainfo.ba\/#organization"},"potentialAction":[{"@type":"SearchAction","target":{"@type":"EntryPoint","urlTemplate":"https:\/\/tuzlainfo.ba\/?s={search_term_string}"},"query-input":{"@type":"PropertyValueSpecification","valueRequired":true,"valueName":"search_term_string"}}],"inLanguage":"bs-BA"},{"@type":"Organization","@id":"https:\/\/tuzlainfo.ba\/#organization","name":"TuzlaInfo.ba","url":"https:\/\/tuzlainfo.ba\/","logo":{"@type":"ImageObject","inLanguage":"bs-BA","@id":"https:\/\/tuzlainfo.ba\/#\/schema\/logo\/image\/","url":"https:\/\/tuzlainfo.ba\/wp-content\/uploads\/2021\/03\/logo-ver-3-1.png","contentUrl":"https:\/\/tuzlainfo.ba\/wp-content\/uploads\/2021\/03\/logo-ver-3-1.png","width":350,"height":95,"caption":"TuzlaInfo.ba"},"image":{"@id":"https:\/\/tuzlainfo.ba\/#\/schema\/logo\/image\/"},"sameAs":["https:\/\/www.facebook.com\/tuzlainfo.ba\/"]},{"@type":"Person","@id":"https:\/\/tuzlainfo.ba\/#\/schema\/person\/46cad4c57790cbc50781edd14870825a","name":"Tuzla Info","image":{"@type":"ImageObject","inLanguage":"bs-BA","@id":"https:\/\/tuzlainfo.ba\/#\/schema\/person\/image\/","url":"https:\/\/tuzlainfo.ba\/wp-content\/litespeed\/avatar\/b6c453a6c38e3654f2e4416c643fc25c.jpg?ver=1777051911","contentUrl":"https:\/\/tuzlainfo.ba\/wp-content\/litespeed\/avatar\/b6c453a6c38e3654f2e4416c643fc25c.jpg?ver=1777051911","caption":"Tuzla Info"}}]}},"_links":{"self":[{"href":"https:\/\/tuzlainfo.ba\/index.php\/wp-json\/wp\/v2\/posts\/268368"}],"collection":[{"href":"https:\/\/tuzlainfo.ba\/index.php\/wp-json\/wp\/v2\/posts"}],"about":[{"href":"https:\/\/tuzlainfo.ba\/index.php\/wp-json\/wp\/v2\/types\/post"}],"author":[{"embeddable":true,"href":"https:\/\/tuzlainfo.ba\/index.php\/wp-json\/wp\/v2\/users\/4"}],"replies":[{"embeddable":true,"href":"https:\/\/tuzlainfo.ba\/index.php\/wp-json\/wp\/v2\/comments?post=268368"}],"version-history":[{"count":1,"href":"https:\/\/tuzlainfo.ba\/index.php\/wp-json\/wp\/v2\/posts\/268368\/revisions"}],"predecessor-version":[{"id":268370,"href":"https:\/\/tuzlainfo.ba\/index.php\/wp-json\/wp\/v2\/posts\/268368\/revisions\/268370"}],"wp:featuredmedia":[{"embeddable":true,"href":"https:\/\/tuzlainfo.ba\/index.php\/wp-json\/wp\/v2\/media\/268369"}],"wp:attachment":[{"href":"https:\/\/tuzlainfo.ba\/index.php\/wp-json\/wp\/v2\/media?parent=268368"}],"wp:term":[{"taxonomy":"category","embeddable":true,"href":"https:\/\/tuzlainfo.ba\/index.php\/wp-json\/wp\/v2\/categories?post=268368"},{"taxonomy":"post_tag","embeddable":true,"href":"https:\/\/tuzlainfo.ba\/index.php\/wp-json\/wp\/v2\/tags?post=268368"}],"curies":[{"name":"wp","href":"https:\/\/api.w.org\/{rel}","templated":true}]}}