{"id":268342,"date":"2025-04-29T12:02:42","date_gmt":"2025-04-29T10:02:42","guid":{"rendered":"https:\/\/tuzlainfo.ba\/?p=268342"},"modified":"2025-04-29T09:29:49","modified_gmt":"2025-04-29T07:29:49","slug":"foto-prvi-u-bih-u-tuzli-otvoren-colearning-prostor-namijenjen-studentima-x2","status":"publish","type":"post","link":"https:\/\/tuzlainfo.ba\/index.php\/novosti\/item\/268342-foto-prvi-u-bih-u-tuzli-otvoren-colearning-prostor-namijenjen-studentima-x2\/","title":{"rendered":"\/FOTO\/ Prvi u BiH: U Tuzli otvoren colearning prostor namijenjen studentima"},"content":{"rendered":"<p class=\"\" data-start=\"79\" data-end=\"370\">U prostorijama SKPC Mejdan u Tuzli sve\u010dano je otvoren GTHub \u2013 prvi colearning prostor u Bosni i Hercegovini namijenjen studentima.<\/p>\n<p class=\"\" data-start=\"79\" data-end=\"370\">Rije\u010d je o modernom i inspirativnom okru\u017eenju koje studentima pru\u017ea priliku za u\u010denje, razvoj vje\u0161tina i zajedni\u010dki rad na li\u010dnom i profesionalnom usavr\u0161avanju.<\/p>\n<p class=\"\" data-start=\"372\" data-end=\"661\">GTHub je realiziran uz podr\u0161ku Fondacije tuzlanske zajednice, ZIRA Group, Marvelsofta i Telemacha BH, a cilj mu je da postane centralno mjesto okupljanja mladih i proaktivnih pojedinaca koji \u017eele graditi svoju budu\u0107nost u okru\u017eenju koje podsti\u010de rast, razmjenu znanja i me\u0111usobnu saradnju.<\/p>\n<p class=\"\" data-start=\"663\" data-end=\"1193\">Ideja o GTHubu potekla je od \u010dlanica Udru\u017eenja mladih \u017eena GirlTHing s Fakulteta elektrotehnike Univerziteta u Tuzli, koje su prepoznale potrebu za prostorom gdje studenti mogu u\u010diti u ti\u0161ini i ugodnoj atmosferi, ali i me\u0111usobno se povezivati i razmjenjivati ideje tokom pauza.<\/p>\n<div id=\"penci-post-gallery__57005\" class=\"penci-post-gallery-container masonry grid column-3\" data-height=\"150\" data-margin=\"3\"><div class=\"inner-gallery-masonry-container\"><div class=\"item-gallery-masonry grid\"><a class=\"\" href=\"https:\/\/tuzlainfo.ba\/wp-content\/uploads\/2025\/04\/2904-thing-7.jpg\"><div class=\"inner-item-masonry-gallery\"><img decoding=\"async\" src=\"https:\/\/tuzlainfo.ba\/wp-content\/uploads\/2025\/04\/2904-thing-7-585x390.jpg\" alt=\"\" title=\"2904 thing (7)\"><\/div><\/a><\/div><div class=\"item-gallery-masonry grid\"><a class=\"\" href=\"https:\/\/tuzlainfo.ba\/wp-content\/uploads\/2025\/04\/2904-thing-6.jpg\"><div class=\"inner-item-masonry-gallery\"><img decoding=\"async\" src=\"https:\/\/tuzlainfo.ba\/wp-content\/uploads\/2025\/04\/2904-thing-6-585x390.jpg\" alt=\"\" title=\"2904 thing (6)\"><\/div><\/a><\/div><div class=\"item-gallery-masonry grid\"><a class=\"\" href=\"https:\/\/tuzlainfo.ba\/wp-content\/uploads\/2025\/04\/2904-thing-4.jpg\"><div class=\"inner-item-masonry-gallery\"><img decoding=\"async\" src=\"https:\/\/tuzlainfo.ba\/wp-content\/uploads\/2025\/04\/2904-thing-4-585x390.jpg\" alt=\"\" title=\"2904 thing (4)\"><\/div><\/a><\/div><div class=\"item-gallery-masonry grid\"><a class=\"\" href=\"https:\/\/tuzlainfo.ba\/wp-content\/uploads\/2025\/04\/2904-thing-3.jpg\"><div class=\"inner-item-masonry-gallery\"><img decoding=\"async\" src=\"https:\/\/tuzlainfo.ba\/wp-content\/uploads\/2025\/04\/2904-thing-3-585x390.jpg\" alt=\"\" title=\"2904 thing (3)\"><\/div><\/a><\/div><div class=\"item-gallery-masonry grid\"><a class=\"\" href=\"https:\/\/tuzlainfo.ba\/wp-content\/uploads\/2025\/04\/2904-thing-2.jpg\"><div class=\"inner-item-masonry-gallery\"><img decoding=\"async\" src=\"https:\/\/tuzlainfo.ba\/wp-content\/uploads\/2025\/04\/2904-thing-2-585x390.jpg\" alt=\"\" title=\"2904 thing (2)\"><\/div><\/a><\/div><div class=\"item-gallery-masonry grid\"><a class=\"\" href=\"https:\/\/tuzlainfo.ba\/wp-content\/uploads\/2025\/04\/2904-thing-1.jpg\"><div class=\"inner-item-masonry-gallery\"><img decoding=\"async\" src=\"https:\/\/tuzlainfo.ba\/wp-content\/uploads\/2025\/04\/2904-thing-1-585x390.jpg\" alt=\"\" title=\"2904 thing (1)\"><\/div><\/a><\/div><\/div><\/div>\n<p class=\"\" data-start=\"663\" data-end=\"1193\">Prostor u SKPC Mejdan, koji je nakon pet mjeseci adaptacije opremljen sa 22 sjede\u0107a mjesta, TV-om za prezentacije, printerom, besplatnim Wi-Fi-jem, aparatom za kafu i zasebnim toaletom za \u010dlanove, otvoren je za sve studente svakodnevno od 7 do 22 sata.<\/p>\n<p class=\"\" data-start=\"1195\" data-end=\"1771\">Kori\u0161tenje GTHuba omogu\u0107eno je uz simboli\u010dnu mjese\u010dnu \u010dlanarinu od 15 KM, odre\u0111enu na osnovu studentske ankete. U naredna tri mjeseca bit \u0107e podijeljeno i 25 besplatnih \u010dlanarina, a akciji se pridru\u017eila i jedna osoba koja je odlu\u010dila donirati dodatnih deset \u010dlanarina, \u0161to su \u010dlanice GirlTHinga istakle kao primjer \u0161irenja pozitivnih djela.<\/p>\n<p class=\"\" data-start=\"1195\" data-end=\"1771\">Renoviranje i opremanje prostora finansijski je podr\u017eano kroz projekt Fondacije tuzlanske zajednice \u201eJa\u010danje civilnog dru\u0161tva i demokratske kulture u TK\u201c, a sponzori koji su doprinijeli realizaciji ideje dobili su i posebne zahvalnice.\/Tuzlainfo.ba\/<\/p>\n","protected":false},"excerpt":{"rendered":"<p>U prostorijama SKPC Mejdan u Tuzli sve\u010dano je otvoren GTHub \u2013 prvi colearning prostor u&hellip;<\/p>\n","protected":false},"author":2,"featured_media":268348,"comment_status":"closed","ping_status":"closed","sticky":false,"template":"","format":"standard","meta":{"_acf_changed":false,"footnotes":""},"categories":[304,12],"tags":[12147,12146,679,42],"acf":[],"yoast_head":"<!-- This site is optimized with the Yoast SEO plugin v23.5 - https:\/\/yoast.com\/wordpress\/plugins\/seo\/ -->\n<title>\/FOTO\/ Prvi u BiH: U Tuzli otvoren colearning prostor namijenjen studentima - TuzlaInfo.ba<\/title>\n<meta name=\"robots\" content=\"index, follow, max-snippet:-1, max-image-preview:large, max-video-preview:-1\" \/>\n<link rel=\"canonical\" href=\"https:\/\/tuzlainfo.ba\/index.php\/novosti\/item\/268342-foto-prvi-u-bih-u-tuzli-otvoren-colearning-prostor-namijenjen-studentima-x2\/\" \/>\n<meta property=\"og:locale\" content=\"bs_BA\" \/>\n<meta property=\"og:type\" content=\"article\" \/>\n<meta property=\"og:title\" content=\"\/FOTO\/ Prvi u BiH: U Tuzli otvoren colearning prostor namijenjen studentima - TuzlaInfo.ba\" \/>\n<meta property=\"og:description\" content=\"U prostorijama SKPC Mejdan u Tuzli sve\u010dano je otvoren GTHub \u2013 prvi colearning prostor u&hellip;\" \/>\n<meta property=\"og:url\" content=\"https:\/\/tuzlainfo.ba\/index.php\/novosti\/item\/268342-foto-prvi-u-bih-u-tuzli-otvoren-colearning-prostor-namijenjen-studentima-x2\/\" \/>\n<meta property=\"og:site_name\" content=\"TuzlaInfo.ba\" \/>\n<meta property=\"article:publisher\" content=\"https:\/\/www.facebook.com\/tuzlainfo.ba\/\" \/>\n<meta property=\"article:published_time\" content=\"2025-04-29T10:02:42+00:00\" \/>\n<meta property=\"article:modified_time\" content=\"2025-04-29T07:29:49+00:00\" \/>\n<meta property=\"og:image\" content=\"https:\/\/tuzlainfo.ba\/wp-content\/uploads\/2025\/04\/2904-thing-7.jpg\" \/>\n\t<meta property=\"og:image:width\" content=\"1000\" \/>\n\t<meta property=\"og:image:height\" content=\"606\" \/>\n\t<meta property=\"og:image:type\" content=\"image\/jpeg\" \/>\n<meta name=\"author\" content=\"nedim\" \/>\n<meta name=\"twitter:card\" content=\"summary_large_image\" \/>\n<meta name=\"twitter:label1\" content=\"Written by\" \/>\n\t<meta name=\"twitter:data1\" content=\"nedim\" \/>\n\t<meta name=\"twitter:label2\" content=\"Est. reading time\" \/>\n\t<meta name=\"twitter:data2\" content=\"2 minute\" \/>\n<script type=\"application\/ld+json\" class=\"yoast-schema-graph\">{\"@context\":\"https:\/\/schema.org\",\"@graph\":[{\"@type\":\"Article\",\"@id\":\"https:\/\/tuzlainfo.ba\/index.php\/novosti\/item\/268342-foto-prvi-u-bih-u-tuzli-otvoren-colearning-prostor-namijenjen-studentima-x2\/#article\",\"isPartOf\":{\"@id\":\"https:\/\/tuzlainfo.ba\/index.php\/novosti\/item\/268342-foto-prvi-u-bih-u-tuzli-otvoren-colearning-prostor-namijenjen-studentima-x2\/\"},\"author\":{\"name\":\"nedim\",\"@id\":\"https:\/\/tuzlainfo.ba\/#\/schema\/person\/f434e20dc27ea133923aab08451b7f7f\"},\"headline\":\"\/FOTO\/ Prvi u BiH: U Tuzli otvoren colearning prostor namijenjen studentima\",\"datePublished\":\"2025-04-29T10:02:42+00:00\",\"dateModified\":\"2025-04-29T07:29:49+00:00\",\"mainEntityOfPage\":{\"@id\":\"https:\/\/tuzlainfo.ba\/index.php\/novosti\/item\/268342-foto-prvi-u-bih-u-tuzli-otvoren-colearning-prostor-namijenjen-studentima-x2\/\"},\"wordCount\":291,\"publisher\":{\"@id\":\"https:\/\/tuzlainfo.ba\/#organization\"},\"image\":{\"@id\":\"https:\/\/tuzlainfo.ba\/index.php\/novosti\/item\/268342-foto-prvi-u-bih-u-tuzli-otvoren-colearning-prostor-namijenjen-studentima-x2\/#primaryimage\"},\"thumbnailUrl\":\"https:\/\/tuzlainfo.ba\/wp-content\/uploads\/2025\/04\/2904-thing-7.jpg\",\"keywords\":[\"colearning\",\"GTHub\",\"skpc mejdan\",\"tuzla\"],\"articleSection\":[\"Istaknuto\",\"Novosti\"],\"inLanguage\":\"bs-BA\"},{\"@type\":\"WebPage\",\"@id\":\"https:\/\/tuzlainfo.ba\/index.php\/novosti\/item\/268342-foto-prvi-u-bih-u-tuzli-otvoren-colearning-prostor-namijenjen-studentima-x2\/\",\"url\":\"https:\/\/tuzlainfo.ba\/index.php\/novosti\/item\/268342-foto-prvi-u-bih-u-tuzli-otvoren-colearning-prostor-namijenjen-studentima-x2\/\",\"name\":\"\/FOTO\/ Prvi u BiH: U Tuzli otvoren colearning prostor namijenjen studentima - TuzlaInfo.ba\",\"isPartOf\":{\"@id\":\"https:\/\/tuzlainfo.ba\/#website\"},\"primaryImageOfPage\":{\"@id\":\"https:\/\/tuzlainfo.ba\/index.php\/novosti\/item\/268342-foto-prvi-u-bih-u-tuzli-otvoren-colearning-prostor-namijenjen-studentima-x2\/#primaryimage\"},\"image\":{\"@id\":\"https:\/\/tuzlainfo.ba\/index.php\/novosti\/item\/268342-foto-prvi-u-bih-u-tuzli-otvoren-colearning-prostor-namijenjen-studentima-x2\/#primaryimage\"},\"thumbnailUrl\":\"https:\/\/tuzlainfo.ba\/wp-content\/uploads\/2025\/04\/2904-thing-7.jpg\",\"datePublished\":\"2025-04-29T10:02:42+00:00\",\"dateModified\":\"2025-04-29T07:29:49+00:00\",\"breadcrumb\":{\"@id\":\"https:\/\/tuzlainfo.ba\/index.php\/novosti\/item\/268342-foto-prvi-u-bih-u-tuzli-otvoren-colearning-prostor-namijenjen-studentima-x2\/#breadcrumb\"},\"inLanguage\":\"bs-BA\",\"potentialAction\":[{\"@type\":\"ReadAction\",\"target\":[\"https:\/\/tuzlainfo.ba\/index.php\/novosti\/item\/268342-foto-prvi-u-bih-u-tuzli-otvoren-colearning-prostor-namijenjen-studentima-x2\/\"]}]},{\"@type\":\"ImageObject\",\"inLanguage\":\"bs-BA\",\"@id\":\"https:\/\/tuzlainfo.ba\/index.php\/novosti\/item\/268342-foto-prvi-u-bih-u-tuzli-otvoren-colearning-prostor-namijenjen-studentima-x2\/#primaryimage\",\"url\":\"https:\/\/tuzlainfo.ba\/wp-content\/uploads\/2025\/04\/2904-thing-7.jpg\",\"contentUrl\":\"https:\/\/tuzlainfo.ba\/wp-content\/uploads\/2025\/04\/2904-thing-7.jpg\",\"width\":1000,\"height\":606},{\"@type\":\"BreadcrumbList\",\"@id\":\"https:\/\/tuzlainfo.ba\/index.php\/novosti\/item\/268342-foto-prvi-u-bih-u-tuzli-otvoren-colearning-prostor-namijenjen-studentima-x2\/#breadcrumb\",\"itemListElement\":[{\"@type\":\"ListItem\",\"position\":1,\"name\":\"Home\",\"item\":\"https:\/\/tuzlainfo.ba\/\"},{\"@type\":\"ListItem\",\"position\":2,\"name\":\"\/FOTO\/ Prvi u BiH: U Tuzli otvoren colearning prostor namijenjen studentima\"}]},{\"@type\":\"WebSite\",\"@id\":\"https:\/\/tuzlainfo.ba\/#website\",\"url\":\"https:\/\/tuzlainfo.ba\/\",\"name\":\"TuzlaInfo.ba\",\"description\":\"Tuzla info, gradski informator - Tuzla na dlanu\",\"publisher\":{\"@id\":\"https:\/\/tuzlainfo.ba\/#organization\"},\"potentialAction\":[{\"@type\":\"SearchAction\",\"target\":{\"@type\":\"EntryPoint\",\"urlTemplate\":\"https:\/\/tuzlainfo.ba\/?s={search_term_string}\"},\"query-input\":{\"@type\":\"PropertyValueSpecification\",\"valueRequired\":true,\"valueName\":\"search_term_string\"}}],\"inLanguage\":\"bs-BA\"},{\"@type\":\"Organization\",\"@id\":\"https:\/\/tuzlainfo.ba\/#organization\",\"name\":\"TuzlaInfo.ba\",\"url\":\"https:\/\/tuzlainfo.ba\/\",\"logo\":{\"@type\":\"ImageObject\",\"inLanguage\":\"bs-BA\",\"@id\":\"https:\/\/tuzlainfo.ba\/#\/schema\/logo\/image\/\",\"url\":\"https:\/\/tuzlainfo.ba\/wp-content\/uploads\/2021\/03\/logo-ver-3-1.png\",\"contentUrl\":\"https:\/\/tuzlainfo.ba\/wp-content\/uploads\/2021\/03\/logo-ver-3-1.png\",\"width\":350,\"height\":95,\"caption\":\"TuzlaInfo.ba\"},\"image\":{\"@id\":\"https:\/\/tuzlainfo.ba\/#\/schema\/logo\/image\/\"},\"sameAs\":[\"https:\/\/www.facebook.com\/tuzlainfo.ba\/\"]},{\"@type\":\"Person\",\"@id\":\"https:\/\/tuzlainfo.ba\/#\/schema\/person\/f434e20dc27ea133923aab08451b7f7f\",\"name\":\"nedim\",\"image\":{\"@type\":\"ImageObject\",\"inLanguage\":\"bs-BA\",\"@id\":\"https:\/\/tuzlainfo.ba\/#\/schema\/person\/image\/\",\"url\":\"https:\/\/tuzlainfo.ba\/wp-content\/litespeed\/avatar\/aabad687af24844af817603ac1cbdc4f.jpg?ver=1777306975\",\"contentUrl\":\"https:\/\/tuzlainfo.ba\/wp-content\/litespeed\/avatar\/aabad687af24844af817603ac1cbdc4f.jpg?ver=1777306975\",\"caption\":\"nedim\"},\"description\":\"Tuzlainfo.ba pratite na dru\u0161tvenim mre\u017eama: Facebook, Instagram i Youtube. Svoje pri\u010de, upite i fotografije \u0161aljite na na\u0161u e-mail adresu.\"}]}<\/script>\n<!-- \/ Yoast SEO plugin. -->","yoast_head_json":{"title":"\/FOTO\/ Prvi u BiH: U Tuzli otvoren colearning prostor namijenjen studentima - TuzlaInfo.ba","robots":{"index":"index","follow":"follow","max-snippet":"max-snippet:-1","max-image-preview":"max-image-preview:large","max-video-preview":"max-video-preview:-1"},"canonical":"https:\/\/tuzlainfo.ba\/index.php\/novosti\/item\/268342-foto-prvi-u-bih-u-tuzli-otvoren-colearning-prostor-namijenjen-studentima-x2\/","og_locale":"bs_BA","og_type":"article","og_title":"\/FOTO\/ Prvi u BiH: U Tuzli otvoren colearning prostor namijenjen studentima - TuzlaInfo.ba","og_description":"U prostorijama SKPC Mejdan u Tuzli sve\u010dano je otvoren GTHub \u2013 prvi colearning prostor u&hellip;","og_url":"https:\/\/tuzlainfo.ba\/index.php\/novosti\/item\/268342-foto-prvi-u-bih-u-tuzli-otvoren-colearning-prostor-namijenjen-studentima-x2\/","og_site_name":"TuzlaInfo.ba","article_publisher":"https:\/\/www.facebook.com\/tuzlainfo.ba\/","article_published_time":"2025-04-29T10:02:42+00:00","article_modified_time":"2025-04-29T07:29:49+00:00","og_image":[{"width":1000,"height":606,"url":"https:\/\/tuzlainfo.ba\/wp-content\/uploads\/2025\/04\/2904-thing-7.jpg","type":"image\/jpeg"}],"author":"nedim","twitter_card":"summary_large_image","twitter_misc":{"Written by":"nedim","Est. reading time":"2 minute"},"schema":{"@context":"https:\/\/schema.org","@graph":[{"@type":"Article","@id":"https:\/\/tuzlainfo.ba\/index.php\/novosti\/item\/268342-foto-prvi-u-bih-u-tuzli-otvoren-colearning-prostor-namijenjen-studentima-x2\/#article","isPartOf":{"@id":"https:\/\/tuzlainfo.ba\/index.php\/novosti\/item\/268342-foto-prvi-u-bih-u-tuzli-otvoren-colearning-prostor-namijenjen-studentima-x2\/"},"author":{"name":"nedim","@id":"https:\/\/tuzlainfo.ba\/#\/schema\/person\/f434e20dc27ea133923aab08451b7f7f"},"headline":"\/FOTO\/ Prvi u BiH: U Tuzli otvoren colearning prostor namijenjen studentima","datePublished":"2025-04-29T10:02:42+00:00","dateModified":"2025-04-29T07:29:49+00:00","mainEntityOfPage":{"@id":"https:\/\/tuzlainfo.ba\/index.php\/novosti\/item\/268342-foto-prvi-u-bih-u-tuzli-otvoren-colearning-prostor-namijenjen-studentima-x2\/"},"wordCount":291,"publisher":{"@id":"https:\/\/tuzlainfo.ba\/#organization"},"image":{"@id":"https:\/\/tuzlainfo.ba\/index.php\/novosti\/item\/268342-foto-prvi-u-bih-u-tuzli-otvoren-colearning-prostor-namijenjen-studentima-x2\/#primaryimage"},"thumbnailUrl":"https:\/\/tuzlainfo.ba\/wp-content\/uploads\/2025\/04\/2904-thing-7.jpg","keywords":["colearning","GTHub","skpc mejdan","tuzla"],"articleSection":["Istaknuto","Novosti"],"inLanguage":"bs-BA"},{"@type":"WebPage","@id":"https:\/\/tuzlainfo.ba\/index.php\/novosti\/item\/268342-foto-prvi-u-bih-u-tuzli-otvoren-colearning-prostor-namijenjen-studentima-x2\/","url":"https:\/\/tuzlainfo.ba\/index.php\/novosti\/item\/268342-foto-prvi-u-bih-u-tuzli-otvoren-colearning-prostor-namijenjen-studentima-x2\/","name":"\/FOTO\/ Prvi u BiH: U Tuzli otvoren colearning prostor namijenjen studentima - TuzlaInfo.ba","isPartOf":{"@id":"https:\/\/tuzlainfo.ba\/#website"},"primaryImageOfPage":{"@id":"https:\/\/tuzlainfo.ba\/index.php\/novosti\/item\/268342-foto-prvi-u-bih-u-tuzli-otvoren-colearning-prostor-namijenjen-studentima-x2\/#primaryimage"},"image":{"@id":"https:\/\/tuzlainfo.ba\/index.php\/novosti\/item\/268342-foto-prvi-u-bih-u-tuzli-otvoren-colearning-prostor-namijenjen-studentima-x2\/#primaryimage"},"thumbnailUrl":"https:\/\/tuzlainfo.ba\/wp-content\/uploads\/2025\/04\/2904-thing-7.jpg","datePublished":"2025-04-29T10:02:42+00:00","dateModified":"2025-04-29T07:29:49+00:00","breadcrumb":{"@id":"https:\/\/tuzlainfo.ba\/index.php\/novosti\/item\/268342-foto-prvi-u-bih-u-tuzli-otvoren-colearning-prostor-namijenjen-studentima-x2\/#breadcrumb"},"inLanguage":"bs-BA","potentialAction":[{"@type":"ReadAction","target":["https:\/\/tuzlainfo.ba\/index.php\/novosti\/item\/268342-foto-prvi-u-bih-u-tuzli-otvoren-colearning-prostor-namijenjen-studentima-x2\/"]}]},{"@type":"ImageObject","inLanguage":"bs-BA","@id":"https:\/\/tuzlainfo.ba\/index.php\/novosti\/item\/268342-foto-prvi-u-bih-u-tuzli-otvoren-colearning-prostor-namijenjen-studentima-x2\/#primaryimage","url":"https:\/\/tuzlainfo.ba\/wp-content\/uploads\/2025\/04\/2904-thing-7.jpg","contentUrl":"https:\/\/tuzlainfo.ba\/wp-content\/uploads\/2025\/04\/2904-thing-7.jpg","width":1000,"height":606},{"@type":"BreadcrumbList","@id":"https:\/\/tuzlainfo.ba\/index.php\/novosti\/item\/268342-foto-prvi-u-bih-u-tuzli-otvoren-colearning-prostor-namijenjen-studentima-x2\/#breadcrumb","itemListElement":[{"@type":"ListItem","position":1,"name":"Home","item":"https:\/\/tuzlainfo.ba\/"},{"@type":"ListItem","position":2,"name":"\/FOTO\/ Prvi u BiH: U Tuzli otvoren colearning prostor namijenjen studentima"}]},{"@type":"WebSite","@id":"https:\/\/tuzlainfo.ba\/#website","url":"https:\/\/tuzlainfo.ba\/","name":"TuzlaInfo.ba","description":"Tuzla info, gradski informator - Tuzla na dlanu","publisher":{"@id":"https:\/\/tuzlainfo.ba\/#organization"},"potentialAction":[{"@type":"SearchAction","target":{"@type":"EntryPoint","urlTemplate":"https:\/\/tuzlainfo.ba\/?s={search_term_string}"},"query-input":{"@type":"PropertyValueSpecification","valueRequired":true,"valueName":"search_term_string"}}],"inLanguage":"bs-BA"},{"@type":"Organization","@id":"https:\/\/tuzlainfo.ba\/#organization","name":"TuzlaInfo.ba","url":"https:\/\/tuzlainfo.ba\/","logo":{"@type":"ImageObject","inLanguage":"bs-BA","@id":"https:\/\/tuzlainfo.ba\/#\/schema\/logo\/image\/","url":"https:\/\/tuzlainfo.ba\/wp-content\/uploads\/2021\/03\/logo-ver-3-1.png","contentUrl":"https:\/\/tuzlainfo.ba\/wp-content\/uploads\/2021\/03\/logo-ver-3-1.png","width":350,"height":95,"caption":"TuzlaInfo.ba"},"image":{"@id":"https:\/\/tuzlainfo.ba\/#\/schema\/logo\/image\/"},"sameAs":["https:\/\/www.facebook.com\/tuzlainfo.ba\/"]},{"@type":"Person","@id":"https:\/\/tuzlainfo.ba\/#\/schema\/person\/f434e20dc27ea133923aab08451b7f7f","name":"nedim","image":{"@type":"ImageObject","inLanguage":"bs-BA","@id":"https:\/\/tuzlainfo.ba\/#\/schema\/person\/image\/","url":"https:\/\/tuzlainfo.ba\/wp-content\/litespeed\/avatar\/aabad687af24844af817603ac1cbdc4f.jpg?ver=1777306975","contentUrl":"https:\/\/tuzlainfo.ba\/wp-content\/litespeed\/avatar\/aabad687af24844af817603ac1cbdc4f.jpg?ver=1777306975","caption":"nedim"},"description":"Tuzlainfo.ba pratite na dru\u0161tvenim mre\u017eama: Facebook, Instagram i Youtube. Svoje pri\u010de, upite i fotografije \u0161aljite na na\u0161u e-mail adresu."}]}},"_links":{"self":[{"href":"https:\/\/tuzlainfo.ba\/index.php\/wp-json\/wp\/v2\/posts\/268342"}],"collection":[{"href":"https:\/\/tuzlainfo.ba\/index.php\/wp-json\/wp\/v2\/posts"}],"about":[{"href":"https:\/\/tuzlainfo.ba\/index.php\/wp-json\/wp\/v2\/types\/post"}],"author":[{"embeddable":true,"href":"https:\/\/tuzlainfo.ba\/index.php\/wp-json\/wp\/v2\/users\/2"}],"replies":[{"embeddable":true,"href":"https:\/\/tuzlainfo.ba\/index.php\/wp-json\/wp\/v2\/comments?post=268342"}],"version-history":[{"count":1,"href":"https:\/\/tuzlainfo.ba\/index.php\/wp-json\/wp\/v2\/posts\/268342\/revisions"}],"predecessor-version":[{"id":268349,"href":"https:\/\/tuzlainfo.ba\/index.php\/wp-json\/wp\/v2\/posts\/268342\/revisions\/268349"}],"wp:featuredmedia":[{"embeddable":true,"href":"https:\/\/tuzlainfo.ba\/index.php\/wp-json\/wp\/v2\/media\/268348"}],"wp:attachment":[{"href":"https:\/\/tuzlainfo.ba\/index.php\/wp-json\/wp\/v2\/media?parent=268342"}],"wp:term":[{"taxonomy":"category","embeddable":true,"href":"https:\/\/tuzlainfo.ba\/index.php\/wp-json\/wp\/v2\/categories?post=268342"},{"taxonomy":"post_tag","embeddable":true,"href":"https:\/\/tuzlainfo.ba\/index.php\/wp-json\/wp\/v2\/tags?post=268342"}],"curies":[{"name":"wp","href":"https:\/\/api.w.org\/{rel}","templated":true}]}}