{"id":268329,"date":"2025-04-29T08:45:27","date_gmt":"2025-04-29T06:45:27","guid":{"rendered":"https:\/\/tuzlainfo.ba\/?p=268329"},"modified":"2025-04-29T09:14:52","modified_gmt":"2025-04-29T07:14:52","slug":"snaga-knjige-u-tuzli-odrzana-tribina-narod-koji-cita-ima-buducnost","status":"publish","type":"post","link":"https:\/\/tuzlainfo.ba\/index.php\/novosti\/item\/268329-snaga-knjige-u-tuzli-odrzana-tribina-narod-koji-cita-ima-buducnost\/","title":{"rendered":"Snaga knjige: U Tuzli odr\u017eana tribina &#8220;Narod koji \u010dita ima budu\u0107nost&#8221;"},"content":{"rendered":"<p>U prostorijama Behram-begove medrese u Tuzli odr\u017eana je tribina pod nazivom &#8220;Narod koji \u010dita ima budu\u0107nost&#8221;, posve\u0107ena va\u017enosti \u010ditanja i znanja za razvoj dru\u0161tva.<\/p>\n<p>O ovoj izuzetno zna\u010dajnoj temi govorili su ugledni predava\u010di: dr. Sead Nazibegovi\u0107, dr. Refik Buli\u0107 i Emina Hatuni\u0107, dok je ulogu moderatora uspje\u0161no obavljao mr. Sead Husi\u0107.<\/p>\n<p>Kroz izlaganja u\u010desnika istaknuta je neraskidiva veza izme\u0111u \u010ditanja, obrazovanja i napretka zajednice. Nagla\u0161eno je da narod koji ula\u017ee u znanje gradi \u010dvrste temelje za svoju budu\u0107nost, te da knjiga ostaje najpouzdaniji vodi\u010d u vremenu izazova i promjena.<\/p>\n<p>Moderator tribine, knji\u017eevnik Sead Husi\u0107, istakao je kako se nada da \u0107e ovaj doga\u0111aj polu\u010diti konkretne rezultate, prije svega u vidu razvijanja boljeg odnosa prema knjizi i \u010ditanju. \u010citanje je ne\u0161to \u0161to nas oblikuje na pravi na\u010din.<\/p>\n<p><iframe title=\"Knjizevnik Sead Husic - Tribina &quot;Narod koji \u010dita ima budu\u0107nost&quot;\" width=\"1170\" height=\"658\" src=\"https:\/\/www.youtube.com\/embed\/MnirSzUS-uQ?feature=oembed\" frameborder=\"0\" allow=\"accelerometer; autoplay; clipboard-write; encrypted-media; gyroscope; picture-in-picture; web-share\" referrerpolicy=\"strict-origin-when-cross-origin\" allowfullscreen><\/iframe><\/p>\n<p>Govore\u0107i o zna\u010daju \u010ditanja, izlaga\u010d prof. dr. Refik Buli\u0107 istakao je da je \u010ditanje sastavni dio ljudskog \u017eivota i da savremeni \u010dovjek, bez obzira na izazove, ne mo\u017ee funkcionisati bez ove jezi\u010dke djelatnosti.<\/p>\n<p><iframe title=\"Dr.sc. Refik Buli\u0107 - Tribina &quot;Narod koji \u010dita ima budu\u0107nost&quot;\" width=\"1170\" height=\"658\" src=\"https:\/\/www.youtube.com\/embed\/4kQRoN9abLA?feature=oembed\" frameborder=\"0\" allow=\"accelerometer; autoplay; clipboard-write; encrypted-media; gyroscope; picture-in-picture; web-share\" referrerpolicy=\"strict-origin-when-cross-origin\" allowfullscreen><\/iframe><\/p>\n<p>Dr.sc. Sead Nazibegovi\u0107:<\/p>\n<p><iframe title=\"Dr.sc. Sead Nazibegovic o kulturi \u010ditanja\" width=\"1170\" height=\"658\" src=\"https:\/\/www.youtube.com\/embed\/Uah1baIGxR8?feature=oembed\" frameborder=\"0\" allow=\"accelerometer; autoplay; clipboard-write; encrypted-media; gyroscope; picture-in-picture; web-share\" referrerpolicy=\"strict-origin-when-cross-origin\" allowfullscreen><\/iframe><\/p>\n<p>Tribina je protekla u atmosferi nadahnjuju\u0107e razmjene mi\u0161ljenja, podsjetiv\u0161i prisutne na vrijednost \u010ditanja kao temeljnog \u017eivotnog i duhovnog bogatstva.<strong>\/S.P.\/<\/strong><\/p>\n<p><iframe style=\"border: none; overflow: hidden;\" src=\"https:\/\/www.facebook.com\/plugins\/post.php?href=https%3A%2F%2Fwww.facebook.com%2Fvijestiztuzle%2Fposts%2Fpfbid022s8C3zpt7LQdXzZKkcKDEJxdBBKUb9VwJDPRbSTiYWzMyKmf2Gwf3uGWemL5oct3l&amp;show_text=true&amp;width=500\" width=\"500\" height=\"829\" frameborder=\"0\" scrolling=\"no\" allowfullscreen=\"allowfullscreen\"><\/iframe><\/p>\n","protected":false},"excerpt":{"rendered":"<p>U prostorijama Behram-begove medrese u Tuzli odr\u017eana je tribina pod nazivom &#8220;Narod koji \u010dita ima&hellip;<\/p>\n","protected":false},"author":2,"featured_media":268330,"comment_status":"closed","ping_status":"closed","sticky":false,"template":"","format":"standard","meta":{"_acf_changed":false,"footnotes":""},"categories":[304,12],"tags":[1354,4084],"acf":[],"yoast_head":"<!-- This site is optimized with the Yoast SEO plugin v23.5 - https:\/\/yoast.com\/wordpress\/plugins\/seo\/ -->\n<title>Snaga knjige: U Tuzli odr\u017eana tribina &quot;Narod koji \u010dita ima budu\u0107nost&quot; - TuzlaInfo.ba<\/title>\n<meta name=\"robots\" content=\"index, follow, max-snippet:-1, max-image-preview:large, max-video-preview:-1\" \/>\n<link rel=\"canonical\" href=\"https:\/\/tuzlainfo.ba\/index.php\/novosti\/item\/268329-snaga-knjige-u-tuzli-odrzana-tribina-narod-koji-cita-ima-buducnost\/\" \/>\n<meta property=\"og:locale\" content=\"bs_BA\" \/>\n<meta property=\"og:type\" content=\"article\" \/>\n<meta property=\"og:title\" content=\"Snaga knjige: U Tuzli odr\u017eana tribina &quot;Narod koji \u010dita ima budu\u0107nost&quot; - TuzlaInfo.ba\" \/>\n<meta property=\"og:description\" content=\"U prostorijama Behram-begove medrese u Tuzli odr\u017eana je tribina pod nazivom &#8220;Narod koji \u010dita ima&hellip;\" \/>\n<meta property=\"og:url\" content=\"https:\/\/tuzlainfo.ba\/index.php\/novosti\/item\/268329-snaga-knjige-u-tuzli-odrzana-tribina-narod-koji-cita-ima-buducnost\/\" \/>\n<meta property=\"og:site_name\" content=\"TuzlaInfo.ba\" \/>\n<meta property=\"article:publisher\" content=\"https:\/\/www.facebook.com\/tuzlainfo.ba\/\" \/>\n<meta property=\"article:published_time\" content=\"2025-04-29T06:45:27+00:00\" \/>\n<meta property=\"article:modified_time\" content=\"2025-04-29T07:14:52+00:00\" \/>\n<meta property=\"og:image\" content=\"https:\/\/tuzlainfo.ba\/wp-content\/uploads\/2025\/04\/2904_tribina.jpg\" \/>\n\t<meta property=\"og:image:width\" content=\"1800\" \/>\n\t<meta property=\"og:image:height\" content=\"1012\" \/>\n\t<meta property=\"og:image:type\" content=\"image\/jpeg\" \/>\n<meta name=\"author\" content=\"nedim\" \/>\n<meta name=\"twitter:card\" content=\"summary_large_image\" \/>\n<meta name=\"twitter:label1\" content=\"Written by\" \/>\n\t<meta name=\"twitter:data1\" content=\"nedim\" \/>\n\t<meta name=\"twitter:label2\" content=\"Est. reading time\" \/>\n\t<meta name=\"twitter:data2\" content=\"2 minute\" \/>\n<script type=\"application\/ld+json\" class=\"yoast-schema-graph\">{\"@context\":\"https:\/\/schema.org\",\"@graph\":[{\"@type\":\"Article\",\"@id\":\"https:\/\/tuzlainfo.ba\/index.php\/novosti\/item\/268329-snaga-knjige-u-tuzli-odrzana-tribina-narod-koji-cita-ima-buducnost\/#article\",\"isPartOf\":{\"@id\":\"https:\/\/tuzlainfo.ba\/index.php\/novosti\/item\/268329-snaga-knjige-u-tuzli-odrzana-tribina-narod-koji-cita-ima-buducnost\/\"},\"author\":{\"name\":\"nedim\",\"@id\":\"https:\/\/tuzlainfo.ba\/#\/schema\/person\/f434e20dc27ea133923aab08451b7f7f\"},\"headline\":\"Snaga knjige: U Tuzli odr\u017eana tribina &#8220;Narod koji \u010dita ima budu\u0107nost&#8221;\",\"datePublished\":\"2025-04-29T06:45:27+00:00\",\"dateModified\":\"2025-04-29T07:14:52+00:00\",\"mainEntityOfPage\":{\"@id\":\"https:\/\/tuzlainfo.ba\/index.php\/novosti\/item\/268329-snaga-knjige-u-tuzli-odrzana-tribina-narod-koji-cita-ima-buducnost\/\"},\"wordCount\":236,\"publisher\":{\"@id\":\"https:\/\/tuzlainfo.ba\/#organization\"},\"image\":{\"@id\":\"https:\/\/tuzlainfo.ba\/index.php\/novosti\/item\/268329-snaga-knjige-u-tuzli-odrzana-tribina-narod-koji-cita-ima-buducnost\/#primaryimage\"},\"thumbnailUrl\":\"https:\/\/tuzlainfo.ba\/wp-content\/uploads\/2025\/04\/2904_tribina.jpg\",\"keywords\":[\"Behram-begova medresa\",\"tribina\"],\"articleSection\":[\"Istaknuto\",\"Novosti\"],\"inLanguage\":\"bs-BA\"},{\"@type\":\"WebPage\",\"@id\":\"https:\/\/tuzlainfo.ba\/index.php\/novosti\/item\/268329-snaga-knjige-u-tuzli-odrzana-tribina-narod-koji-cita-ima-buducnost\/\",\"url\":\"https:\/\/tuzlainfo.ba\/index.php\/novosti\/item\/268329-snaga-knjige-u-tuzli-odrzana-tribina-narod-koji-cita-ima-buducnost\/\",\"name\":\"Snaga knjige: U Tuzli odr\u017eana tribina \\\"Narod koji \u010dita ima budu\u0107nost\\\" - TuzlaInfo.ba\",\"isPartOf\":{\"@id\":\"https:\/\/tuzlainfo.ba\/#website\"},\"primaryImageOfPage\":{\"@id\":\"https:\/\/tuzlainfo.ba\/index.php\/novosti\/item\/268329-snaga-knjige-u-tuzli-odrzana-tribina-narod-koji-cita-ima-buducnost\/#primaryimage\"},\"image\":{\"@id\":\"https:\/\/tuzlainfo.ba\/index.php\/novosti\/item\/268329-snaga-knjige-u-tuzli-odrzana-tribina-narod-koji-cita-ima-buducnost\/#primaryimage\"},\"thumbnailUrl\":\"https:\/\/tuzlainfo.ba\/wp-content\/uploads\/2025\/04\/2904_tribina.jpg\",\"datePublished\":\"2025-04-29T06:45:27+00:00\",\"dateModified\":\"2025-04-29T07:14:52+00:00\",\"breadcrumb\":{\"@id\":\"https:\/\/tuzlainfo.ba\/index.php\/novosti\/item\/268329-snaga-knjige-u-tuzli-odrzana-tribina-narod-koji-cita-ima-buducnost\/#breadcrumb\"},\"inLanguage\":\"bs-BA\",\"potentialAction\":[{\"@type\":\"ReadAction\",\"target\":[\"https:\/\/tuzlainfo.ba\/index.php\/novosti\/item\/268329-snaga-knjige-u-tuzli-odrzana-tribina-narod-koji-cita-ima-buducnost\/\"]}]},{\"@type\":\"ImageObject\",\"inLanguage\":\"bs-BA\",\"@id\":\"https:\/\/tuzlainfo.ba\/index.php\/novosti\/item\/268329-snaga-knjige-u-tuzli-odrzana-tribina-narod-koji-cita-ima-buducnost\/#primaryimage\",\"url\":\"https:\/\/tuzlainfo.ba\/wp-content\/uploads\/2025\/04\/2904_tribina.jpg\",\"contentUrl\":\"https:\/\/tuzlainfo.ba\/wp-content\/uploads\/2025\/04\/2904_tribina.jpg\",\"width\":1800,\"height\":1012},{\"@type\":\"BreadcrumbList\",\"@id\":\"https:\/\/tuzlainfo.ba\/index.php\/novosti\/item\/268329-snaga-knjige-u-tuzli-odrzana-tribina-narod-koji-cita-ima-buducnost\/#breadcrumb\",\"itemListElement\":[{\"@type\":\"ListItem\",\"position\":1,\"name\":\"Home\",\"item\":\"https:\/\/tuzlainfo.ba\/\"},{\"@type\":\"ListItem\",\"position\":2,\"name\":\"Snaga knjige: U Tuzli odr\u017eana tribina &#8220;Narod koji \u010dita ima budu\u0107nost&#8221;\"}]},{\"@type\":\"WebSite\",\"@id\":\"https:\/\/tuzlainfo.ba\/#website\",\"url\":\"https:\/\/tuzlainfo.ba\/\",\"name\":\"TuzlaInfo.ba\",\"description\":\"Tuzla info, gradski informator - Tuzla na dlanu\",\"publisher\":{\"@id\":\"https:\/\/tuzlainfo.ba\/#organization\"},\"potentialAction\":[{\"@type\":\"SearchAction\",\"target\":{\"@type\":\"EntryPoint\",\"urlTemplate\":\"https:\/\/tuzlainfo.ba\/?s={search_term_string}\"},\"query-input\":{\"@type\":\"PropertyValueSpecification\",\"valueRequired\":true,\"valueName\":\"search_term_string\"}}],\"inLanguage\":\"bs-BA\"},{\"@type\":\"Organization\",\"@id\":\"https:\/\/tuzlainfo.ba\/#organization\",\"name\":\"TuzlaInfo.ba\",\"url\":\"https:\/\/tuzlainfo.ba\/\",\"logo\":{\"@type\":\"ImageObject\",\"inLanguage\":\"bs-BA\",\"@id\":\"https:\/\/tuzlainfo.ba\/#\/schema\/logo\/image\/\",\"url\":\"https:\/\/tuzlainfo.ba\/wp-content\/uploads\/2021\/03\/logo-ver-3-1.png\",\"contentUrl\":\"https:\/\/tuzlainfo.ba\/wp-content\/uploads\/2021\/03\/logo-ver-3-1.png\",\"width\":350,\"height\":95,\"caption\":\"TuzlaInfo.ba\"},\"image\":{\"@id\":\"https:\/\/tuzlainfo.ba\/#\/schema\/logo\/image\/\"},\"sameAs\":[\"https:\/\/www.facebook.com\/tuzlainfo.ba\/\"]},{\"@type\":\"Person\",\"@id\":\"https:\/\/tuzlainfo.ba\/#\/schema\/person\/f434e20dc27ea133923aab08451b7f7f\",\"name\":\"nedim\",\"image\":{\"@type\":\"ImageObject\",\"inLanguage\":\"bs-BA\",\"@id\":\"https:\/\/tuzlainfo.ba\/#\/schema\/person\/image\/\",\"url\":\"https:\/\/tuzlainfo.ba\/wp-content\/litespeed\/avatar\/aabad687af24844af817603ac1cbdc4f.jpg?ver=1777306975\",\"contentUrl\":\"https:\/\/tuzlainfo.ba\/wp-content\/litespeed\/avatar\/aabad687af24844af817603ac1cbdc4f.jpg?ver=1777306975\",\"caption\":\"nedim\"},\"description\":\"Tuzlainfo.ba pratite na dru\u0161tvenim mre\u017eama: Facebook, Instagram i Youtube. Svoje pri\u010de, upite i fotografije \u0161aljite na na\u0161u e-mail adresu.\"}]}<\/script>\n<!-- \/ Yoast SEO plugin. -->","yoast_head_json":{"title":"Snaga knjige: U Tuzli odr\u017eana tribina \"Narod koji \u010dita ima budu\u0107nost\" - TuzlaInfo.ba","robots":{"index":"index","follow":"follow","max-snippet":"max-snippet:-1","max-image-preview":"max-image-preview:large","max-video-preview":"max-video-preview:-1"},"canonical":"https:\/\/tuzlainfo.ba\/index.php\/novosti\/item\/268329-snaga-knjige-u-tuzli-odrzana-tribina-narod-koji-cita-ima-buducnost\/","og_locale":"bs_BA","og_type":"article","og_title":"Snaga knjige: U Tuzli odr\u017eana tribina \"Narod koji \u010dita ima budu\u0107nost\" - TuzlaInfo.ba","og_description":"U prostorijama Behram-begove medrese u Tuzli odr\u017eana je tribina pod nazivom &#8220;Narod koji \u010dita ima&hellip;","og_url":"https:\/\/tuzlainfo.ba\/index.php\/novosti\/item\/268329-snaga-knjige-u-tuzli-odrzana-tribina-narod-koji-cita-ima-buducnost\/","og_site_name":"TuzlaInfo.ba","article_publisher":"https:\/\/www.facebook.com\/tuzlainfo.ba\/","article_published_time":"2025-04-29T06:45:27+00:00","article_modified_time":"2025-04-29T07:14:52+00:00","og_image":[{"width":1800,"height":1012,"url":"https:\/\/tuzlainfo.ba\/wp-content\/uploads\/2025\/04\/2904_tribina.jpg","type":"image\/jpeg"}],"author":"nedim","twitter_card":"summary_large_image","twitter_misc":{"Written by":"nedim","Est. reading time":"2 minute"},"schema":{"@context":"https:\/\/schema.org","@graph":[{"@type":"Article","@id":"https:\/\/tuzlainfo.ba\/index.php\/novosti\/item\/268329-snaga-knjige-u-tuzli-odrzana-tribina-narod-koji-cita-ima-buducnost\/#article","isPartOf":{"@id":"https:\/\/tuzlainfo.ba\/index.php\/novosti\/item\/268329-snaga-knjige-u-tuzli-odrzana-tribina-narod-koji-cita-ima-buducnost\/"},"author":{"name":"nedim","@id":"https:\/\/tuzlainfo.ba\/#\/schema\/person\/f434e20dc27ea133923aab08451b7f7f"},"headline":"Snaga knjige: U Tuzli odr\u017eana tribina &#8220;Narod koji \u010dita ima budu\u0107nost&#8221;","datePublished":"2025-04-29T06:45:27+00:00","dateModified":"2025-04-29T07:14:52+00:00","mainEntityOfPage":{"@id":"https:\/\/tuzlainfo.ba\/index.php\/novosti\/item\/268329-snaga-knjige-u-tuzli-odrzana-tribina-narod-koji-cita-ima-buducnost\/"},"wordCount":236,"publisher":{"@id":"https:\/\/tuzlainfo.ba\/#organization"},"image":{"@id":"https:\/\/tuzlainfo.ba\/index.php\/novosti\/item\/268329-snaga-knjige-u-tuzli-odrzana-tribina-narod-koji-cita-ima-buducnost\/#primaryimage"},"thumbnailUrl":"https:\/\/tuzlainfo.ba\/wp-content\/uploads\/2025\/04\/2904_tribina.jpg","keywords":["Behram-begova medresa","tribina"],"articleSection":["Istaknuto","Novosti"],"inLanguage":"bs-BA"},{"@type":"WebPage","@id":"https:\/\/tuzlainfo.ba\/index.php\/novosti\/item\/268329-snaga-knjige-u-tuzli-odrzana-tribina-narod-koji-cita-ima-buducnost\/","url":"https:\/\/tuzlainfo.ba\/index.php\/novosti\/item\/268329-snaga-knjige-u-tuzli-odrzana-tribina-narod-koji-cita-ima-buducnost\/","name":"Snaga knjige: U Tuzli odr\u017eana tribina \"Narod koji \u010dita ima budu\u0107nost\" - TuzlaInfo.ba","isPartOf":{"@id":"https:\/\/tuzlainfo.ba\/#website"},"primaryImageOfPage":{"@id":"https:\/\/tuzlainfo.ba\/index.php\/novosti\/item\/268329-snaga-knjige-u-tuzli-odrzana-tribina-narod-koji-cita-ima-buducnost\/#primaryimage"},"image":{"@id":"https:\/\/tuzlainfo.ba\/index.php\/novosti\/item\/268329-snaga-knjige-u-tuzli-odrzana-tribina-narod-koji-cita-ima-buducnost\/#primaryimage"},"thumbnailUrl":"https:\/\/tuzlainfo.ba\/wp-content\/uploads\/2025\/04\/2904_tribina.jpg","datePublished":"2025-04-29T06:45:27+00:00","dateModified":"2025-04-29T07:14:52+00:00","breadcrumb":{"@id":"https:\/\/tuzlainfo.ba\/index.php\/novosti\/item\/268329-snaga-knjige-u-tuzli-odrzana-tribina-narod-koji-cita-ima-buducnost\/#breadcrumb"},"inLanguage":"bs-BA","potentialAction":[{"@type":"ReadAction","target":["https:\/\/tuzlainfo.ba\/index.php\/novosti\/item\/268329-snaga-knjige-u-tuzli-odrzana-tribina-narod-koji-cita-ima-buducnost\/"]}]},{"@type":"ImageObject","inLanguage":"bs-BA","@id":"https:\/\/tuzlainfo.ba\/index.php\/novosti\/item\/268329-snaga-knjige-u-tuzli-odrzana-tribina-narod-koji-cita-ima-buducnost\/#primaryimage","url":"https:\/\/tuzlainfo.ba\/wp-content\/uploads\/2025\/04\/2904_tribina.jpg","contentUrl":"https:\/\/tuzlainfo.ba\/wp-content\/uploads\/2025\/04\/2904_tribina.jpg","width":1800,"height":1012},{"@type":"BreadcrumbList","@id":"https:\/\/tuzlainfo.ba\/index.php\/novosti\/item\/268329-snaga-knjige-u-tuzli-odrzana-tribina-narod-koji-cita-ima-buducnost\/#breadcrumb","itemListElement":[{"@type":"ListItem","position":1,"name":"Home","item":"https:\/\/tuzlainfo.ba\/"},{"@type":"ListItem","position":2,"name":"Snaga knjige: U Tuzli odr\u017eana tribina &#8220;Narod koji \u010dita ima budu\u0107nost&#8221;"}]},{"@type":"WebSite","@id":"https:\/\/tuzlainfo.ba\/#website","url":"https:\/\/tuzlainfo.ba\/","name":"TuzlaInfo.ba","description":"Tuzla info, gradski informator - Tuzla na dlanu","publisher":{"@id":"https:\/\/tuzlainfo.ba\/#organization"},"potentialAction":[{"@type":"SearchAction","target":{"@type":"EntryPoint","urlTemplate":"https:\/\/tuzlainfo.ba\/?s={search_term_string}"},"query-input":{"@type":"PropertyValueSpecification","valueRequired":true,"valueName":"search_term_string"}}],"inLanguage":"bs-BA"},{"@type":"Organization","@id":"https:\/\/tuzlainfo.ba\/#organization","name":"TuzlaInfo.ba","url":"https:\/\/tuzlainfo.ba\/","logo":{"@type":"ImageObject","inLanguage":"bs-BA","@id":"https:\/\/tuzlainfo.ba\/#\/schema\/logo\/image\/","url":"https:\/\/tuzlainfo.ba\/wp-content\/uploads\/2021\/03\/logo-ver-3-1.png","contentUrl":"https:\/\/tuzlainfo.ba\/wp-content\/uploads\/2021\/03\/logo-ver-3-1.png","width":350,"height":95,"caption":"TuzlaInfo.ba"},"image":{"@id":"https:\/\/tuzlainfo.ba\/#\/schema\/logo\/image\/"},"sameAs":["https:\/\/www.facebook.com\/tuzlainfo.ba\/"]},{"@type":"Person","@id":"https:\/\/tuzlainfo.ba\/#\/schema\/person\/f434e20dc27ea133923aab08451b7f7f","name":"nedim","image":{"@type":"ImageObject","inLanguage":"bs-BA","@id":"https:\/\/tuzlainfo.ba\/#\/schema\/person\/image\/","url":"https:\/\/tuzlainfo.ba\/wp-content\/litespeed\/avatar\/aabad687af24844af817603ac1cbdc4f.jpg?ver=1777306975","contentUrl":"https:\/\/tuzlainfo.ba\/wp-content\/litespeed\/avatar\/aabad687af24844af817603ac1cbdc4f.jpg?ver=1777306975","caption":"nedim"},"description":"Tuzlainfo.ba pratite na dru\u0161tvenim mre\u017eama: Facebook, Instagram i Youtube. Svoje pri\u010de, upite i fotografije \u0161aljite na na\u0161u e-mail adresu."}]}},"_links":{"self":[{"href":"https:\/\/tuzlainfo.ba\/index.php\/wp-json\/wp\/v2\/posts\/268329"}],"collection":[{"href":"https:\/\/tuzlainfo.ba\/index.php\/wp-json\/wp\/v2\/posts"}],"about":[{"href":"https:\/\/tuzlainfo.ba\/index.php\/wp-json\/wp\/v2\/types\/post"}],"author":[{"embeddable":true,"href":"https:\/\/tuzlainfo.ba\/index.php\/wp-json\/wp\/v2\/users\/2"}],"replies":[{"embeddable":true,"href":"https:\/\/tuzlainfo.ba\/index.php\/wp-json\/wp\/v2\/comments?post=268329"}],"version-history":[{"count":3,"href":"https:\/\/tuzlainfo.ba\/index.php\/wp-json\/wp\/v2\/posts\/268329\/revisions"}],"predecessor-version":[{"id":268341,"href":"https:\/\/tuzlainfo.ba\/index.php\/wp-json\/wp\/v2\/posts\/268329\/revisions\/268341"}],"wp:featuredmedia":[{"embeddable":true,"href":"https:\/\/tuzlainfo.ba\/index.php\/wp-json\/wp\/v2\/media\/268330"}],"wp:attachment":[{"href":"https:\/\/tuzlainfo.ba\/index.php\/wp-json\/wp\/v2\/media?parent=268329"}],"wp:term":[{"taxonomy":"category","embeddable":true,"href":"https:\/\/tuzlainfo.ba\/index.php\/wp-json\/wp\/v2\/categories?post=268329"},{"taxonomy":"post_tag","embeddable":true,"href":"https:\/\/tuzlainfo.ba\/index.php\/wp-json\/wp\/v2\/tags?post=268329"}],"curies":[{"name":"wp","href":"https:\/\/api.w.org\/{rel}","templated":true}]}}