{"id":268309,"date":"2025-04-28T21:21:38","date_gmt":"2025-04-28T19:21:38","guid":{"rendered":"https:\/\/tuzlainfo.ba\/?p=268309"},"modified":"2025-04-28T21:21:38","modified_gmt":"2025-04-28T19:21:38","slug":"mogu-svi-osim-snsd-a-opozicija-iz-rs-najavljuje-platformu-za-rjesenje-krize-na-nivou-bih","status":"publish","type":"post","link":"https:\/\/tuzlainfo.ba\/index.php\/bosna-i-hercegovina\/item\/268309-mogu-svi-osim-snsd-a-opozicija-iz-rs-najavljuje-platformu-za-rjesenje-krize-na-nivou-bih\/","title":{"rendered":"Mogu svi osim SNSD-a: Opozicija iz RS najavljuje platformu za rje\u0161enje krize na nivou BiH"},"content":{"rendered":"<p class=\"\" data-start=\"50\" data-end=\"307\">Predstavnici Liste za pravdu i red, SDS-a i PDP-a dogovorili su da u narednim danima usaglase zajedni\u010dku platformu za rje\u0161enje politi\u010dke krize, koju \u0107e uputiti svim politi\u010dkim subjektima koji imaju predstavnike u Parlamentarnoj skup\u0161tini BiH, izuzev SNSD-a.<\/p>\n<p class=\"\" data-start=\"309\" data-end=\"569\">Kako je nagla\u0161eno nakon sastanka odr\u017eanog u Trebinju, platforma \u0107e prvenstveno biti fokusirana na napredak BiH na evropskom putu, usvajanje preostalih zakona i dogovor o imenovanju pregovara\u010da, za kojeg smatraju prihvatljivim da bude Srbin iz Republike Srpske.<\/p>\n<p class=\"\" data-start=\"571\" data-end=\"877\">Predsjednik Liste za pravdu i red Neboj\u0161a Vukanovi\u0107 istakao je da je poseban akcenat stavljen na deblokadu rada institucija, tehni\u010dke izmjene Izbornog zakona i striktno po\u0161tivanje Dejtonskog sporazuma. Naglasio je i da platforma ne\u0107e biti ponu\u0111ena SNSD-u, budu\u0107i da s ovom strankom nemaju nikakvu saradnju.<\/p>\n<p class=\"\" data-start=\"879\" data-end=\"1074\">Potpredsjednik PDP-a Nenad Vukovi\u0107 kazao je da je jedan od klju\u010dnih zaklju\u010daka sastanka da opozicija iz Republike Srpske preuzima inicijativu za formiranje nove parlamentarne ve\u0107ine na nivou BiH.<\/p>\n<p class=\"\" data-start=\"1076\" data-end=\"1331\">Marinko Bo\u017eovi\u0107 iz SDS-a naglasio je da su prioriteti otko\u010davanje politi\u010dkih procesa i ponu\u0111ene mjere koje bi omogu\u0107ile ubrzan ekonomski razvoj, usvajanje evropskih zakona, borbu protiv kriminala i korupcije te pove\u0107anje \u017eivotnog standarda u oba entiteta.<\/p>\n<p class=\"\" data-start=\"1333\" data-end=\"1771\">Podsje\u0107amo, opozicija iz RS-a, zajedno s Trojkom i HDZ-om, ranije je odr\u017eala nekoliko sastanaka o formiranju nove parlamentarne ve\u0107ine, ali do potpisivanja koalicionog sporazuma nije do\u0161lo. Tre\u0107i sastanak, planiran za sredinu aprila u Banjoj Luci, nije odr\u017ean, a predstavnici opozicije su nastavili sa pojedina\u010dnim susretima. U me\u0111uvremenu, sve su izra\u017eenije nesuglasice unutar Trojke i HDZ-a, dok HDZ i dalje odr\u017eava saradnju sa SNSD-om.<\/p>\n","protected":false},"excerpt":{"rendered":"<p>Predstavnici Liste za pravdu i red, SDS-a i PDP-a dogovorili su da u narednim danima&hellip;<\/p>\n","protected":false},"author":2,"featured_media":268310,"comment_status":"closed","ping_status":"closed","sticky":false,"template":"","format":"standard","meta":{"_acf_changed":false,"footnotes":""},"categories":[291],"tags":[2476,4490],"acf":[],"yoast_head":"<!-- This site is optimized with the Yoast SEO plugin v23.5 - https:\/\/yoast.com\/wordpress\/plugins\/seo\/ -->\n<title>Mogu svi osim SNSD-a: Opozicija iz RS najavljuje platformu za rje\u0161enje krize na nivou BiH - TuzlaInfo.ba<\/title>\n<meta name=\"robots\" content=\"index, follow, max-snippet:-1, max-image-preview:large, max-video-preview:-1\" \/>\n<link rel=\"canonical\" href=\"https:\/\/tuzlainfo.ba\/index.php\/bosna-i-hercegovina\/item\/268309-mogu-svi-osim-snsd-a-opozicija-iz-rs-najavljuje-platformu-za-rjesenje-krize-na-nivou-bih\/\" \/>\n<meta property=\"og:locale\" content=\"bs_BA\" \/>\n<meta property=\"og:type\" content=\"article\" \/>\n<meta property=\"og:title\" content=\"Mogu svi osim SNSD-a: Opozicija iz RS najavljuje platformu za rje\u0161enje krize na nivou BiH - TuzlaInfo.ba\" \/>\n<meta property=\"og:description\" content=\"Predstavnici Liste za pravdu i red, SDS-a i PDP-a dogovorili su da u narednim danima&hellip;\" \/>\n<meta property=\"og:url\" content=\"https:\/\/tuzlainfo.ba\/index.php\/bosna-i-hercegovina\/item\/268309-mogu-svi-osim-snsd-a-opozicija-iz-rs-najavljuje-platformu-za-rjesenje-krize-na-nivou-bih\/\" \/>\n<meta property=\"og:site_name\" content=\"TuzlaInfo.ba\" \/>\n<meta property=\"article:publisher\" content=\"https:\/\/www.facebook.com\/tuzlainfo.ba\/\" \/>\n<meta property=\"article:published_time\" content=\"2025-04-28T19:21:38+00:00\" \/>\n<meta property=\"og:image\" content=\"https:\/\/tuzlainfo.ba\/wp-content\/uploads\/2025\/04\/2804_opo_treb.jpg\" \/>\n\t<meta property=\"og:image:width\" content=\"1143\" \/>\n\t<meta property=\"og:image:height\" content=\"598\" \/>\n\t<meta property=\"og:image:type\" content=\"image\/jpeg\" \/>\n<meta name=\"author\" content=\"nedim\" \/>\n<meta name=\"twitter:card\" content=\"summary_large_image\" \/>\n<meta name=\"twitter:label1\" content=\"Written by\" \/>\n\t<meta name=\"twitter:data1\" content=\"nedim\" \/>\n\t<meta name=\"twitter:label2\" content=\"Est. reading time\" \/>\n\t<meta name=\"twitter:data2\" content=\"2 minute\" \/>\n<script type=\"application\/ld+json\" class=\"yoast-schema-graph\">{\"@context\":\"https:\/\/schema.org\",\"@graph\":[{\"@type\":\"Article\",\"@id\":\"https:\/\/tuzlainfo.ba\/index.php\/bosna-i-hercegovina\/item\/268309-mogu-svi-osim-snsd-a-opozicija-iz-rs-najavljuje-platformu-za-rjesenje-krize-na-nivou-bih\/#article\",\"isPartOf\":{\"@id\":\"https:\/\/tuzlainfo.ba\/index.php\/bosna-i-hercegovina\/item\/268309-mogu-svi-osim-snsd-a-opozicija-iz-rs-najavljuje-platformu-za-rjesenje-krize-na-nivou-bih\/\"},\"author\":{\"name\":\"nedim\",\"@id\":\"https:\/\/tuzlainfo.ba\/#\/schema\/person\/f434e20dc27ea133923aab08451b7f7f\"},\"headline\":\"Mogu svi osim SNSD-a: Opozicija iz RS najavljuje platformu za rje\u0161enje krize na nivou BiH\",\"datePublished\":\"2025-04-28T19:21:38+00:00\",\"dateModified\":\"2025-04-28T19:21:38+00:00\",\"mainEntityOfPage\":{\"@id\":\"https:\/\/tuzlainfo.ba\/index.php\/bosna-i-hercegovina\/item\/268309-mogu-svi-osim-snsd-a-opozicija-iz-rs-najavljuje-platformu-za-rjesenje-krize-na-nivou-bih\/\"},\"wordCount\":295,\"publisher\":{\"@id\":\"https:\/\/tuzlainfo.ba\/#organization\"},\"image\":{\"@id\":\"https:\/\/tuzlainfo.ba\/index.php\/bosna-i-hercegovina\/item\/268309-mogu-svi-osim-snsd-a-opozicija-iz-rs-najavljuje-platformu-za-rjesenje-krize-na-nivou-bih\/#primaryimage\"},\"thumbnailUrl\":\"https:\/\/tuzlainfo.ba\/wp-content\/uploads\/2025\/04\/2804_opo_treb.jpg\",\"keywords\":[\"opozicija rs\",\"trebinje\"],\"articleSection\":[\"Bosna i Hercegovina\"],\"inLanguage\":\"bs-BA\"},{\"@type\":\"WebPage\",\"@id\":\"https:\/\/tuzlainfo.ba\/index.php\/bosna-i-hercegovina\/item\/268309-mogu-svi-osim-snsd-a-opozicija-iz-rs-najavljuje-platformu-za-rjesenje-krize-na-nivou-bih\/\",\"url\":\"https:\/\/tuzlainfo.ba\/index.php\/bosna-i-hercegovina\/item\/268309-mogu-svi-osim-snsd-a-opozicija-iz-rs-najavljuje-platformu-za-rjesenje-krize-na-nivou-bih\/\",\"name\":\"Mogu svi osim SNSD-a: Opozicija iz RS najavljuje platformu za rje\u0161enje krize na nivou BiH - TuzlaInfo.ba\",\"isPartOf\":{\"@id\":\"https:\/\/tuzlainfo.ba\/#website\"},\"primaryImageOfPage\":{\"@id\":\"https:\/\/tuzlainfo.ba\/index.php\/bosna-i-hercegovina\/item\/268309-mogu-svi-osim-snsd-a-opozicija-iz-rs-najavljuje-platformu-za-rjesenje-krize-na-nivou-bih\/#primaryimage\"},\"image\":{\"@id\":\"https:\/\/tuzlainfo.ba\/index.php\/bosna-i-hercegovina\/item\/268309-mogu-svi-osim-snsd-a-opozicija-iz-rs-najavljuje-platformu-za-rjesenje-krize-na-nivou-bih\/#primaryimage\"},\"thumbnailUrl\":\"https:\/\/tuzlainfo.ba\/wp-content\/uploads\/2025\/04\/2804_opo_treb.jpg\",\"datePublished\":\"2025-04-28T19:21:38+00:00\",\"dateModified\":\"2025-04-28T19:21:38+00:00\",\"breadcrumb\":{\"@id\":\"https:\/\/tuzlainfo.ba\/index.php\/bosna-i-hercegovina\/item\/268309-mogu-svi-osim-snsd-a-opozicija-iz-rs-najavljuje-platformu-za-rjesenje-krize-na-nivou-bih\/#breadcrumb\"},\"inLanguage\":\"bs-BA\",\"potentialAction\":[{\"@type\":\"ReadAction\",\"target\":[\"https:\/\/tuzlainfo.ba\/index.php\/bosna-i-hercegovina\/item\/268309-mogu-svi-osim-snsd-a-opozicija-iz-rs-najavljuje-platformu-za-rjesenje-krize-na-nivou-bih\/\"]}]},{\"@type\":\"ImageObject\",\"inLanguage\":\"bs-BA\",\"@id\":\"https:\/\/tuzlainfo.ba\/index.php\/bosna-i-hercegovina\/item\/268309-mogu-svi-osim-snsd-a-opozicija-iz-rs-najavljuje-platformu-za-rjesenje-krize-na-nivou-bih\/#primaryimage\",\"url\":\"https:\/\/tuzlainfo.ba\/wp-content\/uploads\/2025\/04\/2804_opo_treb.jpg\",\"contentUrl\":\"https:\/\/tuzlainfo.ba\/wp-content\/uploads\/2025\/04\/2804_opo_treb.jpg\",\"width\":1143,\"height\":598},{\"@type\":\"BreadcrumbList\",\"@id\":\"https:\/\/tuzlainfo.ba\/index.php\/bosna-i-hercegovina\/item\/268309-mogu-svi-osim-snsd-a-opozicija-iz-rs-najavljuje-platformu-za-rjesenje-krize-na-nivou-bih\/#breadcrumb\",\"itemListElement\":[{\"@type\":\"ListItem\",\"position\":1,\"name\":\"Home\",\"item\":\"https:\/\/tuzlainfo.ba\/\"},{\"@type\":\"ListItem\",\"position\":2,\"name\":\"Mogu svi osim SNSD-a: Opozicija iz RS najavljuje platformu za rje\u0161enje krize na nivou BiH\"}]},{\"@type\":\"WebSite\",\"@id\":\"https:\/\/tuzlainfo.ba\/#website\",\"url\":\"https:\/\/tuzlainfo.ba\/\",\"name\":\"TuzlaInfo.ba\",\"description\":\"Tuzla info, gradski informator - Tuzla na dlanu\",\"publisher\":{\"@id\":\"https:\/\/tuzlainfo.ba\/#organization\"},\"potentialAction\":[{\"@type\":\"SearchAction\",\"target\":{\"@type\":\"EntryPoint\",\"urlTemplate\":\"https:\/\/tuzlainfo.ba\/?s={search_term_string}\"},\"query-input\":{\"@type\":\"PropertyValueSpecification\",\"valueRequired\":true,\"valueName\":\"search_term_string\"}}],\"inLanguage\":\"bs-BA\"},{\"@type\":\"Organization\",\"@id\":\"https:\/\/tuzlainfo.ba\/#organization\",\"name\":\"TuzlaInfo.ba\",\"url\":\"https:\/\/tuzlainfo.ba\/\",\"logo\":{\"@type\":\"ImageObject\",\"inLanguage\":\"bs-BA\",\"@id\":\"https:\/\/tuzlainfo.ba\/#\/schema\/logo\/image\/\",\"url\":\"https:\/\/tuzlainfo.ba\/wp-content\/uploads\/2021\/03\/logo-ver-3-1.png\",\"contentUrl\":\"https:\/\/tuzlainfo.ba\/wp-content\/uploads\/2021\/03\/logo-ver-3-1.png\",\"width\":350,\"height\":95,\"caption\":\"TuzlaInfo.ba\"},\"image\":{\"@id\":\"https:\/\/tuzlainfo.ba\/#\/schema\/logo\/image\/\"},\"sameAs\":[\"https:\/\/www.facebook.com\/tuzlainfo.ba\/\"]},{\"@type\":\"Person\",\"@id\":\"https:\/\/tuzlainfo.ba\/#\/schema\/person\/f434e20dc27ea133923aab08451b7f7f\",\"name\":\"nedim\",\"image\":{\"@type\":\"ImageObject\",\"inLanguage\":\"bs-BA\",\"@id\":\"https:\/\/tuzlainfo.ba\/#\/schema\/person\/image\/\",\"url\":\"https:\/\/tuzlainfo.ba\/wp-content\/litespeed\/avatar\/aabad687af24844af817603ac1cbdc4f.jpg?ver=1777306975\",\"contentUrl\":\"https:\/\/tuzlainfo.ba\/wp-content\/litespeed\/avatar\/aabad687af24844af817603ac1cbdc4f.jpg?ver=1777306975\",\"caption\":\"nedim\"},\"description\":\"Tuzlainfo.ba pratite na dru\u0161tvenim mre\u017eama: Facebook, Instagram i Youtube. Svoje pri\u010de, upite i fotografije \u0161aljite na na\u0161u e-mail adresu.\"}]}<\/script>\n<!-- \/ Yoast SEO plugin. -->","yoast_head_json":{"title":"Mogu svi osim SNSD-a: Opozicija iz RS najavljuje platformu za rje\u0161enje krize na nivou BiH - TuzlaInfo.ba","robots":{"index":"index","follow":"follow","max-snippet":"max-snippet:-1","max-image-preview":"max-image-preview:large","max-video-preview":"max-video-preview:-1"},"canonical":"https:\/\/tuzlainfo.ba\/index.php\/bosna-i-hercegovina\/item\/268309-mogu-svi-osim-snsd-a-opozicija-iz-rs-najavljuje-platformu-za-rjesenje-krize-na-nivou-bih\/","og_locale":"bs_BA","og_type":"article","og_title":"Mogu svi osim SNSD-a: Opozicija iz RS najavljuje platformu za rje\u0161enje krize na nivou BiH - TuzlaInfo.ba","og_description":"Predstavnici Liste za pravdu i red, SDS-a i PDP-a dogovorili su da u narednim danima&hellip;","og_url":"https:\/\/tuzlainfo.ba\/index.php\/bosna-i-hercegovina\/item\/268309-mogu-svi-osim-snsd-a-opozicija-iz-rs-najavljuje-platformu-za-rjesenje-krize-na-nivou-bih\/","og_site_name":"TuzlaInfo.ba","article_publisher":"https:\/\/www.facebook.com\/tuzlainfo.ba\/","article_published_time":"2025-04-28T19:21:38+00:00","og_image":[{"width":1143,"height":598,"url":"https:\/\/tuzlainfo.ba\/wp-content\/uploads\/2025\/04\/2804_opo_treb.jpg","type":"image\/jpeg"}],"author":"nedim","twitter_card":"summary_large_image","twitter_misc":{"Written by":"nedim","Est. reading time":"2 minute"},"schema":{"@context":"https:\/\/schema.org","@graph":[{"@type":"Article","@id":"https:\/\/tuzlainfo.ba\/index.php\/bosna-i-hercegovina\/item\/268309-mogu-svi-osim-snsd-a-opozicija-iz-rs-najavljuje-platformu-za-rjesenje-krize-na-nivou-bih\/#article","isPartOf":{"@id":"https:\/\/tuzlainfo.ba\/index.php\/bosna-i-hercegovina\/item\/268309-mogu-svi-osim-snsd-a-opozicija-iz-rs-najavljuje-platformu-za-rjesenje-krize-na-nivou-bih\/"},"author":{"name":"nedim","@id":"https:\/\/tuzlainfo.ba\/#\/schema\/person\/f434e20dc27ea133923aab08451b7f7f"},"headline":"Mogu svi osim SNSD-a: Opozicija iz RS najavljuje platformu za rje\u0161enje krize na nivou BiH","datePublished":"2025-04-28T19:21:38+00:00","dateModified":"2025-04-28T19:21:38+00:00","mainEntityOfPage":{"@id":"https:\/\/tuzlainfo.ba\/index.php\/bosna-i-hercegovina\/item\/268309-mogu-svi-osim-snsd-a-opozicija-iz-rs-najavljuje-platformu-za-rjesenje-krize-na-nivou-bih\/"},"wordCount":295,"publisher":{"@id":"https:\/\/tuzlainfo.ba\/#organization"},"image":{"@id":"https:\/\/tuzlainfo.ba\/index.php\/bosna-i-hercegovina\/item\/268309-mogu-svi-osim-snsd-a-opozicija-iz-rs-najavljuje-platformu-za-rjesenje-krize-na-nivou-bih\/#primaryimage"},"thumbnailUrl":"https:\/\/tuzlainfo.ba\/wp-content\/uploads\/2025\/04\/2804_opo_treb.jpg","keywords":["opozicija rs","trebinje"],"articleSection":["Bosna i Hercegovina"],"inLanguage":"bs-BA"},{"@type":"WebPage","@id":"https:\/\/tuzlainfo.ba\/index.php\/bosna-i-hercegovina\/item\/268309-mogu-svi-osim-snsd-a-opozicija-iz-rs-najavljuje-platformu-za-rjesenje-krize-na-nivou-bih\/","url":"https:\/\/tuzlainfo.ba\/index.php\/bosna-i-hercegovina\/item\/268309-mogu-svi-osim-snsd-a-opozicija-iz-rs-najavljuje-platformu-za-rjesenje-krize-na-nivou-bih\/","name":"Mogu svi osim SNSD-a: Opozicija iz RS najavljuje platformu za rje\u0161enje krize na nivou BiH - TuzlaInfo.ba","isPartOf":{"@id":"https:\/\/tuzlainfo.ba\/#website"},"primaryImageOfPage":{"@id":"https:\/\/tuzlainfo.ba\/index.php\/bosna-i-hercegovina\/item\/268309-mogu-svi-osim-snsd-a-opozicija-iz-rs-najavljuje-platformu-za-rjesenje-krize-na-nivou-bih\/#primaryimage"},"image":{"@id":"https:\/\/tuzlainfo.ba\/index.php\/bosna-i-hercegovina\/item\/268309-mogu-svi-osim-snsd-a-opozicija-iz-rs-najavljuje-platformu-za-rjesenje-krize-na-nivou-bih\/#primaryimage"},"thumbnailUrl":"https:\/\/tuzlainfo.ba\/wp-content\/uploads\/2025\/04\/2804_opo_treb.jpg","datePublished":"2025-04-28T19:21:38+00:00","dateModified":"2025-04-28T19:21:38+00:00","breadcrumb":{"@id":"https:\/\/tuzlainfo.ba\/index.php\/bosna-i-hercegovina\/item\/268309-mogu-svi-osim-snsd-a-opozicija-iz-rs-najavljuje-platformu-za-rjesenje-krize-na-nivou-bih\/#breadcrumb"},"inLanguage":"bs-BA","potentialAction":[{"@type":"ReadAction","target":["https:\/\/tuzlainfo.ba\/index.php\/bosna-i-hercegovina\/item\/268309-mogu-svi-osim-snsd-a-opozicija-iz-rs-najavljuje-platformu-za-rjesenje-krize-na-nivou-bih\/"]}]},{"@type":"ImageObject","inLanguage":"bs-BA","@id":"https:\/\/tuzlainfo.ba\/index.php\/bosna-i-hercegovina\/item\/268309-mogu-svi-osim-snsd-a-opozicija-iz-rs-najavljuje-platformu-za-rjesenje-krize-na-nivou-bih\/#primaryimage","url":"https:\/\/tuzlainfo.ba\/wp-content\/uploads\/2025\/04\/2804_opo_treb.jpg","contentUrl":"https:\/\/tuzlainfo.ba\/wp-content\/uploads\/2025\/04\/2804_opo_treb.jpg","width":1143,"height":598},{"@type":"BreadcrumbList","@id":"https:\/\/tuzlainfo.ba\/index.php\/bosna-i-hercegovina\/item\/268309-mogu-svi-osim-snsd-a-opozicija-iz-rs-najavljuje-platformu-za-rjesenje-krize-na-nivou-bih\/#breadcrumb","itemListElement":[{"@type":"ListItem","position":1,"name":"Home","item":"https:\/\/tuzlainfo.ba\/"},{"@type":"ListItem","position":2,"name":"Mogu svi osim SNSD-a: Opozicija iz RS najavljuje platformu za rje\u0161enje krize na nivou BiH"}]},{"@type":"WebSite","@id":"https:\/\/tuzlainfo.ba\/#website","url":"https:\/\/tuzlainfo.ba\/","name":"TuzlaInfo.ba","description":"Tuzla info, gradski informator - Tuzla na dlanu","publisher":{"@id":"https:\/\/tuzlainfo.ba\/#organization"},"potentialAction":[{"@type":"SearchAction","target":{"@type":"EntryPoint","urlTemplate":"https:\/\/tuzlainfo.ba\/?s={search_term_string}"},"query-input":{"@type":"PropertyValueSpecification","valueRequired":true,"valueName":"search_term_string"}}],"inLanguage":"bs-BA"},{"@type":"Organization","@id":"https:\/\/tuzlainfo.ba\/#organization","name":"TuzlaInfo.ba","url":"https:\/\/tuzlainfo.ba\/","logo":{"@type":"ImageObject","inLanguage":"bs-BA","@id":"https:\/\/tuzlainfo.ba\/#\/schema\/logo\/image\/","url":"https:\/\/tuzlainfo.ba\/wp-content\/uploads\/2021\/03\/logo-ver-3-1.png","contentUrl":"https:\/\/tuzlainfo.ba\/wp-content\/uploads\/2021\/03\/logo-ver-3-1.png","width":350,"height":95,"caption":"TuzlaInfo.ba"},"image":{"@id":"https:\/\/tuzlainfo.ba\/#\/schema\/logo\/image\/"},"sameAs":["https:\/\/www.facebook.com\/tuzlainfo.ba\/"]},{"@type":"Person","@id":"https:\/\/tuzlainfo.ba\/#\/schema\/person\/f434e20dc27ea133923aab08451b7f7f","name":"nedim","image":{"@type":"ImageObject","inLanguage":"bs-BA","@id":"https:\/\/tuzlainfo.ba\/#\/schema\/person\/image\/","url":"https:\/\/tuzlainfo.ba\/wp-content\/litespeed\/avatar\/aabad687af24844af817603ac1cbdc4f.jpg?ver=1777306975","contentUrl":"https:\/\/tuzlainfo.ba\/wp-content\/litespeed\/avatar\/aabad687af24844af817603ac1cbdc4f.jpg?ver=1777306975","caption":"nedim"},"description":"Tuzlainfo.ba pratite na dru\u0161tvenim mre\u017eama: Facebook, Instagram i Youtube. Svoje pri\u010de, upite i fotografije \u0161aljite na na\u0161u e-mail adresu."}]}},"_links":{"self":[{"href":"https:\/\/tuzlainfo.ba\/index.php\/wp-json\/wp\/v2\/posts\/268309"}],"collection":[{"href":"https:\/\/tuzlainfo.ba\/index.php\/wp-json\/wp\/v2\/posts"}],"about":[{"href":"https:\/\/tuzlainfo.ba\/index.php\/wp-json\/wp\/v2\/types\/post"}],"author":[{"embeddable":true,"href":"https:\/\/tuzlainfo.ba\/index.php\/wp-json\/wp\/v2\/users\/2"}],"replies":[{"embeddable":true,"href":"https:\/\/tuzlainfo.ba\/index.php\/wp-json\/wp\/v2\/comments?post=268309"}],"version-history":[{"count":1,"href":"https:\/\/tuzlainfo.ba\/index.php\/wp-json\/wp\/v2\/posts\/268309\/revisions"}],"predecessor-version":[{"id":268311,"href":"https:\/\/tuzlainfo.ba\/index.php\/wp-json\/wp\/v2\/posts\/268309\/revisions\/268311"}],"wp:featuredmedia":[{"embeddable":true,"href":"https:\/\/tuzlainfo.ba\/index.php\/wp-json\/wp\/v2\/media\/268310"}],"wp:attachment":[{"href":"https:\/\/tuzlainfo.ba\/index.php\/wp-json\/wp\/v2\/media?parent=268309"}],"wp:term":[{"taxonomy":"category","embeddable":true,"href":"https:\/\/tuzlainfo.ba\/index.php\/wp-json\/wp\/v2\/categories?post=268309"},{"taxonomy":"post_tag","embeddable":true,"href":"https:\/\/tuzlainfo.ba\/index.php\/wp-json\/wp\/v2\/tags?post=268309"}],"curies":[{"name":"wp","href":"https:\/\/api.w.org\/{rel}","templated":true}]}}