{"id":268289,"date":"2025-04-29T10:00:52","date_gmt":"2025-04-29T08:00:52","guid":{"rendered":"https:\/\/tuzlainfo.ba\/?p=268289"},"modified":"2025-04-28T21:52:07","modified_gmt":"2025-04-28T19:52:07","slug":"za-naredne-dane-najavljena-pojacana-inspekcijska-kontrola","status":"publish","type":"post","link":"https:\/\/tuzlainfo.ba\/index.php\/istaknuto\/item\/268289-za-naredne-dane-najavljena-pojacana-inspekcijska-kontrola\/","title":{"rendered":"Za naredne dane najavljena poja\u010dana inspekcijska kontrola"},"content":{"rendered":"<p>Pred nastupaju\u0107e prvomajske praznike Porezna uprava Federacije BiH \u0107e provoditi poja\u010dan inspekcijski nadzor zakonitosti poslovanja poreznih obveznika na podru\u010dju Federacije BiH. Kontrolama \u0107e biti obuhva\u0107eni porezni obveznici koji obavljaju djelatnost prodaje mesa i mesnih proizvoda, djelatnost trgovine i druge uslu\u017ene djelatnosti.<\/p>\n<p>Inspekcijski nadzori bit \u0107e usmjereni na provjeru po\u0161tivanju odredbi Zakona o Poreznoj upravi Federacije BiH, Zakona o fiskalnim sistemima u Federaciji BiH, Zakona o Jedinstvenom sistemu registracije, kontrole i naplate doprinosa, Zakona o doprinosima i drugih poreznih zakona.<\/p>\n<p>Porezna uprava Federacije BiH poziva porezne obveznike da svoje poslovanje usklade sa zakonom, da prijave svakog radnika, fiskaliziraju se, izdaju fiskalne ra\u010dune i da svaki pojedina\u010dno ostvareni promet evidentiraju preko fiskalnog ure\u0111aja i izvr\u0161e prenos podataka o ostvarenom prometu do servera Porezne uprave te tako izbjegnu rizik pe\u010da\u0107enja objekta kao i pla\u0107anja visokih nov\u010danih kazni.<br \/>\nTako\u0111er, Porezna uprava Federacije BiH podsje\u0107a i gra\u0111ane da su du\u017eni za svaku kupljenu robu ili izvr\u0161enu uslugu tra\u017eiti fiskalni ra\u010dun.<\/p>\n<p>U cilju pove\u0107anja porezne discipline Porezna uprava poziva gra\u0111ane da nepo\u0161tovanje poreznih zakona, anga\u017eiranje neprijavljenih radnika, neizdavanje fiskalnih ra\u010duna i druge koruptivne radnje prijave: pozivom na besplatan broj 080 020 333, SMS poruke na broj mobitela 061 724 610, ili putem e-maila: sivaekonomija@fpu.gov.ba i primjedbe@fpu.gov.ba i putem po\u0161te na adresu Husrefa Red\u017ei\u0107a 4, Sarajevo, uz naznaku \u201eNepravilnosti\u201c.<\/p>\n","protected":false},"excerpt":{"rendered":"<p>Pred nastupaju\u0107e prvomajske praznike Porezna uprava Federacije BiH \u0107e provoditi poja\u010dan inspekcijski nadzor zakonitosti poslovanja&hellip;<\/p>\n","protected":false},"author":4,"featured_media":142124,"comment_status":"closed","ping_status":"closed","sticky":false,"template":"","format":"standard","meta":{"_acf_changed":false,"footnotes":""},"categories":[291,304],"tags":[9187,511,5241],"acf":[],"yoast_head":"<!-- This site is optimized with the Yoast SEO plugin v23.5 - https:\/\/yoast.com\/wordpress\/plugins\/seo\/ -->\n<title>Za naredne dane najavljena poja\u010dana inspekcijska kontrola - TuzlaInfo.ba<\/title>\n<meta name=\"robots\" content=\"index, follow, max-snippet:-1, max-image-preview:large, max-video-preview:-1\" \/>\n<link rel=\"canonical\" href=\"https:\/\/tuzlainfo.ba\/index.php\/istaknuto\/item\/268289-za-naredne-dane-najavljena-pojacana-inspekcijska-kontrola\/\" \/>\n<meta property=\"og:locale\" content=\"bs_BA\" \/>\n<meta property=\"og:type\" content=\"article\" \/>\n<meta property=\"og:title\" content=\"Za naredne dane najavljena poja\u010dana inspekcijska kontrola - TuzlaInfo.ba\" \/>\n<meta property=\"og:description\" content=\"Pred nastupaju\u0107e prvomajske praznike Porezna uprava Federacije BiH \u0107e provoditi poja\u010dan inspekcijski nadzor zakonitosti poslovanja&hellip;\" \/>\n<meta property=\"og:url\" content=\"https:\/\/tuzlainfo.ba\/index.php\/istaknuto\/item\/268289-za-naredne-dane-najavljena-pojacana-inspekcijska-kontrola\/\" \/>\n<meta property=\"og:site_name\" content=\"TuzlaInfo.ba\" \/>\n<meta property=\"article:publisher\" content=\"https:\/\/www.facebook.com\/tuzlainfo.ba\/\" \/>\n<meta property=\"article:published_time\" content=\"2025-04-29T08:00:52+00:00\" \/>\n<meta property=\"article:modified_time\" content=\"2025-04-28T19:52:07+00:00\" \/>\n<meta property=\"og:image\" content=\"https:\/\/tuzlainfo.ba\/wp-content\/uploads\/2021\/07\/1607_meso.jpg\" \/>\n\t<meta property=\"og:image:width\" content=\"880\" \/>\n\t<meta property=\"og:image:height\" content=\"495\" \/>\n\t<meta property=\"og:image:type\" content=\"image\/jpeg\" \/>\n<meta name=\"author\" content=\"Tuzla Info\" \/>\n<meta name=\"twitter:card\" content=\"summary_large_image\" \/>\n<meta name=\"twitter:label1\" content=\"Written by\" \/>\n\t<meta name=\"twitter:data1\" content=\"Tuzla Info\" \/>\n\t<meta name=\"twitter:label2\" content=\"Est. reading time\" \/>\n\t<meta name=\"twitter:data2\" content=\"2 minute\" \/>\n<script type=\"application\/ld+json\" class=\"yoast-schema-graph\">{\"@context\":\"https:\/\/schema.org\",\"@graph\":[{\"@type\":\"Article\",\"@id\":\"https:\/\/tuzlainfo.ba\/index.php\/istaknuto\/item\/268289-za-naredne-dane-najavljena-pojacana-inspekcijska-kontrola\/#article\",\"isPartOf\":{\"@id\":\"https:\/\/tuzlainfo.ba\/index.php\/istaknuto\/item\/268289-za-naredne-dane-najavljena-pojacana-inspekcijska-kontrola\/\"},\"author\":{\"name\":\"Tuzla Info\",\"@id\":\"https:\/\/tuzlainfo.ba\/#\/schema\/person\/46cad4c57790cbc50781edd14870825a\"},\"headline\":\"Za naredne dane najavljena poja\u010dana inspekcijska kontrola\",\"datePublished\":\"2025-04-29T08:00:52+00:00\",\"dateModified\":\"2025-04-28T19:52:07+00:00\",\"mainEntityOfPage\":{\"@id\":\"https:\/\/tuzlainfo.ba\/index.php\/istaknuto\/item\/268289-za-naredne-dane-najavljena-pojacana-inspekcijska-kontrola\/\"},\"wordCount\":248,\"publisher\":{\"@id\":\"https:\/\/tuzlainfo.ba\/#organization\"},\"image\":{\"@id\":\"https:\/\/tuzlainfo.ba\/index.php\/istaknuto\/item\/268289-za-naredne-dane-najavljena-pojacana-inspekcijska-kontrola\/#primaryimage\"},\"thumbnailUrl\":\"https:\/\/tuzlainfo.ba\/wp-content\/uploads\/2021\/07\/1607_meso.jpg\",\"keywords\":[\"inspekcije\",\"kontrola\",\"Porezna uprava Federacije BiH\"],\"articleSection\":[\"Bosna i Hercegovina\",\"Istaknuto\"],\"inLanguage\":\"bs-BA\"},{\"@type\":\"WebPage\",\"@id\":\"https:\/\/tuzlainfo.ba\/index.php\/istaknuto\/item\/268289-za-naredne-dane-najavljena-pojacana-inspekcijska-kontrola\/\",\"url\":\"https:\/\/tuzlainfo.ba\/index.php\/istaknuto\/item\/268289-za-naredne-dane-najavljena-pojacana-inspekcijska-kontrola\/\",\"name\":\"Za naredne dane najavljena poja\u010dana inspekcijska kontrola - TuzlaInfo.ba\",\"isPartOf\":{\"@id\":\"https:\/\/tuzlainfo.ba\/#website\"},\"primaryImageOfPage\":{\"@id\":\"https:\/\/tuzlainfo.ba\/index.php\/istaknuto\/item\/268289-za-naredne-dane-najavljena-pojacana-inspekcijska-kontrola\/#primaryimage\"},\"image\":{\"@id\":\"https:\/\/tuzlainfo.ba\/index.php\/istaknuto\/item\/268289-za-naredne-dane-najavljena-pojacana-inspekcijska-kontrola\/#primaryimage\"},\"thumbnailUrl\":\"https:\/\/tuzlainfo.ba\/wp-content\/uploads\/2021\/07\/1607_meso.jpg\",\"datePublished\":\"2025-04-29T08:00:52+00:00\",\"dateModified\":\"2025-04-28T19:52:07+00:00\",\"breadcrumb\":{\"@id\":\"https:\/\/tuzlainfo.ba\/index.php\/istaknuto\/item\/268289-za-naredne-dane-najavljena-pojacana-inspekcijska-kontrola\/#breadcrumb\"},\"inLanguage\":\"bs-BA\",\"potentialAction\":[{\"@type\":\"ReadAction\",\"target\":[\"https:\/\/tuzlainfo.ba\/index.php\/istaknuto\/item\/268289-za-naredne-dane-najavljena-pojacana-inspekcijska-kontrola\/\"]}]},{\"@type\":\"ImageObject\",\"inLanguage\":\"bs-BA\",\"@id\":\"https:\/\/tuzlainfo.ba\/index.php\/istaknuto\/item\/268289-za-naredne-dane-najavljena-pojacana-inspekcijska-kontrola\/#primaryimage\",\"url\":\"https:\/\/tuzlainfo.ba\/wp-content\/uploads\/2021\/07\/1607_meso.jpg\",\"contentUrl\":\"https:\/\/tuzlainfo.ba\/wp-content\/uploads\/2021\/07\/1607_meso.jpg\",\"width\":880,\"height\":495},{\"@type\":\"BreadcrumbList\",\"@id\":\"https:\/\/tuzlainfo.ba\/index.php\/istaknuto\/item\/268289-za-naredne-dane-najavljena-pojacana-inspekcijska-kontrola\/#breadcrumb\",\"itemListElement\":[{\"@type\":\"ListItem\",\"position\":1,\"name\":\"Home\",\"item\":\"https:\/\/tuzlainfo.ba\/\"},{\"@type\":\"ListItem\",\"position\":2,\"name\":\"Za naredne dane najavljena poja\u010dana inspekcijska kontrola\"}]},{\"@type\":\"WebSite\",\"@id\":\"https:\/\/tuzlainfo.ba\/#website\",\"url\":\"https:\/\/tuzlainfo.ba\/\",\"name\":\"TuzlaInfo.ba\",\"description\":\"Tuzla info, gradski informator - Tuzla na dlanu\",\"publisher\":{\"@id\":\"https:\/\/tuzlainfo.ba\/#organization\"},\"potentialAction\":[{\"@type\":\"SearchAction\",\"target\":{\"@type\":\"EntryPoint\",\"urlTemplate\":\"https:\/\/tuzlainfo.ba\/?s={search_term_string}\"},\"query-input\":{\"@type\":\"PropertyValueSpecification\",\"valueRequired\":true,\"valueName\":\"search_term_string\"}}],\"inLanguage\":\"bs-BA\"},{\"@type\":\"Organization\",\"@id\":\"https:\/\/tuzlainfo.ba\/#organization\",\"name\":\"TuzlaInfo.ba\",\"url\":\"https:\/\/tuzlainfo.ba\/\",\"logo\":{\"@type\":\"ImageObject\",\"inLanguage\":\"bs-BA\",\"@id\":\"https:\/\/tuzlainfo.ba\/#\/schema\/logo\/image\/\",\"url\":\"https:\/\/tuzlainfo.ba\/wp-content\/uploads\/2021\/03\/logo-ver-3-1.png\",\"contentUrl\":\"https:\/\/tuzlainfo.ba\/wp-content\/uploads\/2021\/03\/logo-ver-3-1.png\",\"width\":350,\"height\":95,\"caption\":\"TuzlaInfo.ba\"},\"image\":{\"@id\":\"https:\/\/tuzlainfo.ba\/#\/schema\/logo\/image\/\"},\"sameAs\":[\"https:\/\/www.facebook.com\/tuzlainfo.ba\/\"]},{\"@type\":\"Person\",\"@id\":\"https:\/\/tuzlainfo.ba\/#\/schema\/person\/46cad4c57790cbc50781edd14870825a\",\"name\":\"Tuzla Info\",\"image\":{\"@type\":\"ImageObject\",\"inLanguage\":\"bs-BA\",\"@id\":\"https:\/\/tuzlainfo.ba\/#\/schema\/person\/image\/\",\"url\":\"https:\/\/tuzlainfo.ba\/wp-content\/litespeed\/avatar\/b6c453a6c38e3654f2e4416c643fc25c.jpg?ver=1777051911\",\"contentUrl\":\"https:\/\/tuzlainfo.ba\/wp-content\/litespeed\/avatar\/b6c453a6c38e3654f2e4416c643fc25c.jpg?ver=1777051911\",\"caption\":\"Tuzla Info\"}}]}<\/script>\n<!-- \/ Yoast SEO plugin. -->","yoast_head_json":{"title":"Za naredne dane najavljena poja\u010dana inspekcijska kontrola - TuzlaInfo.ba","robots":{"index":"index","follow":"follow","max-snippet":"max-snippet:-1","max-image-preview":"max-image-preview:large","max-video-preview":"max-video-preview:-1"},"canonical":"https:\/\/tuzlainfo.ba\/index.php\/istaknuto\/item\/268289-za-naredne-dane-najavljena-pojacana-inspekcijska-kontrola\/","og_locale":"bs_BA","og_type":"article","og_title":"Za naredne dane najavljena poja\u010dana inspekcijska kontrola - TuzlaInfo.ba","og_description":"Pred nastupaju\u0107e prvomajske praznike Porezna uprava Federacije BiH \u0107e provoditi poja\u010dan inspekcijski nadzor zakonitosti poslovanja&hellip;","og_url":"https:\/\/tuzlainfo.ba\/index.php\/istaknuto\/item\/268289-za-naredne-dane-najavljena-pojacana-inspekcijska-kontrola\/","og_site_name":"TuzlaInfo.ba","article_publisher":"https:\/\/www.facebook.com\/tuzlainfo.ba\/","article_published_time":"2025-04-29T08:00:52+00:00","article_modified_time":"2025-04-28T19:52:07+00:00","og_image":[{"width":880,"height":495,"url":"https:\/\/tuzlainfo.ba\/wp-content\/uploads\/2021\/07\/1607_meso.jpg","type":"image\/jpeg"}],"author":"Tuzla Info","twitter_card":"summary_large_image","twitter_misc":{"Written by":"Tuzla Info","Est. reading time":"2 minute"},"schema":{"@context":"https:\/\/schema.org","@graph":[{"@type":"Article","@id":"https:\/\/tuzlainfo.ba\/index.php\/istaknuto\/item\/268289-za-naredne-dane-najavljena-pojacana-inspekcijska-kontrola\/#article","isPartOf":{"@id":"https:\/\/tuzlainfo.ba\/index.php\/istaknuto\/item\/268289-za-naredne-dane-najavljena-pojacana-inspekcijska-kontrola\/"},"author":{"name":"Tuzla Info","@id":"https:\/\/tuzlainfo.ba\/#\/schema\/person\/46cad4c57790cbc50781edd14870825a"},"headline":"Za naredne dane najavljena poja\u010dana inspekcijska kontrola","datePublished":"2025-04-29T08:00:52+00:00","dateModified":"2025-04-28T19:52:07+00:00","mainEntityOfPage":{"@id":"https:\/\/tuzlainfo.ba\/index.php\/istaknuto\/item\/268289-za-naredne-dane-najavljena-pojacana-inspekcijska-kontrola\/"},"wordCount":248,"publisher":{"@id":"https:\/\/tuzlainfo.ba\/#organization"},"image":{"@id":"https:\/\/tuzlainfo.ba\/index.php\/istaknuto\/item\/268289-za-naredne-dane-najavljena-pojacana-inspekcijska-kontrola\/#primaryimage"},"thumbnailUrl":"https:\/\/tuzlainfo.ba\/wp-content\/uploads\/2021\/07\/1607_meso.jpg","keywords":["inspekcije","kontrola","Porezna uprava Federacije BiH"],"articleSection":["Bosna i Hercegovina","Istaknuto"],"inLanguage":"bs-BA"},{"@type":"WebPage","@id":"https:\/\/tuzlainfo.ba\/index.php\/istaknuto\/item\/268289-za-naredne-dane-najavljena-pojacana-inspekcijska-kontrola\/","url":"https:\/\/tuzlainfo.ba\/index.php\/istaknuto\/item\/268289-za-naredne-dane-najavljena-pojacana-inspekcijska-kontrola\/","name":"Za naredne dane najavljena poja\u010dana inspekcijska kontrola - TuzlaInfo.ba","isPartOf":{"@id":"https:\/\/tuzlainfo.ba\/#website"},"primaryImageOfPage":{"@id":"https:\/\/tuzlainfo.ba\/index.php\/istaknuto\/item\/268289-za-naredne-dane-najavljena-pojacana-inspekcijska-kontrola\/#primaryimage"},"image":{"@id":"https:\/\/tuzlainfo.ba\/index.php\/istaknuto\/item\/268289-za-naredne-dane-najavljena-pojacana-inspekcijska-kontrola\/#primaryimage"},"thumbnailUrl":"https:\/\/tuzlainfo.ba\/wp-content\/uploads\/2021\/07\/1607_meso.jpg","datePublished":"2025-04-29T08:00:52+00:00","dateModified":"2025-04-28T19:52:07+00:00","breadcrumb":{"@id":"https:\/\/tuzlainfo.ba\/index.php\/istaknuto\/item\/268289-za-naredne-dane-najavljena-pojacana-inspekcijska-kontrola\/#breadcrumb"},"inLanguage":"bs-BA","potentialAction":[{"@type":"ReadAction","target":["https:\/\/tuzlainfo.ba\/index.php\/istaknuto\/item\/268289-za-naredne-dane-najavljena-pojacana-inspekcijska-kontrola\/"]}]},{"@type":"ImageObject","inLanguage":"bs-BA","@id":"https:\/\/tuzlainfo.ba\/index.php\/istaknuto\/item\/268289-za-naredne-dane-najavljena-pojacana-inspekcijska-kontrola\/#primaryimage","url":"https:\/\/tuzlainfo.ba\/wp-content\/uploads\/2021\/07\/1607_meso.jpg","contentUrl":"https:\/\/tuzlainfo.ba\/wp-content\/uploads\/2021\/07\/1607_meso.jpg","width":880,"height":495},{"@type":"BreadcrumbList","@id":"https:\/\/tuzlainfo.ba\/index.php\/istaknuto\/item\/268289-za-naredne-dane-najavljena-pojacana-inspekcijska-kontrola\/#breadcrumb","itemListElement":[{"@type":"ListItem","position":1,"name":"Home","item":"https:\/\/tuzlainfo.ba\/"},{"@type":"ListItem","position":2,"name":"Za naredne dane najavljena poja\u010dana inspekcijska kontrola"}]},{"@type":"WebSite","@id":"https:\/\/tuzlainfo.ba\/#website","url":"https:\/\/tuzlainfo.ba\/","name":"TuzlaInfo.ba","description":"Tuzla info, gradski informator - Tuzla na dlanu","publisher":{"@id":"https:\/\/tuzlainfo.ba\/#organization"},"potentialAction":[{"@type":"SearchAction","target":{"@type":"EntryPoint","urlTemplate":"https:\/\/tuzlainfo.ba\/?s={search_term_string}"},"query-input":{"@type":"PropertyValueSpecification","valueRequired":true,"valueName":"search_term_string"}}],"inLanguage":"bs-BA"},{"@type":"Organization","@id":"https:\/\/tuzlainfo.ba\/#organization","name":"TuzlaInfo.ba","url":"https:\/\/tuzlainfo.ba\/","logo":{"@type":"ImageObject","inLanguage":"bs-BA","@id":"https:\/\/tuzlainfo.ba\/#\/schema\/logo\/image\/","url":"https:\/\/tuzlainfo.ba\/wp-content\/uploads\/2021\/03\/logo-ver-3-1.png","contentUrl":"https:\/\/tuzlainfo.ba\/wp-content\/uploads\/2021\/03\/logo-ver-3-1.png","width":350,"height":95,"caption":"TuzlaInfo.ba"},"image":{"@id":"https:\/\/tuzlainfo.ba\/#\/schema\/logo\/image\/"},"sameAs":["https:\/\/www.facebook.com\/tuzlainfo.ba\/"]},{"@type":"Person","@id":"https:\/\/tuzlainfo.ba\/#\/schema\/person\/46cad4c57790cbc50781edd14870825a","name":"Tuzla Info","image":{"@type":"ImageObject","inLanguage":"bs-BA","@id":"https:\/\/tuzlainfo.ba\/#\/schema\/person\/image\/","url":"https:\/\/tuzlainfo.ba\/wp-content\/litespeed\/avatar\/b6c453a6c38e3654f2e4416c643fc25c.jpg?ver=1777051911","contentUrl":"https:\/\/tuzlainfo.ba\/wp-content\/litespeed\/avatar\/b6c453a6c38e3654f2e4416c643fc25c.jpg?ver=1777051911","caption":"Tuzla Info"}}]}},"_links":{"self":[{"href":"https:\/\/tuzlainfo.ba\/index.php\/wp-json\/wp\/v2\/posts\/268289"}],"collection":[{"href":"https:\/\/tuzlainfo.ba\/index.php\/wp-json\/wp\/v2\/posts"}],"about":[{"href":"https:\/\/tuzlainfo.ba\/index.php\/wp-json\/wp\/v2\/types\/post"}],"author":[{"embeddable":true,"href":"https:\/\/tuzlainfo.ba\/index.php\/wp-json\/wp\/v2\/users\/4"}],"replies":[{"embeddable":true,"href":"https:\/\/tuzlainfo.ba\/index.php\/wp-json\/wp\/v2\/comments?post=268289"}],"version-history":[{"count":1,"href":"https:\/\/tuzlainfo.ba\/index.php\/wp-json\/wp\/v2\/posts\/268289\/revisions"}],"predecessor-version":[{"id":268292,"href":"https:\/\/tuzlainfo.ba\/index.php\/wp-json\/wp\/v2\/posts\/268289\/revisions\/268292"}],"wp:featuredmedia":[{"embeddable":true,"href":"https:\/\/tuzlainfo.ba\/index.php\/wp-json\/wp\/v2\/media\/142124"}],"wp:attachment":[{"href":"https:\/\/tuzlainfo.ba\/index.php\/wp-json\/wp\/v2\/media?parent=268289"}],"wp:term":[{"taxonomy":"category","embeddable":true,"href":"https:\/\/tuzlainfo.ba\/index.php\/wp-json\/wp\/v2\/categories?post=268289"},{"taxonomy":"post_tag","embeddable":true,"href":"https:\/\/tuzlainfo.ba\/index.php\/wp-json\/wp\/v2\/tags?post=268289"}],"curies":[{"name":"wp","href":"https:\/\/api.w.org\/{rel}","templated":true}]}}