{"id":268249,"date":"2025-04-29T13:05:33","date_gmt":"2025-04-29T11:05:33","guid":{"rendered":"https:\/\/tuzlainfo.ba\/?p=268249"},"modified":"2025-04-28T22:09:38","modified_gmt":"2025-04-28T20:09:38","slug":"tuzla-u-srijedu-javna-tribina-energetski-zaokret-put-prema-klimatskoj-neutralnosti-dekarbonizacija-i-pravedna-tranzicija","status":"publish","type":"post","link":"https:\/\/tuzlainfo.ba\/index.php\/najava-dogadaja-2\/item\/268249-tuzla-u-srijedu-javna-tribina-energetski-zaokret-put-prema-klimatskoj-neutralnosti-dekarbonizacija-i-pravedna-tranzicija\/","title":{"rendered":"Tuzla: U srijedu javna tribina &#8220;Energetski zaokret \u2013 put prema klimatskoj neutralnosti, dekarbonizacija i pravedna tranzicija&#8221;"},"content":{"rendered":"<p class=\"\" data-start=\"139\" data-end=\"447\">Udru\u017eenje gra\u0111ana \u201eTuzlanski akademski klub\u201c organizira javnu tribinu pod nazivom \u201eOsvrt na Konferenciju &#8216;Energetski zaokret \u2013 put prema klimatskoj neutralnosti, dekarbonizacija i pravedna tranzicija'\u201c. Tribina \u0107e biti odr\u017eana u srijedu, 30. aprila 2025. godine, s po\u010detkom u 14:30 sati u Grand Hotelu Tuzla.<\/p>\n<p class=\"\" data-start=\"449\" data-end=\"714\">Doga\u0111aj \u0107e voditi Safet Husanovi\u0107 i Kenan Idrizovi\u0107, a cilj je predstaviti klju\u010dne zaklju\u010dke i preporuke s nedavno odr\u017eane konferencije, kao i otvoriti diskusiju o procesima pravedne energetske tranzicije na podru\u010dju Tuzle, Tuzlanskog kantona i Bosne i Hercegovine.<\/p>\n<p class=\"\" data-start=\"716\" data-end=\"969\">Uvodna izlaganja odr\u017eat \u0107e \u010dlanovi Tuzlanskog akademskog kluba: Bahrija Umihani\u0107, Fadil Nadarevi\u0107, Bajazit Ja\u0161arevi\u0107 i Meho Bajri\u0107. Nakon izlaganja, predvi\u0111ena je otvorena diskusija s u\u010desnicima te sumiranje zaklju\u010daka i prijedloga za budu\u0107e aktivnosti.<\/p>\n<p class=\"\" data-start=\"716\" data-end=\"969\">Organizator je pozvao sve \u010dlanove akademske zajednice, predstavnike institucija, privrednog sektora, nevladinih organizacija i sve zainteresirane gra\u0111ane da prisustvuju i daju svoj doprinos raspravi o odr\u017eivoj energetskoj budu\u0107nosti.<\/p>\n","protected":false},"excerpt":{"rendered":"<p>Udru\u017eenje gra\u0111ana \u201eTuzlanski akademski klub\u201c organizira javnu tribinu pod nazivom \u201eOsvrt na Konferenciju &#8216;Energetski zaokret&hellip;<\/p>\n","protected":false},"author":2,"featured_media":69703,"comment_status":"closed","ping_status":"closed","sticky":false,"template":"","format":"standard","meta":{"_acf_changed":false,"footnotes":""},"categories":[11],"tags":[10265],"acf":[],"yoast_head":"<!-- This site is optimized with the Yoast SEO plugin v23.5 - https:\/\/yoast.com\/wordpress\/plugins\/seo\/ -->\n<title>Tuzla: U srijedu javna tribina &quot;Energetski zaokret \u2013 put prema klimatskoj neutralnosti, dekarbonizacija i pravedna tranzicija&quot; - TuzlaInfo.ba<\/title>\n<meta name=\"robots\" content=\"index, follow, max-snippet:-1, max-image-preview:large, max-video-preview:-1\" \/>\n<link rel=\"canonical\" href=\"https:\/\/tuzlainfo.ba\/index.php\/najava-dogadaja-2\/item\/268249-tuzla-u-srijedu-javna-tribina-energetski-zaokret-put-prema-klimatskoj-neutralnosti-dekarbonizacija-i-pravedna-tranzicija\/\" \/>\n<meta property=\"og:locale\" content=\"bs_BA\" \/>\n<meta property=\"og:type\" content=\"article\" \/>\n<meta property=\"og:title\" content=\"Tuzla: U srijedu javna tribina &quot;Energetski zaokret \u2013 put prema klimatskoj neutralnosti, dekarbonizacija i pravedna tranzicija&quot; - TuzlaInfo.ba\" \/>\n<meta property=\"og:description\" content=\"Udru\u017eenje gra\u0111ana \u201eTuzlanski akademski klub\u201c organizira javnu tribinu pod nazivom \u201eOsvrt na Konferenciju &#8216;Energetski zaokret&hellip;\" \/>\n<meta property=\"og:url\" content=\"https:\/\/tuzlainfo.ba\/index.php\/najava-dogadaja-2\/item\/268249-tuzla-u-srijedu-javna-tribina-energetski-zaokret-put-prema-klimatskoj-neutralnosti-dekarbonizacija-i-pravedna-tranzicija\/\" \/>\n<meta property=\"og:site_name\" content=\"TuzlaInfo.ba\" \/>\n<meta property=\"article:publisher\" content=\"https:\/\/www.facebook.com\/tuzlainfo.ba\/\" \/>\n<meta property=\"article:published_time\" content=\"2025-04-29T11:05:33+00:00\" \/>\n<meta property=\"article:modified_time\" content=\"2025-04-28T20:09:38+00:00\" \/>\n<meta property=\"og:image\" content=\"https:\/\/tuzlainfo.ba\/wp-content\/uploads\/2019\/05\/sadrzaj_2019_20190101_0101209_tuzla_dron.JPG\" \/>\n\t<meta property=\"og:image:width\" content=\"770\" \/>\n\t<meta property=\"og:image:height\" content=\"505\" \/>\n\t<meta property=\"og:image:type\" content=\"image\/jpeg\" \/>\n<meta name=\"author\" content=\"nedim\" \/>\n<meta name=\"twitter:card\" content=\"summary_large_image\" \/>\n<meta name=\"twitter:label1\" content=\"Written by\" \/>\n\t<meta name=\"twitter:data1\" content=\"nedim\" \/>\n\t<meta name=\"twitter:label2\" content=\"Est. reading time\" \/>\n\t<meta name=\"twitter:data2\" content=\"1 minuta\" \/>\n<script type=\"application\/ld+json\" class=\"yoast-schema-graph\">{\"@context\":\"https:\/\/schema.org\",\"@graph\":[{\"@type\":\"Article\",\"@id\":\"https:\/\/tuzlainfo.ba\/index.php\/najava-dogadaja-2\/item\/268249-tuzla-u-srijedu-javna-tribina-energetski-zaokret-put-prema-klimatskoj-neutralnosti-dekarbonizacija-i-pravedna-tranzicija\/#article\",\"isPartOf\":{\"@id\":\"https:\/\/tuzlainfo.ba\/index.php\/najava-dogadaja-2\/item\/268249-tuzla-u-srijedu-javna-tribina-energetski-zaokret-put-prema-klimatskoj-neutralnosti-dekarbonizacija-i-pravedna-tranzicija\/\"},\"author\":{\"name\":\"nedim\",\"@id\":\"https:\/\/tuzlainfo.ba\/#\/schema\/person\/f434e20dc27ea133923aab08451b7f7f\"},\"headline\":\"Tuzla: U srijedu javna tribina &#8220;Energetski zaokret \u2013 put prema klimatskoj neutralnosti, dekarbonizacija i pravedna tranzicija&#8221;\",\"datePublished\":\"2025-04-29T11:05:33+00:00\",\"dateModified\":\"2025-04-28T20:09:38+00:00\",\"mainEntityOfPage\":{\"@id\":\"https:\/\/tuzlainfo.ba\/index.php\/najava-dogadaja-2\/item\/268249-tuzla-u-srijedu-javna-tribina-energetski-zaokret-put-prema-klimatskoj-neutralnosti-dekarbonizacija-i-pravedna-tranzicija\/\"},\"wordCount\":171,\"publisher\":{\"@id\":\"https:\/\/tuzlainfo.ba\/#organization\"},\"image\":{\"@id\":\"https:\/\/tuzlainfo.ba\/index.php\/najava-dogadaja-2\/item\/268249-tuzla-u-srijedu-javna-tribina-energetski-zaokret-put-prema-klimatskoj-neutralnosti-dekarbonizacija-i-pravedna-tranzicija\/#primaryimage\"},\"thumbnailUrl\":\"https:\/\/tuzlainfo.ba\/wp-content\/uploads\/2019\/05\/sadrzaj_2019_20190101_0101209_tuzla_dron.JPG\",\"keywords\":[\"Tuzlanski akademski klub\"],\"articleSection\":[\"Najave i doga\u0111aji\"],\"inLanguage\":\"bs-BA\"},{\"@type\":\"WebPage\",\"@id\":\"https:\/\/tuzlainfo.ba\/index.php\/najava-dogadaja-2\/item\/268249-tuzla-u-srijedu-javna-tribina-energetski-zaokret-put-prema-klimatskoj-neutralnosti-dekarbonizacija-i-pravedna-tranzicija\/\",\"url\":\"https:\/\/tuzlainfo.ba\/index.php\/najava-dogadaja-2\/item\/268249-tuzla-u-srijedu-javna-tribina-energetski-zaokret-put-prema-klimatskoj-neutralnosti-dekarbonizacija-i-pravedna-tranzicija\/\",\"name\":\"Tuzla: U srijedu javna tribina \\\"Energetski zaokret \u2013 put prema klimatskoj neutralnosti, dekarbonizacija i pravedna tranzicija\\\" - TuzlaInfo.ba\",\"isPartOf\":{\"@id\":\"https:\/\/tuzlainfo.ba\/#website\"},\"primaryImageOfPage\":{\"@id\":\"https:\/\/tuzlainfo.ba\/index.php\/najava-dogadaja-2\/item\/268249-tuzla-u-srijedu-javna-tribina-energetski-zaokret-put-prema-klimatskoj-neutralnosti-dekarbonizacija-i-pravedna-tranzicija\/#primaryimage\"},\"image\":{\"@id\":\"https:\/\/tuzlainfo.ba\/index.php\/najava-dogadaja-2\/item\/268249-tuzla-u-srijedu-javna-tribina-energetski-zaokret-put-prema-klimatskoj-neutralnosti-dekarbonizacija-i-pravedna-tranzicija\/#primaryimage\"},\"thumbnailUrl\":\"https:\/\/tuzlainfo.ba\/wp-content\/uploads\/2019\/05\/sadrzaj_2019_20190101_0101209_tuzla_dron.JPG\",\"datePublished\":\"2025-04-29T11:05:33+00:00\",\"dateModified\":\"2025-04-28T20:09:38+00:00\",\"breadcrumb\":{\"@id\":\"https:\/\/tuzlainfo.ba\/index.php\/najava-dogadaja-2\/item\/268249-tuzla-u-srijedu-javna-tribina-energetski-zaokret-put-prema-klimatskoj-neutralnosti-dekarbonizacija-i-pravedna-tranzicija\/#breadcrumb\"},\"inLanguage\":\"bs-BA\",\"potentialAction\":[{\"@type\":\"ReadAction\",\"target\":[\"https:\/\/tuzlainfo.ba\/index.php\/najava-dogadaja-2\/item\/268249-tuzla-u-srijedu-javna-tribina-energetski-zaokret-put-prema-klimatskoj-neutralnosti-dekarbonizacija-i-pravedna-tranzicija\/\"]}]},{\"@type\":\"ImageObject\",\"inLanguage\":\"bs-BA\",\"@id\":\"https:\/\/tuzlainfo.ba\/index.php\/najava-dogadaja-2\/item\/268249-tuzla-u-srijedu-javna-tribina-energetski-zaokret-put-prema-klimatskoj-neutralnosti-dekarbonizacija-i-pravedna-tranzicija\/#primaryimage\",\"url\":\"https:\/\/tuzlainfo.ba\/wp-content\/uploads\/2019\/05\/sadrzaj_2019_20190101_0101209_tuzla_dron.JPG\",\"contentUrl\":\"https:\/\/tuzlainfo.ba\/wp-content\/uploads\/2019\/05\/sadrzaj_2019_20190101_0101209_tuzla_dron.JPG\",\"width\":770,\"height\":505,\"caption\":\"0101209 tuzla dron\"},{\"@type\":\"BreadcrumbList\",\"@id\":\"https:\/\/tuzlainfo.ba\/index.php\/najava-dogadaja-2\/item\/268249-tuzla-u-srijedu-javna-tribina-energetski-zaokret-put-prema-klimatskoj-neutralnosti-dekarbonizacija-i-pravedna-tranzicija\/#breadcrumb\",\"itemListElement\":[{\"@type\":\"ListItem\",\"position\":1,\"name\":\"Home\",\"item\":\"https:\/\/tuzlainfo.ba\/\"},{\"@type\":\"ListItem\",\"position\":2,\"name\":\"Tuzla: U srijedu javna tribina &#8220;Energetski zaokret \u2013 put prema klimatskoj neutralnosti, dekarbonizacija i pravedna tranzicija&#8221;\"}]},{\"@type\":\"WebSite\",\"@id\":\"https:\/\/tuzlainfo.ba\/#website\",\"url\":\"https:\/\/tuzlainfo.ba\/\",\"name\":\"TuzlaInfo.ba\",\"description\":\"Tuzla info, gradski informator - Tuzla na dlanu\",\"publisher\":{\"@id\":\"https:\/\/tuzlainfo.ba\/#organization\"},\"potentialAction\":[{\"@type\":\"SearchAction\",\"target\":{\"@type\":\"EntryPoint\",\"urlTemplate\":\"https:\/\/tuzlainfo.ba\/?s={search_term_string}\"},\"query-input\":{\"@type\":\"PropertyValueSpecification\",\"valueRequired\":true,\"valueName\":\"search_term_string\"}}],\"inLanguage\":\"bs-BA\"},{\"@type\":\"Organization\",\"@id\":\"https:\/\/tuzlainfo.ba\/#organization\",\"name\":\"TuzlaInfo.ba\",\"url\":\"https:\/\/tuzlainfo.ba\/\",\"logo\":{\"@type\":\"ImageObject\",\"inLanguage\":\"bs-BA\",\"@id\":\"https:\/\/tuzlainfo.ba\/#\/schema\/logo\/image\/\",\"url\":\"https:\/\/tuzlainfo.ba\/wp-content\/uploads\/2021\/03\/logo-ver-3-1.png\",\"contentUrl\":\"https:\/\/tuzlainfo.ba\/wp-content\/uploads\/2021\/03\/logo-ver-3-1.png\",\"width\":350,\"height\":95,\"caption\":\"TuzlaInfo.ba\"},\"image\":{\"@id\":\"https:\/\/tuzlainfo.ba\/#\/schema\/logo\/image\/\"},\"sameAs\":[\"https:\/\/www.facebook.com\/tuzlainfo.ba\/\"]},{\"@type\":\"Person\",\"@id\":\"https:\/\/tuzlainfo.ba\/#\/schema\/person\/f434e20dc27ea133923aab08451b7f7f\",\"name\":\"nedim\",\"image\":{\"@type\":\"ImageObject\",\"inLanguage\":\"bs-BA\",\"@id\":\"https:\/\/tuzlainfo.ba\/#\/schema\/person\/image\/\",\"url\":\"https:\/\/tuzlainfo.ba\/wp-content\/litespeed\/avatar\/aabad687af24844af817603ac1cbdc4f.jpg?ver=1777306975\",\"contentUrl\":\"https:\/\/tuzlainfo.ba\/wp-content\/litespeed\/avatar\/aabad687af24844af817603ac1cbdc4f.jpg?ver=1777306975\",\"caption\":\"nedim\"},\"description\":\"Tuzlainfo.ba pratite na dru\u0161tvenim mre\u017eama: Facebook, Instagram i Youtube. Svoje pri\u010de, upite i fotografije \u0161aljite na na\u0161u e-mail adresu.\"}]}<\/script>\n<!-- \/ Yoast SEO plugin. -->","yoast_head_json":{"title":"Tuzla: U srijedu javna tribina \"Energetski zaokret \u2013 put prema klimatskoj neutralnosti, dekarbonizacija i pravedna tranzicija\" - TuzlaInfo.ba","robots":{"index":"index","follow":"follow","max-snippet":"max-snippet:-1","max-image-preview":"max-image-preview:large","max-video-preview":"max-video-preview:-1"},"canonical":"https:\/\/tuzlainfo.ba\/index.php\/najava-dogadaja-2\/item\/268249-tuzla-u-srijedu-javna-tribina-energetski-zaokret-put-prema-klimatskoj-neutralnosti-dekarbonizacija-i-pravedna-tranzicija\/","og_locale":"bs_BA","og_type":"article","og_title":"Tuzla: U srijedu javna tribina \"Energetski zaokret \u2013 put prema klimatskoj neutralnosti, dekarbonizacija i pravedna tranzicija\" - TuzlaInfo.ba","og_description":"Udru\u017eenje gra\u0111ana \u201eTuzlanski akademski klub\u201c organizira javnu tribinu pod nazivom \u201eOsvrt na Konferenciju &#8216;Energetski zaokret&hellip;","og_url":"https:\/\/tuzlainfo.ba\/index.php\/najava-dogadaja-2\/item\/268249-tuzla-u-srijedu-javna-tribina-energetski-zaokret-put-prema-klimatskoj-neutralnosti-dekarbonizacija-i-pravedna-tranzicija\/","og_site_name":"TuzlaInfo.ba","article_publisher":"https:\/\/www.facebook.com\/tuzlainfo.ba\/","article_published_time":"2025-04-29T11:05:33+00:00","article_modified_time":"2025-04-28T20:09:38+00:00","og_image":[{"width":770,"height":505,"url":"https:\/\/tuzlainfo.ba\/wp-content\/uploads\/2019\/05\/sadrzaj_2019_20190101_0101209_tuzla_dron.JPG","type":"image\/jpeg"}],"author":"nedim","twitter_card":"summary_large_image","twitter_misc":{"Written by":"nedim","Est. reading time":"1 minuta"},"schema":{"@context":"https:\/\/schema.org","@graph":[{"@type":"Article","@id":"https:\/\/tuzlainfo.ba\/index.php\/najava-dogadaja-2\/item\/268249-tuzla-u-srijedu-javna-tribina-energetski-zaokret-put-prema-klimatskoj-neutralnosti-dekarbonizacija-i-pravedna-tranzicija\/#article","isPartOf":{"@id":"https:\/\/tuzlainfo.ba\/index.php\/najava-dogadaja-2\/item\/268249-tuzla-u-srijedu-javna-tribina-energetski-zaokret-put-prema-klimatskoj-neutralnosti-dekarbonizacija-i-pravedna-tranzicija\/"},"author":{"name":"nedim","@id":"https:\/\/tuzlainfo.ba\/#\/schema\/person\/f434e20dc27ea133923aab08451b7f7f"},"headline":"Tuzla: U srijedu javna tribina &#8220;Energetski zaokret \u2013 put prema klimatskoj neutralnosti, dekarbonizacija i pravedna tranzicija&#8221;","datePublished":"2025-04-29T11:05:33+00:00","dateModified":"2025-04-28T20:09:38+00:00","mainEntityOfPage":{"@id":"https:\/\/tuzlainfo.ba\/index.php\/najava-dogadaja-2\/item\/268249-tuzla-u-srijedu-javna-tribina-energetski-zaokret-put-prema-klimatskoj-neutralnosti-dekarbonizacija-i-pravedna-tranzicija\/"},"wordCount":171,"publisher":{"@id":"https:\/\/tuzlainfo.ba\/#organization"},"image":{"@id":"https:\/\/tuzlainfo.ba\/index.php\/najava-dogadaja-2\/item\/268249-tuzla-u-srijedu-javna-tribina-energetski-zaokret-put-prema-klimatskoj-neutralnosti-dekarbonizacija-i-pravedna-tranzicija\/#primaryimage"},"thumbnailUrl":"https:\/\/tuzlainfo.ba\/wp-content\/uploads\/2019\/05\/sadrzaj_2019_20190101_0101209_tuzla_dron.JPG","keywords":["Tuzlanski akademski klub"],"articleSection":["Najave i doga\u0111aji"],"inLanguage":"bs-BA"},{"@type":"WebPage","@id":"https:\/\/tuzlainfo.ba\/index.php\/najava-dogadaja-2\/item\/268249-tuzla-u-srijedu-javna-tribina-energetski-zaokret-put-prema-klimatskoj-neutralnosti-dekarbonizacija-i-pravedna-tranzicija\/","url":"https:\/\/tuzlainfo.ba\/index.php\/najava-dogadaja-2\/item\/268249-tuzla-u-srijedu-javna-tribina-energetski-zaokret-put-prema-klimatskoj-neutralnosti-dekarbonizacija-i-pravedna-tranzicija\/","name":"Tuzla: U srijedu javna tribina \"Energetski zaokret \u2013 put prema klimatskoj neutralnosti, dekarbonizacija i pravedna tranzicija\" - TuzlaInfo.ba","isPartOf":{"@id":"https:\/\/tuzlainfo.ba\/#website"},"primaryImageOfPage":{"@id":"https:\/\/tuzlainfo.ba\/index.php\/najava-dogadaja-2\/item\/268249-tuzla-u-srijedu-javna-tribina-energetski-zaokret-put-prema-klimatskoj-neutralnosti-dekarbonizacija-i-pravedna-tranzicija\/#primaryimage"},"image":{"@id":"https:\/\/tuzlainfo.ba\/index.php\/najava-dogadaja-2\/item\/268249-tuzla-u-srijedu-javna-tribina-energetski-zaokret-put-prema-klimatskoj-neutralnosti-dekarbonizacija-i-pravedna-tranzicija\/#primaryimage"},"thumbnailUrl":"https:\/\/tuzlainfo.ba\/wp-content\/uploads\/2019\/05\/sadrzaj_2019_20190101_0101209_tuzla_dron.JPG","datePublished":"2025-04-29T11:05:33+00:00","dateModified":"2025-04-28T20:09:38+00:00","breadcrumb":{"@id":"https:\/\/tuzlainfo.ba\/index.php\/najava-dogadaja-2\/item\/268249-tuzla-u-srijedu-javna-tribina-energetski-zaokret-put-prema-klimatskoj-neutralnosti-dekarbonizacija-i-pravedna-tranzicija\/#breadcrumb"},"inLanguage":"bs-BA","potentialAction":[{"@type":"ReadAction","target":["https:\/\/tuzlainfo.ba\/index.php\/najava-dogadaja-2\/item\/268249-tuzla-u-srijedu-javna-tribina-energetski-zaokret-put-prema-klimatskoj-neutralnosti-dekarbonizacija-i-pravedna-tranzicija\/"]}]},{"@type":"ImageObject","inLanguage":"bs-BA","@id":"https:\/\/tuzlainfo.ba\/index.php\/najava-dogadaja-2\/item\/268249-tuzla-u-srijedu-javna-tribina-energetski-zaokret-put-prema-klimatskoj-neutralnosti-dekarbonizacija-i-pravedna-tranzicija\/#primaryimage","url":"https:\/\/tuzlainfo.ba\/wp-content\/uploads\/2019\/05\/sadrzaj_2019_20190101_0101209_tuzla_dron.JPG","contentUrl":"https:\/\/tuzlainfo.ba\/wp-content\/uploads\/2019\/05\/sadrzaj_2019_20190101_0101209_tuzla_dron.JPG","width":770,"height":505,"caption":"0101209 tuzla dron"},{"@type":"BreadcrumbList","@id":"https:\/\/tuzlainfo.ba\/index.php\/najava-dogadaja-2\/item\/268249-tuzla-u-srijedu-javna-tribina-energetski-zaokret-put-prema-klimatskoj-neutralnosti-dekarbonizacija-i-pravedna-tranzicija\/#breadcrumb","itemListElement":[{"@type":"ListItem","position":1,"name":"Home","item":"https:\/\/tuzlainfo.ba\/"},{"@type":"ListItem","position":2,"name":"Tuzla: U srijedu javna tribina &#8220;Energetski zaokret \u2013 put prema klimatskoj neutralnosti, dekarbonizacija i pravedna tranzicija&#8221;"}]},{"@type":"WebSite","@id":"https:\/\/tuzlainfo.ba\/#website","url":"https:\/\/tuzlainfo.ba\/","name":"TuzlaInfo.ba","description":"Tuzla info, gradski informator - Tuzla na dlanu","publisher":{"@id":"https:\/\/tuzlainfo.ba\/#organization"},"potentialAction":[{"@type":"SearchAction","target":{"@type":"EntryPoint","urlTemplate":"https:\/\/tuzlainfo.ba\/?s={search_term_string}"},"query-input":{"@type":"PropertyValueSpecification","valueRequired":true,"valueName":"search_term_string"}}],"inLanguage":"bs-BA"},{"@type":"Organization","@id":"https:\/\/tuzlainfo.ba\/#organization","name":"TuzlaInfo.ba","url":"https:\/\/tuzlainfo.ba\/","logo":{"@type":"ImageObject","inLanguage":"bs-BA","@id":"https:\/\/tuzlainfo.ba\/#\/schema\/logo\/image\/","url":"https:\/\/tuzlainfo.ba\/wp-content\/uploads\/2021\/03\/logo-ver-3-1.png","contentUrl":"https:\/\/tuzlainfo.ba\/wp-content\/uploads\/2021\/03\/logo-ver-3-1.png","width":350,"height":95,"caption":"TuzlaInfo.ba"},"image":{"@id":"https:\/\/tuzlainfo.ba\/#\/schema\/logo\/image\/"},"sameAs":["https:\/\/www.facebook.com\/tuzlainfo.ba\/"]},{"@type":"Person","@id":"https:\/\/tuzlainfo.ba\/#\/schema\/person\/f434e20dc27ea133923aab08451b7f7f","name":"nedim","image":{"@type":"ImageObject","inLanguage":"bs-BA","@id":"https:\/\/tuzlainfo.ba\/#\/schema\/person\/image\/","url":"https:\/\/tuzlainfo.ba\/wp-content\/litespeed\/avatar\/aabad687af24844af817603ac1cbdc4f.jpg?ver=1777306975","contentUrl":"https:\/\/tuzlainfo.ba\/wp-content\/litespeed\/avatar\/aabad687af24844af817603ac1cbdc4f.jpg?ver=1777306975","caption":"nedim"},"description":"Tuzlainfo.ba pratite na dru\u0161tvenim mre\u017eama: Facebook, Instagram i Youtube. Svoje pri\u010de, upite i fotografije \u0161aljite na na\u0161u e-mail adresu."}]}},"_links":{"self":[{"href":"https:\/\/tuzlainfo.ba\/index.php\/wp-json\/wp\/v2\/posts\/268249"}],"collection":[{"href":"https:\/\/tuzlainfo.ba\/index.php\/wp-json\/wp\/v2\/posts"}],"about":[{"href":"https:\/\/tuzlainfo.ba\/index.php\/wp-json\/wp\/v2\/types\/post"}],"author":[{"embeddable":true,"href":"https:\/\/tuzlainfo.ba\/index.php\/wp-json\/wp\/v2\/users\/2"}],"replies":[{"embeddable":true,"href":"https:\/\/tuzlainfo.ba\/index.php\/wp-json\/wp\/v2\/comments?post=268249"}],"version-history":[{"count":1,"href":"https:\/\/tuzlainfo.ba\/index.php\/wp-json\/wp\/v2\/posts\/268249\/revisions"}],"predecessor-version":[{"id":268250,"href":"https:\/\/tuzlainfo.ba\/index.php\/wp-json\/wp\/v2\/posts\/268249\/revisions\/268250"}],"wp:featuredmedia":[{"embeddable":true,"href":"https:\/\/tuzlainfo.ba\/index.php\/wp-json\/wp\/v2\/media\/69703"}],"wp:attachment":[{"href":"https:\/\/tuzlainfo.ba\/index.php\/wp-json\/wp\/v2\/media?parent=268249"}],"wp:term":[{"taxonomy":"category","embeddable":true,"href":"https:\/\/tuzlainfo.ba\/index.php\/wp-json\/wp\/v2\/categories?post=268249"},{"taxonomy":"post_tag","embeddable":true,"href":"https:\/\/tuzlainfo.ba\/index.php\/wp-json\/wp\/v2\/tags?post=268249"}],"curies":[{"name":"wp","href":"https:\/\/api.w.org\/{rel}","templated":true}]}}