{"id":268208,"date":"2025-04-27T21:03:49","date_gmt":"2025-04-27T19:03:49","guid":{"rendered":"https:\/\/tuzlainfo.ba\/?p=268208"},"modified":"2025-04-27T21:03:49","modified_gmt":"2025-04-27T19:03:49","slug":"planska-iskljucenja-elektricne-energije-na-podrucju-tk-28-i-29-aprila","status":"publish","type":"post","link":"https:\/\/tuzlainfo.ba\/index.php\/novosti\/item\/268208-planska-iskljucenja-elektricne-energije-na-podrucju-tk-28-i-29-aprila\/","title":{"rendered":"Planska isklju\u010denja elektri\u010dne energije na podru\u010dju TK 28. i 29. aprila"},"content":{"rendered":"<p class=\"\" data-start=\"66\" data-end=\"228\">Zbog planiranih radova na elektrodistributivnoj mre\u017ei, do\u0107i \u0107e do privremenih prekida u snabdijevanju elektri\u010dnom energijom na vi\u0161e lokacija u Tuzlanskom kantonu.<\/p>\n<p class=\"\" data-start=\"230\" data-end=\"301\">Prema najavi iz Elektrodistribucije, prekidi su planirani kako slijedi:<\/p>\n<p class=\"\" data-start=\"303\" data-end=\"578\">U ponedjeljak, 28. aprila 2025. godine, bez elektri\u010dne energije \u0107e biti dijelovi Gra\u010danice. U naseljima Drijen\u010da i u ulici Mula Dedina isklju\u010denja su planirana u periodu od 09:30 do 12:00 sati, dok \u0107e u naseljima Trzna i Brezje u Sokolu prekid trajati od 13:00 do 16:00 sati.<\/p>\n<p class=\"\" data-start=\"580\" data-end=\"659\">U utorak, 29. aprila 2025. godine, isklju\u010denja su najavljena na \u0161irem podru\u010dju:<\/p>\n<p class=\"\" data-start=\"661\" data-end=\"1191\">\u2013 Tuzla, ulica Majska, od 08:30 do 11:30 sati,<br data-start=\"707\" data-end=\"710\" \/>\u2013 Grada\u010dac, naselja Hani\u0107, Brekinje, Sibovac i \u0160kori\u0107i, od 10:30 do 12:00 sati,<br data-start=\"789\" data-end=\"792\" \/>\u2013 Srebrenik, naselja Zubovo Brdo 2, Zubovo Brdo, Huremi, Mustafi\u0107i, Tunjevac, Srednja \u0160pionica, Jo\u0161ak, De\u017ei\u0107i i Cerik, od 09:00 do 17:00 sati,<br data-start=\"934\" data-end=\"937\" \/>\u2013 Kladanj, naselja Stupari, Dubrava, Prijanovi\u0107i, Trnova\u010de, No\u0107ajevi\u0107i, Krivajevi\u0107i, Suha, Brlo\u0161ci, Gojakovi\u0107i, Tarevo, \u010cifluk, Novo Naselje i Crijev\u010di\u0107i, od 09:00 do 15:00 sati,<br data-start=\"1115\" data-end=\"1118\" \/>\u2013 Kalesija, naselja Zelina, Jelovo Brdo i Goj\u010din, od 09:00 do 15:00 sati.<\/p>\n<p>Prekidi ili ograni\u010denja isporuke elektri\u010dne energije se vr\u0161e zbog planiranih isklju\u010denja, odnosno ograni\u010denja radi odr\u017eavanja, remonta, priklju\u010denja novih kupaca, kao i drugih investicijskih radova.\u00a0<strong>\/TI\/<\/strong><\/p>\n","protected":false},"excerpt":{"rendered":"<p>Zbog planiranih radova na elektrodistributivnoj mre\u017ei, do\u0107i \u0107e do privremenih prekida u snabdijevanju elektri\u010dnom energijom&hellip;<\/p>\n","protected":false},"author":2,"featured_media":170403,"comment_status":"closed","ping_status":"closed","sticky":false,"template":"","format":"standard","meta":{"_acf_changed":false,"footnotes":""},"categories":[304,12],"tags":[355,7100],"acf":[],"yoast_head":"<!-- This site is optimized with the Yoast SEO plugin v23.5 - https:\/\/yoast.com\/wordpress\/plugins\/seo\/ -->\n<title>Planska isklju\u010denja elektri\u010dne energije na podru\u010dju TK 28. i 29. aprila - TuzlaInfo.ba<\/title>\n<meta name=\"robots\" content=\"index, follow, max-snippet:-1, max-image-preview:large, max-video-preview:-1\" \/>\n<link rel=\"canonical\" href=\"https:\/\/tuzlainfo.ba\/index.php\/novosti\/item\/268208-planska-iskljucenja-elektricne-energije-na-podrucju-tk-28-i-29-aprila\/\" \/>\n<meta property=\"og:locale\" content=\"bs_BA\" \/>\n<meta property=\"og:type\" content=\"article\" \/>\n<meta property=\"og:title\" content=\"Planska isklju\u010denja elektri\u010dne energije na podru\u010dju TK 28. i 29. aprila - TuzlaInfo.ba\" \/>\n<meta property=\"og:description\" content=\"Zbog planiranih radova na elektrodistributivnoj mre\u017ei, do\u0107i \u0107e do privremenih prekida u snabdijevanju elektri\u010dnom energijom&hellip;\" \/>\n<meta property=\"og:url\" content=\"https:\/\/tuzlainfo.ba\/index.php\/novosti\/item\/268208-planska-iskljucenja-elektricne-energije-na-podrucju-tk-28-i-29-aprila\/\" \/>\n<meta property=\"og:site_name\" content=\"TuzlaInfo.ba\" \/>\n<meta property=\"article:publisher\" content=\"https:\/\/www.facebook.com\/tuzlainfo.ba\/\" \/>\n<meta property=\"article:published_time\" content=\"2025-04-27T19:03:49+00:00\" \/>\n<meta property=\"og:image\" content=\"https:\/\/tuzlainfo.ba\/wp-content\/uploads\/2022\/04\/2504_elektro_planska_struja.jpg\" \/>\n\t<meta property=\"og:image:width\" content=\"1000\" \/>\n\t<meta property=\"og:image:height\" content=\"732\" \/>\n\t<meta property=\"og:image:type\" content=\"image\/jpeg\" \/>\n<meta name=\"author\" content=\"nedim\" \/>\n<meta name=\"twitter:card\" content=\"summary_large_image\" \/>\n<meta name=\"twitter:label1\" content=\"Written by\" \/>\n\t<meta name=\"twitter:data1\" content=\"nedim\" \/>\n\t<meta name=\"twitter:label2\" content=\"Est. reading time\" \/>\n\t<meta name=\"twitter:data2\" content=\"2 minute\" \/>\n<script type=\"application\/ld+json\" class=\"yoast-schema-graph\">{\"@context\":\"https:\/\/schema.org\",\"@graph\":[{\"@type\":\"Article\",\"@id\":\"https:\/\/tuzlainfo.ba\/index.php\/novosti\/item\/268208-planska-iskljucenja-elektricne-energije-na-podrucju-tk-28-i-29-aprila\/#article\",\"isPartOf\":{\"@id\":\"https:\/\/tuzlainfo.ba\/index.php\/novosti\/item\/268208-planska-iskljucenja-elektricne-energije-na-podrucju-tk-28-i-29-aprila\/\"},\"author\":{\"name\":\"nedim\",\"@id\":\"https:\/\/tuzlainfo.ba\/#\/schema\/person\/f434e20dc27ea133923aab08451b7f7f\"},\"headline\":\"Planska isklju\u010denja elektri\u010dne energije na podru\u010dju TK 28. i 29. aprila\",\"datePublished\":\"2025-04-27T19:03:49+00:00\",\"dateModified\":\"2025-04-27T19:03:49+00:00\",\"mainEntityOfPage\":{\"@id\":\"https:\/\/tuzlainfo.ba\/index.php\/novosti\/item\/268208-planska-iskljucenja-elektricne-energije-na-podrucju-tk-28-i-29-aprila\/\"},\"wordCount\":215,\"publisher\":{\"@id\":\"https:\/\/tuzlainfo.ba\/#organization\"},\"image\":{\"@id\":\"https:\/\/tuzlainfo.ba\/index.php\/novosti\/item\/268208-planska-iskljucenja-elektricne-energije-na-podrucju-tk-28-i-29-aprila\/#primaryimage\"},\"thumbnailUrl\":\"https:\/\/tuzlainfo.ba\/wp-content\/uploads\/2022\/04\/2504_elektro_planska_struja.jpg\",\"keywords\":[\"Elektrodistribucija Tuzla\",\"planska isklju\u010denja struje\"],\"articleSection\":[\"Istaknuto\",\"Novosti\"],\"inLanguage\":\"bs-BA\"},{\"@type\":\"WebPage\",\"@id\":\"https:\/\/tuzlainfo.ba\/index.php\/novosti\/item\/268208-planska-iskljucenja-elektricne-energije-na-podrucju-tk-28-i-29-aprila\/\",\"url\":\"https:\/\/tuzlainfo.ba\/index.php\/novosti\/item\/268208-planska-iskljucenja-elektricne-energije-na-podrucju-tk-28-i-29-aprila\/\",\"name\":\"Planska isklju\u010denja elektri\u010dne energije na podru\u010dju TK 28. i 29. aprila - TuzlaInfo.ba\",\"isPartOf\":{\"@id\":\"https:\/\/tuzlainfo.ba\/#website\"},\"primaryImageOfPage\":{\"@id\":\"https:\/\/tuzlainfo.ba\/index.php\/novosti\/item\/268208-planska-iskljucenja-elektricne-energije-na-podrucju-tk-28-i-29-aprila\/#primaryimage\"},\"image\":{\"@id\":\"https:\/\/tuzlainfo.ba\/index.php\/novosti\/item\/268208-planska-iskljucenja-elektricne-energije-na-podrucju-tk-28-i-29-aprila\/#primaryimage\"},\"thumbnailUrl\":\"https:\/\/tuzlainfo.ba\/wp-content\/uploads\/2022\/04\/2504_elektro_planska_struja.jpg\",\"datePublished\":\"2025-04-27T19:03:49+00:00\",\"dateModified\":\"2025-04-27T19:03:49+00:00\",\"breadcrumb\":{\"@id\":\"https:\/\/tuzlainfo.ba\/index.php\/novosti\/item\/268208-planska-iskljucenja-elektricne-energije-na-podrucju-tk-28-i-29-aprila\/#breadcrumb\"},\"inLanguage\":\"bs-BA\",\"potentialAction\":[{\"@type\":\"ReadAction\",\"target\":[\"https:\/\/tuzlainfo.ba\/index.php\/novosti\/item\/268208-planska-iskljucenja-elektricne-energije-na-podrucju-tk-28-i-29-aprila\/\"]}]},{\"@type\":\"ImageObject\",\"inLanguage\":\"bs-BA\",\"@id\":\"https:\/\/tuzlainfo.ba\/index.php\/novosti\/item\/268208-planska-iskljucenja-elektricne-energije-na-podrucju-tk-28-i-29-aprila\/#primaryimage\",\"url\":\"https:\/\/tuzlainfo.ba\/wp-content\/uploads\/2022\/04\/2504_elektro_planska_struja.jpg\",\"contentUrl\":\"https:\/\/tuzlainfo.ba\/wp-content\/uploads\/2022\/04\/2504_elektro_planska_struja.jpg\",\"width\":1000,\"height\":732},{\"@type\":\"BreadcrumbList\",\"@id\":\"https:\/\/tuzlainfo.ba\/index.php\/novosti\/item\/268208-planska-iskljucenja-elektricne-energije-na-podrucju-tk-28-i-29-aprila\/#breadcrumb\",\"itemListElement\":[{\"@type\":\"ListItem\",\"position\":1,\"name\":\"Home\",\"item\":\"https:\/\/tuzlainfo.ba\/\"},{\"@type\":\"ListItem\",\"position\":2,\"name\":\"Planska isklju\u010denja elektri\u010dne energije na podru\u010dju TK 28. i 29. aprila\"}]},{\"@type\":\"WebSite\",\"@id\":\"https:\/\/tuzlainfo.ba\/#website\",\"url\":\"https:\/\/tuzlainfo.ba\/\",\"name\":\"TuzlaInfo.ba\",\"description\":\"Tuzla info, gradski informator - Tuzla na dlanu\",\"publisher\":{\"@id\":\"https:\/\/tuzlainfo.ba\/#organization\"},\"potentialAction\":[{\"@type\":\"SearchAction\",\"target\":{\"@type\":\"EntryPoint\",\"urlTemplate\":\"https:\/\/tuzlainfo.ba\/?s={search_term_string}\"},\"query-input\":{\"@type\":\"PropertyValueSpecification\",\"valueRequired\":true,\"valueName\":\"search_term_string\"}}],\"inLanguage\":\"bs-BA\"},{\"@type\":\"Organization\",\"@id\":\"https:\/\/tuzlainfo.ba\/#organization\",\"name\":\"TuzlaInfo.ba\",\"url\":\"https:\/\/tuzlainfo.ba\/\",\"logo\":{\"@type\":\"ImageObject\",\"inLanguage\":\"bs-BA\",\"@id\":\"https:\/\/tuzlainfo.ba\/#\/schema\/logo\/image\/\",\"url\":\"https:\/\/tuzlainfo.ba\/wp-content\/uploads\/2021\/03\/logo-ver-3-1.png\",\"contentUrl\":\"https:\/\/tuzlainfo.ba\/wp-content\/uploads\/2021\/03\/logo-ver-3-1.png\",\"width\":350,\"height\":95,\"caption\":\"TuzlaInfo.ba\"},\"image\":{\"@id\":\"https:\/\/tuzlainfo.ba\/#\/schema\/logo\/image\/\"},\"sameAs\":[\"https:\/\/www.facebook.com\/tuzlainfo.ba\/\"]},{\"@type\":\"Person\",\"@id\":\"https:\/\/tuzlainfo.ba\/#\/schema\/person\/f434e20dc27ea133923aab08451b7f7f\",\"name\":\"nedim\",\"image\":{\"@type\":\"ImageObject\",\"inLanguage\":\"bs-BA\",\"@id\":\"https:\/\/tuzlainfo.ba\/#\/schema\/person\/image\/\",\"url\":\"https:\/\/tuzlainfo.ba\/wp-content\/litespeed\/avatar\/aabad687af24844af817603ac1cbdc4f.jpg?ver=1777306975\",\"contentUrl\":\"https:\/\/tuzlainfo.ba\/wp-content\/litespeed\/avatar\/aabad687af24844af817603ac1cbdc4f.jpg?ver=1777306975\",\"caption\":\"nedim\"},\"description\":\"Tuzlainfo.ba pratite na dru\u0161tvenim mre\u017eama: Facebook, Instagram i Youtube. Svoje pri\u010de, upite i fotografije \u0161aljite na na\u0161u e-mail adresu.\"}]}<\/script>\n<!-- \/ Yoast SEO plugin. -->","yoast_head_json":{"title":"Planska isklju\u010denja elektri\u010dne energije na podru\u010dju TK 28. i 29. aprila - TuzlaInfo.ba","robots":{"index":"index","follow":"follow","max-snippet":"max-snippet:-1","max-image-preview":"max-image-preview:large","max-video-preview":"max-video-preview:-1"},"canonical":"https:\/\/tuzlainfo.ba\/index.php\/novosti\/item\/268208-planska-iskljucenja-elektricne-energije-na-podrucju-tk-28-i-29-aprila\/","og_locale":"bs_BA","og_type":"article","og_title":"Planska isklju\u010denja elektri\u010dne energije na podru\u010dju TK 28. i 29. aprila - TuzlaInfo.ba","og_description":"Zbog planiranih radova na elektrodistributivnoj mre\u017ei, do\u0107i \u0107e do privremenih prekida u snabdijevanju elektri\u010dnom energijom&hellip;","og_url":"https:\/\/tuzlainfo.ba\/index.php\/novosti\/item\/268208-planska-iskljucenja-elektricne-energije-na-podrucju-tk-28-i-29-aprila\/","og_site_name":"TuzlaInfo.ba","article_publisher":"https:\/\/www.facebook.com\/tuzlainfo.ba\/","article_published_time":"2025-04-27T19:03:49+00:00","og_image":[{"width":1000,"height":732,"url":"https:\/\/tuzlainfo.ba\/wp-content\/uploads\/2022\/04\/2504_elektro_planska_struja.jpg","type":"image\/jpeg"}],"author":"nedim","twitter_card":"summary_large_image","twitter_misc":{"Written by":"nedim","Est. reading time":"2 minute"},"schema":{"@context":"https:\/\/schema.org","@graph":[{"@type":"Article","@id":"https:\/\/tuzlainfo.ba\/index.php\/novosti\/item\/268208-planska-iskljucenja-elektricne-energije-na-podrucju-tk-28-i-29-aprila\/#article","isPartOf":{"@id":"https:\/\/tuzlainfo.ba\/index.php\/novosti\/item\/268208-planska-iskljucenja-elektricne-energije-na-podrucju-tk-28-i-29-aprila\/"},"author":{"name":"nedim","@id":"https:\/\/tuzlainfo.ba\/#\/schema\/person\/f434e20dc27ea133923aab08451b7f7f"},"headline":"Planska isklju\u010denja elektri\u010dne energije na podru\u010dju TK 28. i 29. aprila","datePublished":"2025-04-27T19:03:49+00:00","dateModified":"2025-04-27T19:03:49+00:00","mainEntityOfPage":{"@id":"https:\/\/tuzlainfo.ba\/index.php\/novosti\/item\/268208-planska-iskljucenja-elektricne-energije-na-podrucju-tk-28-i-29-aprila\/"},"wordCount":215,"publisher":{"@id":"https:\/\/tuzlainfo.ba\/#organization"},"image":{"@id":"https:\/\/tuzlainfo.ba\/index.php\/novosti\/item\/268208-planska-iskljucenja-elektricne-energije-na-podrucju-tk-28-i-29-aprila\/#primaryimage"},"thumbnailUrl":"https:\/\/tuzlainfo.ba\/wp-content\/uploads\/2022\/04\/2504_elektro_planska_struja.jpg","keywords":["Elektrodistribucija Tuzla","planska isklju\u010denja struje"],"articleSection":["Istaknuto","Novosti"],"inLanguage":"bs-BA"},{"@type":"WebPage","@id":"https:\/\/tuzlainfo.ba\/index.php\/novosti\/item\/268208-planska-iskljucenja-elektricne-energije-na-podrucju-tk-28-i-29-aprila\/","url":"https:\/\/tuzlainfo.ba\/index.php\/novosti\/item\/268208-planska-iskljucenja-elektricne-energije-na-podrucju-tk-28-i-29-aprila\/","name":"Planska isklju\u010denja elektri\u010dne energije na podru\u010dju TK 28. i 29. aprila - TuzlaInfo.ba","isPartOf":{"@id":"https:\/\/tuzlainfo.ba\/#website"},"primaryImageOfPage":{"@id":"https:\/\/tuzlainfo.ba\/index.php\/novosti\/item\/268208-planska-iskljucenja-elektricne-energije-na-podrucju-tk-28-i-29-aprila\/#primaryimage"},"image":{"@id":"https:\/\/tuzlainfo.ba\/index.php\/novosti\/item\/268208-planska-iskljucenja-elektricne-energije-na-podrucju-tk-28-i-29-aprila\/#primaryimage"},"thumbnailUrl":"https:\/\/tuzlainfo.ba\/wp-content\/uploads\/2022\/04\/2504_elektro_planska_struja.jpg","datePublished":"2025-04-27T19:03:49+00:00","dateModified":"2025-04-27T19:03:49+00:00","breadcrumb":{"@id":"https:\/\/tuzlainfo.ba\/index.php\/novosti\/item\/268208-planska-iskljucenja-elektricne-energije-na-podrucju-tk-28-i-29-aprila\/#breadcrumb"},"inLanguage":"bs-BA","potentialAction":[{"@type":"ReadAction","target":["https:\/\/tuzlainfo.ba\/index.php\/novosti\/item\/268208-planska-iskljucenja-elektricne-energije-na-podrucju-tk-28-i-29-aprila\/"]}]},{"@type":"ImageObject","inLanguage":"bs-BA","@id":"https:\/\/tuzlainfo.ba\/index.php\/novosti\/item\/268208-planska-iskljucenja-elektricne-energije-na-podrucju-tk-28-i-29-aprila\/#primaryimage","url":"https:\/\/tuzlainfo.ba\/wp-content\/uploads\/2022\/04\/2504_elektro_planska_struja.jpg","contentUrl":"https:\/\/tuzlainfo.ba\/wp-content\/uploads\/2022\/04\/2504_elektro_planska_struja.jpg","width":1000,"height":732},{"@type":"BreadcrumbList","@id":"https:\/\/tuzlainfo.ba\/index.php\/novosti\/item\/268208-planska-iskljucenja-elektricne-energije-na-podrucju-tk-28-i-29-aprila\/#breadcrumb","itemListElement":[{"@type":"ListItem","position":1,"name":"Home","item":"https:\/\/tuzlainfo.ba\/"},{"@type":"ListItem","position":2,"name":"Planska isklju\u010denja elektri\u010dne energije na podru\u010dju TK 28. i 29. aprila"}]},{"@type":"WebSite","@id":"https:\/\/tuzlainfo.ba\/#website","url":"https:\/\/tuzlainfo.ba\/","name":"TuzlaInfo.ba","description":"Tuzla info, gradski informator - Tuzla na dlanu","publisher":{"@id":"https:\/\/tuzlainfo.ba\/#organization"},"potentialAction":[{"@type":"SearchAction","target":{"@type":"EntryPoint","urlTemplate":"https:\/\/tuzlainfo.ba\/?s={search_term_string}"},"query-input":{"@type":"PropertyValueSpecification","valueRequired":true,"valueName":"search_term_string"}}],"inLanguage":"bs-BA"},{"@type":"Organization","@id":"https:\/\/tuzlainfo.ba\/#organization","name":"TuzlaInfo.ba","url":"https:\/\/tuzlainfo.ba\/","logo":{"@type":"ImageObject","inLanguage":"bs-BA","@id":"https:\/\/tuzlainfo.ba\/#\/schema\/logo\/image\/","url":"https:\/\/tuzlainfo.ba\/wp-content\/uploads\/2021\/03\/logo-ver-3-1.png","contentUrl":"https:\/\/tuzlainfo.ba\/wp-content\/uploads\/2021\/03\/logo-ver-3-1.png","width":350,"height":95,"caption":"TuzlaInfo.ba"},"image":{"@id":"https:\/\/tuzlainfo.ba\/#\/schema\/logo\/image\/"},"sameAs":["https:\/\/www.facebook.com\/tuzlainfo.ba\/"]},{"@type":"Person","@id":"https:\/\/tuzlainfo.ba\/#\/schema\/person\/f434e20dc27ea133923aab08451b7f7f","name":"nedim","image":{"@type":"ImageObject","inLanguage":"bs-BA","@id":"https:\/\/tuzlainfo.ba\/#\/schema\/person\/image\/","url":"https:\/\/tuzlainfo.ba\/wp-content\/litespeed\/avatar\/aabad687af24844af817603ac1cbdc4f.jpg?ver=1777306975","contentUrl":"https:\/\/tuzlainfo.ba\/wp-content\/litespeed\/avatar\/aabad687af24844af817603ac1cbdc4f.jpg?ver=1777306975","caption":"nedim"},"description":"Tuzlainfo.ba pratite na dru\u0161tvenim mre\u017eama: Facebook, Instagram i Youtube. Svoje pri\u010de, upite i fotografije \u0161aljite na na\u0161u e-mail adresu."}]}},"_links":{"self":[{"href":"https:\/\/tuzlainfo.ba\/index.php\/wp-json\/wp\/v2\/posts\/268208"}],"collection":[{"href":"https:\/\/tuzlainfo.ba\/index.php\/wp-json\/wp\/v2\/posts"}],"about":[{"href":"https:\/\/tuzlainfo.ba\/index.php\/wp-json\/wp\/v2\/types\/post"}],"author":[{"embeddable":true,"href":"https:\/\/tuzlainfo.ba\/index.php\/wp-json\/wp\/v2\/users\/2"}],"replies":[{"embeddable":true,"href":"https:\/\/tuzlainfo.ba\/index.php\/wp-json\/wp\/v2\/comments?post=268208"}],"version-history":[{"count":1,"href":"https:\/\/tuzlainfo.ba\/index.php\/wp-json\/wp\/v2\/posts\/268208\/revisions"}],"predecessor-version":[{"id":268209,"href":"https:\/\/tuzlainfo.ba\/index.php\/wp-json\/wp\/v2\/posts\/268208\/revisions\/268209"}],"wp:featuredmedia":[{"embeddable":true,"href":"https:\/\/tuzlainfo.ba\/index.php\/wp-json\/wp\/v2\/media\/170403"}],"wp:attachment":[{"href":"https:\/\/tuzlainfo.ba\/index.php\/wp-json\/wp\/v2\/media?parent=268208"}],"wp:term":[{"taxonomy":"category","embeddable":true,"href":"https:\/\/tuzlainfo.ba\/index.php\/wp-json\/wp\/v2\/categories?post=268208"},{"taxonomy":"post_tag","embeddable":true,"href":"https:\/\/tuzlainfo.ba\/index.php\/wp-json\/wp\/v2\/tags?post=268208"}],"curies":[{"name":"wp","href":"https:\/\/api.w.org\/{rel}","templated":true}]}}