{"id":268178,"date":"2025-04-27T13:45:57","date_gmt":"2025-04-27T11:45:57","guid":{"rendered":"https:\/\/tuzlainfo.ba\/?p=268178"},"modified":"2025-04-27T10:59:46","modified_gmt":"2025-04-27T08:59:46","slug":"investicija-nama-uvoz-struje-u-bih-povecan-za-skoro-600-posto","status":"publish","type":"post","link":"https:\/\/tuzlainfo.ba\/index.php\/bosna-i-hercegovina\/item\/268178-investicija-nama-uvoz-struje-u-bih-povecan-za-skoro-600-posto\/","title":{"rendered":"Investicija nama: Uvoz struje u BiH pove\u0107an za skoro 600 posto"},"content":{"rendered":"<p>Uvoz elektri\u010dne energije u Bosnu i Hercegovinu je za godinu dana sko\u010dio za skoro 600 odsto, pokazuju podaci Agencije za statistiku BiH.<\/p>\n<p>U ovim podacima vidi se da je u prvom kvartalu pro\u0161le godine elektri\u010dna energija uvezena za iznos od 33,71 milion KM, dok je u istom periodu ove godine uvoz struje \u010dak 235,39 miliona KM.<\/p>\n<p>Tako je za godinu dana, gledaju\u0107i ove podatke, uvoz narastao za \u010dak 598,2 odsto, pi\u0161u Nezavisne novine.<\/p>\n<p>Bosna i Hercegovina je na ovaj na\u010din od najve\u0107eg izvoznika elektri\u010dne energije postala veliki uvoznik iste.<\/p>\n<p>Da je to tako, pokazuje da je ukupan uvoz elektri\u010dne energije u prvom kvartalu ove godine ve\u0107i od ukupnog izvoza u istom periodu.<\/p>\n<p>Ipak, prema ovim podacima, nije sve tako crno.<\/p>\n<p>I izvoz struje je u prvom kvartalu ove godine sko\u010dio za 24,5 odsto.<\/p>\n<p>U prvom kvartalu pro\u0161le godine izvoz elektri\u010dne energije iznosio je 171,86 miliona KM, a u istom periodu ove godine 213,97 miliona KM.<\/p>\n<p>Ali ako se uporedi izvoz struje iz prvog kvartala 2023. godine, kada je iznosio oko 367 miliona KM, mo\u017eemo vidjeti da je i izvoz drasti\u010dno pao u odnosu na period kada je BiH ostvarivala najbolje rezultate u plasmanu elektri\u010dne energije na inostrana tr\u017ei\u0161ta.<\/p>\n<p>Luka Petrovi\u0107, generalni direktor &#8220;Elektroprivrede RS&#8221;, rekao je prije nekoliko dana da je Srpska u \u010detiri mjeseca ove godine kupila elektri\u010dnu energiju za 120 miliona KM.<\/p>\n<p>&#8220;Vlada je bila izri\u010dita da cijene moraju biti niske i mi smo pribjegli kupovini elektri\u010dne energije iz uvoza. U martu i aprilu smo po\u010deli da je izvozimo i to spre\u010dava dalje gubitke. Ta\u010dno je da smo ostvarili gubitke i pribje\u0107i \u0107emo kreditnom aran\u017emanu, gdje \u0107e nam sa garancijom pomo\u0107i Vlada Srpske&#8221;, istakao je Petrovi\u0107.<\/p>\n<p>Edhem Bi\u010dak\u010di\u0107, predsjednik Regionalnog ogranka Me\u0111unarodnog vije\u0107a za velike elektri\u010dne sisteme (SEERC) i stru\u010dnjak za energetiku, kazao je za &#8220;Nezavisne novine&#8221; da su ovo pora\u017eavaju\u0107i podaci.<\/p>\n<p>&#8220;Ovo je rezultat prije svega smanjenja proizvodnje uglja i nedostatka uglja za proizvodnju elektri\u010dne energije. Tako\u0111e, na ovo je uticala lo\u0161a hidrologija u prva dva mjeseca ove godine. Tek su posljednje ki\u0161e popravile stanje te trenutno nema potrebe za uvozom. Prerano odustajanje od uglja dovelo nas je u ovu situaciju. Novi proizvodni objekti, solarne elektrane i vjetroelektrane previ\u0161e dugo \u010dekaju na priklju\u010denje i ulazak na pogon, \u0161to je neobja\u0161njivo. Na\u0161a administracija nije spremna na tranziciju energetike. Ipak, ovo je na\u0161a velika \u0161ansa, ali tu su potrebna odlu\u010dna rukovodstva u javnim kompanijama i spremnost da se krene u investicijski ciklus&#8221;, obja\u0161njava Bi\u010dak\u010di\u0107.<\/p>\n<p>Prema njegovim rije\u010dima, javne investicije izostaju.<\/p>\n<p>&#8220;\u0160to se ti\u010de tarifne politike, neminovno je da \u0107e do\u0107i do poskupljenja struje, uz poznavanje socijalne kategorije koja bi trebalo da bude za\u0161ti\u0107ena. Kada je u pitanju privreda, tu ne bi trebalo da do\u0111e do velikih skokova u cijenama&#8221;, kazao je Bi\u010dak\u010di\u0107.<\/p>\n<p>Mirza Ku\u0161ljugi\u0107, predsjednik Centra za odr\u017eivu energetsku tranziciju &#8220;ReSET&#8221; i stru\u010dnjak za energetiku, istakao je da su prije tri-\u010detiri godine upozoravali da je odga\u0111anje odluka o energetskoj tranziciji opasno.<\/p>\n<p>&#8220;Mi nemamo viziju \u0161ta ho\u0107emo. Ovo \u0161to vidimo sada je &#8216;perfektna oluja&#8217; koja se doga\u0111a u elektroenergetskom sektoru. Vi\u0161e se ne mo\u017ee kontrolisati doga\u0111aje. Poslovanje zavisi od toga ho\u0107e li pasti ki\u0161a. To se prije svega odnosi na &#8216;Elektroprivredu BiH&#8217; i &#8216;Elektroprivredu RS&#8217;. Privatne investicije se jedine razvijaju, ali to su investicije koje su profitno orijentisane. Da napomenem, ovo nije uvozna struja, ovo je interventna uvozna struja koja nije planirana da se uveze i koja je mnogo skuplja od uvozne struje. Jedino rje\u0161enje za probleme je korekcija cijena navi\u0161e. &#8216;Elektroprivreda&#8217; u Mostaru nije ovim obuhva\u0107ena i ne\u0107e biti pogo\u0111ena sa CBAM-om, jer je 100 odsto proizvodnja iz obnovljivih izvora energije&#8221;, naglasio je Ku\u0161ljugi\u0107.<\/p>\n","protected":false},"excerpt":{"rendered":"<p>Uvoz elektri\u010dne energije u Bosnu i Hercegovinu je za godinu dana sko\u010dio za skoro 600&hellip;<\/p>\n","protected":false},"author":2,"featured_media":258999,"comment_status":"closed","ping_status":"closed","sticky":false,"template":"","format":"standard","meta":{"_acf_changed":false,"footnotes":""},"categories":[291,304],"tags":[2148,3932],"acf":[],"yoast_head":"<!-- This site is optimized with the Yoast SEO plugin v23.5 - https:\/\/yoast.com\/wordpress\/plugins\/seo\/ -->\n<title>Investicija nama: Uvoz struje u BiH pove\u0107an za skoro 600 posto - TuzlaInfo.ba<\/title>\n<meta name=\"robots\" content=\"index, follow, max-snippet:-1, max-image-preview:large, max-video-preview:-1\" \/>\n<link rel=\"canonical\" href=\"https:\/\/tuzlainfo.ba\/index.php\/bosna-i-hercegovina\/item\/268178-investicija-nama-uvoz-struje-u-bih-povecan-za-skoro-600-posto\/\" \/>\n<meta property=\"og:locale\" content=\"bs_BA\" \/>\n<meta property=\"og:type\" content=\"article\" \/>\n<meta property=\"og:title\" content=\"Investicija nama: Uvoz struje u BiH pove\u0107an za skoro 600 posto - TuzlaInfo.ba\" \/>\n<meta property=\"og:description\" content=\"Uvoz elektri\u010dne energije u Bosnu i Hercegovinu je za godinu dana sko\u010dio za skoro 600&hellip;\" \/>\n<meta property=\"og:url\" content=\"https:\/\/tuzlainfo.ba\/index.php\/bosna-i-hercegovina\/item\/268178-investicija-nama-uvoz-struje-u-bih-povecan-za-skoro-600-posto\/\" \/>\n<meta property=\"og:site_name\" content=\"TuzlaInfo.ba\" \/>\n<meta property=\"article:publisher\" content=\"https:\/\/www.facebook.com\/tuzlainfo.ba\/\" \/>\n<meta property=\"article:published_time\" content=\"2025-04-27T11:45:57+00:00\" \/>\n<meta property=\"article:modified_time\" content=\"2025-04-27T08:59:46+00:00\" \/>\n<meta property=\"og:image\" content=\"https:\/\/tuzlainfo.ba\/wp-content\/uploads\/2024\/12\/Dalekovod_struja_elektro.jpg\" \/>\n\t<meta property=\"og:image:width\" content=\"1000\" \/>\n\t<meta property=\"og:image:height\" content=\"595\" \/>\n\t<meta property=\"og:image:type\" content=\"image\/jpeg\" \/>\n<meta name=\"author\" content=\"nedim\" \/>\n<meta name=\"twitter:card\" content=\"summary_large_image\" \/>\n<meta name=\"twitter:label1\" content=\"Written by\" \/>\n\t<meta name=\"twitter:data1\" content=\"nedim\" \/>\n\t<meta name=\"twitter:label2\" content=\"Est. reading time\" \/>\n\t<meta name=\"twitter:data2\" content=\"4 minute\" \/>\n<script type=\"application\/ld+json\" class=\"yoast-schema-graph\">{\"@context\":\"https:\/\/schema.org\",\"@graph\":[{\"@type\":\"Article\",\"@id\":\"https:\/\/tuzlainfo.ba\/index.php\/bosna-i-hercegovina\/item\/268178-investicija-nama-uvoz-struje-u-bih-povecan-za-skoro-600-posto\/#article\",\"isPartOf\":{\"@id\":\"https:\/\/tuzlainfo.ba\/index.php\/bosna-i-hercegovina\/item\/268178-investicija-nama-uvoz-struje-u-bih-povecan-za-skoro-600-posto\/\"},\"author\":{\"name\":\"nedim\",\"@id\":\"https:\/\/tuzlainfo.ba\/#\/schema\/person\/f434e20dc27ea133923aab08451b7f7f\"},\"headline\":\"Investicija nama: Uvoz struje u BiH pove\u0107an za skoro 600 posto\",\"datePublished\":\"2025-04-27T11:45:57+00:00\",\"dateModified\":\"2025-04-27T08:59:46+00:00\",\"mainEntityOfPage\":{\"@id\":\"https:\/\/tuzlainfo.ba\/index.php\/bosna-i-hercegovina\/item\/268178-investicija-nama-uvoz-struje-u-bih-povecan-za-skoro-600-posto\/\"},\"wordCount\":670,\"publisher\":{\"@id\":\"https:\/\/tuzlainfo.ba\/#organization\"},\"image\":{\"@id\":\"https:\/\/tuzlainfo.ba\/index.php\/bosna-i-hercegovina\/item\/268178-investicija-nama-uvoz-struje-u-bih-povecan-za-skoro-600-posto\/#primaryimage\"},\"thumbnailUrl\":\"https:\/\/tuzlainfo.ba\/wp-content\/uploads\/2024\/12\/Dalekovod_struja_elektro.jpg\",\"keywords\":[\"elektri\u010dna energija\",\"uvoz\"],\"articleSection\":[\"Bosna i Hercegovina\",\"Istaknuto\"],\"inLanguage\":\"bs-BA\"},{\"@type\":\"WebPage\",\"@id\":\"https:\/\/tuzlainfo.ba\/index.php\/bosna-i-hercegovina\/item\/268178-investicija-nama-uvoz-struje-u-bih-povecan-za-skoro-600-posto\/\",\"url\":\"https:\/\/tuzlainfo.ba\/index.php\/bosna-i-hercegovina\/item\/268178-investicija-nama-uvoz-struje-u-bih-povecan-za-skoro-600-posto\/\",\"name\":\"Investicija nama: Uvoz struje u BiH pove\u0107an za skoro 600 posto - TuzlaInfo.ba\",\"isPartOf\":{\"@id\":\"https:\/\/tuzlainfo.ba\/#website\"},\"primaryImageOfPage\":{\"@id\":\"https:\/\/tuzlainfo.ba\/index.php\/bosna-i-hercegovina\/item\/268178-investicija-nama-uvoz-struje-u-bih-povecan-za-skoro-600-posto\/#primaryimage\"},\"image\":{\"@id\":\"https:\/\/tuzlainfo.ba\/index.php\/bosna-i-hercegovina\/item\/268178-investicija-nama-uvoz-struje-u-bih-povecan-za-skoro-600-posto\/#primaryimage\"},\"thumbnailUrl\":\"https:\/\/tuzlainfo.ba\/wp-content\/uploads\/2024\/12\/Dalekovod_struja_elektro.jpg\",\"datePublished\":\"2025-04-27T11:45:57+00:00\",\"dateModified\":\"2025-04-27T08:59:46+00:00\",\"breadcrumb\":{\"@id\":\"https:\/\/tuzlainfo.ba\/index.php\/bosna-i-hercegovina\/item\/268178-investicija-nama-uvoz-struje-u-bih-povecan-za-skoro-600-posto\/#breadcrumb\"},\"inLanguage\":\"bs-BA\",\"potentialAction\":[{\"@type\":\"ReadAction\",\"target\":[\"https:\/\/tuzlainfo.ba\/index.php\/bosna-i-hercegovina\/item\/268178-investicija-nama-uvoz-struje-u-bih-povecan-za-skoro-600-posto\/\"]}]},{\"@type\":\"ImageObject\",\"inLanguage\":\"bs-BA\",\"@id\":\"https:\/\/tuzlainfo.ba\/index.php\/bosna-i-hercegovina\/item\/268178-investicija-nama-uvoz-struje-u-bih-povecan-za-skoro-600-posto\/#primaryimage\",\"url\":\"https:\/\/tuzlainfo.ba\/wp-content\/uploads\/2024\/12\/Dalekovod_struja_elektro.jpg\",\"contentUrl\":\"https:\/\/tuzlainfo.ba\/wp-content\/uploads\/2024\/12\/Dalekovod_struja_elektro.jpg\",\"width\":1000,\"height\":595,\"caption\":\"Foto: Tuzlainfo.ba\"},{\"@type\":\"BreadcrumbList\",\"@id\":\"https:\/\/tuzlainfo.ba\/index.php\/bosna-i-hercegovina\/item\/268178-investicija-nama-uvoz-struje-u-bih-povecan-za-skoro-600-posto\/#breadcrumb\",\"itemListElement\":[{\"@type\":\"ListItem\",\"position\":1,\"name\":\"Home\",\"item\":\"https:\/\/tuzlainfo.ba\/\"},{\"@type\":\"ListItem\",\"position\":2,\"name\":\"Investicija nama: Uvoz struje u BiH pove\u0107an za skoro 600 posto\"}]},{\"@type\":\"WebSite\",\"@id\":\"https:\/\/tuzlainfo.ba\/#website\",\"url\":\"https:\/\/tuzlainfo.ba\/\",\"name\":\"TuzlaInfo.ba\",\"description\":\"Tuzla info, gradski informator - Tuzla na dlanu\",\"publisher\":{\"@id\":\"https:\/\/tuzlainfo.ba\/#organization\"},\"potentialAction\":[{\"@type\":\"SearchAction\",\"target\":{\"@type\":\"EntryPoint\",\"urlTemplate\":\"https:\/\/tuzlainfo.ba\/?s={search_term_string}\"},\"query-input\":{\"@type\":\"PropertyValueSpecification\",\"valueRequired\":true,\"valueName\":\"search_term_string\"}}],\"inLanguage\":\"bs-BA\"},{\"@type\":\"Organization\",\"@id\":\"https:\/\/tuzlainfo.ba\/#organization\",\"name\":\"TuzlaInfo.ba\",\"url\":\"https:\/\/tuzlainfo.ba\/\",\"logo\":{\"@type\":\"ImageObject\",\"inLanguage\":\"bs-BA\",\"@id\":\"https:\/\/tuzlainfo.ba\/#\/schema\/logo\/image\/\",\"url\":\"https:\/\/tuzlainfo.ba\/wp-content\/uploads\/2021\/03\/logo-ver-3-1.png\",\"contentUrl\":\"https:\/\/tuzlainfo.ba\/wp-content\/uploads\/2021\/03\/logo-ver-3-1.png\",\"width\":350,\"height\":95,\"caption\":\"TuzlaInfo.ba\"},\"image\":{\"@id\":\"https:\/\/tuzlainfo.ba\/#\/schema\/logo\/image\/\"},\"sameAs\":[\"https:\/\/www.facebook.com\/tuzlainfo.ba\/\"]},{\"@type\":\"Person\",\"@id\":\"https:\/\/tuzlainfo.ba\/#\/schema\/person\/f434e20dc27ea133923aab08451b7f7f\",\"name\":\"nedim\",\"image\":{\"@type\":\"ImageObject\",\"inLanguage\":\"bs-BA\",\"@id\":\"https:\/\/tuzlainfo.ba\/#\/schema\/person\/image\/\",\"url\":\"https:\/\/tuzlainfo.ba\/wp-content\/litespeed\/avatar\/aabad687af24844af817603ac1cbdc4f.jpg?ver=1776702173\",\"contentUrl\":\"https:\/\/tuzlainfo.ba\/wp-content\/litespeed\/avatar\/aabad687af24844af817603ac1cbdc4f.jpg?ver=1776702173\",\"caption\":\"nedim\"},\"description\":\"Tuzlainfo.ba pratite na dru\u0161tvenim mre\u017eama: Facebook, Instagram i Youtube. Svoje pri\u010de, upite i fotografije \u0161aljite na na\u0161u e-mail adresu.\"}]}<\/script>\n<!-- \/ Yoast SEO plugin. -->","yoast_head_json":{"title":"Investicija nama: Uvoz struje u BiH pove\u0107an za skoro 600 posto - TuzlaInfo.ba","robots":{"index":"index","follow":"follow","max-snippet":"max-snippet:-1","max-image-preview":"max-image-preview:large","max-video-preview":"max-video-preview:-1"},"canonical":"https:\/\/tuzlainfo.ba\/index.php\/bosna-i-hercegovina\/item\/268178-investicija-nama-uvoz-struje-u-bih-povecan-za-skoro-600-posto\/","og_locale":"bs_BA","og_type":"article","og_title":"Investicija nama: Uvoz struje u BiH pove\u0107an za skoro 600 posto - TuzlaInfo.ba","og_description":"Uvoz elektri\u010dne energije u Bosnu i Hercegovinu je za godinu dana sko\u010dio za skoro 600&hellip;","og_url":"https:\/\/tuzlainfo.ba\/index.php\/bosna-i-hercegovina\/item\/268178-investicija-nama-uvoz-struje-u-bih-povecan-za-skoro-600-posto\/","og_site_name":"TuzlaInfo.ba","article_publisher":"https:\/\/www.facebook.com\/tuzlainfo.ba\/","article_published_time":"2025-04-27T11:45:57+00:00","article_modified_time":"2025-04-27T08:59:46+00:00","og_image":[{"width":1000,"height":595,"url":"https:\/\/tuzlainfo.ba\/wp-content\/uploads\/2024\/12\/Dalekovod_struja_elektro.jpg","type":"image\/jpeg"}],"author":"nedim","twitter_card":"summary_large_image","twitter_misc":{"Written by":"nedim","Est. reading time":"4 minute"},"schema":{"@context":"https:\/\/schema.org","@graph":[{"@type":"Article","@id":"https:\/\/tuzlainfo.ba\/index.php\/bosna-i-hercegovina\/item\/268178-investicija-nama-uvoz-struje-u-bih-povecan-za-skoro-600-posto\/#article","isPartOf":{"@id":"https:\/\/tuzlainfo.ba\/index.php\/bosna-i-hercegovina\/item\/268178-investicija-nama-uvoz-struje-u-bih-povecan-za-skoro-600-posto\/"},"author":{"name":"nedim","@id":"https:\/\/tuzlainfo.ba\/#\/schema\/person\/f434e20dc27ea133923aab08451b7f7f"},"headline":"Investicija nama: Uvoz struje u BiH pove\u0107an za skoro 600 posto","datePublished":"2025-04-27T11:45:57+00:00","dateModified":"2025-04-27T08:59:46+00:00","mainEntityOfPage":{"@id":"https:\/\/tuzlainfo.ba\/index.php\/bosna-i-hercegovina\/item\/268178-investicija-nama-uvoz-struje-u-bih-povecan-za-skoro-600-posto\/"},"wordCount":670,"publisher":{"@id":"https:\/\/tuzlainfo.ba\/#organization"},"image":{"@id":"https:\/\/tuzlainfo.ba\/index.php\/bosna-i-hercegovina\/item\/268178-investicija-nama-uvoz-struje-u-bih-povecan-za-skoro-600-posto\/#primaryimage"},"thumbnailUrl":"https:\/\/tuzlainfo.ba\/wp-content\/uploads\/2024\/12\/Dalekovod_struja_elektro.jpg","keywords":["elektri\u010dna energija","uvoz"],"articleSection":["Bosna i Hercegovina","Istaknuto"],"inLanguage":"bs-BA"},{"@type":"WebPage","@id":"https:\/\/tuzlainfo.ba\/index.php\/bosna-i-hercegovina\/item\/268178-investicija-nama-uvoz-struje-u-bih-povecan-za-skoro-600-posto\/","url":"https:\/\/tuzlainfo.ba\/index.php\/bosna-i-hercegovina\/item\/268178-investicija-nama-uvoz-struje-u-bih-povecan-za-skoro-600-posto\/","name":"Investicija nama: Uvoz struje u BiH pove\u0107an za skoro 600 posto - TuzlaInfo.ba","isPartOf":{"@id":"https:\/\/tuzlainfo.ba\/#website"},"primaryImageOfPage":{"@id":"https:\/\/tuzlainfo.ba\/index.php\/bosna-i-hercegovina\/item\/268178-investicija-nama-uvoz-struje-u-bih-povecan-za-skoro-600-posto\/#primaryimage"},"image":{"@id":"https:\/\/tuzlainfo.ba\/index.php\/bosna-i-hercegovina\/item\/268178-investicija-nama-uvoz-struje-u-bih-povecan-za-skoro-600-posto\/#primaryimage"},"thumbnailUrl":"https:\/\/tuzlainfo.ba\/wp-content\/uploads\/2024\/12\/Dalekovod_struja_elektro.jpg","datePublished":"2025-04-27T11:45:57+00:00","dateModified":"2025-04-27T08:59:46+00:00","breadcrumb":{"@id":"https:\/\/tuzlainfo.ba\/index.php\/bosna-i-hercegovina\/item\/268178-investicija-nama-uvoz-struje-u-bih-povecan-za-skoro-600-posto\/#breadcrumb"},"inLanguage":"bs-BA","potentialAction":[{"@type":"ReadAction","target":["https:\/\/tuzlainfo.ba\/index.php\/bosna-i-hercegovina\/item\/268178-investicija-nama-uvoz-struje-u-bih-povecan-za-skoro-600-posto\/"]}]},{"@type":"ImageObject","inLanguage":"bs-BA","@id":"https:\/\/tuzlainfo.ba\/index.php\/bosna-i-hercegovina\/item\/268178-investicija-nama-uvoz-struje-u-bih-povecan-za-skoro-600-posto\/#primaryimage","url":"https:\/\/tuzlainfo.ba\/wp-content\/uploads\/2024\/12\/Dalekovod_struja_elektro.jpg","contentUrl":"https:\/\/tuzlainfo.ba\/wp-content\/uploads\/2024\/12\/Dalekovod_struja_elektro.jpg","width":1000,"height":595,"caption":"Foto: Tuzlainfo.ba"},{"@type":"BreadcrumbList","@id":"https:\/\/tuzlainfo.ba\/index.php\/bosna-i-hercegovina\/item\/268178-investicija-nama-uvoz-struje-u-bih-povecan-za-skoro-600-posto\/#breadcrumb","itemListElement":[{"@type":"ListItem","position":1,"name":"Home","item":"https:\/\/tuzlainfo.ba\/"},{"@type":"ListItem","position":2,"name":"Investicija nama: Uvoz struje u BiH pove\u0107an za skoro 600 posto"}]},{"@type":"WebSite","@id":"https:\/\/tuzlainfo.ba\/#website","url":"https:\/\/tuzlainfo.ba\/","name":"TuzlaInfo.ba","description":"Tuzla info, gradski informator - Tuzla na dlanu","publisher":{"@id":"https:\/\/tuzlainfo.ba\/#organization"},"potentialAction":[{"@type":"SearchAction","target":{"@type":"EntryPoint","urlTemplate":"https:\/\/tuzlainfo.ba\/?s={search_term_string}"},"query-input":{"@type":"PropertyValueSpecification","valueRequired":true,"valueName":"search_term_string"}}],"inLanguage":"bs-BA"},{"@type":"Organization","@id":"https:\/\/tuzlainfo.ba\/#organization","name":"TuzlaInfo.ba","url":"https:\/\/tuzlainfo.ba\/","logo":{"@type":"ImageObject","inLanguage":"bs-BA","@id":"https:\/\/tuzlainfo.ba\/#\/schema\/logo\/image\/","url":"https:\/\/tuzlainfo.ba\/wp-content\/uploads\/2021\/03\/logo-ver-3-1.png","contentUrl":"https:\/\/tuzlainfo.ba\/wp-content\/uploads\/2021\/03\/logo-ver-3-1.png","width":350,"height":95,"caption":"TuzlaInfo.ba"},"image":{"@id":"https:\/\/tuzlainfo.ba\/#\/schema\/logo\/image\/"},"sameAs":["https:\/\/www.facebook.com\/tuzlainfo.ba\/"]},{"@type":"Person","@id":"https:\/\/tuzlainfo.ba\/#\/schema\/person\/f434e20dc27ea133923aab08451b7f7f","name":"nedim","image":{"@type":"ImageObject","inLanguage":"bs-BA","@id":"https:\/\/tuzlainfo.ba\/#\/schema\/person\/image\/","url":"https:\/\/tuzlainfo.ba\/wp-content\/litespeed\/avatar\/aabad687af24844af817603ac1cbdc4f.jpg?ver=1776702173","contentUrl":"https:\/\/tuzlainfo.ba\/wp-content\/litespeed\/avatar\/aabad687af24844af817603ac1cbdc4f.jpg?ver=1776702173","caption":"nedim"},"description":"Tuzlainfo.ba pratite na dru\u0161tvenim mre\u017eama: Facebook, Instagram i Youtube. Svoje pri\u010de, upite i fotografije \u0161aljite na na\u0161u e-mail adresu."}]}},"_links":{"self":[{"href":"https:\/\/tuzlainfo.ba\/index.php\/wp-json\/wp\/v2\/posts\/268178"}],"collection":[{"href":"https:\/\/tuzlainfo.ba\/index.php\/wp-json\/wp\/v2\/posts"}],"about":[{"href":"https:\/\/tuzlainfo.ba\/index.php\/wp-json\/wp\/v2\/types\/post"}],"author":[{"embeddable":true,"href":"https:\/\/tuzlainfo.ba\/index.php\/wp-json\/wp\/v2\/users\/2"}],"replies":[{"embeddable":true,"href":"https:\/\/tuzlainfo.ba\/index.php\/wp-json\/wp\/v2\/comments?post=268178"}],"version-history":[{"count":1,"href":"https:\/\/tuzlainfo.ba\/index.php\/wp-json\/wp\/v2\/posts\/268178\/revisions"}],"predecessor-version":[{"id":268179,"href":"https:\/\/tuzlainfo.ba\/index.php\/wp-json\/wp\/v2\/posts\/268178\/revisions\/268179"}],"wp:featuredmedia":[{"embeddable":true,"href":"https:\/\/tuzlainfo.ba\/index.php\/wp-json\/wp\/v2\/media\/258999"}],"wp:attachment":[{"href":"https:\/\/tuzlainfo.ba\/index.php\/wp-json\/wp\/v2\/media?parent=268178"}],"wp:term":[{"taxonomy":"category","embeddable":true,"href":"https:\/\/tuzlainfo.ba\/index.php\/wp-json\/wp\/v2\/categories?post=268178"},{"taxonomy":"post_tag","embeddable":true,"href":"https:\/\/tuzlainfo.ba\/index.php\/wp-json\/wp\/v2\/tags?post=268178"}],"curies":[{"name":"wp","href":"https:\/\/api.w.org\/{rel}","templated":true}]}}