{"id":268128,"date":"2025-04-26T19:04:19","date_gmt":"2025-04-26T17:04:19","guid":{"rendered":"https:\/\/tuzlainfo.ba\/?p=268128"},"modified":"2025-04-26T16:51:15","modified_gmt":"2025-04-26T14:51:15","slug":"izlozba-o-hasanaginici-i-tribina-narod-koji-cita-ima-buducnost-u-ponedjeljak-u-tuzli","status":"publish","type":"post","link":"https:\/\/tuzlainfo.ba\/index.php\/najava-dogadaja-2\/item\/268128-izlozba-o-hasanaginici-i-tribina-narod-koji-cita-ima-buducnost-u-ponedjeljak-u-tuzli\/","title":{"rendered":"Izlo\u017eba o Hasanaginici i tribina \u201cNarod koji \u010dita ima budu\u0107nost\u201d u ponedjeljak u Tuzli"},"content":{"rendered":"<p class=\"\" data-start=\"0\" data-end=\"284\">U ponedjeljak, 28. aprila, s po\u010detkom u 17:45 sati, u prostorijama Behram-begove medrese bit \u0107e otvorena izlo\u017eba posve\u0107ena poznatoj baladi Hasanaginica, \u010diji je autor Fahrudin Sinanovi\u0107. Ova kulturna manifestacija dio je programa obilje\u017eavanja Svjetskog dana knjige i autorskih prava.<\/p>\n<p class=\"\" data-start=\"286\" data-end=\"510\">Nakon otvaranja izlo\u017ebe, u 18 sati uslijedit \u0107e tribina pod nazivom <em data-start=\"354\" data-end=\"387\">&#8220;Narod koji \u010dita ima budu\u0107nost&#8221;<\/em>, na kojoj \u0107e govoriti dr. Sead Nazibegovi\u0107, dr. Refik Buli\u0107 i Emina Hatuni\u0107, dok \u0107e ulogu moderatora imati mr. Sead Husi\u0107.<\/p>\n<p class=\"\" data-start=\"512\" data-end=\"686\">Organizatori pozivaju sve ljubitelje knji\u017eevnosti i kulturnog naslije\u0111a da prisustvuju doga\u0111aju i svojim prisustvom doprinesu afirmaciji \u010ditanja i o\u010duvanju knji\u017eevne ba\u0161tine.<\/p>\n","protected":false},"excerpt":{"rendered":"<p>U ponedjeljak, 28. aprila, s po\u010detkom u 17:45 sati, u prostorijama Behram-begove medrese bit \u0107e&hellip;<\/p>\n","protected":false},"author":2,"featured_media":212249,"comment_status":"closed","ping_status":"closed","sticky":false,"template":"","format":"standard","meta":{"_acf_changed":false,"footnotes":""},"categories":[11],"tags":[1354,4084],"acf":[],"yoast_head":"<!-- This site is optimized with the Yoast SEO plugin v23.5 - https:\/\/yoast.com\/wordpress\/plugins\/seo\/ -->\n<title>Izlo\u017eba o Hasanaginici i tribina \u201cNarod koji \u010dita ima budu\u0107nost\u201d u ponedjeljak u Tuzli - TuzlaInfo.ba<\/title>\n<meta name=\"robots\" content=\"index, follow, max-snippet:-1, max-image-preview:large, max-video-preview:-1\" \/>\n<link rel=\"canonical\" href=\"https:\/\/tuzlainfo.ba\/index.php\/najava-dogadaja-2\/item\/268128-izlozba-o-hasanaginici-i-tribina-narod-koji-cita-ima-buducnost-u-ponedjeljak-u-tuzli\/\" \/>\n<meta property=\"og:locale\" content=\"bs_BA\" \/>\n<meta property=\"og:type\" content=\"article\" \/>\n<meta property=\"og:title\" content=\"Izlo\u017eba o Hasanaginici i tribina \u201cNarod koji \u010dita ima budu\u0107nost\u201d u ponedjeljak u Tuzli - TuzlaInfo.ba\" \/>\n<meta property=\"og:description\" content=\"U ponedjeljak, 28. aprila, s po\u010detkom u 17:45 sati, u prostorijama Behram-begove medrese bit \u0107e&hellip;\" \/>\n<meta property=\"og:url\" content=\"https:\/\/tuzlainfo.ba\/index.php\/najava-dogadaja-2\/item\/268128-izlozba-o-hasanaginici-i-tribina-narod-koji-cita-ima-buducnost-u-ponedjeljak-u-tuzli\/\" \/>\n<meta property=\"og:site_name\" content=\"TuzlaInfo.ba\" \/>\n<meta property=\"article:publisher\" content=\"https:\/\/www.facebook.com\/tuzlainfo.ba\/\" \/>\n<meta property=\"article:published_time\" content=\"2025-04-26T17:04:19+00:00\" \/>\n<meta property=\"article:modified_time\" content=\"2025-04-26T14:51:15+00:00\" \/>\n<meta property=\"og:image\" content=\"https:\/\/tuzlainfo.ba\/wp-content\/uploads\/2023\/07\/3007_medresa-4.jpg\" \/>\n\t<meta property=\"og:image:width\" content=\"1200\" \/>\n\t<meta property=\"og:image:height\" content=\"900\" \/>\n\t<meta property=\"og:image:type\" content=\"image\/jpeg\" \/>\n<meta name=\"author\" content=\"nedim\" \/>\n<meta name=\"twitter:card\" content=\"summary_large_image\" \/>\n<meta name=\"twitter:label1\" content=\"Written by\" \/>\n\t<meta name=\"twitter:data1\" content=\"nedim\" \/>\n\t<meta name=\"twitter:label2\" content=\"Est. reading time\" \/>\n\t<meta name=\"twitter:data2\" content=\"1 minuta\" \/>\n<script type=\"application\/ld+json\" class=\"yoast-schema-graph\">{\"@context\":\"https:\/\/schema.org\",\"@graph\":[{\"@type\":\"Article\",\"@id\":\"https:\/\/tuzlainfo.ba\/index.php\/najava-dogadaja-2\/item\/268128-izlozba-o-hasanaginici-i-tribina-narod-koji-cita-ima-buducnost-u-ponedjeljak-u-tuzli\/#article\",\"isPartOf\":{\"@id\":\"https:\/\/tuzlainfo.ba\/index.php\/najava-dogadaja-2\/item\/268128-izlozba-o-hasanaginici-i-tribina-narod-koji-cita-ima-buducnost-u-ponedjeljak-u-tuzli\/\"},\"author\":{\"name\":\"nedim\",\"@id\":\"https:\/\/tuzlainfo.ba\/#\/schema\/person\/f434e20dc27ea133923aab08451b7f7f\"},\"headline\":\"Izlo\u017eba o Hasanaginici i tribina \u201cNarod koji \u010dita ima budu\u0107nost\u201d u ponedjeljak u Tuzli\",\"datePublished\":\"2025-04-26T17:04:19+00:00\",\"dateModified\":\"2025-04-26T14:51:15+00:00\",\"mainEntityOfPage\":{\"@id\":\"https:\/\/tuzlainfo.ba\/index.php\/najava-dogadaja-2\/item\/268128-izlozba-o-hasanaginici-i-tribina-narod-koji-cita-ima-buducnost-u-ponedjeljak-u-tuzli\/\"},\"wordCount\":122,\"publisher\":{\"@id\":\"https:\/\/tuzlainfo.ba\/#organization\"},\"image\":{\"@id\":\"https:\/\/tuzlainfo.ba\/index.php\/najava-dogadaja-2\/item\/268128-izlozba-o-hasanaginici-i-tribina-narod-koji-cita-ima-buducnost-u-ponedjeljak-u-tuzli\/#primaryimage\"},\"thumbnailUrl\":\"https:\/\/tuzlainfo.ba\/wp-content\/uploads\/2023\/07\/3007_medresa-4.jpg\",\"keywords\":[\"Behram-begova medresa\",\"tribina\"],\"articleSection\":[\"Najave i doga\u0111aji\"],\"inLanguage\":\"bs-BA\"},{\"@type\":\"WebPage\",\"@id\":\"https:\/\/tuzlainfo.ba\/index.php\/najava-dogadaja-2\/item\/268128-izlozba-o-hasanaginici-i-tribina-narod-koji-cita-ima-buducnost-u-ponedjeljak-u-tuzli\/\",\"url\":\"https:\/\/tuzlainfo.ba\/index.php\/najava-dogadaja-2\/item\/268128-izlozba-o-hasanaginici-i-tribina-narod-koji-cita-ima-buducnost-u-ponedjeljak-u-tuzli\/\",\"name\":\"Izlo\u017eba o Hasanaginici i tribina \u201cNarod koji \u010dita ima budu\u0107nost\u201d u ponedjeljak u Tuzli - TuzlaInfo.ba\",\"isPartOf\":{\"@id\":\"https:\/\/tuzlainfo.ba\/#website\"},\"primaryImageOfPage\":{\"@id\":\"https:\/\/tuzlainfo.ba\/index.php\/najava-dogadaja-2\/item\/268128-izlozba-o-hasanaginici-i-tribina-narod-koji-cita-ima-buducnost-u-ponedjeljak-u-tuzli\/#primaryimage\"},\"image\":{\"@id\":\"https:\/\/tuzlainfo.ba\/index.php\/najava-dogadaja-2\/item\/268128-izlozba-o-hasanaginici-i-tribina-narod-koji-cita-ima-buducnost-u-ponedjeljak-u-tuzli\/#primaryimage\"},\"thumbnailUrl\":\"https:\/\/tuzlainfo.ba\/wp-content\/uploads\/2023\/07\/3007_medresa-4.jpg\",\"datePublished\":\"2025-04-26T17:04:19+00:00\",\"dateModified\":\"2025-04-26T14:51:15+00:00\",\"breadcrumb\":{\"@id\":\"https:\/\/tuzlainfo.ba\/index.php\/najava-dogadaja-2\/item\/268128-izlozba-o-hasanaginici-i-tribina-narod-koji-cita-ima-buducnost-u-ponedjeljak-u-tuzli\/#breadcrumb\"},\"inLanguage\":\"bs-BA\",\"potentialAction\":[{\"@type\":\"ReadAction\",\"target\":[\"https:\/\/tuzlainfo.ba\/index.php\/najava-dogadaja-2\/item\/268128-izlozba-o-hasanaginici-i-tribina-narod-koji-cita-ima-buducnost-u-ponedjeljak-u-tuzli\/\"]}]},{\"@type\":\"ImageObject\",\"inLanguage\":\"bs-BA\",\"@id\":\"https:\/\/tuzlainfo.ba\/index.php\/najava-dogadaja-2\/item\/268128-izlozba-o-hasanaginici-i-tribina-narod-koji-cita-ima-buducnost-u-ponedjeljak-u-tuzli\/#primaryimage\",\"url\":\"https:\/\/tuzlainfo.ba\/wp-content\/uploads\/2023\/07\/3007_medresa-4.jpg\",\"contentUrl\":\"https:\/\/tuzlainfo.ba\/wp-content\/uploads\/2023\/07\/3007_medresa-4.jpg\",\"width\":1200,\"height\":900},{\"@type\":\"BreadcrumbList\",\"@id\":\"https:\/\/tuzlainfo.ba\/index.php\/najava-dogadaja-2\/item\/268128-izlozba-o-hasanaginici-i-tribina-narod-koji-cita-ima-buducnost-u-ponedjeljak-u-tuzli\/#breadcrumb\",\"itemListElement\":[{\"@type\":\"ListItem\",\"position\":1,\"name\":\"Home\",\"item\":\"https:\/\/tuzlainfo.ba\/\"},{\"@type\":\"ListItem\",\"position\":2,\"name\":\"Izlo\u017eba o Hasanaginici i tribina \u201cNarod koji \u010dita ima budu\u0107nost\u201d u ponedjeljak u Tuzli\"}]},{\"@type\":\"WebSite\",\"@id\":\"https:\/\/tuzlainfo.ba\/#website\",\"url\":\"https:\/\/tuzlainfo.ba\/\",\"name\":\"TuzlaInfo.ba\",\"description\":\"Tuzla info, gradski informator - Tuzla na dlanu\",\"publisher\":{\"@id\":\"https:\/\/tuzlainfo.ba\/#organization\"},\"potentialAction\":[{\"@type\":\"SearchAction\",\"target\":{\"@type\":\"EntryPoint\",\"urlTemplate\":\"https:\/\/tuzlainfo.ba\/?s={search_term_string}\"},\"query-input\":{\"@type\":\"PropertyValueSpecification\",\"valueRequired\":true,\"valueName\":\"search_term_string\"}}],\"inLanguage\":\"bs-BA\"},{\"@type\":\"Organization\",\"@id\":\"https:\/\/tuzlainfo.ba\/#organization\",\"name\":\"TuzlaInfo.ba\",\"url\":\"https:\/\/tuzlainfo.ba\/\",\"logo\":{\"@type\":\"ImageObject\",\"inLanguage\":\"bs-BA\",\"@id\":\"https:\/\/tuzlainfo.ba\/#\/schema\/logo\/image\/\",\"url\":\"https:\/\/tuzlainfo.ba\/wp-content\/uploads\/2021\/03\/logo-ver-3-1.png\",\"contentUrl\":\"https:\/\/tuzlainfo.ba\/wp-content\/uploads\/2021\/03\/logo-ver-3-1.png\",\"width\":350,\"height\":95,\"caption\":\"TuzlaInfo.ba\"},\"image\":{\"@id\":\"https:\/\/tuzlainfo.ba\/#\/schema\/logo\/image\/\"},\"sameAs\":[\"https:\/\/www.facebook.com\/tuzlainfo.ba\/\"]},{\"@type\":\"Person\",\"@id\":\"https:\/\/tuzlainfo.ba\/#\/schema\/person\/f434e20dc27ea133923aab08451b7f7f\",\"name\":\"nedim\",\"image\":{\"@type\":\"ImageObject\",\"inLanguage\":\"bs-BA\",\"@id\":\"https:\/\/tuzlainfo.ba\/#\/schema\/person\/image\/\",\"url\":\"https:\/\/tuzlainfo.ba\/wp-content\/litespeed\/avatar\/aabad687af24844af817603ac1cbdc4f.jpg?ver=1777306975\",\"contentUrl\":\"https:\/\/tuzlainfo.ba\/wp-content\/litespeed\/avatar\/aabad687af24844af817603ac1cbdc4f.jpg?ver=1777306975\",\"caption\":\"nedim\"},\"description\":\"Tuzlainfo.ba pratite na dru\u0161tvenim mre\u017eama: Facebook, Instagram i Youtube. Svoje pri\u010de, upite i fotografije \u0161aljite na na\u0161u e-mail adresu.\"}]}<\/script>\n<!-- \/ Yoast SEO plugin. -->","yoast_head_json":{"title":"Izlo\u017eba o Hasanaginici i tribina \u201cNarod koji \u010dita ima budu\u0107nost\u201d u ponedjeljak u Tuzli - TuzlaInfo.ba","robots":{"index":"index","follow":"follow","max-snippet":"max-snippet:-1","max-image-preview":"max-image-preview:large","max-video-preview":"max-video-preview:-1"},"canonical":"https:\/\/tuzlainfo.ba\/index.php\/najava-dogadaja-2\/item\/268128-izlozba-o-hasanaginici-i-tribina-narod-koji-cita-ima-buducnost-u-ponedjeljak-u-tuzli\/","og_locale":"bs_BA","og_type":"article","og_title":"Izlo\u017eba o Hasanaginici i tribina \u201cNarod koji \u010dita ima budu\u0107nost\u201d u ponedjeljak u Tuzli - TuzlaInfo.ba","og_description":"U ponedjeljak, 28. aprila, s po\u010detkom u 17:45 sati, u prostorijama Behram-begove medrese bit \u0107e&hellip;","og_url":"https:\/\/tuzlainfo.ba\/index.php\/najava-dogadaja-2\/item\/268128-izlozba-o-hasanaginici-i-tribina-narod-koji-cita-ima-buducnost-u-ponedjeljak-u-tuzli\/","og_site_name":"TuzlaInfo.ba","article_publisher":"https:\/\/www.facebook.com\/tuzlainfo.ba\/","article_published_time":"2025-04-26T17:04:19+00:00","article_modified_time":"2025-04-26T14:51:15+00:00","og_image":[{"width":1200,"height":900,"url":"https:\/\/tuzlainfo.ba\/wp-content\/uploads\/2023\/07\/3007_medresa-4.jpg","type":"image\/jpeg"}],"author":"nedim","twitter_card":"summary_large_image","twitter_misc":{"Written by":"nedim","Est. reading time":"1 minuta"},"schema":{"@context":"https:\/\/schema.org","@graph":[{"@type":"Article","@id":"https:\/\/tuzlainfo.ba\/index.php\/najava-dogadaja-2\/item\/268128-izlozba-o-hasanaginici-i-tribina-narod-koji-cita-ima-buducnost-u-ponedjeljak-u-tuzli\/#article","isPartOf":{"@id":"https:\/\/tuzlainfo.ba\/index.php\/najava-dogadaja-2\/item\/268128-izlozba-o-hasanaginici-i-tribina-narod-koji-cita-ima-buducnost-u-ponedjeljak-u-tuzli\/"},"author":{"name":"nedim","@id":"https:\/\/tuzlainfo.ba\/#\/schema\/person\/f434e20dc27ea133923aab08451b7f7f"},"headline":"Izlo\u017eba o Hasanaginici i tribina \u201cNarod koji \u010dita ima budu\u0107nost\u201d u ponedjeljak u Tuzli","datePublished":"2025-04-26T17:04:19+00:00","dateModified":"2025-04-26T14:51:15+00:00","mainEntityOfPage":{"@id":"https:\/\/tuzlainfo.ba\/index.php\/najava-dogadaja-2\/item\/268128-izlozba-o-hasanaginici-i-tribina-narod-koji-cita-ima-buducnost-u-ponedjeljak-u-tuzli\/"},"wordCount":122,"publisher":{"@id":"https:\/\/tuzlainfo.ba\/#organization"},"image":{"@id":"https:\/\/tuzlainfo.ba\/index.php\/najava-dogadaja-2\/item\/268128-izlozba-o-hasanaginici-i-tribina-narod-koji-cita-ima-buducnost-u-ponedjeljak-u-tuzli\/#primaryimage"},"thumbnailUrl":"https:\/\/tuzlainfo.ba\/wp-content\/uploads\/2023\/07\/3007_medresa-4.jpg","keywords":["Behram-begova medresa","tribina"],"articleSection":["Najave i doga\u0111aji"],"inLanguage":"bs-BA"},{"@type":"WebPage","@id":"https:\/\/tuzlainfo.ba\/index.php\/najava-dogadaja-2\/item\/268128-izlozba-o-hasanaginici-i-tribina-narod-koji-cita-ima-buducnost-u-ponedjeljak-u-tuzli\/","url":"https:\/\/tuzlainfo.ba\/index.php\/najava-dogadaja-2\/item\/268128-izlozba-o-hasanaginici-i-tribina-narod-koji-cita-ima-buducnost-u-ponedjeljak-u-tuzli\/","name":"Izlo\u017eba o Hasanaginici i tribina \u201cNarod koji \u010dita ima budu\u0107nost\u201d u ponedjeljak u Tuzli - TuzlaInfo.ba","isPartOf":{"@id":"https:\/\/tuzlainfo.ba\/#website"},"primaryImageOfPage":{"@id":"https:\/\/tuzlainfo.ba\/index.php\/najava-dogadaja-2\/item\/268128-izlozba-o-hasanaginici-i-tribina-narod-koji-cita-ima-buducnost-u-ponedjeljak-u-tuzli\/#primaryimage"},"image":{"@id":"https:\/\/tuzlainfo.ba\/index.php\/najava-dogadaja-2\/item\/268128-izlozba-o-hasanaginici-i-tribina-narod-koji-cita-ima-buducnost-u-ponedjeljak-u-tuzli\/#primaryimage"},"thumbnailUrl":"https:\/\/tuzlainfo.ba\/wp-content\/uploads\/2023\/07\/3007_medresa-4.jpg","datePublished":"2025-04-26T17:04:19+00:00","dateModified":"2025-04-26T14:51:15+00:00","breadcrumb":{"@id":"https:\/\/tuzlainfo.ba\/index.php\/najava-dogadaja-2\/item\/268128-izlozba-o-hasanaginici-i-tribina-narod-koji-cita-ima-buducnost-u-ponedjeljak-u-tuzli\/#breadcrumb"},"inLanguage":"bs-BA","potentialAction":[{"@type":"ReadAction","target":["https:\/\/tuzlainfo.ba\/index.php\/najava-dogadaja-2\/item\/268128-izlozba-o-hasanaginici-i-tribina-narod-koji-cita-ima-buducnost-u-ponedjeljak-u-tuzli\/"]}]},{"@type":"ImageObject","inLanguage":"bs-BA","@id":"https:\/\/tuzlainfo.ba\/index.php\/najava-dogadaja-2\/item\/268128-izlozba-o-hasanaginici-i-tribina-narod-koji-cita-ima-buducnost-u-ponedjeljak-u-tuzli\/#primaryimage","url":"https:\/\/tuzlainfo.ba\/wp-content\/uploads\/2023\/07\/3007_medresa-4.jpg","contentUrl":"https:\/\/tuzlainfo.ba\/wp-content\/uploads\/2023\/07\/3007_medresa-4.jpg","width":1200,"height":900},{"@type":"BreadcrumbList","@id":"https:\/\/tuzlainfo.ba\/index.php\/najava-dogadaja-2\/item\/268128-izlozba-o-hasanaginici-i-tribina-narod-koji-cita-ima-buducnost-u-ponedjeljak-u-tuzli\/#breadcrumb","itemListElement":[{"@type":"ListItem","position":1,"name":"Home","item":"https:\/\/tuzlainfo.ba\/"},{"@type":"ListItem","position":2,"name":"Izlo\u017eba o Hasanaginici i tribina \u201cNarod koji \u010dita ima budu\u0107nost\u201d u ponedjeljak u Tuzli"}]},{"@type":"WebSite","@id":"https:\/\/tuzlainfo.ba\/#website","url":"https:\/\/tuzlainfo.ba\/","name":"TuzlaInfo.ba","description":"Tuzla info, gradski informator - Tuzla na dlanu","publisher":{"@id":"https:\/\/tuzlainfo.ba\/#organization"},"potentialAction":[{"@type":"SearchAction","target":{"@type":"EntryPoint","urlTemplate":"https:\/\/tuzlainfo.ba\/?s={search_term_string}"},"query-input":{"@type":"PropertyValueSpecification","valueRequired":true,"valueName":"search_term_string"}}],"inLanguage":"bs-BA"},{"@type":"Organization","@id":"https:\/\/tuzlainfo.ba\/#organization","name":"TuzlaInfo.ba","url":"https:\/\/tuzlainfo.ba\/","logo":{"@type":"ImageObject","inLanguage":"bs-BA","@id":"https:\/\/tuzlainfo.ba\/#\/schema\/logo\/image\/","url":"https:\/\/tuzlainfo.ba\/wp-content\/uploads\/2021\/03\/logo-ver-3-1.png","contentUrl":"https:\/\/tuzlainfo.ba\/wp-content\/uploads\/2021\/03\/logo-ver-3-1.png","width":350,"height":95,"caption":"TuzlaInfo.ba"},"image":{"@id":"https:\/\/tuzlainfo.ba\/#\/schema\/logo\/image\/"},"sameAs":["https:\/\/www.facebook.com\/tuzlainfo.ba\/"]},{"@type":"Person","@id":"https:\/\/tuzlainfo.ba\/#\/schema\/person\/f434e20dc27ea133923aab08451b7f7f","name":"nedim","image":{"@type":"ImageObject","inLanguage":"bs-BA","@id":"https:\/\/tuzlainfo.ba\/#\/schema\/person\/image\/","url":"https:\/\/tuzlainfo.ba\/wp-content\/litespeed\/avatar\/aabad687af24844af817603ac1cbdc4f.jpg?ver=1777306975","contentUrl":"https:\/\/tuzlainfo.ba\/wp-content\/litespeed\/avatar\/aabad687af24844af817603ac1cbdc4f.jpg?ver=1777306975","caption":"nedim"},"description":"Tuzlainfo.ba pratite na dru\u0161tvenim mre\u017eama: Facebook, Instagram i Youtube. Svoje pri\u010de, upite i fotografije \u0161aljite na na\u0161u e-mail adresu."}]}},"_links":{"self":[{"href":"https:\/\/tuzlainfo.ba\/index.php\/wp-json\/wp\/v2\/posts\/268128"}],"collection":[{"href":"https:\/\/tuzlainfo.ba\/index.php\/wp-json\/wp\/v2\/posts"}],"about":[{"href":"https:\/\/tuzlainfo.ba\/index.php\/wp-json\/wp\/v2\/types\/post"}],"author":[{"embeddable":true,"href":"https:\/\/tuzlainfo.ba\/index.php\/wp-json\/wp\/v2\/users\/2"}],"replies":[{"embeddable":true,"href":"https:\/\/tuzlainfo.ba\/index.php\/wp-json\/wp\/v2\/comments?post=268128"}],"version-history":[{"count":1,"href":"https:\/\/tuzlainfo.ba\/index.php\/wp-json\/wp\/v2\/posts\/268128\/revisions"}],"predecessor-version":[{"id":268129,"href":"https:\/\/tuzlainfo.ba\/index.php\/wp-json\/wp\/v2\/posts\/268128\/revisions\/268129"}],"wp:featuredmedia":[{"embeddable":true,"href":"https:\/\/tuzlainfo.ba\/index.php\/wp-json\/wp\/v2\/media\/212249"}],"wp:attachment":[{"href":"https:\/\/tuzlainfo.ba\/index.php\/wp-json\/wp\/v2\/media?parent=268128"}],"wp:term":[{"taxonomy":"category","embeddable":true,"href":"https:\/\/tuzlainfo.ba\/index.php\/wp-json\/wp\/v2\/categories?post=268128"},{"taxonomy":"post_tag","embeddable":true,"href":"https:\/\/tuzlainfo.ba\/index.php\/wp-json\/wp\/v2\/tags?post=268128"}],"curies":[{"name":"wp","href":"https:\/\/api.w.org\/{rel}","templated":true}]}}