{"id":268104,"date":"2025-04-25T17:04:27","date_gmt":"2025-04-25T15:04:27","guid":{"rendered":"https:\/\/tuzlainfo.ba\/?p=268104"},"modified":"2025-04-25T14:50:56","modified_gmt":"2025-04-25T12:50:56","slug":"inicijativa-pred-parlamentarcima-pratnja-na-porodu-kao-ljudsko-pravo","status":"publish","type":"post","link":"https:\/\/tuzlainfo.ba\/index.php\/bosna-i-hercegovina\/item\/268104-inicijativa-pred-parlamentarcima-pratnja-na-porodu-kao-ljudsko-pravo\/","title":{"rendered":"Inicijativa pred parlamentarcima: Pratnja na porodu kao ljudsko pravo"},"content":{"rendered":"<p class=\"\" data-start=\"0\" data-end=\"376\">Udru\u017eenje \u201eBaby Steps\u201c predstavilo je Inicijativu za zakonsko regulisanje prava \u017eene na prisustvo osobe po izboru tokom cijelog trajanja poroda u javnim porodili\u0161tima Federacije Bosne i Hercegovine. Inicijativa je upu\u0107ena Parlamentu FBiH s ciljem da svaka porodilja ima pravo na pratnju osobe kojoj vjeruje, bez obzira na mjesto poroda i bez ograni\u010denja ko ta osoba mo\u017ee biti.<\/p>\n<p class=\"\" data-start=\"378\" data-end=\"827\">Kako isti\u010du iz Udru\u017eenja, podr\u0161ka osobe od povjerenja tokom cijelog poroda doprinosi osje\u0107aju sigurnosti, dostojanstvu porodilje, te ima direktne pozitivne efekte na tok poroda. Pratnja ne mora biti suprug, ve\u0107 bilo koja osoba koju \u017eena izabere \u2013 majka, sestra, prijateljica. Nagla\u0161avaju i da se radi o praksi koju preporu\u010duju Svjetska zdravstvena organizacija i brojni medicinski autoriteti, a koja je standard u ve\u0107ini evropskih zemalja i regionu.<\/p>\n<p class=\"\" data-start=\"829\" data-end=\"1262\">Inicijativa je dostavljena svim zastupnicima i delegatima oba doma Parlamenta FBiH, uz poruku da se ovo pitanje ne ti\u010de samo zdravstvenog sistema, ve\u0107 i ljudskih prava, borbe protiv porodi\u010dnog nasilja i demografske politike. Iz Udru\u017eenja nagla\u0161avaju da je prisustvo pratnje tokom cijelog poroda u javnim porodili\u0161tima u FBiH \u010desto simboli\u010dno, ograni\u010deno ili potpuno onemogu\u0107eno, \u0161to porodilje dovodi u neravnopravan i ranjiv polo\u017eaj.<\/p>\n<p class=\"\" data-start=\"1264\" data-end=\"1594\">Pozitivnim primjerom izdvojena je praksa u Banjaluci, gdje je suprugu omogu\u0107eno prisustvo od po\u010detka poroda, \u0161to u mnogim porodili\u0161tima \u0161irom BiH jo\u0161 uvijek nije slu\u010daj. Udru\u017eenje podsje\u0107a da je jo\u0161 prije dvije godine predalo sli\u010dnu inicijativu s podr\u0161kom vi\u0161e od 10.000 gra\u0111ana, ali bez konkretnih odgovora nadle\u017enih institucija.<\/p>\n<p class=\"\" data-start=\"1596\" data-end=\"1794\">\u201ePratnja tokom poroda nije privilegija, ve\u0107 osnovno ljudsko pravo koje ne zahtijeva velika sredstva, ve\u0107 politi\u010dku volju\u201c, poru\u010duju iz \u201eBaby Stepsa\u201c, nagla\u0161avaju\u0107i hitnost usvajanja ove inicijative.<\/p>\n","protected":false},"excerpt":{"rendered":"<p>Udru\u017eenje \u201eBaby Steps\u201c predstavilo je Inicijativu za zakonsko regulisanje prava \u017eene na prisustvo osobe po&hellip;<\/p>\n","protected":false},"author":2,"featured_media":86904,"comment_status":"closed","ping_status":"closed","sticky":false,"template":"","format":"standard","meta":{"_acf_changed":false,"footnotes":""},"categories":[291],"tags":[1948,1237,2858],"acf":[],"yoast_head":"<!-- This site is optimized with the Yoast SEO plugin v23.5 - https:\/\/yoast.com\/wordpress\/plugins\/seo\/ -->\n<title>Inicijativa pred parlamentarcima: Pratnja na porodu kao ljudsko pravo - TuzlaInfo.ba<\/title>\n<meta name=\"robots\" content=\"index, follow, max-snippet:-1, max-image-preview:large, max-video-preview:-1\" \/>\n<link rel=\"canonical\" href=\"https:\/\/tuzlainfo.ba\/index.php\/bosna-i-hercegovina\/item\/268104-inicijativa-pred-parlamentarcima-pratnja-na-porodu-kao-ljudsko-pravo\/\" \/>\n<meta property=\"og:locale\" content=\"bs_BA\" \/>\n<meta property=\"og:type\" content=\"article\" \/>\n<meta property=\"og:title\" content=\"Inicijativa pred parlamentarcima: Pratnja na porodu kao ljudsko pravo - TuzlaInfo.ba\" \/>\n<meta property=\"og:description\" content=\"Udru\u017eenje \u201eBaby Steps\u201c predstavilo je Inicijativu za zakonsko regulisanje prava \u017eene na prisustvo osobe po&hellip;\" \/>\n<meta property=\"og:url\" content=\"https:\/\/tuzlainfo.ba\/index.php\/bosna-i-hercegovina\/item\/268104-inicijativa-pred-parlamentarcima-pratnja-na-porodu-kao-ljudsko-pravo\/\" \/>\n<meta property=\"og:site_name\" content=\"TuzlaInfo.ba\" \/>\n<meta property=\"article:publisher\" content=\"https:\/\/www.facebook.com\/tuzlainfo.ba\/\" \/>\n<meta property=\"article:published_time\" content=\"2025-04-25T15:04:27+00:00\" \/>\n<meta property=\"article:modified_time\" content=\"2025-04-25T12:50:56+00:00\" \/>\n<meta property=\"og:image\" content=\"https:\/\/tuzlainfo.ba\/wp-content\/uploads\/2021\/02\/sadrzaj_2021_20210201_2802_porodilje.jpg\" \/>\n\t<meta property=\"og:image:width\" content=\"770\" \/>\n\t<meta property=\"og:image:height\" content=\"433\" \/>\n\t<meta property=\"og:image:type\" content=\"image\/jpeg\" \/>\n<meta name=\"author\" content=\"nedim\" \/>\n<meta name=\"twitter:card\" content=\"summary_large_image\" \/>\n<meta name=\"twitter:label1\" content=\"Written by\" \/>\n\t<meta name=\"twitter:data1\" content=\"nedim\" \/>\n\t<meta name=\"twitter:label2\" content=\"Est. reading time\" \/>\n\t<meta name=\"twitter:data2\" content=\"2 minute\" \/>\n<script type=\"application\/ld+json\" class=\"yoast-schema-graph\">{\"@context\":\"https:\/\/schema.org\",\"@graph\":[{\"@type\":\"Article\",\"@id\":\"https:\/\/tuzlainfo.ba\/index.php\/bosna-i-hercegovina\/item\/268104-inicijativa-pred-parlamentarcima-pratnja-na-porodu-kao-ljudsko-pravo\/#article\",\"isPartOf\":{\"@id\":\"https:\/\/tuzlainfo.ba\/index.php\/bosna-i-hercegovina\/item\/268104-inicijativa-pred-parlamentarcima-pratnja-na-porodu-kao-ljudsko-pravo\/\"},\"author\":{\"name\":\"nedim\",\"@id\":\"https:\/\/tuzlainfo.ba\/#\/schema\/person\/f434e20dc27ea133923aab08451b7f7f\"},\"headline\":\"Inicijativa pred parlamentarcima: Pratnja na porodu kao ljudsko pravo\",\"datePublished\":\"2025-04-25T15:04:27+00:00\",\"dateModified\":\"2025-04-25T12:50:56+00:00\",\"mainEntityOfPage\":{\"@id\":\"https:\/\/tuzlainfo.ba\/index.php\/bosna-i-hercegovina\/item\/268104-inicijativa-pred-parlamentarcima-pratnja-na-porodu-kao-ljudsko-pravo\/\"},\"wordCount\":302,\"publisher\":{\"@id\":\"https:\/\/tuzlainfo.ba\/#organization\"},\"image\":{\"@id\":\"https:\/\/tuzlainfo.ba\/index.php\/bosna-i-hercegovina\/item\/268104-inicijativa-pred-parlamentarcima-pratnja-na-porodu-kao-ljudsko-pravo\/#primaryimage\"},\"thumbnailUrl\":\"https:\/\/tuzlainfo.ba\/wp-content\/uploads\/2021\/02\/sadrzaj_2021_20210201_2802_porodilje.jpg\",\"keywords\":[\"baby steps\",\"inicijativa\",\"poro\u0111aj\"],\"articleSection\":[\"Bosna i Hercegovina\"],\"inLanguage\":\"bs-BA\"},{\"@type\":\"WebPage\",\"@id\":\"https:\/\/tuzlainfo.ba\/index.php\/bosna-i-hercegovina\/item\/268104-inicijativa-pred-parlamentarcima-pratnja-na-porodu-kao-ljudsko-pravo\/\",\"url\":\"https:\/\/tuzlainfo.ba\/index.php\/bosna-i-hercegovina\/item\/268104-inicijativa-pred-parlamentarcima-pratnja-na-porodu-kao-ljudsko-pravo\/\",\"name\":\"Inicijativa pred parlamentarcima: Pratnja na porodu kao ljudsko pravo - TuzlaInfo.ba\",\"isPartOf\":{\"@id\":\"https:\/\/tuzlainfo.ba\/#website\"},\"primaryImageOfPage\":{\"@id\":\"https:\/\/tuzlainfo.ba\/index.php\/bosna-i-hercegovina\/item\/268104-inicijativa-pred-parlamentarcima-pratnja-na-porodu-kao-ljudsko-pravo\/#primaryimage\"},\"image\":{\"@id\":\"https:\/\/tuzlainfo.ba\/index.php\/bosna-i-hercegovina\/item\/268104-inicijativa-pred-parlamentarcima-pratnja-na-porodu-kao-ljudsko-pravo\/#primaryimage\"},\"thumbnailUrl\":\"https:\/\/tuzlainfo.ba\/wp-content\/uploads\/2021\/02\/sadrzaj_2021_20210201_2802_porodilje.jpg\",\"datePublished\":\"2025-04-25T15:04:27+00:00\",\"dateModified\":\"2025-04-25T12:50:56+00:00\",\"breadcrumb\":{\"@id\":\"https:\/\/tuzlainfo.ba\/index.php\/bosna-i-hercegovina\/item\/268104-inicijativa-pred-parlamentarcima-pratnja-na-porodu-kao-ljudsko-pravo\/#breadcrumb\"},\"inLanguage\":\"bs-BA\",\"potentialAction\":[{\"@type\":\"ReadAction\",\"target\":[\"https:\/\/tuzlainfo.ba\/index.php\/bosna-i-hercegovina\/item\/268104-inicijativa-pred-parlamentarcima-pratnja-na-porodu-kao-ljudsko-pravo\/\"]}]},{\"@type\":\"ImageObject\",\"inLanguage\":\"bs-BA\",\"@id\":\"https:\/\/tuzlainfo.ba\/index.php\/bosna-i-hercegovina\/item\/268104-inicijativa-pred-parlamentarcima-pratnja-na-porodu-kao-ljudsko-pravo\/#primaryimage\",\"url\":\"https:\/\/tuzlainfo.ba\/wp-content\/uploads\/2021\/02\/sadrzaj_2021_20210201_2802_porodilje.jpg\",\"contentUrl\":\"https:\/\/tuzlainfo.ba\/wp-content\/uploads\/2021\/02\/sadrzaj_2021_20210201_2802_porodilje.jpg\",\"width\":770,\"height\":433,\"caption\":\"2802 porodilje\"},{\"@type\":\"BreadcrumbList\",\"@id\":\"https:\/\/tuzlainfo.ba\/index.php\/bosna-i-hercegovina\/item\/268104-inicijativa-pred-parlamentarcima-pratnja-na-porodu-kao-ljudsko-pravo\/#breadcrumb\",\"itemListElement\":[{\"@type\":\"ListItem\",\"position\":1,\"name\":\"Home\",\"item\":\"https:\/\/tuzlainfo.ba\/\"},{\"@type\":\"ListItem\",\"position\":2,\"name\":\"Inicijativa pred parlamentarcima: Pratnja na porodu kao ljudsko pravo\"}]},{\"@type\":\"WebSite\",\"@id\":\"https:\/\/tuzlainfo.ba\/#website\",\"url\":\"https:\/\/tuzlainfo.ba\/\",\"name\":\"TuzlaInfo.ba\",\"description\":\"Tuzla info, gradski informator - Tuzla na dlanu\",\"publisher\":{\"@id\":\"https:\/\/tuzlainfo.ba\/#organization\"},\"potentialAction\":[{\"@type\":\"SearchAction\",\"target\":{\"@type\":\"EntryPoint\",\"urlTemplate\":\"https:\/\/tuzlainfo.ba\/?s={search_term_string}\"},\"query-input\":{\"@type\":\"PropertyValueSpecification\",\"valueRequired\":true,\"valueName\":\"search_term_string\"}}],\"inLanguage\":\"bs-BA\"},{\"@type\":\"Organization\",\"@id\":\"https:\/\/tuzlainfo.ba\/#organization\",\"name\":\"TuzlaInfo.ba\",\"url\":\"https:\/\/tuzlainfo.ba\/\",\"logo\":{\"@type\":\"ImageObject\",\"inLanguage\":\"bs-BA\",\"@id\":\"https:\/\/tuzlainfo.ba\/#\/schema\/logo\/image\/\",\"url\":\"https:\/\/tuzlainfo.ba\/wp-content\/uploads\/2021\/03\/logo-ver-3-1.png\",\"contentUrl\":\"https:\/\/tuzlainfo.ba\/wp-content\/uploads\/2021\/03\/logo-ver-3-1.png\",\"width\":350,\"height\":95,\"caption\":\"TuzlaInfo.ba\"},\"image\":{\"@id\":\"https:\/\/tuzlainfo.ba\/#\/schema\/logo\/image\/\"},\"sameAs\":[\"https:\/\/www.facebook.com\/tuzlainfo.ba\/\"]},{\"@type\":\"Person\",\"@id\":\"https:\/\/tuzlainfo.ba\/#\/schema\/person\/f434e20dc27ea133923aab08451b7f7f\",\"name\":\"nedim\",\"image\":{\"@type\":\"ImageObject\",\"inLanguage\":\"bs-BA\",\"@id\":\"https:\/\/tuzlainfo.ba\/#\/schema\/person\/image\/\",\"url\":\"https:\/\/tuzlainfo.ba\/wp-content\/litespeed\/avatar\/aabad687af24844af817603ac1cbdc4f.jpg?ver=1777306975\",\"contentUrl\":\"https:\/\/tuzlainfo.ba\/wp-content\/litespeed\/avatar\/aabad687af24844af817603ac1cbdc4f.jpg?ver=1777306975\",\"caption\":\"nedim\"},\"description\":\"Tuzlainfo.ba pratite na dru\u0161tvenim mre\u017eama: Facebook, Instagram i Youtube. Svoje pri\u010de, upite i fotografije \u0161aljite na na\u0161u e-mail adresu.\"}]}<\/script>\n<!-- \/ Yoast SEO plugin. -->","yoast_head_json":{"title":"Inicijativa pred parlamentarcima: Pratnja na porodu kao ljudsko pravo - TuzlaInfo.ba","robots":{"index":"index","follow":"follow","max-snippet":"max-snippet:-1","max-image-preview":"max-image-preview:large","max-video-preview":"max-video-preview:-1"},"canonical":"https:\/\/tuzlainfo.ba\/index.php\/bosna-i-hercegovina\/item\/268104-inicijativa-pred-parlamentarcima-pratnja-na-porodu-kao-ljudsko-pravo\/","og_locale":"bs_BA","og_type":"article","og_title":"Inicijativa pred parlamentarcima: Pratnja na porodu kao ljudsko pravo - TuzlaInfo.ba","og_description":"Udru\u017eenje \u201eBaby Steps\u201c predstavilo je Inicijativu za zakonsko regulisanje prava \u017eene na prisustvo osobe po&hellip;","og_url":"https:\/\/tuzlainfo.ba\/index.php\/bosna-i-hercegovina\/item\/268104-inicijativa-pred-parlamentarcima-pratnja-na-porodu-kao-ljudsko-pravo\/","og_site_name":"TuzlaInfo.ba","article_publisher":"https:\/\/www.facebook.com\/tuzlainfo.ba\/","article_published_time":"2025-04-25T15:04:27+00:00","article_modified_time":"2025-04-25T12:50:56+00:00","og_image":[{"width":770,"height":433,"url":"https:\/\/tuzlainfo.ba\/wp-content\/uploads\/2021\/02\/sadrzaj_2021_20210201_2802_porodilje.jpg","type":"image\/jpeg"}],"author":"nedim","twitter_card":"summary_large_image","twitter_misc":{"Written by":"nedim","Est. reading time":"2 minute"},"schema":{"@context":"https:\/\/schema.org","@graph":[{"@type":"Article","@id":"https:\/\/tuzlainfo.ba\/index.php\/bosna-i-hercegovina\/item\/268104-inicijativa-pred-parlamentarcima-pratnja-na-porodu-kao-ljudsko-pravo\/#article","isPartOf":{"@id":"https:\/\/tuzlainfo.ba\/index.php\/bosna-i-hercegovina\/item\/268104-inicijativa-pred-parlamentarcima-pratnja-na-porodu-kao-ljudsko-pravo\/"},"author":{"name":"nedim","@id":"https:\/\/tuzlainfo.ba\/#\/schema\/person\/f434e20dc27ea133923aab08451b7f7f"},"headline":"Inicijativa pred parlamentarcima: Pratnja na porodu kao ljudsko pravo","datePublished":"2025-04-25T15:04:27+00:00","dateModified":"2025-04-25T12:50:56+00:00","mainEntityOfPage":{"@id":"https:\/\/tuzlainfo.ba\/index.php\/bosna-i-hercegovina\/item\/268104-inicijativa-pred-parlamentarcima-pratnja-na-porodu-kao-ljudsko-pravo\/"},"wordCount":302,"publisher":{"@id":"https:\/\/tuzlainfo.ba\/#organization"},"image":{"@id":"https:\/\/tuzlainfo.ba\/index.php\/bosna-i-hercegovina\/item\/268104-inicijativa-pred-parlamentarcima-pratnja-na-porodu-kao-ljudsko-pravo\/#primaryimage"},"thumbnailUrl":"https:\/\/tuzlainfo.ba\/wp-content\/uploads\/2021\/02\/sadrzaj_2021_20210201_2802_porodilje.jpg","keywords":["baby steps","inicijativa","poro\u0111aj"],"articleSection":["Bosna i Hercegovina"],"inLanguage":"bs-BA"},{"@type":"WebPage","@id":"https:\/\/tuzlainfo.ba\/index.php\/bosna-i-hercegovina\/item\/268104-inicijativa-pred-parlamentarcima-pratnja-na-porodu-kao-ljudsko-pravo\/","url":"https:\/\/tuzlainfo.ba\/index.php\/bosna-i-hercegovina\/item\/268104-inicijativa-pred-parlamentarcima-pratnja-na-porodu-kao-ljudsko-pravo\/","name":"Inicijativa pred parlamentarcima: Pratnja na porodu kao ljudsko pravo - TuzlaInfo.ba","isPartOf":{"@id":"https:\/\/tuzlainfo.ba\/#website"},"primaryImageOfPage":{"@id":"https:\/\/tuzlainfo.ba\/index.php\/bosna-i-hercegovina\/item\/268104-inicijativa-pred-parlamentarcima-pratnja-na-porodu-kao-ljudsko-pravo\/#primaryimage"},"image":{"@id":"https:\/\/tuzlainfo.ba\/index.php\/bosna-i-hercegovina\/item\/268104-inicijativa-pred-parlamentarcima-pratnja-na-porodu-kao-ljudsko-pravo\/#primaryimage"},"thumbnailUrl":"https:\/\/tuzlainfo.ba\/wp-content\/uploads\/2021\/02\/sadrzaj_2021_20210201_2802_porodilje.jpg","datePublished":"2025-04-25T15:04:27+00:00","dateModified":"2025-04-25T12:50:56+00:00","breadcrumb":{"@id":"https:\/\/tuzlainfo.ba\/index.php\/bosna-i-hercegovina\/item\/268104-inicijativa-pred-parlamentarcima-pratnja-na-porodu-kao-ljudsko-pravo\/#breadcrumb"},"inLanguage":"bs-BA","potentialAction":[{"@type":"ReadAction","target":["https:\/\/tuzlainfo.ba\/index.php\/bosna-i-hercegovina\/item\/268104-inicijativa-pred-parlamentarcima-pratnja-na-porodu-kao-ljudsko-pravo\/"]}]},{"@type":"ImageObject","inLanguage":"bs-BA","@id":"https:\/\/tuzlainfo.ba\/index.php\/bosna-i-hercegovina\/item\/268104-inicijativa-pred-parlamentarcima-pratnja-na-porodu-kao-ljudsko-pravo\/#primaryimage","url":"https:\/\/tuzlainfo.ba\/wp-content\/uploads\/2021\/02\/sadrzaj_2021_20210201_2802_porodilje.jpg","contentUrl":"https:\/\/tuzlainfo.ba\/wp-content\/uploads\/2021\/02\/sadrzaj_2021_20210201_2802_porodilje.jpg","width":770,"height":433,"caption":"2802 porodilje"},{"@type":"BreadcrumbList","@id":"https:\/\/tuzlainfo.ba\/index.php\/bosna-i-hercegovina\/item\/268104-inicijativa-pred-parlamentarcima-pratnja-na-porodu-kao-ljudsko-pravo\/#breadcrumb","itemListElement":[{"@type":"ListItem","position":1,"name":"Home","item":"https:\/\/tuzlainfo.ba\/"},{"@type":"ListItem","position":2,"name":"Inicijativa pred parlamentarcima: Pratnja na porodu kao ljudsko pravo"}]},{"@type":"WebSite","@id":"https:\/\/tuzlainfo.ba\/#website","url":"https:\/\/tuzlainfo.ba\/","name":"TuzlaInfo.ba","description":"Tuzla info, gradski informator - Tuzla na dlanu","publisher":{"@id":"https:\/\/tuzlainfo.ba\/#organization"},"potentialAction":[{"@type":"SearchAction","target":{"@type":"EntryPoint","urlTemplate":"https:\/\/tuzlainfo.ba\/?s={search_term_string}"},"query-input":{"@type":"PropertyValueSpecification","valueRequired":true,"valueName":"search_term_string"}}],"inLanguage":"bs-BA"},{"@type":"Organization","@id":"https:\/\/tuzlainfo.ba\/#organization","name":"TuzlaInfo.ba","url":"https:\/\/tuzlainfo.ba\/","logo":{"@type":"ImageObject","inLanguage":"bs-BA","@id":"https:\/\/tuzlainfo.ba\/#\/schema\/logo\/image\/","url":"https:\/\/tuzlainfo.ba\/wp-content\/uploads\/2021\/03\/logo-ver-3-1.png","contentUrl":"https:\/\/tuzlainfo.ba\/wp-content\/uploads\/2021\/03\/logo-ver-3-1.png","width":350,"height":95,"caption":"TuzlaInfo.ba"},"image":{"@id":"https:\/\/tuzlainfo.ba\/#\/schema\/logo\/image\/"},"sameAs":["https:\/\/www.facebook.com\/tuzlainfo.ba\/"]},{"@type":"Person","@id":"https:\/\/tuzlainfo.ba\/#\/schema\/person\/f434e20dc27ea133923aab08451b7f7f","name":"nedim","image":{"@type":"ImageObject","inLanguage":"bs-BA","@id":"https:\/\/tuzlainfo.ba\/#\/schema\/person\/image\/","url":"https:\/\/tuzlainfo.ba\/wp-content\/litespeed\/avatar\/aabad687af24844af817603ac1cbdc4f.jpg?ver=1777306975","contentUrl":"https:\/\/tuzlainfo.ba\/wp-content\/litespeed\/avatar\/aabad687af24844af817603ac1cbdc4f.jpg?ver=1777306975","caption":"nedim"},"description":"Tuzlainfo.ba pratite na dru\u0161tvenim mre\u017eama: Facebook, Instagram i Youtube. Svoje pri\u010de, upite i fotografije \u0161aljite na na\u0161u e-mail adresu."}]}},"_links":{"self":[{"href":"https:\/\/tuzlainfo.ba\/index.php\/wp-json\/wp\/v2\/posts\/268104"}],"collection":[{"href":"https:\/\/tuzlainfo.ba\/index.php\/wp-json\/wp\/v2\/posts"}],"about":[{"href":"https:\/\/tuzlainfo.ba\/index.php\/wp-json\/wp\/v2\/types\/post"}],"author":[{"embeddable":true,"href":"https:\/\/tuzlainfo.ba\/index.php\/wp-json\/wp\/v2\/users\/2"}],"replies":[{"embeddable":true,"href":"https:\/\/tuzlainfo.ba\/index.php\/wp-json\/wp\/v2\/comments?post=268104"}],"version-history":[{"count":2,"href":"https:\/\/tuzlainfo.ba\/index.php\/wp-json\/wp\/v2\/posts\/268104\/revisions"}],"predecessor-version":[{"id":268106,"href":"https:\/\/tuzlainfo.ba\/index.php\/wp-json\/wp\/v2\/posts\/268104\/revisions\/268106"}],"wp:featuredmedia":[{"embeddable":true,"href":"https:\/\/tuzlainfo.ba\/index.php\/wp-json\/wp\/v2\/media\/86904"}],"wp:attachment":[{"href":"https:\/\/tuzlainfo.ba\/index.php\/wp-json\/wp\/v2\/media?parent=268104"}],"wp:term":[{"taxonomy":"category","embeddable":true,"href":"https:\/\/tuzlainfo.ba\/index.php\/wp-json\/wp\/v2\/categories?post=268104"},{"taxonomy":"post_tag","embeddable":true,"href":"https:\/\/tuzlainfo.ba\/index.php\/wp-json\/wp\/v2\/tags?post=268104"}],"curies":[{"name":"wp","href":"https:\/\/api.w.org\/{rel}","templated":true}]}}