{"id":268031,"date":"2025-04-24T15:03:30","date_gmt":"2025-04-24T13:03:30","guid":{"rendered":"https:\/\/tuzlainfo.ba\/?p=268031"},"modified":"2025-04-24T15:03:30","modified_gmt":"2025-04-24T13:03:30","slug":"ohr-objavio-odluku-visokog-predstavnika-poznato-gdje-se-usmjeravaju-sredstva-za-snsd-i-us","status":"publish","type":"post","link":"https:\/\/tuzlainfo.ba\/index.php\/bosna-i-hercegovina\/item\/268031-ohr-objavio-odluku-visokog-predstavnika-poznato-gdje-se-usmjeravaju-sredstva-za-snsd-i-us\/","title":{"rendered":"OHR objavio odluku visokog predstavnika, poznato gdje se usmjeravaju sredstva za SNSD i US"},"content":{"rendered":"<p class=\"\" data-start=\"100\" data-end=\"345\">Na zvani\u010dnoj stranici Ureda visokog predstavnika (OHR) u Bosni i Hercegovini objavljena je odluka Christiana Schmidta o ukidanju finansiranja za politi\u010dke stranke SNSD i Ujedinjena Srpska, koja je prezentirana tokom vanrednog obra\u0107anja javnosti.<\/p>\n<p class=\"\" data-start=\"415\" data-end=\"829\"><strong data-start=\"415\" data-end=\"829\">&#8220;Sve isplate bud\u017eetskih sredstava u svrhu finansiranja politi\u010dkih stranaka SNSD i Ujedinjena Srpska u Parlamentarnoj skup\u0161tini Bosne i Hercegovine, Parlamentu Federacije Bosne i Hercegovine, Narodnoj skup\u0161tini Republike Srpske, kantonalnim skup\u0161tinama, gradskim i op\u0107inskim skup\u0161tinama\/vije\u0107ima i Skup\u0161tini Br\u010dko distrikta Bosne i Hercegovine odmah se obustavljaju&#8221;, stoji u prvoj ta\u010dki prvog \u010dlana ove odluke.<\/strong><\/p>\n<p class=\"\" data-start=\"831\" data-end=\"921\">Dalje se isti\u010de da \u0107e sva sredstva biti preba\u010dena na zaseban ra\u010dun u Centralnoj banci BiH.<\/p>\n<p class=\"\" data-start=\"923\" data-end=\"973\">Navodi se i kada bi ova odluka mogla biti ukinuta:<\/p>\n<p class=\"\" data-start=\"975\" data-end=\"1321\"><strong data-start=\"975\" data-end=\"1310\">&#8220;Obustava isplate bud\u017eetskih sredstava u svrhu finansiranja politi\u010dkih stranaka bit \u0107e ukinuta na osnovu ili nakon pozitivne ocjene od strane visokog predstavnika o po\u0161tivanju Op\u0107eg okvirnog sporazuma za mir u Bosni i Hercegovini odnosno procjeni bilo kojih drugih relevantnih okolnosti koje visoki predstavnik ocijeni opravdanim&#8221;,<\/strong> navodi se.<\/p>\n<p class=\"\" data-start=\"1323\" data-end=\"1553\">Dodaje se da iznosi obustavljenih sredstava predvi\u0111eni na svim nivoima vlasti u svrhu finansiranja politi\u010dkih stranaka za relevantnu godinu <strong data-start=\"1463\" data-end=\"1553\">ne\u0107e se smatrati neizmirenom finansijskom obavezom prema SNSD-u i Ujedinjenoj Srpskoj.<\/strong><\/p>\n<p class=\"\" data-start=\"1555\" data-end=\"1910\">U drugom \u010dlanu ove odluke, navodi se da se osobi odgovornoj za izvr\u0161enje bud\u017eeta na svim nivoima <strong data-start=\"1652\" data-end=\"1700\">nala\u017ee da izvr\u0161i obustavu i prenos sredstava<\/strong> namijenjenih u svrhu finansiranja politi\u010dkih stranaka te da <strong data-start=\"1761\" data-end=\"1826\">na mjese\u010dnom nivou, a najkasnije do 15. dana u svakom mjesecu<\/strong>, izvje\u0161tava o provo\u0111enju ove odluke OHR-u, kao i supervizoru za Br\u010dko distrikt BiH.<\/p>\n<p class=\"\" data-start=\"1912\" data-end=\"2132\"><strong data-start=\"1912\" data-end=\"2098\">&#8220;Izvje\u0161taj \u0107e kao minimum sadr\u017eavati ta\u010dan datum dospije\u0107a isplate i ta\u010dan iznos sredstava \u010dija je isplata obustavljena i koji je prenesen Centralnoj banci BiH saglasno ovoj Odluci&#8221;,<\/strong> stoji u drugom stavu druge ta\u010dke.<\/p>\n<p class=\"\" data-start=\"2134\" data-end=\"2483\">Prema odluci, prvi izvje\u0161taj po stupanju na snagu ove odluke <strong data-start=\"2195\" data-end=\"2228\">bit \u0107e podnesen bez odlaganja<\/strong>, a najkasnije do kraja radnog vremena narednog dana od dana stupanja na snagu ove odluke i sadr\u017eavat \u0107e <strong data-start=\"2333\" data-end=\"2411\">ta\u010dan iznos sredstava koja su dotad ispla\u0107ena SNSD-u i US-u u 2025. godini<\/strong>, kao i datum dospije\u0107a prve naredne isplate koja je predmet ove odluke.<\/p>\n<p class=\"\" data-start=\"2485\" data-end=\"2559\"><strong data-start=\"2485\" data-end=\"2497\">\u010clan tri<\/strong> ove odluke odnosi se na banke koje sara\u0111uju s ovim strankama:<\/p>\n<p class=\"\" data-start=\"2561\" data-end=\"2944\"><strong data-start=\"2561\" data-end=\"2933\">&#8220;Sve banke i sve njihove poslovnice u nadle\u017enosti Agencije za bankarstvo Republike Srpske odnosno Agencije za bankarstvo Federacije Bosne i Hercegovine, u kojima su otvoreni i vode se ra\u010duni \u010diji je imalac i\/ili koji glase na ime SNSD-a i Ujedinjene Srpske&#8230; du\u017ene su izvr\u0161iti prenos Centralnoj banci BiH svih iznosa ispla\u0107enih iz bud\u017eeta odmah po izvr\u0161enoj isplati&#8221;,<\/strong> navodi se.<\/p>\n<p class=\"\" data-start=\"2946\" data-end=\"3160\">Ova odluka, kako se navodi, <strong data-start=\"2974\" data-end=\"3075\">smatra se mjerom usmjerenom protiv opstrukcija u provo\u0111enju Op\u0107eg okvirnog sporazuma za mir u BiH<\/strong>, a nepo\u0161tivanje odluke mo\u017ee dovesti do sankcija i protiv banaka i protiv pojedinaca.<\/p>\n<p class=\"\" data-start=\"3162\" data-end=\"3368\">U <strong data-start=\"3164\" data-end=\"3177\">\u010dlanu pet<\/strong>, Schmidt nagla\u0161ava da su odredbe ove odluke donesene <strong data-start=\"3231\" data-end=\"3276\">u skladu s njegovim me\u0111unarodnim mandatom<\/strong>, te da <strong data-start=\"3284\" data-end=\"3345\">ne mogu biti predmet preispitivanja pred bilo kojim sudom<\/strong> u Bosni i Hercegovini.<\/p>\n<p class=\"\" data-start=\"3376\" data-end=\"3449\">Odluka je objavljena 24. aprila 2025. godine na slu\u017ebenoj stranici OHR-a.<\/p>\n","protected":false},"excerpt":{"rendered":"<p>Na zvani\u010dnoj stranici Ureda visokog predstavnika (OHR) u Bosni i Hercegovini objavljena je odluka Christiana&hellip;<\/p>\n","protected":false},"author":2,"featured_media":179559,"comment_status":"closed","ping_status":"closed","sticky":false,"template":"","format":"standard","meta":{"_acf_changed":false,"footnotes":""},"categories":[291],"tags":[770],"acf":[],"yoast_head":"<!-- This site is optimized with the Yoast SEO plugin v23.5 - https:\/\/yoast.com\/wordpress\/plugins\/seo\/ -->\n<title>OHR objavio odluku visokog predstavnika, poznato gdje se usmjeravaju sredstva za SNSD i US - TuzlaInfo.ba<\/title>\n<meta name=\"robots\" content=\"index, follow, max-snippet:-1, max-image-preview:large, max-video-preview:-1\" \/>\n<link rel=\"canonical\" href=\"https:\/\/tuzlainfo.ba\/index.php\/bosna-i-hercegovina\/item\/268031-ohr-objavio-odluku-visokog-predstavnika-poznato-gdje-se-usmjeravaju-sredstva-za-snsd-i-us\/\" \/>\n<meta property=\"og:locale\" content=\"bs_BA\" \/>\n<meta property=\"og:type\" content=\"article\" \/>\n<meta property=\"og:title\" content=\"OHR objavio odluku visokog predstavnika, poznato gdje se usmjeravaju sredstva za SNSD i US - TuzlaInfo.ba\" \/>\n<meta property=\"og:description\" content=\"Na zvani\u010dnoj stranici Ureda visokog predstavnika (OHR) u Bosni i Hercegovini objavljena je odluka Christiana&hellip;\" \/>\n<meta property=\"og:url\" content=\"https:\/\/tuzlainfo.ba\/index.php\/bosna-i-hercegovina\/item\/268031-ohr-objavio-odluku-visokog-predstavnika-poznato-gdje-se-usmjeravaju-sredstva-za-snsd-i-us\/\" \/>\n<meta property=\"og:site_name\" content=\"TuzlaInfo.ba\" \/>\n<meta property=\"article:publisher\" content=\"https:\/\/www.facebook.com\/tuzlainfo.ba\/\" \/>\n<meta property=\"article:published_time\" content=\"2025-04-24T13:03:30+00:00\" \/>\n<meta property=\"og:image\" content=\"https:\/\/tuzlainfo.ba\/wp-content\/uploads\/2022\/07\/2707_schmidt_ohr.jpg\" \/>\n\t<meta property=\"og:image:width\" content=\"800\" \/>\n\t<meta property=\"og:image:height\" content=\"508\" \/>\n\t<meta property=\"og:image:type\" content=\"image\/jpeg\" \/>\n<meta name=\"author\" content=\"nedim\" \/>\n<meta name=\"twitter:card\" content=\"summary_large_image\" \/>\n<meta name=\"twitter:label1\" content=\"Written by\" \/>\n\t<meta name=\"twitter:data1\" content=\"nedim\" \/>\n\t<meta name=\"twitter:label2\" content=\"Est. reading time\" \/>\n\t<meta name=\"twitter:data2\" content=\"3 minute\" \/>\n<script type=\"application\/ld+json\" class=\"yoast-schema-graph\">{\"@context\":\"https:\/\/schema.org\",\"@graph\":[{\"@type\":\"Article\",\"@id\":\"https:\/\/tuzlainfo.ba\/index.php\/bosna-i-hercegovina\/item\/268031-ohr-objavio-odluku-visokog-predstavnika-poznato-gdje-se-usmjeravaju-sredstva-za-snsd-i-us\/#article\",\"isPartOf\":{\"@id\":\"https:\/\/tuzlainfo.ba\/index.php\/bosna-i-hercegovina\/item\/268031-ohr-objavio-odluku-visokog-predstavnika-poznato-gdje-se-usmjeravaju-sredstva-za-snsd-i-us\/\"},\"author\":{\"name\":\"nedim\",\"@id\":\"https:\/\/tuzlainfo.ba\/#\/schema\/person\/f434e20dc27ea133923aab08451b7f7f\"},\"headline\":\"OHR objavio odluku visokog predstavnika, poznato gdje se usmjeravaju sredstva za SNSD i US\",\"datePublished\":\"2025-04-24T13:03:30+00:00\",\"dateModified\":\"2025-04-24T13:03:30+00:00\",\"mainEntityOfPage\":{\"@id\":\"https:\/\/tuzlainfo.ba\/index.php\/bosna-i-hercegovina\/item\/268031-ohr-objavio-odluku-visokog-predstavnika-poznato-gdje-se-usmjeravaju-sredstva-za-snsd-i-us\/\"},\"wordCount\":554,\"publisher\":{\"@id\":\"https:\/\/tuzlainfo.ba\/#organization\"},\"image\":{\"@id\":\"https:\/\/tuzlainfo.ba\/index.php\/bosna-i-hercegovina\/item\/268031-ohr-objavio-odluku-visokog-predstavnika-poznato-gdje-se-usmjeravaju-sredstva-za-snsd-i-us\/#primaryimage\"},\"thumbnailUrl\":\"https:\/\/tuzlainfo.ba\/wp-content\/uploads\/2022\/07\/2707_schmidt_ohr.jpg\",\"keywords\":[\"OHR\"],\"articleSection\":[\"Bosna i Hercegovina\"],\"inLanguage\":\"bs-BA\"},{\"@type\":\"WebPage\",\"@id\":\"https:\/\/tuzlainfo.ba\/index.php\/bosna-i-hercegovina\/item\/268031-ohr-objavio-odluku-visokog-predstavnika-poznato-gdje-se-usmjeravaju-sredstva-za-snsd-i-us\/\",\"url\":\"https:\/\/tuzlainfo.ba\/index.php\/bosna-i-hercegovina\/item\/268031-ohr-objavio-odluku-visokog-predstavnika-poznato-gdje-se-usmjeravaju-sredstva-za-snsd-i-us\/\",\"name\":\"OHR objavio odluku visokog predstavnika, poznato gdje se usmjeravaju sredstva za SNSD i US - TuzlaInfo.ba\",\"isPartOf\":{\"@id\":\"https:\/\/tuzlainfo.ba\/#website\"},\"primaryImageOfPage\":{\"@id\":\"https:\/\/tuzlainfo.ba\/index.php\/bosna-i-hercegovina\/item\/268031-ohr-objavio-odluku-visokog-predstavnika-poznato-gdje-se-usmjeravaju-sredstva-za-snsd-i-us\/#primaryimage\"},\"image\":{\"@id\":\"https:\/\/tuzlainfo.ba\/index.php\/bosna-i-hercegovina\/item\/268031-ohr-objavio-odluku-visokog-predstavnika-poznato-gdje-se-usmjeravaju-sredstva-za-snsd-i-us\/#primaryimage\"},\"thumbnailUrl\":\"https:\/\/tuzlainfo.ba\/wp-content\/uploads\/2022\/07\/2707_schmidt_ohr.jpg\",\"datePublished\":\"2025-04-24T13:03:30+00:00\",\"dateModified\":\"2025-04-24T13:03:30+00:00\",\"breadcrumb\":{\"@id\":\"https:\/\/tuzlainfo.ba\/index.php\/bosna-i-hercegovina\/item\/268031-ohr-objavio-odluku-visokog-predstavnika-poznato-gdje-se-usmjeravaju-sredstva-za-snsd-i-us\/#breadcrumb\"},\"inLanguage\":\"bs-BA\",\"potentialAction\":[{\"@type\":\"ReadAction\",\"target\":[\"https:\/\/tuzlainfo.ba\/index.php\/bosna-i-hercegovina\/item\/268031-ohr-objavio-odluku-visokog-predstavnika-poznato-gdje-se-usmjeravaju-sredstva-za-snsd-i-us\/\"]}]},{\"@type\":\"ImageObject\",\"inLanguage\":\"bs-BA\",\"@id\":\"https:\/\/tuzlainfo.ba\/index.php\/bosna-i-hercegovina\/item\/268031-ohr-objavio-odluku-visokog-predstavnika-poznato-gdje-se-usmjeravaju-sredstva-za-snsd-i-us\/#primaryimage\",\"url\":\"https:\/\/tuzlainfo.ba\/wp-content\/uploads\/2022\/07\/2707_schmidt_ohr.jpg\",\"contentUrl\":\"https:\/\/tuzlainfo.ba\/wp-content\/uploads\/2022\/07\/2707_schmidt_ohr.jpg\",\"width\":800,\"height\":508},{\"@type\":\"BreadcrumbList\",\"@id\":\"https:\/\/tuzlainfo.ba\/index.php\/bosna-i-hercegovina\/item\/268031-ohr-objavio-odluku-visokog-predstavnika-poznato-gdje-se-usmjeravaju-sredstva-za-snsd-i-us\/#breadcrumb\",\"itemListElement\":[{\"@type\":\"ListItem\",\"position\":1,\"name\":\"Home\",\"item\":\"https:\/\/tuzlainfo.ba\/\"},{\"@type\":\"ListItem\",\"position\":2,\"name\":\"OHR objavio odluku visokog predstavnika, poznato gdje se usmjeravaju sredstva za SNSD i US\"}]},{\"@type\":\"WebSite\",\"@id\":\"https:\/\/tuzlainfo.ba\/#website\",\"url\":\"https:\/\/tuzlainfo.ba\/\",\"name\":\"TuzlaInfo.ba\",\"description\":\"Tuzla info, gradski informator - Tuzla na dlanu\",\"publisher\":{\"@id\":\"https:\/\/tuzlainfo.ba\/#organization\"},\"potentialAction\":[{\"@type\":\"SearchAction\",\"target\":{\"@type\":\"EntryPoint\",\"urlTemplate\":\"https:\/\/tuzlainfo.ba\/?s={search_term_string}\"},\"query-input\":{\"@type\":\"PropertyValueSpecification\",\"valueRequired\":true,\"valueName\":\"search_term_string\"}}],\"inLanguage\":\"bs-BA\"},{\"@type\":\"Organization\",\"@id\":\"https:\/\/tuzlainfo.ba\/#organization\",\"name\":\"TuzlaInfo.ba\",\"url\":\"https:\/\/tuzlainfo.ba\/\",\"logo\":{\"@type\":\"ImageObject\",\"inLanguage\":\"bs-BA\",\"@id\":\"https:\/\/tuzlainfo.ba\/#\/schema\/logo\/image\/\",\"url\":\"https:\/\/tuzlainfo.ba\/wp-content\/uploads\/2021\/03\/logo-ver-3-1.png\",\"contentUrl\":\"https:\/\/tuzlainfo.ba\/wp-content\/uploads\/2021\/03\/logo-ver-3-1.png\",\"width\":350,\"height\":95,\"caption\":\"TuzlaInfo.ba\"},\"image\":{\"@id\":\"https:\/\/tuzlainfo.ba\/#\/schema\/logo\/image\/\"},\"sameAs\":[\"https:\/\/www.facebook.com\/tuzlainfo.ba\/\"]},{\"@type\":\"Person\",\"@id\":\"https:\/\/tuzlainfo.ba\/#\/schema\/person\/f434e20dc27ea133923aab08451b7f7f\",\"name\":\"nedim\",\"image\":{\"@type\":\"ImageObject\",\"inLanguage\":\"bs-BA\",\"@id\":\"https:\/\/tuzlainfo.ba\/#\/schema\/person\/image\/\",\"url\":\"https:\/\/tuzlainfo.ba\/wp-content\/litespeed\/avatar\/aabad687af24844af817603ac1cbdc4f.jpg?ver=1777306975\",\"contentUrl\":\"https:\/\/tuzlainfo.ba\/wp-content\/litespeed\/avatar\/aabad687af24844af817603ac1cbdc4f.jpg?ver=1777306975\",\"caption\":\"nedim\"},\"description\":\"Tuzlainfo.ba pratite na dru\u0161tvenim mre\u017eama: Facebook, Instagram i Youtube. Svoje pri\u010de, upite i fotografije \u0161aljite na na\u0161u e-mail adresu.\"}]}<\/script>\n<!-- \/ Yoast SEO plugin. -->","yoast_head_json":{"title":"OHR objavio odluku visokog predstavnika, poznato gdje se usmjeravaju sredstva za SNSD i US - TuzlaInfo.ba","robots":{"index":"index","follow":"follow","max-snippet":"max-snippet:-1","max-image-preview":"max-image-preview:large","max-video-preview":"max-video-preview:-1"},"canonical":"https:\/\/tuzlainfo.ba\/index.php\/bosna-i-hercegovina\/item\/268031-ohr-objavio-odluku-visokog-predstavnika-poznato-gdje-se-usmjeravaju-sredstva-za-snsd-i-us\/","og_locale":"bs_BA","og_type":"article","og_title":"OHR objavio odluku visokog predstavnika, poznato gdje se usmjeravaju sredstva za SNSD i US - TuzlaInfo.ba","og_description":"Na zvani\u010dnoj stranici Ureda visokog predstavnika (OHR) u Bosni i Hercegovini objavljena je odluka Christiana&hellip;","og_url":"https:\/\/tuzlainfo.ba\/index.php\/bosna-i-hercegovina\/item\/268031-ohr-objavio-odluku-visokog-predstavnika-poznato-gdje-se-usmjeravaju-sredstva-za-snsd-i-us\/","og_site_name":"TuzlaInfo.ba","article_publisher":"https:\/\/www.facebook.com\/tuzlainfo.ba\/","article_published_time":"2025-04-24T13:03:30+00:00","og_image":[{"width":800,"height":508,"url":"https:\/\/tuzlainfo.ba\/wp-content\/uploads\/2022\/07\/2707_schmidt_ohr.jpg","type":"image\/jpeg"}],"author":"nedim","twitter_card":"summary_large_image","twitter_misc":{"Written by":"nedim","Est. reading time":"3 minute"},"schema":{"@context":"https:\/\/schema.org","@graph":[{"@type":"Article","@id":"https:\/\/tuzlainfo.ba\/index.php\/bosna-i-hercegovina\/item\/268031-ohr-objavio-odluku-visokog-predstavnika-poznato-gdje-se-usmjeravaju-sredstva-za-snsd-i-us\/#article","isPartOf":{"@id":"https:\/\/tuzlainfo.ba\/index.php\/bosna-i-hercegovina\/item\/268031-ohr-objavio-odluku-visokog-predstavnika-poznato-gdje-se-usmjeravaju-sredstva-za-snsd-i-us\/"},"author":{"name":"nedim","@id":"https:\/\/tuzlainfo.ba\/#\/schema\/person\/f434e20dc27ea133923aab08451b7f7f"},"headline":"OHR objavio odluku visokog predstavnika, poznato gdje se usmjeravaju sredstva za SNSD i US","datePublished":"2025-04-24T13:03:30+00:00","dateModified":"2025-04-24T13:03:30+00:00","mainEntityOfPage":{"@id":"https:\/\/tuzlainfo.ba\/index.php\/bosna-i-hercegovina\/item\/268031-ohr-objavio-odluku-visokog-predstavnika-poznato-gdje-se-usmjeravaju-sredstva-za-snsd-i-us\/"},"wordCount":554,"publisher":{"@id":"https:\/\/tuzlainfo.ba\/#organization"},"image":{"@id":"https:\/\/tuzlainfo.ba\/index.php\/bosna-i-hercegovina\/item\/268031-ohr-objavio-odluku-visokog-predstavnika-poznato-gdje-se-usmjeravaju-sredstva-za-snsd-i-us\/#primaryimage"},"thumbnailUrl":"https:\/\/tuzlainfo.ba\/wp-content\/uploads\/2022\/07\/2707_schmidt_ohr.jpg","keywords":["OHR"],"articleSection":["Bosna i Hercegovina"],"inLanguage":"bs-BA"},{"@type":"WebPage","@id":"https:\/\/tuzlainfo.ba\/index.php\/bosna-i-hercegovina\/item\/268031-ohr-objavio-odluku-visokog-predstavnika-poznato-gdje-se-usmjeravaju-sredstva-za-snsd-i-us\/","url":"https:\/\/tuzlainfo.ba\/index.php\/bosna-i-hercegovina\/item\/268031-ohr-objavio-odluku-visokog-predstavnika-poznato-gdje-se-usmjeravaju-sredstva-za-snsd-i-us\/","name":"OHR objavio odluku visokog predstavnika, poznato gdje se usmjeravaju sredstva za SNSD i US - TuzlaInfo.ba","isPartOf":{"@id":"https:\/\/tuzlainfo.ba\/#website"},"primaryImageOfPage":{"@id":"https:\/\/tuzlainfo.ba\/index.php\/bosna-i-hercegovina\/item\/268031-ohr-objavio-odluku-visokog-predstavnika-poznato-gdje-se-usmjeravaju-sredstva-za-snsd-i-us\/#primaryimage"},"image":{"@id":"https:\/\/tuzlainfo.ba\/index.php\/bosna-i-hercegovina\/item\/268031-ohr-objavio-odluku-visokog-predstavnika-poznato-gdje-se-usmjeravaju-sredstva-za-snsd-i-us\/#primaryimage"},"thumbnailUrl":"https:\/\/tuzlainfo.ba\/wp-content\/uploads\/2022\/07\/2707_schmidt_ohr.jpg","datePublished":"2025-04-24T13:03:30+00:00","dateModified":"2025-04-24T13:03:30+00:00","breadcrumb":{"@id":"https:\/\/tuzlainfo.ba\/index.php\/bosna-i-hercegovina\/item\/268031-ohr-objavio-odluku-visokog-predstavnika-poznato-gdje-se-usmjeravaju-sredstva-za-snsd-i-us\/#breadcrumb"},"inLanguage":"bs-BA","potentialAction":[{"@type":"ReadAction","target":["https:\/\/tuzlainfo.ba\/index.php\/bosna-i-hercegovina\/item\/268031-ohr-objavio-odluku-visokog-predstavnika-poznato-gdje-se-usmjeravaju-sredstva-za-snsd-i-us\/"]}]},{"@type":"ImageObject","inLanguage":"bs-BA","@id":"https:\/\/tuzlainfo.ba\/index.php\/bosna-i-hercegovina\/item\/268031-ohr-objavio-odluku-visokog-predstavnika-poznato-gdje-se-usmjeravaju-sredstva-za-snsd-i-us\/#primaryimage","url":"https:\/\/tuzlainfo.ba\/wp-content\/uploads\/2022\/07\/2707_schmidt_ohr.jpg","contentUrl":"https:\/\/tuzlainfo.ba\/wp-content\/uploads\/2022\/07\/2707_schmidt_ohr.jpg","width":800,"height":508},{"@type":"BreadcrumbList","@id":"https:\/\/tuzlainfo.ba\/index.php\/bosna-i-hercegovina\/item\/268031-ohr-objavio-odluku-visokog-predstavnika-poznato-gdje-se-usmjeravaju-sredstva-za-snsd-i-us\/#breadcrumb","itemListElement":[{"@type":"ListItem","position":1,"name":"Home","item":"https:\/\/tuzlainfo.ba\/"},{"@type":"ListItem","position":2,"name":"OHR objavio odluku visokog predstavnika, poznato gdje se usmjeravaju sredstva za SNSD i US"}]},{"@type":"WebSite","@id":"https:\/\/tuzlainfo.ba\/#website","url":"https:\/\/tuzlainfo.ba\/","name":"TuzlaInfo.ba","description":"Tuzla info, gradski informator - Tuzla na dlanu","publisher":{"@id":"https:\/\/tuzlainfo.ba\/#organization"},"potentialAction":[{"@type":"SearchAction","target":{"@type":"EntryPoint","urlTemplate":"https:\/\/tuzlainfo.ba\/?s={search_term_string}"},"query-input":{"@type":"PropertyValueSpecification","valueRequired":true,"valueName":"search_term_string"}}],"inLanguage":"bs-BA"},{"@type":"Organization","@id":"https:\/\/tuzlainfo.ba\/#organization","name":"TuzlaInfo.ba","url":"https:\/\/tuzlainfo.ba\/","logo":{"@type":"ImageObject","inLanguage":"bs-BA","@id":"https:\/\/tuzlainfo.ba\/#\/schema\/logo\/image\/","url":"https:\/\/tuzlainfo.ba\/wp-content\/uploads\/2021\/03\/logo-ver-3-1.png","contentUrl":"https:\/\/tuzlainfo.ba\/wp-content\/uploads\/2021\/03\/logo-ver-3-1.png","width":350,"height":95,"caption":"TuzlaInfo.ba"},"image":{"@id":"https:\/\/tuzlainfo.ba\/#\/schema\/logo\/image\/"},"sameAs":["https:\/\/www.facebook.com\/tuzlainfo.ba\/"]},{"@type":"Person","@id":"https:\/\/tuzlainfo.ba\/#\/schema\/person\/f434e20dc27ea133923aab08451b7f7f","name":"nedim","image":{"@type":"ImageObject","inLanguage":"bs-BA","@id":"https:\/\/tuzlainfo.ba\/#\/schema\/person\/image\/","url":"https:\/\/tuzlainfo.ba\/wp-content\/litespeed\/avatar\/aabad687af24844af817603ac1cbdc4f.jpg?ver=1777306975","contentUrl":"https:\/\/tuzlainfo.ba\/wp-content\/litespeed\/avatar\/aabad687af24844af817603ac1cbdc4f.jpg?ver=1777306975","caption":"nedim"},"description":"Tuzlainfo.ba pratite na dru\u0161tvenim mre\u017eama: Facebook, Instagram i Youtube. Svoje pri\u010de, upite i fotografije \u0161aljite na na\u0161u e-mail adresu."}]}},"_links":{"self":[{"href":"https:\/\/tuzlainfo.ba\/index.php\/wp-json\/wp\/v2\/posts\/268031"}],"collection":[{"href":"https:\/\/tuzlainfo.ba\/index.php\/wp-json\/wp\/v2\/posts"}],"about":[{"href":"https:\/\/tuzlainfo.ba\/index.php\/wp-json\/wp\/v2\/types\/post"}],"author":[{"embeddable":true,"href":"https:\/\/tuzlainfo.ba\/index.php\/wp-json\/wp\/v2\/users\/2"}],"replies":[{"embeddable":true,"href":"https:\/\/tuzlainfo.ba\/index.php\/wp-json\/wp\/v2\/comments?post=268031"}],"version-history":[{"count":1,"href":"https:\/\/tuzlainfo.ba\/index.php\/wp-json\/wp\/v2\/posts\/268031\/revisions"}],"predecessor-version":[{"id":268032,"href":"https:\/\/tuzlainfo.ba\/index.php\/wp-json\/wp\/v2\/posts\/268031\/revisions\/268032"}],"wp:featuredmedia":[{"embeddable":true,"href":"https:\/\/tuzlainfo.ba\/index.php\/wp-json\/wp\/v2\/media\/179559"}],"wp:attachment":[{"href":"https:\/\/tuzlainfo.ba\/index.php\/wp-json\/wp\/v2\/media?parent=268031"}],"wp:term":[{"taxonomy":"category","embeddable":true,"href":"https:\/\/tuzlainfo.ba\/index.php\/wp-json\/wp\/v2\/categories?post=268031"},{"taxonomy":"post_tag","embeddable":true,"href":"https:\/\/tuzlainfo.ba\/index.php\/wp-json\/wp\/v2\/tags?post=268031"}],"curies":[{"name":"wp","href":"https:\/\/api.w.org\/{rel}","templated":true}]}}