{"id":267910,"date":"2025-04-22T19:02:44","date_gmt":"2025-04-22T17:02:44","guid":{"rendered":"https:\/\/tuzlainfo.ba\/?p=267910"},"modified":"2025-04-22T19:02:44","modified_gmt":"2025-04-22T17:02:44","slug":"model-povecanja-penzija-u-fbih-nepraveden-ko-ce-imati-koristi-a-ko-nece","status":"publish","type":"post","link":"https:\/\/tuzlainfo.ba\/index.php\/bosna-i-hercegovina\/item\/267910-model-povecanja-penzija-u-fbih-nepraveden-ko-ce-imati-koristi-a-ko-nece\/","title":{"rendered":"Model pove\u0107anja penzija u FBiH nepraveden: Ko \u0107e imati koristi, a ko ne\u0107e?"},"content":{"rendered":"<p class=\"\" data-start=\"119\" data-end=\"407\">Penzioneri u Federaciji BiH od maja 2025. godine dobit \u0107e uve\u0107ane <a href=\"https:\/\/tuzlainfo.ba\/index.php\/tag\/penzije\/\"><span style=\"text-decoration: underline;\"><strong>penzije<\/strong> <\/span><\/a>za 4,49 posto, \u0161to je rezultat redovnog godi\u0161njeg uskla\u0111ivanja.<\/p>\n<p class=\"\" data-start=\"119\" data-end=\"407\">Iako \u0107e pove\u0107anje va\u017eiti retroaktivno od 1. januara, mnogi me\u0111u onima s najni\u017eim primanjima upozoravaju da to ne\u0107e pokriti ni osnovne tro\u0161kove \u017eivota.<\/p>\n<p class=\"\" data-start=\"409\" data-end=\"619\">Prema podacima Zavoda PIO, nova najni\u017ea penzija iznosit \u0107e 599,28 KM, zagarantovana 715,21 KM, dok \u0107e najvi\u0161a dosti\u0107i 2996,40 KM. Penzionerima \u0107e u maju biti ispla\u0107eni i zaostaci za prva tri mjeseca ove godine.<\/p>\n<p class=\"\" data-start=\"621\" data-end=\"920\">Uskla\u0111ivanje se vr\u0161i prema modelu koji uzima u obzir 50 posto rasta nominalnog BDP-a i 50 posto rasta potro\u0161a\u010dkih cijena. Iako se \u010dini matemati\u010dki opravdanim, predstavnici penzionera i ekonomisti upozoravaju da je model nepravedan, jer podjednako tretira sve kategorije bez obzira na visinu penzije.<\/p>\n<h3 data-start=\"621\" data-end=\"920\">Za\u0161to penzije ne prate plate<\/h3>\n<p class=\"\" data-start=\"922\" data-end=\"1250\">\u201eTra\u017eili smo model gdje se 70 posto uskla\u0111uje prema rastu plata, a 30 posto prema potro\u0161a\u010dkoj korpi\u201c, ka\u017ee Mustafa Traki\u0107, predsjednik Saveza udru\u017eenja penzionera ZDK.<\/p>\n<p class=\"\" data-start=\"922\" data-end=\"1250\">Ekonomista Igor Gavran isti\u010de da je nejednakost sve izra\u017eenija: \u201ePenzioner s 2800 KM dobija jo\u0161 vi\u0161e, dok onaj s 600 KM ne mo\u017ee napuniti ni korpu u prodavnici.\u201c<\/p>\n<p class=\"\" data-start=\"1252\" data-end=\"1495\">Iako iz Vlade FBiH dolaze najave o dodatnim mjerama i pomo\u0107i, konkretni potezi jo\u0161 se \u010dekaju. Iz Zavoda PIO poru\u010duju da se \u201eradi na pobolj\u0161anju uslova za penzionere\u201c, ali me\u0111u penzionerima raste osje\u0107aj da su sistemske promjene hitno potrebne.<\/p>\n","protected":false},"excerpt":{"rendered":"<p>Penzioneri u Federaciji BiH od maja 2025. godine dobit \u0107e uve\u0107ane penzije za 4,49 posto, \u0161to je rezultat redovnog godi\u0161njeg uskla\u0111ivanja. Iako \u0107e pove\u0107anje va\u017eiti retroaktivno od 1. januara, mnogi me\u0111u onima s najni\u017eim primanjima upozoravaju da to ne\u0107e pokriti ni osnovne tro\u0161kove \u017eivota. Prema podacima Zavoda PIO, nova najni\u017ea penzija iznosit \u0107e 599,28 KM, [&hellip;]<\/p>\n","protected":false},"author":2,"featured_media":142165,"comment_status":"closed","ping_status":"closed","sticky":false,"template":"","format":"standard","meta":{"footnotes":""},"categories":[291,304],"tags":[1657,5593],"class_list":["post-267910","post","type-post","status-publish","format-standard","has-post-thumbnail","hentry","category-bosna-i-hercegovina","category-istaknuto","tag-penzije","tag-povecanje-penzija"],"yoast_head":"<!-- This site is optimized with the Yoast SEO plugin v28.4 - https:\/\/yoast.com\/product\/yoast-seo-wordpress\/ -->\n<title>Model pove\u0107anja penzija u FBiH nepraveden: Ko \u0107e imati koristi, a ko ne\u0107e?<\/title>\n<meta name=\"robots\" content=\"index, follow, max-snippet:-1, max-image-preview:large, max-video-preview:-1\" \/>\n<link rel=\"canonical\" href=\"https:\/\/tuzlainfo.ba\/index.php\/bosna-i-hercegovina\/item\/267910-model-povecanja-penzija-u-fbih-nepraveden-ko-ce-imati-koristi-a-ko-nece\/\" \/>\n<meta property=\"og:locale\" content=\"bs_BA\" \/>\n<meta property=\"og:type\" content=\"article\" \/>\n<meta property=\"og:title\" content=\"Model pove\u0107anja penzija u FBiH nepraveden: Ko \u0107e imati koristi, a ko ne\u0107e?\" \/>\n<meta property=\"og:description\" content=\"Penzioneri u Federaciji BiH od maja 2025. godine dobit \u0107e uve\u0107ane penzije za 4,49 posto, \u0161to je rezultat redovnog godi\u0161njeg uskla\u0111ivanja. Iako \u0107e pove\u0107anje va\u017eiti retroaktivno od 1. januara, mnogi me\u0111u onima s najni\u017eim primanjima upozoravaju da to ne\u0107e pokriti ni osnovne tro\u0161kove \u017eivota. Prema podacima Zavoda PIO, nova najni\u017ea penzija iznosit \u0107e 599,28 KM, [&hellip;]\" \/>\n<meta property=\"og:url\" content=\"https:\/\/tuzlainfo.ba\/index.php\/bosna-i-hercegovina\/item\/267910-model-povecanja-penzija-u-fbih-nepraveden-ko-ce-imati-koristi-a-ko-nece\/\" \/>\n<meta property=\"og:site_name\" content=\"TuzlaInfo.ba\" \/>\n<meta property=\"article:publisher\" content=\"https:\/\/www.facebook.com\/tuzlainfo.ba\/\" \/>\n<meta property=\"article:published_time\" content=\"2025-04-22T17:02:44+00:00\" \/>\n<meta property=\"og:image\" content=\"https:\/\/tuzlainfo.ba\/wp-content\/uploads\/2021\/07\/1607_Penzioneri.jpg\" \/>\n\t<meta property=\"og:image:width\" content=\"900\" \/>\n\t<meta property=\"og:image:height\" content=\"584\" \/>\n\t<meta property=\"og:image:type\" content=\"image\/jpeg\" \/>\n<meta name=\"author\" content=\"nedim\" \/>\n<meta name=\"twitter:card\" content=\"summary_large_image\" \/>\n<meta name=\"twitter:label1\" content=\"Written by\" \/>\n\t<meta name=\"twitter:data1\" content=\"nedim\" \/>\n\t<meta name=\"twitter:label2\" content=\"Est. reading time\" \/>\n\t<meta name=\"twitter:data2\" content=\"2 minute\" \/>\n<script type=\"application\/ld+json\" class=\"yoast-schema-graph\">{\"@context\":\"https:\\\/\\\/schema.org\",\"@graph\":[{\"@type\":\"Article\",\"@id\":\"https:\\\/\\\/tuzlainfo.ba\\\/index.php\\\/bosna-i-hercegovina\\\/item\\\/267910-model-povecanja-penzija-u-fbih-nepraveden-ko-ce-imati-koristi-a-ko-nece\\\/#article\",\"isPartOf\":{\"@id\":\"https:\\\/\\\/tuzlainfo.ba\\\/index.php\\\/bosna-i-hercegovina\\\/item\\\/267910-model-povecanja-penzija-u-fbih-nepraveden-ko-ce-imati-koristi-a-ko-nece\\\/\"},\"author\":{\"name\":\"nedim\",\"@id\":\"https:\\\/\\\/tuzlainfo.ba\\\/#\\\/schema\\\/person\\\/f434e20dc27ea133923aab08451b7f7f\"},\"headline\":\"Model pove\u0107anja penzija u FBiH nepraveden: Ko \u0107e imati koristi, a ko ne\u0107e?\",\"datePublished\":\"2025-04-22T17:02:44+00:00\",\"mainEntityOfPage\":{\"@id\":\"https:\\\/\\\/tuzlainfo.ba\\\/index.php\\\/bosna-i-hercegovina\\\/item\\\/267910-model-povecanja-penzija-u-fbih-nepraveden-ko-ce-imati-koristi-a-ko-nece\\\/\"},\"wordCount\":256,\"publisher\":{\"@id\":\"https:\\\/\\\/tuzlainfo.ba\\\/#organization\"},\"image\":{\"@id\":\"https:\\\/\\\/tuzlainfo.ba\\\/index.php\\\/bosna-i-hercegovina\\\/item\\\/267910-model-povecanja-penzija-u-fbih-nepraveden-ko-ce-imati-koristi-a-ko-nece\\\/#primaryimage\"},\"thumbnailUrl\":\"https:\\\/\\\/tuzlainfo.ba\\\/wp-content\\\/uploads\\\/2021\\\/07\\\/1607_Penzioneri.jpg\",\"keywords\":[\"penzije\",\"povecanje penzija\"],\"articleSection\":[\"Bosna i Hercegovina\",\"Istaknuto\"],\"inLanguage\":\"bs-BA\",\"copyrightYear\":\"2025\",\"copyrightHolder\":{\"@id\":\"https:\\\/\\\/tuzlainfo.ba\\\/#organization\"}},{\"@type\":\"WebPage\",\"@id\":\"https:\\\/\\\/tuzlainfo.ba\\\/index.php\\\/bosna-i-hercegovina\\\/item\\\/267910-model-povecanja-penzija-u-fbih-nepraveden-ko-ce-imati-koristi-a-ko-nece\\\/\",\"url\":\"https:\\\/\\\/tuzlainfo.ba\\\/index.php\\\/bosna-i-hercegovina\\\/item\\\/267910-model-povecanja-penzija-u-fbih-nepraveden-ko-ce-imati-koristi-a-ko-nece\\\/\",\"name\":\"Model pove\u0107anja penzija u FBiH nepraveden: Ko \u0107e imati koristi, a ko ne\u0107e?\",\"isPartOf\":{\"@id\":\"https:\\\/\\\/tuzlainfo.ba\\\/#website\"},\"primaryImageOfPage\":{\"@id\":\"https:\\\/\\\/tuzlainfo.ba\\\/index.php\\\/bosna-i-hercegovina\\\/item\\\/267910-model-povecanja-penzija-u-fbih-nepraveden-ko-ce-imati-koristi-a-ko-nece\\\/#primaryimage\"},\"image\":{\"@id\":\"https:\\\/\\\/tuzlainfo.ba\\\/index.php\\\/bosna-i-hercegovina\\\/item\\\/267910-model-povecanja-penzija-u-fbih-nepraveden-ko-ce-imati-koristi-a-ko-nece\\\/#primaryimage\"},\"thumbnailUrl\":\"https:\\\/\\\/tuzlainfo.ba\\\/wp-content\\\/uploads\\\/2021\\\/07\\\/1607_Penzioneri.jpg\",\"datePublished\":\"2025-04-22T17:02:44+00:00\",\"breadcrumb\":{\"@id\":\"https:\\\/\\\/tuzlainfo.ba\\\/index.php\\\/bosna-i-hercegovina\\\/item\\\/267910-model-povecanja-penzija-u-fbih-nepraveden-ko-ce-imati-koristi-a-ko-nece\\\/#breadcrumb\"},\"inLanguage\":\"bs-BA\",\"potentialAction\":[{\"@type\":\"ReadAction\",\"target\":[\"https:\\\/\\\/tuzlainfo.ba\\\/index.php\\\/bosna-i-hercegovina\\\/item\\\/267910-model-povecanja-penzija-u-fbih-nepraveden-ko-ce-imati-koristi-a-ko-nece\\\/\"]}]},{\"@type\":\"ImageObject\",\"inLanguage\":\"bs-BA\",\"@id\":\"https:\\\/\\\/tuzlainfo.ba\\\/index.php\\\/bosna-i-hercegovina\\\/item\\\/267910-model-povecanja-penzija-u-fbih-nepraveden-ko-ce-imati-koristi-a-ko-nece\\\/#primaryimage\",\"url\":\"https:\\\/\\\/tuzlainfo.ba\\\/wp-content\\\/uploads\\\/2021\\\/07\\\/1607_Penzioneri.jpg\",\"contentUrl\":\"https:\\\/\\\/tuzlainfo.ba\\\/wp-content\\\/uploads\\\/2021\\\/07\\\/1607_Penzioneri.jpg\",\"width\":900,\"height\":584},{\"@type\":\"BreadcrumbList\",\"@id\":\"https:\\\/\\\/tuzlainfo.ba\\\/index.php\\\/bosna-i-hercegovina\\\/item\\\/267910-model-povecanja-penzija-u-fbih-nepraveden-ko-ce-imati-koristi-a-ko-nece\\\/#breadcrumb\",\"itemListElement\":[{\"@type\":\"ListItem\",\"position\":1,\"name\":\"Home\",\"item\":\"https:\\\/\\\/tuzlainfo.ba\\\/\"},{\"@type\":\"ListItem\",\"position\":2,\"name\":\"Model pove\u0107anja penzija u FBiH nepraveden: Ko \u0107e imati koristi, a ko ne\u0107e?\"}]},{\"@type\":\"WebSite\",\"@id\":\"https:\\\/\\\/tuzlainfo.ba\\\/#website\",\"url\":\"https:\\\/\\\/tuzlainfo.ba\\\/\",\"name\":\"TuzlaInfo.ba\",\"description\":\"Tuzla info, gradski informator - Tuzla na dlanu\",\"publisher\":{\"@id\":\"https:\\\/\\\/tuzlainfo.ba\\\/#organization\"},\"potentialAction\":[{\"@type\":\"SearchAction\",\"target\":{\"@type\":\"EntryPoint\",\"urlTemplate\":\"https:\\\/\\\/tuzlainfo.ba\\\/?s={search_term_string}\"},\"query-input\":{\"@type\":\"PropertyValueSpecification\",\"valueRequired\":true,\"valueName\":\"search_term_string\"}}],\"inLanguage\":\"bs-BA\"},{\"@type\":\"Organization\",\"@id\":\"https:\\\/\\\/tuzlainfo.ba\\\/#organization\",\"name\":\"TuzlaInfo.ba\",\"url\":\"https:\\\/\\\/tuzlainfo.ba\\\/\",\"logo\":{\"@type\":\"ImageObject\",\"inLanguage\":\"bs-BA\",\"@id\":\"https:\\\/\\\/tuzlainfo.ba\\\/#\\\/schema\\\/logo\\\/image\\\/\",\"url\":\"https:\\\/\\\/tuzlainfo.ba\\\/wp-content\\\/uploads\\\/2021\\\/03\\\/logo-ver-3-1.png\",\"contentUrl\":\"https:\\\/\\\/tuzlainfo.ba\\\/wp-content\\\/uploads\\\/2021\\\/03\\\/logo-ver-3-1.png\",\"width\":350,\"height\":95,\"caption\":\"TuzlaInfo.ba\"},\"image\":{\"@id\":\"https:\\\/\\\/tuzlainfo.ba\\\/#\\\/schema\\\/logo\\\/image\\\/\"},\"sameAs\":[\"https:\\\/\\\/www.facebook.com\\\/tuzlainfo.ba\\\/\"]},{\"@type\":\"Person\",\"@id\":\"https:\\\/\\\/tuzlainfo.ba\\\/#\\\/schema\\\/person\\\/f434e20dc27ea133923aab08451b7f7f\",\"name\":\"nedim\",\"image\":{\"@type\":\"ImageObject\",\"inLanguage\":\"bs-BA\",\"@id\":\"https:\\\/\\\/secure.gravatar.com\\\/avatar\\\/5b928a2e7e70a54208d2eb6c1edcb75a5350d6ae97d5f0a701203d456823f6f3?s=96&d=mm&r=g\",\"url\":\"https:\\\/\\\/secure.gravatar.com\\\/avatar\\\/5b928a2e7e70a54208d2eb6c1edcb75a5350d6ae97d5f0a701203d456823f6f3?s=96&d=mm&r=g\",\"contentUrl\":\"https:\\\/\\\/secure.gravatar.com\\\/avatar\\\/5b928a2e7e70a54208d2eb6c1edcb75a5350d6ae97d5f0a701203d456823f6f3?s=96&d=mm&r=g\",\"caption\":\"nedim\"},\"description\":\"Tuzlainfo.ba pratite na dru\u0161tvenim mre\u017eama: Facebook, Instagram i Youtube. Svoje pri\u010de, upite i fotografije \u0161aljite na na\u0161u e-mail adresu.\"}]}<\/script>\n<!-- \/ Yoast SEO plugin. -->","yoast_head_json":{"title":"Model pove\u0107anja penzija u FBiH nepraveden: Ko \u0107e imati koristi, a ko ne\u0107e?","robots":{"index":"index","follow":"follow","max-snippet":"max-snippet:-1","max-image-preview":"max-image-preview:large","max-video-preview":"max-video-preview:-1"},"canonical":"https:\/\/tuzlainfo.ba\/index.php\/bosna-i-hercegovina\/item\/267910-model-povecanja-penzija-u-fbih-nepraveden-ko-ce-imati-koristi-a-ko-nece\/","og_locale":"bs_BA","og_type":"article","og_title":"Model pove\u0107anja penzija u FBiH nepraveden: Ko \u0107e imati koristi, a ko ne\u0107e?","og_description":"Penzioneri u Federaciji BiH od maja 2025. godine dobit \u0107e uve\u0107ane penzije za 4,49 posto, \u0161to je rezultat redovnog godi\u0161njeg uskla\u0111ivanja. Iako \u0107e pove\u0107anje va\u017eiti retroaktivno od 1. januara, mnogi me\u0111u onima s najni\u017eim primanjima upozoravaju da to ne\u0107e pokriti ni osnovne tro\u0161kove \u017eivota. Prema podacima Zavoda PIO, nova najni\u017ea penzija iznosit \u0107e 599,28 KM, [&hellip;]","og_url":"https:\/\/tuzlainfo.ba\/index.php\/bosna-i-hercegovina\/item\/267910-model-povecanja-penzija-u-fbih-nepraveden-ko-ce-imati-koristi-a-ko-nece\/","og_site_name":"TuzlaInfo.ba","article_publisher":"https:\/\/www.facebook.com\/tuzlainfo.ba\/","article_published_time":"2025-04-22T17:02:44+00:00","og_image":[{"width":900,"height":584,"url":"https:\/\/tuzlainfo.ba\/wp-content\/uploads\/2021\/07\/1607_Penzioneri.jpg","type":"image\/jpeg"}],"author":"nedim","twitter_card":"summary_large_image","twitter_misc":{"Written by":"nedim","Est. reading time":"2 minute"},"schema":{"@context":"https:\/\/schema.org","@graph":[{"@type":"Article","@id":"https:\/\/tuzlainfo.ba\/index.php\/bosna-i-hercegovina\/item\/267910-model-povecanja-penzija-u-fbih-nepraveden-ko-ce-imati-koristi-a-ko-nece\/#article","isPartOf":{"@id":"https:\/\/tuzlainfo.ba\/index.php\/bosna-i-hercegovina\/item\/267910-model-povecanja-penzija-u-fbih-nepraveden-ko-ce-imati-koristi-a-ko-nece\/"},"author":{"name":"nedim","@id":"https:\/\/tuzlainfo.ba\/#\/schema\/person\/f434e20dc27ea133923aab08451b7f7f"},"headline":"Model pove\u0107anja penzija u FBiH nepraveden: Ko \u0107e imati koristi, a ko ne\u0107e?","datePublished":"2025-04-22T17:02:44+00:00","mainEntityOfPage":{"@id":"https:\/\/tuzlainfo.ba\/index.php\/bosna-i-hercegovina\/item\/267910-model-povecanja-penzija-u-fbih-nepraveden-ko-ce-imati-koristi-a-ko-nece\/"},"wordCount":256,"publisher":{"@id":"https:\/\/tuzlainfo.ba\/#organization"},"image":{"@id":"https:\/\/tuzlainfo.ba\/index.php\/bosna-i-hercegovina\/item\/267910-model-povecanja-penzija-u-fbih-nepraveden-ko-ce-imati-koristi-a-ko-nece\/#primaryimage"},"thumbnailUrl":"https:\/\/tuzlainfo.ba\/wp-content\/uploads\/2021\/07\/1607_Penzioneri.jpg","keywords":["penzije","povecanje penzija"],"articleSection":["Bosna i Hercegovina","Istaknuto"],"inLanguage":"bs-BA","copyrightYear":"2025","copyrightHolder":{"@id":"https:\/\/tuzlainfo.ba\/#organization"}},{"@type":"WebPage","@id":"https:\/\/tuzlainfo.ba\/index.php\/bosna-i-hercegovina\/item\/267910-model-povecanja-penzija-u-fbih-nepraveden-ko-ce-imati-koristi-a-ko-nece\/","url":"https:\/\/tuzlainfo.ba\/index.php\/bosna-i-hercegovina\/item\/267910-model-povecanja-penzija-u-fbih-nepraveden-ko-ce-imati-koristi-a-ko-nece\/","name":"Model pove\u0107anja penzija u FBiH nepraveden: Ko \u0107e imati koristi, a ko ne\u0107e?","isPartOf":{"@id":"https:\/\/tuzlainfo.ba\/#website"},"primaryImageOfPage":{"@id":"https:\/\/tuzlainfo.ba\/index.php\/bosna-i-hercegovina\/item\/267910-model-povecanja-penzija-u-fbih-nepraveden-ko-ce-imati-koristi-a-ko-nece\/#primaryimage"},"image":{"@id":"https:\/\/tuzlainfo.ba\/index.php\/bosna-i-hercegovina\/item\/267910-model-povecanja-penzija-u-fbih-nepraveden-ko-ce-imati-koristi-a-ko-nece\/#primaryimage"},"thumbnailUrl":"https:\/\/tuzlainfo.ba\/wp-content\/uploads\/2021\/07\/1607_Penzioneri.jpg","datePublished":"2025-04-22T17:02:44+00:00","breadcrumb":{"@id":"https:\/\/tuzlainfo.ba\/index.php\/bosna-i-hercegovina\/item\/267910-model-povecanja-penzija-u-fbih-nepraveden-ko-ce-imati-koristi-a-ko-nece\/#breadcrumb"},"inLanguage":"bs-BA","potentialAction":[{"@type":"ReadAction","target":["https:\/\/tuzlainfo.ba\/index.php\/bosna-i-hercegovina\/item\/267910-model-povecanja-penzija-u-fbih-nepraveden-ko-ce-imati-koristi-a-ko-nece\/"]}]},{"@type":"ImageObject","inLanguage":"bs-BA","@id":"https:\/\/tuzlainfo.ba\/index.php\/bosna-i-hercegovina\/item\/267910-model-povecanja-penzija-u-fbih-nepraveden-ko-ce-imati-koristi-a-ko-nece\/#primaryimage","url":"https:\/\/tuzlainfo.ba\/wp-content\/uploads\/2021\/07\/1607_Penzioneri.jpg","contentUrl":"https:\/\/tuzlainfo.ba\/wp-content\/uploads\/2021\/07\/1607_Penzioneri.jpg","width":900,"height":584},{"@type":"BreadcrumbList","@id":"https:\/\/tuzlainfo.ba\/index.php\/bosna-i-hercegovina\/item\/267910-model-povecanja-penzija-u-fbih-nepraveden-ko-ce-imati-koristi-a-ko-nece\/#breadcrumb","itemListElement":[{"@type":"ListItem","position":1,"name":"Home","item":"https:\/\/tuzlainfo.ba\/"},{"@type":"ListItem","position":2,"name":"Model pove\u0107anja penzija u FBiH nepraveden: Ko \u0107e imati koristi, a ko ne\u0107e?"}]},{"@type":"WebSite","@id":"https:\/\/tuzlainfo.ba\/#website","url":"https:\/\/tuzlainfo.ba\/","name":"TuzlaInfo.ba","description":"Tuzla info, gradski informator - Tuzla na dlanu","publisher":{"@id":"https:\/\/tuzlainfo.ba\/#organization"},"potentialAction":[{"@type":"SearchAction","target":{"@type":"EntryPoint","urlTemplate":"https:\/\/tuzlainfo.ba\/?s={search_term_string}"},"query-input":{"@type":"PropertyValueSpecification","valueRequired":true,"valueName":"search_term_string"}}],"inLanguage":"bs-BA"},{"@type":"Organization","@id":"https:\/\/tuzlainfo.ba\/#organization","name":"TuzlaInfo.ba","url":"https:\/\/tuzlainfo.ba\/","logo":{"@type":"ImageObject","inLanguage":"bs-BA","@id":"https:\/\/tuzlainfo.ba\/#\/schema\/logo\/image\/","url":"https:\/\/tuzlainfo.ba\/wp-content\/uploads\/2021\/03\/logo-ver-3-1.png","contentUrl":"https:\/\/tuzlainfo.ba\/wp-content\/uploads\/2021\/03\/logo-ver-3-1.png","width":350,"height":95,"caption":"TuzlaInfo.ba"},"image":{"@id":"https:\/\/tuzlainfo.ba\/#\/schema\/logo\/image\/"},"sameAs":["https:\/\/www.facebook.com\/tuzlainfo.ba\/"]},{"@type":"Person","@id":"https:\/\/tuzlainfo.ba\/#\/schema\/person\/f434e20dc27ea133923aab08451b7f7f","name":"nedim","image":{"@type":"ImageObject","inLanguage":"bs-BA","@id":"https:\/\/secure.gravatar.com\/avatar\/5b928a2e7e70a54208d2eb6c1edcb75a5350d6ae97d5f0a701203d456823f6f3?s=96&d=mm&r=g","url":"https:\/\/secure.gravatar.com\/avatar\/5b928a2e7e70a54208d2eb6c1edcb75a5350d6ae97d5f0a701203d456823f6f3?s=96&d=mm&r=g","contentUrl":"https:\/\/secure.gravatar.com\/avatar\/5b928a2e7e70a54208d2eb6c1edcb75a5350d6ae97d5f0a701203d456823f6f3?s=96&d=mm&r=g","caption":"nedim"},"description":"Tuzlainfo.ba pratite na dru\u0161tvenim mre\u017eama: Facebook, Instagram i Youtube. Svoje pri\u010de, upite i fotografije \u0161aljite na na\u0161u e-mail adresu."}]}},"_links":{"self":[{"href":"https:\/\/tuzlainfo.ba\/index.php\/wp-json\/wp\/v2\/posts\/267910","targetHints":{"allow":["GET"]}}],"collection":[{"href":"https:\/\/tuzlainfo.ba\/index.php\/wp-json\/wp\/v2\/posts"}],"about":[{"href":"https:\/\/tuzlainfo.ba\/index.php\/wp-json\/wp\/v2\/types\/post"}],"author":[{"embeddable":true,"href":"https:\/\/tuzlainfo.ba\/index.php\/wp-json\/wp\/v2\/users\/2"}],"replies":[{"embeddable":true,"href":"https:\/\/tuzlainfo.ba\/index.php\/wp-json\/wp\/v2\/comments?post=267910"}],"version-history":[{"count":1,"href":"https:\/\/tuzlainfo.ba\/index.php\/wp-json\/wp\/v2\/posts\/267910\/revisions"}],"predecessor-version":[{"id":267911,"href":"https:\/\/tuzlainfo.ba\/index.php\/wp-json\/wp\/v2\/posts\/267910\/revisions\/267911"}],"wp:featuredmedia":[{"embeddable":true,"href":"https:\/\/tuzlainfo.ba\/index.php\/wp-json\/wp\/v2\/media\/142165"}],"wp:attachment":[{"href":"https:\/\/tuzlainfo.ba\/index.php\/wp-json\/wp\/v2\/media?parent=267910"}],"wp:term":[{"taxonomy":"category","embeddable":true,"href":"https:\/\/tuzlainfo.ba\/index.php\/wp-json\/wp\/v2\/categories?post=267910"},{"taxonomy":"post_tag","embeddable":true,"href":"https:\/\/tuzlainfo.ba\/index.php\/wp-json\/wp\/v2\/tags?post=267910"}],"curies":[{"name":"wp","href":"https:\/\/api.w.org\/{rel}","templated":true}]}}