{"id":267806,"date":"2025-04-22T14:04:50","date_gmt":"2025-04-22T12:04:50","guid":{"rendered":"https:\/\/tuzlainfo.ba\/?p=267806"},"modified":"2025-04-22T11:04:12","modified_gmt":"2025-04-22T09:04:12","slug":"podrska-mladim-porodicama-bih-uvodi-povrat-pdv-a-za-kupovinu-prve-kuce-ili-stana","status":"publish","type":"post","link":"https:\/\/tuzlainfo.ba\/index.php\/bosna-i-hercegovina\/item\/267806-podrska-mladim-porodicama-bih-uvodi-povrat-pdv-a-za-kupovinu-prve-kuce-ili-stana\/","title":{"rendered":"Podr\u0161ka mladim porodicama: BiH uvodi povrat PDV-a za kupovinu prve ku\u0107e ili stana"},"content":{"rendered":"<p>Sve vi\u0161e nivoa vlasti, od lokalnog do dr\u017eavnog, prepoznaje va\u017enost demografskih mjera koje omogu\u0107avaju mladima lak\u0161e rje\u0161avanje stambenog pitanja. U tom kontekstu, finansijski pristupa\u010dnije sticanje prve stambene nekretnine postaje redovna praksa u politikama koje se provode \u0161irom Bosne i Hercegovine, pi\u0161e <a href=\"https:\/\/www.akta.ba\/investicije\/nekretnine\/190214\/zakon-koji-mijenja-pravila-povrat-pdv-a-mladima-za-prvu-nekretninu\">Akta.\u00a0<\/a><\/p>\n<p>Jedan od va\u017enijih koraka na dr\u017eavnom nivou predstavlja nedavno usvajanje izmjena i dopuna Zakona o porezu na dodanu vrijednost, \u010dime je mnogim mladim porodicama olak\u0161an put ka kupovini stana ili izgradnji vlastite ku\u0107e, pi\u0161e Ve\u010dernji.ba.<\/p>\n<p>Prema usvojenom zakonskom rje\u0161enju, pravo na povrat PDV-a prilikom prve kupovine stambenog objekta ima fizi\u010dko lice koje ima dr\u017eavljanstvo BiH i stalno prebivali\u0161te unutar dr\u017eave. Posebno je nagla\u0161eno da se pod &#8220;stambenim objektom&#8221; podrazumijeva stan \u2014 odnosno &#8220;ekonomski djeljiva cjelina unutar novoizgra\u0111ene kolektivne stambene zgrade&#8221; \u2014 kao i novoizgra\u0111ena individualna ku\u0107a. Zastupnik Sa\u0161a Magazinovi\u0107 je pojasnio kako se prvobitnom verzijom zakona PDV vra\u0107ao samo za kupovinu stana, ali su naknadnim amandmanima u obuhvat uklju\u010dene i ku\u0107e.<\/p>\n<p><strong>Podzakonski akti i tehni\u010dki uslovi<\/strong><\/p>\n<p>Za punu primjenu Zakona neophodno je usvajanje podzakonskih akata od strane Upravnog odbora Uprave za indirektno oporezivanje. U tim dokumentima \u0107e biti precizirani svi uslovi i na\u010dini ostvarivanja prava na povrat PDV-a \u2014 uklju\u010duju\u0107i nadle\u017ena tijela za izdavanje potrebnih potvrda, minimalni period u kojem korisnik ne smije otu\u0111iti nekretninu, maksimalni iznos povrata, kao i propisanu kvadraturu i vrijednost objekta.<\/p>\n<p>Upravni odbor je ve\u0107 razmatrao prijedloge izmjena Pravilnika o primjeni Zakona o PDV-u, koji bi omogu\u0107ili provedbu usvojenih zakonskih izmjena. Prvi nacrt pravilnika je izra\u0111en i o\u010dekuje se njegovo razmatranje na narednoj sjednici.<\/p>\n<p><strong>Kvadratura i specifi\u010dni limiti povrata<\/strong><\/p>\n<p>U skladu s tehni\u010dkim specifikacijama, predvi\u0111eno je da povrat PDV-a pokriva osnovnu povr\u0161inu stambenog prostora od 40 kvadratnih metara za nosioca prava, uz dodatnih 15 kvadratnih metara za svakog dodatnog \u010dlana doma\u0107instva koji do tada nije koristio pravo na povrat za kupovinu stana.<\/p>\n<p>&nbsp;<\/p>\n","protected":false},"excerpt":{"rendered":"<p>Sve vi\u0161e nivoa vlasti, od lokalnog do dr\u017eavnog, prepoznaje va\u017enost demografskih mjera koje omogu\u0107avaju mladima&hellip;<\/p>\n","protected":false},"author":4,"featured_media":168570,"comment_status":"closed","ping_status":"closed","sticky":false,"template":"","format":"standard","meta":{"_acf_changed":false,"footnotes":""},"categories":[291,304],"tags":[3013,2164,12115],"acf":[],"yoast_head":"<!-- This site is optimized with the Yoast SEO plugin v23.5 - https:\/\/yoast.com\/wordpress\/plugins\/seo\/ -->\n<title>Podr\u0161ka mladim porodicama: BiH uvodi povrat PDV-a za kupovinu prve ku\u0107e ili stana - TuzlaInfo.ba<\/title>\n<meta name=\"robots\" content=\"index, follow, max-snippet:-1, max-image-preview:large, max-video-preview:-1\" \/>\n<link rel=\"canonical\" href=\"https:\/\/tuzlainfo.ba\/index.php\/bosna-i-hercegovina\/item\/267806-podrska-mladim-porodicama-bih-uvodi-povrat-pdv-a-za-kupovinu-prve-kuce-ili-stana\/\" \/>\n<meta property=\"og:locale\" content=\"bs_BA\" \/>\n<meta property=\"og:type\" content=\"article\" \/>\n<meta property=\"og:title\" content=\"Podr\u0161ka mladim porodicama: BiH uvodi povrat PDV-a za kupovinu prve ku\u0107e ili stana - TuzlaInfo.ba\" \/>\n<meta property=\"og:description\" content=\"Sve vi\u0161e nivoa vlasti, od lokalnog do dr\u017eavnog, prepoznaje va\u017enost demografskih mjera koje omogu\u0107avaju mladima&hellip;\" \/>\n<meta property=\"og:url\" content=\"https:\/\/tuzlainfo.ba\/index.php\/bosna-i-hercegovina\/item\/267806-podrska-mladim-porodicama-bih-uvodi-povrat-pdv-a-za-kupovinu-prve-kuce-ili-stana\/\" \/>\n<meta property=\"og:site_name\" content=\"TuzlaInfo.ba\" \/>\n<meta property=\"article:publisher\" content=\"https:\/\/www.facebook.com\/tuzlainfo.ba\/\" \/>\n<meta property=\"article:published_time\" content=\"2025-04-22T12:04:50+00:00\" \/>\n<meta property=\"article:modified_time\" content=\"2025-04-22T09:04:12+00:00\" \/>\n<meta property=\"og:image\" content=\"https:\/\/tuzlainfo.ba\/wp-content\/uploads\/2022\/04\/0504-stan_kljucevi_stambeno-pitanje.jpg\" \/>\n\t<meta property=\"og:image:width\" content=\"800\" \/>\n\t<meta property=\"og:image:height\" content=\"600\" \/>\n\t<meta property=\"og:image:type\" content=\"image\/jpeg\" \/>\n<meta name=\"author\" content=\"Tuzla Info\" \/>\n<meta name=\"twitter:card\" content=\"summary_large_image\" \/>\n<meta name=\"twitter:label1\" content=\"Written by\" \/>\n\t<meta name=\"twitter:data1\" content=\"Tuzla Info\" \/>\n\t<meta name=\"twitter:label2\" content=\"Est. reading time\" \/>\n\t<meta name=\"twitter:data2\" content=\"2 minute\" \/>\n<script type=\"application\/ld+json\" class=\"yoast-schema-graph\">{\"@context\":\"https:\/\/schema.org\",\"@graph\":[{\"@type\":\"Article\",\"@id\":\"https:\/\/tuzlainfo.ba\/index.php\/bosna-i-hercegovina\/item\/267806-podrska-mladim-porodicama-bih-uvodi-povrat-pdv-a-za-kupovinu-prve-kuce-ili-stana\/#article\",\"isPartOf\":{\"@id\":\"https:\/\/tuzlainfo.ba\/index.php\/bosna-i-hercegovina\/item\/267806-podrska-mladim-porodicama-bih-uvodi-povrat-pdv-a-za-kupovinu-prve-kuce-ili-stana\/\"},\"author\":{\"name\":\"Tuzla Info\",\"@id\":\"https:\/\/tuzlainfo.ba\/#\/schema\/person\/46cad4c57790cbc50781edd14870825a\"},\"headline\":\"Podr\u0161ka mladim porodicama: BiH uvodi povrat PDV-a za kupovinu prve ku\u0107e ili stana\",\"datePublished\":\"2025-04-22T12:04:50+00:00\",\"dateModified\":\"2025-04-22T09:04:12+00:00\",\"mainEntityOfPage\":{\"@id\":\"https:\/\/tuzlainfo.ba\/index.php\/bosna-i-hercegovina\/item\/267806-podrska-mladim-porodicama-bih-uvodi-povrat-pdv-a-za-kupovinu-prve-kuce-ili-stana\/\"},\"wordCount\":351,\"publisher\":{\"@id\":\"https:\/\/tuzlainfo.ba\/#organization\"},\"image\":{\"@id\":\"https:\/\/tuzlainfo.ba\/index.php\/bosna-i-hercegovina\/item\/267806-podrska-mladim-porodicama-bih-uvodi-povrat-pdv-a-za-kupovinu-prve-kuce-ili-stana\/#primaryimage\"},\"thumbnailUrl\":\"https:\/\/tuzlainfo.ba\/wp-content\/uploads\/2022\/04\/0504-stan_kljucevi_stambeno-pitanje.jpg\",\"keywords\":[\"PDV\",\"podr\u0161ka\",\"povrat\"],\"articleSection\":[\"Bosna i Hercegovina\",\"Istaknuto\"],\"inLanguage\":\"bs-BA\"},{\"@type\":\"WebPage\",\"@id\":\"https:\/\/tuzlainfo.ba\/index.php\/bosna-i-hercegovina\/item\/267806-podrska-mladim-porodicama-bih-uvodi-povrat-pdv-a-za-kupovinu-prve-kuce-ili-stana\/\",\"url\":\"https:\/\/tuzlainfo.ba\/index.php\/bosna-i-hercegovina\/item\/267806-podrska-mladim-porodicama-bih-uvodi-povrat-pdv-a-za-kupovinu-prve-kuce-ili-stana\/\",\"name\":\"Podr\u0161ka mladim porodicama: BiH uvodi povrat PDV-a za kupovinu prve ku\u0107e ili stana - TuzlaInfo.ba\",\"isPartOf\":{\"@id\":\"https:\/\/tuzlainfo.ba\/#website\"},\"primaryImageOfPage\":{\"@id\":\"https:\/\/tuzlainfo.ba\/index.php\/bosna-i-hercegovina\/item\/267806-podrska-mladim-porodicama-bih-uvodi-povrat-pdv-a-za-kupovinu-prve-kuce-ili-stana\/#primaryimage\"},\"image\":{\"@id\":\"https:\/\/tuzlainfo.ba\/index.php\/bosna-i-hercegovina\/item\/267806-podrska-mladim-porodicama-bih-uvodi-povrat-pdv-a-za-kupovinu-prve-kuce-ili-stana\/#primaryimage\"},\"thumbnailUrl\":\"https:\/\/tuzlainfo.ba\/wp-content\/uploads\/2022\/04\/0504-stan_kljucevi_stambeno-pitanje.jpg\",\"datePublished\":\"2025-04-22T12:04:50+00:00\",\"dateModified\":\"2025-04-22T09:04:12+00:00\",\"breadcrumb\":{\"@id\":\"https:\/\/tuzlainfo.ba\/index.php\/bosna-i-hercegovina\/item\/267806-podrska-mladim-porodicama-bih-uvodi-povrat-pdv-a-za-kupovinu-prve-kuce-ili-stana\/#breadcrumb\"},\"inLanguage\":\"bs-BA\",\"potentialAction\":[{\"@type\":\"ReadAction\",\"target\":[\"https:\/\/tuzlainfo.ba\/index.php\/bosna-i-hercegovina\/item\/267806-podrska-mladim-porodicama-bih-uvodi-povrat-pdv-a-za-kupovinu-prve-kuce-ili-stana\/\"]}]},{\"@type\":\"ImageObject\",\"inLanguage\":\"bs-BA\",\"@id\":\"https:\/\/tuzlainfo.ba\/index.php\/bosna-i-hercegovina\/item\/267806-podrska-mladim-porodicama-bih-uvodi-povrat-pdv-a-za-kupovinu-prve-kuce-ili-stana\/#primaryimage\",\"url\":\"https:\/\/tuzlainfo.ba\/wp-content\/uploads\/2022\/04\/0504-stan_kljucevi_stambeno-pitanje.jpg\",\"contentUrl\":\"https:\/\/tuzlainfo.ba\/wp-content\/uploads\/2022\/04\/0504-stan_kljucevi_stambeno-pitanje.jpg\",\"width\":800,\"height\":600},{\"@type\":\"BreadcrumbList\",\"@id\":\"https:\/\/tuzlainfo.ba\/index.php\/bosna-i-hercegovina\/item\/267806-podrska-mladim-porodicama-bih-uvodi-povrat-pdv-a-za-kupovinu-prve-kuce-ili-stana\/#breadcrumb\",\"itemListElement\":[{\"@type\":\"ListItem\",\"position\":1,\"name\":\"Home\",\"item\":\"https:\/\/tuzlainfo.ba\/\"},{\"@type\":\"ListItem\",\"position\":2,\"name\":\"Podr\u0161ka mladim porodicama: BiH uvodi povrat PDV-a za kupovinu prve ku\u0107e ili stana\"}]},{\"@type\":\"WebSite\",\"@id\":\"https:\/\/tuzlainfo.ba\/#website\",\"url\":\"https:\/\/tuzlainfo.ba\/\",\"name\":\"TuzlaInfo.ba\",\"description\":\"Tuzla info, gradski informator - Tuzla na dlanu\",\"publisher\":{\"@id\":\"https:\/\/tuzlainfo.ba\/#organization\"},\"potentialAction\":[{\"@type\":\"SearchAction\",\"target\":{\"@type\":\"EntryPoint\",\"urlTemplate\":\"https:\/\/tuzlainfo.ba\/?s={search_term_string}\"},\"query-input\":{\"@type\":\"PropertyValueSpecification\",\"valueRequired\":true,\"valueName\":\"search_term_string\"}}],\"inLanguage\":\"bs-BA\"},{\"@type\":\"Organization\",\"@id\":\"https:\/\/tuzlainfo.ba\/#organization\",\"name\":\"TuzlaInfo.ba\",\"url\":\"https:\/\/tuzlainfo.ba\/\",\"logo\":{\"@type\":\"ImageObject\",\"inLanguage\":\"bs-BA\",\"@id\":\"https:\/\/tuzlainfo.ba\/#\/schema\/logo\/image\/\",\"url\":\"https:\/\/tuzlainfo.ba\/wp-content\/uploads\/2021\/03\/logo-ver-3-1.png\",\"contentUrl\":\"https:\/\/tuzlainfo.ba\/wp-content\/uploads\/2021\/03\/logo-ver-3-1.png\",\"width\":350,\"height\":95,\"caption\":\"TuzlaInfo.ba\"},\"image\":{\"@id\":\"https:\/\/tuzlainfo.ba\/#\/schema\/logo\/image\/\"},\"sameAs\":[\"https:\/\/www.facebook.com\/tuzlainfo.ba\/\"]},{\"@type\":\"Person\",\"@id\":\"https:\/\/tuzlainfo.ba\/#\/schema\/person\/46cad4c57790cbc50781edd14870825a\",\"name\":\"Tuzla Info\",\"image\":{\"@type\":\"ImageObject\",\"inLanguage\":\"bs-BA\",\"@id\":\"https:\/\/tuzlainfo.ba\/#\/schema\/person\/image\/\",\"url\":\"https:\/\/tuzlainfo.ba\/wp-content\/litespeed\/avatar\/b6c453a6c38e3654f2e4416c643fc25c.jpg?ver=1777051911\",\"contentUrl\":\"https:\/\/tuzlainfo.ba\/wp-content\/litespeed\/avatar\/b6c453a6c38e3654f2e4416c643fc25c.jpg?ver=1777051911\",\"caption\":\"Tuzla Info\"}}]}<\/script>\n<!-- \/ Yoast SEO plugin. -->","yoast_head_json":{"title":"Podr\u0161ka mladim porodicama: BiH uvodi povrat PDV-a za kupovinu prve ku\u0107e ili stana - TuzlaInfo.ba","robots":{"index":"index","follow":"follow","max-snippet":"max-snippet:-1","max-image-preview":"max-image-preview:large","max-video-preview":"max-video-preview:-1"},"canonical":"https:\/\/tuzlainfo.ba\/index.php\/bosna-i-hercegovina\/item\/267806-podrska-mladim-porodicama-bih-uvodi-povrat-pdv-a-za-kupovinu-prve-kuce-ili-stana\/","og_locale":"bs_BA","og_type":"article","og_title":"Podr\u0161ka mladim porodicama: BiH uvodi povrat PDV-a za kupovinu prve ku\u0107e ili stana - TuzlaInfo.ba","og_description":"Sve vi\u0161e nivoa vlasti, od lokalnog do dr\u017eavnog, prepoznaje va\u017enost demografskih mjera koje omogu\u0107avaju mladima&hellip;","og_url":"https:\/\/tuzlainfo.ba\/index.php\/bosna-i-hercegovina\/item\/267806-podrska-mladim-porodicama-bih-uvodi-povrat-pdv-a-za-kupovinu-prve-kuce-ili-stana\/","og_site_name":"TuzlaInfo.ba","article_publisher":"https:\/\/www.facebook.com\/tuzlainfo.ba\/","article_published_time":"2025-04-22T12:04:50+00:00","article_modified_time":"2025-04-22T09:04:12+00:00","og_image":[{"width":800,"height":600,"url":"https:\/\/tuzlainfo.ba\/wp-content\/uploads\/2022\/04\/0504-stan_kljucevi_stambeno-pitanje.jpg","type":"image\/jpeg"}],"author":"Tuzla Info","twitter_card":"summary_large_image","twitter_misc":{"Written by":"Tuzla Info","Est. reading time":"2 minute"},"schema":{"@context":"https:\/\/schema.org","@graph":[{"@type":"Article","@id":"https:\/\/tuzlainfo.ba\/index.php\/bosna-i-hercegovina\/item\/267806-podrska-mladim-porodicama-bih-uvodi-povrat-pdv-a-za-kupovinu-prve-kuce-ili-stana\/#article","isPartOf":{"@id":"https:\/\/tuzlainfo.ba\/index.php\/bosna-i-hercegovina\/item\/267806-podrska-mladim-porodicama-bih-uvodi-povrat-pdv-a-za-kupovinu-prve-kuce-ili-stana\/"},"author":{"name":"Tuzla Info","@id":"https:\/\/tuzlainfo.ba\/#\/schema\/person\/46cad4c57790cbc50781edd14870825a"},"headline":"Podr\u0161ka mladim porodicama: BiH uvodi povrat PDV-a za kupovinu prve ku\u0107e ili stana","datePublished":"2025-04-22T12:04:50+00:00","dateModified":"2025-04-22T09:04:12+00:00","mainEntityOfPage":{"@id":"https:\/\/tuzlainfo.ba\/index.php\/bosna-i-hercegovina\/item\/267806-podrska-mladim-porodicama-bih-uvodi-povrat-pdv-a-za-kupovinu-prve-kuce-ili-stana\/"},"wordCount":351,"publisher":{"@id":"https:\/\/tuzlainfo.ba\/#organization"},"image":{"@id":"https:\/\/tuzlainfo.ba\/index.php\/bosna-i-hercegovina\/item\/267806-podrska-mladim-porodicama-bih-uvodi-povrat-pdv-a-za-kupovinu-prve-kuce-ili-stana\/#primaryimage"},"thumbnailUrl":"https:\/\/tuzlainfo.ba\/wp-content\/uploads\/2022\/04\/0504-stan_kljucevi_stambeno-pitanje.jpg","keywords":["PDV","podr\u0161ka","povrat"],"articleSection":["Bosna i Hercegovina","Istaknuto"],"inLanguage":"bs-BA"},{"@type":"WebPage","@id":"https:\/\/tuzlainfo.ba\/index.php\/bosna-i-hercegovina\/item\/267806-podrska-mladim-porodicama-bih-uvodi-povrat-pdv-a-za-kupovinu-prve-kuce-ili-stana\/","url":"https:\/\/tuzlainfo.ba\/index.php\/bosna-i-hercegovina\/item\/267806-podrska-mladim-porodicama-bih-uvodi-povrat-pdv-a-za-kupovinu-prve-kuce-ili-stana\/","name":"Podr\u0161ka mladim porodicama: BiH uvodi povrat PDV-a za kupovinu prve ku\u0107e ili stana - TuzlaInfo.ba","isPartOf":{"@id":"https:\/\/tuzlainfo.ba\/#website"},"primaryImageOfPage":{"@id":"https:\/\/tuzlainfo.ba\/index.php\/bosna-i-hercegovina\/item\/267806-podrska-mladim-porodicama-bih-uvodi-povrat-pdv-a-za-kupovinu-prve-kuce-ili-stana\/#primaryimage"},"image":{"@id":"https:\/\/tuzlainfo.ba\/index.php\/bosna-i-hercegovina\/item\/267806-podrska-mladim-porodicama-bih-uvodi-povrat-pdv-a-za-kupovinu-prve-kuce-ili-stana\/#primaryimage"},"thumbnailUrl":"https:\/\/tuzlainfo.ba\/wp-content\/uploads\/2022\/04\/0504-stan_kljucevi_stambeno-pitanje.jpg","datePublished":"2025-04-22T12:04:50+00:00","dateModified":"2025-04-22T09:04:12+00:00","breadcrumb":{"@id":"https:\/\/tuzlainfo.ba\/index.php\/bosna-i-hercegovina\/item\/267806-podrska-mladim-porodicama-bih-uvodi-povrat-pdv-a-za-kupovinu-prve-kuce-ili-stana\/#breadcrumb"},"inLanguage":"bs-BA","potentialAction":[{"@type":"ReadAction","target":["https:\/\/tuzlainfo.ba\/index.php\/bosna-i-hercegovina\/item\/267806-podrska-mladim-porodicama-bih-uvodi-povrat-pdv-a-za-kupovinu-prve-kuce-ili-stana\/"]}]},{"@type":"ImageObject","inLanguage":"bs-BA","@id":"https:\/\/tuzlainfo.ba\/index.php\/bosna-i-hercegovina\/item\/267806-podrska-mladim-porodicama-bih-uvodi-povrat-pdv-a-za-kupovinu-prve-kuce-ili-stana\/#primaryimage","url":"https:\/\/tuzlainfo.ba\/wp-content\/uploads\/2022\/04\/0504-stan_kljucevi_stambeno-pitanje.jpg","contentUrl":"https:\/\/tuzlainfo.ba\/wp-content\/uploads\/2022\/04\/0504-stan_kljucevi_stambeno-pitanje.jpg","width":800,"height":600},{"@type":"BreadcrumbList","@id":"https:\/\/tuzlainfo.ba\/index.php\/bosna-i-hercegovina\/item\/267806-podrska-mladim-porodicama-bih-uvodi-povrat-pdv-a-za-kupovinu-prve-kuce-ili-stana\/#breadcrumb","itemListElement":[{"@type":"ListItem","position":1,"name":"Home","item":"https:\/\/tuzlainfo.ba\/"},{"@type":"ListItem","position":2,"name":"Podr\u0161ka mladim porodicama: BiH uvodi povrat PDV-a za kupovinu prve ku\u0107e ili stana"}]},{"@type":"WebSite","@id":"https:\/\/tuzlainfo.ba\/#website","url":"https:\/\/tuzlainfo.ba\/","name":"TuzlaInfo.ba","description":"Tuzla info, gradski informator - Tuzla na dlanu","publisher":{"@id":"https:\/\/tuzlainfo.ba\/#organization"},"potentialAction":[{"@type":"SearchAction","target":{"@type":"EntryPoint","urlTemplate":"https:\/\/tuzlainfo.ba\/?s={search_term_string}"},"query-input":{"@type":"PropertyValueSpecification","valueRequired":true,"valueName":"search_term_string"}}],"inLanguage":"bs-BA"},{"@type":"Organization","@id":"https:\/\/tuzlainfo.ba\/#organization","name":"TuzlaInfo.ba","url":"https:\/\/tuzlainfo.ba\/","logo":{"@type":"ImageObject","inLanguage":"bs-BA","@id":"https:\/\/tuzlainfo.ba\/#\/schema\/logo\/image\/","url":"https:\/\/tuzlainfo.ba\/wp-content\/uploads\/2021\/03\/logo-ver-3-1.png","contentUrl":"https:\/\/tuzlainfo.ba\/wp-content\/uploads\/2021\/03\/logo-ver-3-1.png","width":350,"height":95,"caption":"TuzlaInfo.ba"},"image":{"@id":"https:\/\/tuzlainfo.ba\/#\/schema\/logo\/image\/"},"sameAs":["https:\/\/www.facebook.com\/tuzlainfo.ba\/"]},{"@type":"Person","@id":"https:\/\/tuzlainfo.ba\/#\/schema\/person\/46cad4c57790cbc50781edd14870825a","name":"Tuzla Info","image":{"@type":"ImageObject","inLanguage":"bs-BA","@id":"https:\/\/tuzlainfo.ba\/#\/schema\/person\/image\/","url":"https:\/\/tuzlainfo.ba\/wp-content\/litespeed\/avatar\/b6c453a6c38e3654f2e4416c643fc25c.jpg?ver=1777051911","contentUrl":"https:\/\/tuzlainfo.ba\/wp-content\/litespeed\/avatar\/b6c453a6c38e3654f2e4416c643fc25c.jpg?ver=1777051911","caption":"Tuzla Info"}}]}},"_links":{"self":[{"href":"https:\/\/tuzlainfo.ba\/index.php\/wp-json\/wp\/v2\/posts\/267806"}],"collection":[{"href":"https:\/\/tuzlainfo.ba\/index.php\/wp-json\/wp\/v2\/posts"}],"about":[{"href":"https:\/\/tuzlainfo.ba\/index.php\/wp-json\/wp\/v2\/types\/post"}],"author":[{"embeddable":true,"href":"https:\/\/tuzlainfo.ba\/index.php\/wp-json\/wp\/v2\/users\/4"}],"replies":[{"embeddable":true,"href":"https:\/\/tuzlainfo.ba\/index.php\/wp-json\/wp\/v2\/comments?post=267806"}],"version-history":[{"count":1,"href":"https:\/\/tuzlainfo.ba\/index.php\/wp-json\/wp\/v2\/posts\/267806\/revisions"}],"predecessor-version":[{"id":267807,"href":"https:\/\/tuzlainfo.ba\/index.php\/wp-json\/wp\/v2\/posts\/267806\/revisions\/267807"}],"wp:featuredmedia":[{"embeddable":true,"href":"https:\/\/tuzlainfo.ba\/index.php\/wp-json\/wp\/v2\/media\/168570"}],"wp:attachment":[{"href":"https:\/\/tuzlainfo.ba\/index.php\/wp-json\/wp\/v2\/media?parent=267806"}],"wp:term":[{"taxonomy":"category","embeddable":true,"href":"https:\/\/tuzlainfo.ba\/index.php\/wp-json\/wp\/v2\/categories?post=267806"},{"taxonomy":"post_tag","embeddable":true,"href":"https:\/\/tuzlainfo.ba\/index.php\/wp-json\/wp\/v2\/tags?post=267806"}],"curies":[{"name":"wp","href":"https:\/\/api.w.org\/{rel}","templated":true}]}}