{"id":267779,"date":"2025-04-21T07:49:42","date_gmt":"2025-04-21T05:49:42","guid":{"rendered":"https:\/\/tuzlainfo.ba\/?p=267779"},"modified":"2025-04-21T07:49:42","modified_gmt":"2025-04-21T05:49:42","slug":"danas-suncano-kakvo-nas-vrijeme-ocekuje-u-naredna-tri-dana-10","status":"publish","type":"post","link":"https:\/\/tuzlainfo.ba\/index.php\/bosna-i-hercegovina\/item\/267779-danas-suncano-kakvo-nas-vrijeme-ocekuje-u-naredna-tri-dana-10\/","title":{"rendered":"Danas sun\u010dano: Kakvo nas vrijeme o\u010dekuje u naredna tri dana?"},"content":{"rendered":"<p>Prema prognozi FHMZ-a danas prije podne \u0107e biti prete\u017eno sun\u010dano vrijeme. U drugom dijelu dana o\u010dekuje se razvoj obla\u010dnosti koji \u0107e \u0161irom zemlje usloviti lokalne pljuskove i grmljavinu. Vjetar slab isto\u010dnog i jugoisto\u010dnog smjera. Najni\u017ea jutarnja temperatura zraka ve\u0107inom izme\u0111u 6 i 12\u00b0C. Najvi\u0161a dnevna temperatura zraka uglavnom izme\u0111u 21 i 27\u00b0C.<\/p>\n<p><strong>U utorak 22.4.2025.<\/strong> u Bosni i Hercegovini umjereno do prete\u017eno obla\u010dno i nestabilno vrijeme sa ja\u010dim pljuskovima i grmljavinom. Vjetar slab do umjerene ja\u010dine sjevernog i sjeveroisto\u010dnog smjera. Najni\u017ea jutarnja temperatura zraka ve\u0107inom izme\u0111u 8 i 14\u00b0C. Najvi\u0161a dnevna temperatura zraka izme\u0111u 19 i 25\u00b0C.<\/p>\n<p><strong>U srijedu 23.4.2025.<\/strong> u Bosni i Hercegovini prete\u017eno obla\u010dno i nestabilno vrijeme sa ki\u0161om i pljuskovima. Vjetar slab sjevernog i sjeveroisto\u010dnog smjera. Najni\u017ea jutarnja temperatura zraka izme\u0111u 8 i 14\u00b0C. Najvi\u0161a dnevna temperatura zraka izme\u0111u 17 i 23\u00b0C.<\/p>\n<p><strong>U \u010detvrtak 24.4.2025.<\/strong> u Bosni i Hercegovini prete\u017eno obla\u010dno i nestabilno vrijeme sa ki\u0161om i pljuskovima. Vjetar slab, u Bosni sjevernog i sjeveroisto\u010dnog smjera, a u Hercegovini ju\u017enog smjera. Najni\u017ea jutarnja temperatura zraka ve\u0107inom izme\u0111u 8 i 13\u00b0C. Najvi\u0161a dnevna temperatura zraka uglavnom izme\u0111u 16 i 21\u00b0C.<\/p>\n","protected":false},"excerpt":{"rendered":"<p>Prema prognozi FHMZ-a danas prije podne \u0107e biti prete\u017eno sun\u010dano vrijeme. U drugom dijelu dana&hellip;<\/p>\n","protected":false},"author":2,"featured_media":200630,"comment_status":"closed","ping_status":"closed","sticky":false,"template":"","format":"standard","meta":{"_acf_changed":false,"footnotes":""},"categories":[291,304],"tags":[1042,312],"acf":[],"yoast_head":"<!-- This site is optimized with the Yoast SEO plugin v23.5 - https:\/\/yoast.com\/wordpress\/plugins\/seo\/ -->\n<title>Danas sun\u010dano: Kakvo nas vrijeme o\u010dekuje u naredna tri dana? - TuzlaInfo.ba<\/title>\n<meta name=\"robots\" content=\"index, follow, max-snippet:-1, max-image-preview:large, max-video-preview:-1\" \/>\n<link rel=\"canonical\" href=\"https:\/\/tuzlainfo.ba\/index.php\/bosna-i-hercegovina\/item\/267779-danas-suncano-kakvo-nas-vrijeme-ocekuje-u-naredna-tri-dana-10\/\" \/>\n<meta property=\"og:locale\" content=\"bs_BA\" \/>\n<meta property=\"og:type\" content=\"article\" \/>\n<meta property=\"og:title\" content=\"Danas sun\u010dano: Kakvo nas vrijeme o\u010dekuje u naredna tri dana? - TuzlaInfo.ba\" \/>\n<meta property=\"og:description\" content=\"Prema prognozi FHMZ-a danas prije podne \u0107e biti prete\u017eno sun\u010dano vrijeme. U drugom dijelu dana&hellip;\" \/>\n<meta property=\"og:url\" content=\"https:\/\/tuzlainfo.ba\/index.php\/bosna-i-hercegovina\/item\/267779-danas-suncano-kakvo-nas-vrijeme-ocekuje-u-naredna-tri-dana-10\/\" \/>\n<meta property=\"og:site_name\" content=\"TuzlaInfo.ba\" \/>\n<meta property=\"article:publisher\" content=\"https:\/\/www.facebook.com\/tuzlainfo.ba\/\" \/>\n<meta property=\"article:published_time\" content=\"2025-04-21T05:49:42+00:00\" \/>\n<meta property=\"og:image\" content=\"https:\/\/tuzlainfo.ba\/wp-content\/uploads\/2023\/03\/334901096_3035331816771696_2603548809480002078_n.jpg\" \/>\n\t<meta property=\"og:image:width\" content=\"1000\" \/>\n\t<meta property=\"og:image:height\" content=\"750\" \/>\n\t<meta property=\"og:image:type\" content=\"image\/jpeg\" \/>\n<meta name=\"author\" content=\"nedim\" \/>\n<meta name=\"twitter:card\" content=\"summary_large_image\" \/>\n<meta name=\"twitter:label1\" content=\"Written by\" \/>\n\t<meta name=\"twitter:data1\" content=\"nedim\" \/>\n\t<meta name=\"twitter:label2\" content=\"Est. reading time\" \/>\n\t<meta name=\"twitter:data2\" content=\"2 minute\" \/>\n<script type=\"application\/ld+json\" class=\"yoast-schema-graph\">{\"@context\":\"https:\/\/schema.org\",\"@graph\":[{\"@type\":\"Article\",\"@id\":\"https:\/\/tuzlainfo.ba\/index.php\/bosna-i-hercegovina\/item\/267779-danas-suncano-kakvo-nas-vrijeme-ocekuje-u-naredna-tri-dana-10\/#article\",\"isPartOf\":{\"@id\":\"https:\/\/tuzlainfo.ba\/index.php\/bosna-i-hercegovina\/item\/267779-danas-suncano-kakvo-nas-vrijeme-ocekuje-u-naredna-tri-dana-10\/\"},\"author\":{\"name\":\"nedim\",\"@id\":\"https:\/\/tuzlainfo.ba\/#\/schema\/person\/f434e20dc27ea133923aab08451b7f7f\"},\"headline\":\"Danas sun\u010dano: Kakvo nas vrijeme o\u010dekuje u naredna tri dana?\",\"datePublished\":\"2025-04-21T05:49:42+00:00\",\"dateModified\":\"2025-04-21T05:49:42+00:00\",\"mainEntityOfPage\":{\"@id\":\"https:\/\/tuzlainfo.ba\/index.php\/bosna-i-hercegovina\/item\/267779-danas-suncano-kakvo-nas-vrijeme-ocekuje-u-naredna-tri-dana-10\/\"},\"wordCount\":222,\"publisher\":{\"@id\":\"https:\/\/tuzlainfo.ba\/#organization\"},\"image\":{\"@id\":\"https:\/\/tuzlainfo.ba\/index.php\/bosna-i-hercegovina\/item\/267779-danas-suncano-kakvo-nas-vrijeme-ocekuje-u-naredna-tri-dana-10\/#primaryimage\"},\"thumbnailUrl\":\"https:\/\/tuzlainfo.ba\/wp-content\/uploads\/2023\/03\/334901096_3035331816771696_2603548809480002078_n.jpg\",\"keywords\":[\"prognoza\",\"vrijeme\"],\"articleSection\":[\"Bosna i Hercegovina\",\"Istaknuto\"],\"inLanguage\":\"bs-BA\"},{\"@type\":\"WebPage\",\"@id\":\"https:\/\/tuzlainfo.ba\/index.php\/bosna-i-hercegovina\/item\/267779-danas-suncano-kakvo-nas-vrijeme-ocekuje-u-naredna-tri-dana-10\/\",\"url\":\"https:\/\/tuzlainfo.ba\/index.php\/bosna-i-hercegovina\/item\/267779-danas-suncano-kakvo-nas-vrijeme-ocekuje-u-naredna-tri-dana-10\/\",\"name\":\"Danas sun\u010dano: Kakvo nas vrijeme o\u010dekuje u naredna tri dana? - TuzlaInfo.ba\",\"isPartOf\":{\"@id\":\"https:\/\/tuzlainfo.ba\/#website\"},\"primaryImageOfPage\":{\"@id\":\"https:\/\/tuzlainfo.ba\/index.php\/bosna-i-hercegovina\/item\/267779-danas-suncano-kakvo-nas-vrijeme-ocekuje-u-naredna-tri-dana-10\/#primaryimage\"},\"image\":{\"@id\":\"https:\/\/tuzlainfo.ba\/index.php\/bosna-i-hercegovina\/item\/267779-danas-suncano-kakvo-nas-vrijeme-ocekuje-u-naredna-tri-dana-10\/#primaryimage\"},\"thumbnailUrl\":\"https:\/\/tuzlainfo.ba\/wp-content\/uploads\/2023\/03\/334901096_3035331816771696_2603548809480002078_n.jpg\",\"datePublished\":\"2025-04-21T05:49:42+00:00\",\"dateModified\":\"2025-04-21T05:49:42+00:00\",\"breadcrumb\":{\"@id\":\"https:\/\/tuzlainfo.ba\/index.php\/bosna-i-hercegovina\/item\/267779-danas-suncano-kakvo-nas-vrijeme-ocekuje-u-naredna-tri-dana-10\/#breadcrumb\"},\"inLanguage\":\"bs-BA\",\"potentialAction\":[{\"@type\":\"ReadAction\",\"target\":[\"https:\/\/tuzlainfo.ba\/index.php\/bosna-i-hercegovina\/item\/267779-danas-suncano-kakvo-nas-vrijeme-ocekuje-u-naredna-tri-dana-10\/\"]}]},{\"@type\":\"ImageObject\",\"inLanguage\":\"bs-BA\",\"@id\":\"https:\/\/tuzlainfo.ba\/index.php\/bosna-i-hercegovina\/item\/267779-danas-suncano-kakvo-nas-vrijeme-ocekuje-u-naredna-tri-dana-10\/#primaryimage\",\"url\":\"https:\/\/tuzlainfo.ba\/wp-content\/uploads\/2023\/03\/334901096_3035331816771696_2603548809480002078_n.jpg\",\"contentUrl\":\"https:\/\/tuzlainfo.ba\/wp-content\/uploads\/2023\/03\/334901096_3035331816771696_2603548809480002078_n.jpg\",\"width\":1000,\"height\":750},{\"@type\":\"BreadcrumbList\",\"@id\":\"https:\/\/tuzlainfo.ba\/index.php\/bosna-i-hercegovina\/item\/267779-danas-suncano-kakvo-nas-vrijeme-ocekuje-u-naredna-tri-dana-10\/#breadcrumb\",\"itemListElement\":[{\"@type\":\"ListItem\",\"position\":1,\"name\":\"Home\",\"item\":\"https:\/\/tuzlainfo.ba\/\"},{\"@type\":\"ListItem\",\"position\":2,\"name\":\"Danas sun\u010dano: Kakvo nas vrijeme o\u010dekuje u naredna tri dana?\"}]},{\"@type\":\"WebSite\",\"@id\":\"https:\/\/tuzlainfo.ba\/#website\",\"url\":\"https:\/\/tuzlainfo.ba\/\",\"name\":\"TuzlaInfo.ba\",\"description\":\"Tuzla info, gradski informator - Tuzla na dlanu\",\"publisher\":{\"@id\":\"https:\/\/tuzlainfo.ba\/#organization\"},\"potentialAction\":[{\"@type\":\"SearchAction\",\"target\":{\"@type\":\"EntryPoint\",\"urlTemplate\":\"https:\/\/tuzlainfo.ba\/?s={search_term_string}\"},\"query-input\":{\"@type\":\"PropertyValueSpecification\",\"valueRequired\":true,\"valueName\":\"search_term_string\"}}],\"inLanguage\":\"bs-BA\"},{\"@type\":\"Organization\",\"@id\":\"https:\/\/tuzlainfo.ba\/#organization\",\"name\":\"TuzlaInfo.ba\",\"url\":\"https:\/\/tuzlainfo.ba\/\",\"logo\":{\"@type\":\"ImageObject\",\"inLanguage\":\"bs-BA\",\"@id\":\"https:\/\/tuzlainfo.ba\/#\/schema\/logo\/image\/\",\"url\":\"https:\/\/tuzlainfo.ba\/wp-content\/uploads\/2021\/03\/logo-ver-3-1.png\",\"contentUrl\":\"https:\/\/tuzlainfo.ba\/wp-content\/uploads\/2021\/03\/logo-ver-3-1.png\",\"width\":350,\"height\":95,\"caption\":\"TuzlaInfo.ba\"},\"image\":{\"@id\":\"https:\/\/tuzlainfo.ba\/#\/schema\/logo\/image\/\"},\"sameAs\":[\"https:\/\/www.facebook.com\/tuzlainfo.ba\/\"]},{\"@type\":\"Person\",\"@id\":\"https:\/\/tuzlainfo.ba\/#\/schema\/person\/f434e20dc27ea133923aab08451b7f7f\",\"name\":\"nedim\",\"image\":{\"@type\":\"ImageObject\",\"inLanguage\":\"bs-BA\",\"@id\":\"https:\/\/tuzlainfo.ba\/#\/schema\/person\/image\/\",\"url\":\"https:\/\/tuzlainfo.ba\/wp-content\/litespeed\/avatar\/aabad687af24844af817603ac1cbdc4f.jpg?ver=1776702173\",\"contentUrl\":\"https:\/\/tuzlainfo.ba\/wp-content\/litespeed\/avatar\/aabad687af24844af817603ac1cbdc4f.jpg?ver=1776702173\",\"caption\":\"nedim\"},\"description\":\"Tuzlainfo.ba pratite na dru\u0161tvenim mre\u017eama: Facebook, Instagram i Youtube. Svoje pri\u010de, upite i fotografije \u0161aljite na na\u0161u e-mail adresu.\"}]}<\/script>\n<!-- \/ Yoast SEO plugin. -->","yoast_head_json":{"title":"Danas sun\u010dano: Kakvo nas vrijeme o\u010dekuje u naredna tri dana? - TuzlaInfo.ba","robots":{"index":"index","follow":"follow","max-snippet":"max-snippet:-1","max-image-preview":"max-image-preview:large","max-video-preview":"max-video-preview:-1"},"canonical":"https:\/\/tuzlainfo.ba\/index.php\/bosna-i-hercegovina\/item\/267779-danas-suncano-kakvo-nas-vrijeme-ocekuje-u-naredna-tri-dana-10\/","og_locale":"bs_BA","og_type":"article","og_title":"Danas sun\u010dano: Kakvo nas vrijeme o\u010dekuje u naredna tri dana? - TuzlaInfo.ba","og_description":"Prema prognozi FHMZ-a danas prije podne \u0107e biti prete\u017eno sun\u010dano vrijeme. U drugom dijelu dana&hellip;","og_url":"https:\/\/tuzlainfo.ba\/index.php\/bosna-i-hercegovina\/item\/267779-danas-suncano-kakvo-nas-vrijeme-ocekuje-u-naredna-tri-dana-10\/","og_site_name":"TuzlaInfo.ba","article_publisher":"https:\/\/www.facebook.com\/tuzlainfo.ba\/","article_published_time":"2025-04-21T05:49:42+00:00","og_image":[{"width":1000,"height":750,"url":"https:\/\/tuzlainfo.ba\/wp-content\/uploads\/2023\/03\/334901096_3035331816771696_2603548809480002078_n.jpg","type":"image\/jpeg"}],"author":"nedim","twitter_card":"summary_large_image","twitter_misc":{"Written by":"nedim","Est. reading time":"2 minute"},"schema":{"@context":"https:\/\/schema.org","@graph":[{"@type":"Article","@id":"https:\/\/tuzlainfo.ba\/index.php\/bosna-i-hercegovina\/item\/267779-danas-suncano-kakvo-nas-vrijeme-ocekuje-u-naredna-tri-dana-10\/#article","isPartOf":{"@id":"https:\/\/tuzlainfo.ba\/index.php\/bosna-i-hercegovina\/item\/267779-danas-suncano-kakvo-nas-vrijeme-ocekuje-u-naredna-tri-dana-10\/"},"author":{"name":"nedim","@id":"https:\/\/tuzlainfo.ba\/#\/schema\/person\/f434e20dc27ea133923aab08451b7f7f"},"headline":"Danas sun\u010dano: Kakvo nas vrijeme o\u010dekuje u naredna tri dana?","datePublished":"2025-04-21T05:49:42+00:00","dateModified":"2025-04-21T05:49:42+00:00","mainEntityOfPage":{"@id":"https:\/\/tuzlainfo.ba\/index.php\/bosna-i-hercegovina\/item\/267779-danas-suncano-kakvo-nas-vrijeme-ocekuje-u-naredna-tri-dana-10\/"},"wordCount":222,"publisher":{"@id":"https:\/\/tuzlainfo.ba\/#organization"},"image":{"@id":"https:\/\/tuzlainfo.ba\/index.php\/bosna-i-hercegovina\/item\/267779-danas-suncano-kakvo-nas-vrijeme-ocekuje-u-naredna-tri-dana-10\/#primaryimage"},"thumbnailUrl":"https:\/\/tuzlainfo.ba\/wp-content\/uploads\/2023\/03\/334901096_3035331816771696_2603548809480002078_n.jpg","keywords":["prognoza","vrijeme"],"articleSection":["Bosna i Hercegovina","Istaknuto"],"inLanguage":"bs-BA"},{"@type":"WebPage","@id":"https:\/\/tuzlainfo.ba\/index.php\/bosna-i-hercegovina\/item\/267779-danas-suncano-kakvo-nas-vrijeme-ocekuje-u-naredna-tri-dana-10\/","url":"https:\/\/tuzlainfo.ba\/index.php\/bosna-i-hercegovina\/item\/267779-danas-suncano-kakvo-nas-vrijeme-ocekuje-u-naredna-tri-dana-10\/","name":"Danas sun\u010dano: Kakvo nas vrijeme o\u010dekuje u naredna tri dana? - TuzlaInfo.ba","isPartOf":{"@id":"https:\/\/tuzlainfo.ba\/#website"},"primaryImageOfPage":{"@id":"https:\/\/tuzlainfo.ba\/index.php\/bosna-i-hercegovina\/item\/267779-danas-suncano-kakvo-nas-vrijeme-ocekuje-u-naredna-tri-dana-10\/#primaryimage"},"image":{"@id":"https:\/\/tuzlainfo.ba\/index.php\/bosna-i-hercegovina\/item\/267779-danas-suncano-kakvo-nas-vrijeme-ocekuje-u-naredna-tri-dana-10\/#primaryimage"},"thumbnailUrl":"https:\/\/tuzlainfo.ba\/wp-content\/uploads\/2023\/03\/334901096_3035331816771696_2603548809480002078_n.jpg","datePublished":"2025-04-21T05:49:42+00:00","dateModified":"2025-04-21T05:49:42+00:00","breadcrumb":{"@id":"https:\/\/tuzlainfo.ba\/index.php\/bosna-i-hercegovina\/item\/267779-danas-suncano-kakvo-nas-vrijeme-ocekuje-u-naredna-tri-dana-10\/#breadcrumb"},"inLanguage":"bs-BA","potentialAction":[{"@type":"ReadAction","target":["https:\/\/tuzlainfo.ba\/index.php\/bosna-i-hercegovina\/item\/267779-danas-suncano-kakvo-nas-vrijeme-ocekuje-u-naredna-tri-dana-10\/"]}]},{"@type":"ImageObject","inLanguage":"bs-BA","@id":"https:\/\/tuzlainfo.ba\/index.php\/bosna-i-hercegovina\/item\/267779-danas-suncano-kakvo-nas-vrijeme-ocekuje-u-naredna-tri-dana-10\/#primaryimage","url":"https:\/\/tuzlainfo.ba\/wp-content\/uploads\/2023\/03\/334901096_3035331816771696_2603548809480002078_n.jpg","contentUrl":"https:\/\/tuzlainfo.ba\/wp-content\/uploads\/2023\/03\/334901096_3035331816771696_2603548809480002078_n.jpg","width":1000,"height":750},{"@type":"BreadcrumbList","@id":"https:\/\/tuzlainfo.ba\/index.php\/bosna-i-hercegovina\/item\/267779-danas-suncano-kakvo-nas-vrijeme-ocekuje-u-naredna-tri-dana-10\/#breadcrumb","itemListElement":[{"@type":"ListItem","position":1,"name":"Home","item":"https:\/\/tuzlainfo.ba\/"},{"@type":"ListItem","position":2,"name":"Danas sun\u010dano: Kakvo nas vrijeme o\u010dekuje u naredna tri dana?"}]},{"@type":"WebSite","@id":"https:\/\/tuzlainfo.ba\/#website","url":"https:\/\/tuzlainfo.ba\/","name":"TuzlaInfo.ba","description":"Tuzla info, gradski informator - Tuzla na dlanu","publisher":{"@id":"https:\/\/tuzlainfo.ba\/#organization"},"potentialAction":[{"@type":"SearchAction","target":{"@type":"EntryPoint","urlTemplate":"https:\/\/tuzlainfo.ba\/?s={search_term_string}"},"query-input":{"@type":"PropertyValueSpecification","valueRequired":true,"valueName":"search_term_string"}}],"inLanguage":"bs-BA"},{"@type":"Organization","@id":"https:\/\/tuzlainfo.ba\/#organization","name":"TuzlaInfo.ba","url":"https:\/\/tuzlainfo.ba\/","logo":{"@type":"ImageObject","inLanguage":"bs-BA","@id":"https:\/\/tuzlainfo.ba\/#\/schema\/logo\/image\/","url":"https:\/\/tuzlainfo.ba\/wp-content\/uploads\/2021\/03\/logo-ver-3-1.png","contentUrl":"https:\/\/tuzlainfo.ba\/wp-content\/uploads\/2021\/03\/logo-ver-3-1.png","width":350,"height":95,"caption":"TuzlaInfo.ba"},"image":{"@id":"https:\/\/tuzlainfo.ba\/#\/schema\/logo\/image\/"},"sameAs":["https:\/\/www.facebook.com\/tuzlainfo.ba\/"]},{"@type":"Person","@id":"https:\/\/tuzlainfo.ba\/#\/schema\/person\/f434e20dc27ea133923aab08451b7f7f","name":"nedim","image":{"@type":"ImageObject","inLanguage":"bs-BA","@id":"https:\/\/tuzlainfo.ba\/#\/schema\/person\/image\/","url":"https:\/\/tuzlainfo.ba\/wp-content\/litespeed\/avatar\/aabad687af24844af817603ac1cbdc4f.jpg?ver=1776702173","contentUrl":"https:\/\/tuzlainfo.ba\/wp-content\/litespeed\/avatar\/aabad687af24844af817603ac1cbdc4f.jpg?ver=1776702173","caption":"nedim"},"description":"Tuzlainfo.ba pratite na dru\u0161tvenim mre\u017eama: Facebook, Instagram i Youtube. Svoje pri\u010de, upite i fotografije \u0161aljite na na\u0161u e-mail adresu."}]}},"_links":{"self":[{"href":"https:\/\/tuzlainfo.ba\/index.php\/wp-json\/wp\/v2\/posts\/267779"}],"collection":[{"href":"https:\/\/tuzlainfo.ba\/index.php\/wp-json\/wp\/v2\/posts"}],"about":[{"href":"https:\/\/tuzlainfo.ba\/index.php\/wp-json\/wp\/v2\/types\/post"}],"author":[{"embeddable":true,"href":"https:\/\/tuzlainfo.ba\/index.php\/wp-json\/wp\/v2\/users\/2"}],"replies":[{"embeddable":true,"href":"https:\/\/tuzlainfo.ba\/index.php\/wp-json\/wp\/v2\/comments?post=267779"}],"version-history":[{"count":1,"href":"https:\/\/tuzlainfo.ba\/index.php\/wp-json\/wp\/v2\/posts\/267779\/revisions"}],"predecessor-version":[{"id":267780,"href":"https:\/\/tuzlainfo.ba\/index.php\/wp-json\/wp\/v2\/posts\/267779\/revisions\/267780"}],"wp:featuredmedia":[{"embeddable":true,"href":"https:\/\/tuzlainfo.ba\/index.php\/wp-json\/wp\/v2\/media\/200630"}],"wp:attachment":[{"href":"https:\/\/tuzlainfo.ba\/index.php\/wp-json\/wp\/v2\/media?parent=267779"}],"wp:term":[{"taxonomy":"category","embeddable":true,"href":"https:\/\/tuzlainfo.ba\/index.php\/wp-json\/wp\/v2\/categories?post=267779"},{"taxonomy":"post_tag","embeddable":true,"href":"https:\/\/tuzlainfo.ba\/index.php\/wp-json\/wp\/v2\/tags?post=267779"}],"curies":[{"name":"wp","href":"https:\/\/api.w.org\/{rel}","templated":true}]}}