{"id":267606,"date":"2025-04-17T12:04:39","date_gmt":"2025-04-17T10:04:39","guid":{"rendered":"https:\/\/tuzlainfo.ba\/?p=267606"},"modified":"2025-04-17T09:36:39","modified_gmt":"2025-04-17T07:36:39","slug":"pozari-sirom-tk-minirano-podrucje-onemogucilo-gasenje-u-lukavcu","status":"publish","type":"post","link":"https:\/\/tuzlainfo.ba\/index.php\/istaknuto\/item\/267606-pozari-sirom-tk-minirano-podrucje-onemogucilo-gasenje-u-lukavcu\/","title":{"rendered":"Po\u017eari \u0161irom TK, minirano podru\u010dje onemogu\u0107ilo ga\u0161enje u Lukavcu"},"content":{"rendered":"<p class=\"\" data-start=\"213\" data-end=\"370\">Vatrogasne jedinice u Tuzlanskom kantonu imale su tokom proteklog dana vi\u0161e intervencija na ga\u0161enju po\u017eara, prete\u017eno na niskom rastinju i \u0161umskim povr\u0161inama.<\/p>\n<p class=\"\" data-start=\"372\" data-end=\"526\"><strong data-start=\"372\" data-end=\"381\">Tuzla<\/strong><br data-start=\"381\" data-end=\"384\" \/>Pripadnici Profesionalne vatrogasne jedinice (PVJ) Tuzla gasili su po\u017ear niskog rastinja na lokalitetu Put Ilin\u010dica. Po\u017ear je uspje\u0161no uga\u0161en.<\/p>\n<p class=\"\" data-start=\"528\" data-end=\"890\"><strong data-start=\"528\" data-end=\"539\">Lukavac<\/strong><br data-start=\"539\" data-end=\"542\" \/>PVJ Lukavac intervenisala je na lokalitetu Malinjak, gdje je gorjela \u0161uma i nisko rastinje. Na teren su upu\u0107ena dva vatrogasca s jednim vozilom. Tokom intervencije utvr\u0111eno je da se radi o miniranom podru\u010dju, zbog \u010dega nije bilo mogu\u0107e pristupiti zoni po\u017eara. Vatrogasci su odre\u0111eno vrijeme de\u017eurali na licu mjesta, nakon \u010dega su se vratili u bazu.<\/p>\n<p class=\"\" data-start=\"892\" data-end=\"1040\"><strong data-start=\"892\" data-end=\"905\">Srebrenik<\/strong><br data-start=\"905\" data-end=\"908\" \/>U naselju \u0160pionica Centar PVJ Srebrenik gasila je po\u017ear niskog rastinja. Opo\u017earena povr\u0161ina iznosi oko jedan dulum. Po\u017ear je uga\u0161en.<\/p>\n<p class=\"\" data-start=\"1042\" data-end=\"1096\"><strong data-start=\"1042\" data-end=\"1054\">\u017divinice<\/strong><br data-start=\"1054\" data-end=\"1057\" \/>PVJ \u017divinice imala je tri intervencije:<\/p>\n<p class=\"\" data-start=\"1099\" data-end=\"1177\">na podru\u010dju Spre\u010dkog polja, prema Dubravama, gdje je gorjelo nisko rastinje,<\/p>\n<p class=\"\" data-start=\"1180\" data-end=\"1262\">u Mjesnoj zajednici Ba\u0161igovci, gdje je gorjela divlja deponija i nisko rastinje,<\/p>\n<p class=\"\" data-start=\"1265\" data-end=\"1353\">te u naselju Kriva\u010da, gdje je gorjelo nisko rastinje na manjoj povr\u0161ini pored groblja.<\/p>\n<p class=\"\" data-start=\"1355\" data-end=\"1392\">Svi po\u017eari su lokalizovani i uga\u0161eni.<\/p>\n<p class=\"\" data-start=\"1394\" data-end=\"1565\">Kantonalna uprava civilne za\u0161tite apeluje na gra\u0111ane da budu oprezni i da ne pale vatru na otvorenom, posebno u blizini \u0161uma i na podru\u010djima gdje postoji opasnost od mina.<\/p>\n","protected":false},"excerpt":{"rendered":"<p>Vatrogasne jedinice u Tuzlanskom kantonu imale su tokom proteklog dana vi\u0161e intervencija na ga\u0161enju po\u017eara,&hellip;<\/p>\n","protected":false},"author":4,"featured_media":246417,"comment_status":"closed","ping_status":"closed","sticky":false,"template":"","format":"standard","meta":{"_acf_changed":false,"footnotes":""},"categories":[304,12],"tags":[2122,527],"acf":[],"yoast_head":"<!-- This site is optimized with the Yoast SEO plugin v23.5 - https:\/\/yoast.com\/wordpress\/plugins\/seo\/ -->\n<title>Po\u017eari \u0161irom TK, minirano podru\u010dje onemogu\u0107ilo ga\u0161enje u Lukavcu - TuzlaInfo.ba<\/title>\n<meta name=\"robots\" content=\"index, follow, max-snippet:-1, max-image-preview:large, max-video-preview:-1\" \/>\n<link rel=\"canonical\" href=\"https:\/\/tuzlainfo.ba\/index.php\/istaknuto\/item\/267606-pozari-sirom-tk-minirano-podrucje-onemogucilo-gasenje-u-lukavcu\/\" \/>\n<meta property=\"og:locale\" content=\"bs_BA\" \/>\n<meta property=\"og:type\" content=\"article\" \/>\n<meta property=\"og:title\" content=\"Po\u017eari \u0161irom TK, minirano podru\u010dje onemogu\u0107ilo ga\u0161enje u Lukavcu - TuzlaInfo.ba\" \/>\n<meta property=\"og:description\" content=\"Vatrogasne jedinice u Tuzlanskom kantonu imale su tokom proteklog dana vi\u0161e intervencija na ga\u0161enju po\u017eara,&hellip;\" \/>\n<meta property=\"og:url\" content=\"https:\/\/tuzlainfo.ba\/index.php\/istaknuto\/item\/267606-pozari-sirom-tk-minirano-podrucje-onemogucilo-gasenje-u-lukavcu\/\" \/>\n<meta property=\"og:site_name\" content=\"TuzlaInfo.ba\" \/>\n<meta property=\"article:publisher\" content=\"https:\/\/www.facebook.com\/tuzlainfo.ba\/\" \/>\n<meta property=\"article:published_time\" content=\"2025-04-17T10:04:39+00:00\" \/>\n<meta property=\"article:modified_time\" content=\"2025-04-17T07:36:39+00:00\" \/>\n<meta property=\"og:image\" content=\"https:\/\/tuzlainfo.ba\/wp-content\/uploads\/2024\/08\/1108_pozar_deponija.jpg\" \/>\n\t<meta property=\"og:image:width\" content=\"1000\" \/>\n\t<meta property=\"og:image:height\" content=\"670\" \/>\n\t<meta property=\"og:image:type\" content=\"image\/jpeg\" \/>\n<meta name=\"author\" content=\"Tuzla Info\" \/>\n<meta name=\"twitter:card\" content=\"summary_large_image\" \/>\n<meta name=\"twitter:label1\" content=\"Written by\" \/>\n\t<meta name=\"twitter:data1\" content=\"Tuzla Info\" \/>\n\t<meta name=\"twitter:label2\" content=\"Est. reading time\" \/>\n\t<meta name=\"twitter:data2\" content=\"2 minute\" \/>\n<script type=\"application\/ld+json\" class=\"yoast-schema-graph\">{\"@context\":\"https:\/\/schema.org\",\"@graph\":[{\"@type\":\"Article\",\"@id\":\"https:\/\/tuzlainfo.ba\/index.php\/istaknuto\/item\/267606-pozari-sirom-tk-minirano-podrucje-onemogucilo-gasenje-u-lukavcu\/#article\",\"isPartOf\":{\"@id\":\"https:\/\/tuzlainfo.ba\/index.php\/istaknuto\/item\/267606-pozari-sirom-tk-minirano-podrucje-onemogucilo-gasenje-u-lukavcu\/\"},\"author\":{\"name\":\"Tuzla Info\",\"@id\":\"https:\/\/tuzlainfo.ba\/#\/schema\/person\/46cad4c57790cbc50781edd14870825a\"},\"headline\":\"Po\u017eari \u0161irom TK, minirano podru\u010dje onemogu\u0107ilo ga\u0161enje u Lukavcu\",\"datePublished\":\"2025-04-17T10:04:39+00:00\",\"dateModified\":\"2025-04-17T07:36:39+00:00\",\"mainEntityOfPage\":{\"@id\":\"https:\/\/tuzlainfo.ba\/index.php\/istaknuto\/item\/267606-pozari-sirom-tk-minirano-podrucje-onemogucilo-gasenje-u-lukavcu\/\"},\"wordCount\":244,\"publisher\":{\"@id\":\"https:\/\/tuzlainfo.ba\/#organization\"},\"image\":{\"@id\":\"https:\/\/tuzlainfo.ba\/index.php\/istaknuto\/item\/267606-pozari-sirom-tk-minirano-podrucje-onemogucilo-gasenje-u-lukavcu\/#primaryimage\"},\"thumbnailUrl\":\"https:\/\/tuzlainfo.ba\/wp-content\/uploads\/2024\/08\/1108_pozar_deponija.jpg\",\"keywords\":[\"po\u017eari\",\"tk\"],\"articleSection\":[\"Istaknuto\",\"Novosti\"],\"inLanguage\":\"bs-BA\"},{\"@type\":\"WebPage\",\"@id\":\"https:\/\/tuzlainfo.ba\/index.php\/istaknuto\/item\/267606-pozari-sirom-tk-minirano-podrucje-onemogucilo-gasenje-u-lukavcu\/\",\"url\":\"https:\/\/tuzlainfo.ba\/index.php\/istaknuto\/item\/267606-pozari-sirom-tk-minirano-podrucje-onemogucilo-gasenje-u-lukavcu\/\",\"name\":\"Po\u017eari \u0161irom TK, minirano podru\u010dje onemogu\u0107ilo ga\u0161enje u Lukavcu - TuzlaInfo.ba\",\"isPartOf\":{\"@id\":\"https:\/\/tuzlainfo.ba\/#website\"},\"primaryImageOfPage\":{\"@id\":\"https:\/\/tuzlainfo.ba\/index.php\/istaknuto\/item\/267606-pozari-sirom-tk-minirano-podrucje-onemogucilo-gasenje-u-lukavcu\/#primaryimage\"},\"image\":{\"@id\":\"https:\/\/tuzlainfo.ba\/index.php\/istaknuto\/item\/267606-pozari-sirom-tk-minirano-podrucje-onemogucilo-gasenje-u-lukavcu\/#primaryimage\"},\"thumbnailUrl\":\"https:\/\/tuzlainfo.ba\/wp-content\/uploads\/2024\/08\/1108_pozar_deponija.jpg\",\"datePublished\":\"2025-04-17T10:04:39+00:00\",\"dateModified\":\"2025-04-17T07:36:39+00:00\",\"breadcrumb\":{\"@id\":\"https:\/\/tuzlainfo.ba\/index.php\/istaknuto\/item\/267606-pozari-sirom-tk-minirano-podrucje-onemogucilo-gasenje-u-lukavcu\/#breadcrumb\"},\"inLanguage\":\"bs-BA\",\"potentialAction\":[{\"@type\":\"ReadAction\",\"target\":[\"https:\/\/tuzlainfo.ba\/index.php\/istaknuto\/item\/267606-pozari-sirom-tk-minirano-podrucje-onemogucilo-gasenje-u-lukavcu\/\"]}]},{\"@type\":\"ImageObject\",\"inLanguage\":\"bs-BA\",\"@id\":\"https:\/\/tuzlainfo.ba\/index.php\/istaknuto\/item\/267606-pozari-sirom-tk-minirano-podrucje-onemogucilo-gasenje-u-lukavcu\/#primaryimage\",\"url\":\"https:\/\/tuzlainfo.ba\/wp-content\/uploads\/2024\/08\/1108_pozar_deponija.jpg\",\"contentUrl\":\"https:\/\/tuzlainfo.ba\/wp-content\/uploads\/2024\/08\/1108_pozar_deponija.jpg\",\"width\":1000,\"height\":670,\"caption\":\"Foto: Arhiva\"},{\"@type\":\"BreadcrumbList\",\"@id\":\"https:\/\/tuzlainfo.ba\/index.php\/istaknuto\/item\/267606-pozari-sirom-tk-minirano-podrucje-onemogucilo-gasenje-u-lukavcu\/#breadcrumb\",\"itemListElement\":[{\"@type\":\"ListItem\",\"position\":1,\"name\":\"Home\",\"item\":\"https:\/\/tuzlainfo.ba\/\"},{\"@type\":\"ListItem\",\"position\":2,\"name\":\"Po\u017eari \u0161irom TK, minirano podru\u010dje onemogu\u0107ilo ga\u0161enje u Lukavcu\"}]},{\"@type\":\"WebSite\",\"@id\":\"https:\/\/tuzlainfo.ba\/#website\",\"url\":\"https:\/\/tuzlainfo.ba\/\",\"name\":\"TuzlaInfo.ba\",\"description\":\"Tuzla info, gradski informator - Tuzla na dlanu\",\"publisher\":{\"@id\":\"https:\/\/tuzlainfo.ba\/#organization\"},\"potentialAction\":[{\"@type\":\"SearchAction\",\"target\":{\"@type\":\"EntryPoint\",\"urlTemplate\":\"https:\/\/tuzlainfo.ba\/?s={search_term_string}\"},\"query-input\":{\"@type\":\"PropertyValueSpecification\",\"valueRequired\":true,\"valueName\":\"search_term_string\"}}],\"inLanguage\":\"bs-BA\"},{\"@type\":\"Organization\",\"@id\":\"https:\/\/tuzlainfo.ba\/#organization\",\"name\":\"TuzlaInfo.ba\",\"url\":\"https:\/\/tuzlainfo.ba\/\",\"logo\":{\"@type\":\"ImageObject\",\"inLanguage\":\"bs-BA\",\"@id\":\"https:\/\/tuzlainfo.ba\/#\/schema\/logo\/image\/\",\"url\":\"https:\/\/tuzlainfo.ba\/wp-content\/uploads\/2021\/03\/logo-ver-3-1.png\",\"contentUrl\":\"https:\/\/tuzlainfo.ba\/wp-content\/uploads\/2021\/03\/logo-ver-3-1.png\",\"width\":350,\"height\":95,\"caption\":\"TuzlaInfo.ba\"},\"image\":{\"@id\":\"https:\/\/tuzlainfo.ba\/#\/schema\/logo\/image\/\"},\"sameAs\":[\"https:\/\/www.facebook.com\/tuzlainfo.ba\/\"]},{\"@type\":\"Person\",\"@id\":\"https:\/\/tuzlainfo.ba\/#\/schema\/person\/46cad4c57790cbc50781edd14870825a\",\"name\":\"Tuzla Info\",\"image\":{\"@type\":\"ImageObject\",\"inLanguage\":\"bs-BA\",\"@id\":\"https:\/\/tuzlainfo.ba\/#\/schema\/person\/image\/\",\"url\":\"https:\/\/tuzlainfo.ba\/wp-content\/litespeed\/avatar\/b6c453a6c38e3654f2e4416c643fc25c.jpg?ver=1777051911\",\"contentUrl\":\"https:\/\/tuzlainfo.ba\/wp-content\/litespeed\/avatar\/b6c453a6c38e3654f2e4416c643fc25c.jpg?ver=1777051911\",\"caption\":\"Tuzla Info\"}}]}<\/script>\n<!-- \/ Yoast SEO plugin. -->","yoast_head_json":{"title":"Po\u017eari \u0161irom TK, minirano podru\u010dje onemogu\u0107ilo ga\u0161enje u Lukavcu - TuzlaInfo.ba","robots":{"index":"index","follow":"follow","max-snippet":"max-snippet:-1","max-image-preview":"max-image-preview:large","max-video-preview":"max-video-preview:-1"},"canonical":"https:\/\/tuzlainfo.ba\/index.php\/istaknuto\/item\/267606-pozari-sirom-tk-minirano-podrucje-onemogucilo-gasenje-u-lukavcu\/","og_locale":"bs_BA","og_type":"article","og_title":"Po\u017eari \u0161irom TK, minirano podru\u010dje onemogu\u0107ilo ga\u0161enje u Lukavcu - TuzlaInfo.ba","og_description":"Vatrogasne jedinice u Tuzlanskom kantonu imale su tokom proteklog dana vi\u0161e intervencija na ga\u0161enju po\u017eara,&hellip;","og_url":"https:\/\/tuzlainfo.ba\/index.php\/istaknuto\/item\/267606-pozari-sirom-tk-minirano-podrucje-onemogucilo-gasenje-u-lukavcu\/","og_site_name":"TuzlaInfo.ba","article_publisher":"https:\/\/www.facebook.com\/tuzlainfo.ba\/","article_published_time":"2025-04-17T10:04:39+00:00","article_modified_time":"2025-04-17T07:36:39+00:00","og_image":[{"width":1000,"height":670,"url":"https:\/\/tuzlainfo.ba\/wp-content\/uploads\/2024\/08\/1108_pozar_deponija.jpg","type":"image\/jpeg"}],"author":"Tuzla Info","twitter_card":"summary_large_image","twitter_misc":{"Written by":"Tuzla Info","Est. reading time":"2 minute"},"schema":{"@context":"https:\/\/schema.org","@graph":[{"@type":"Article","@id":"https:\/\/tuzlainfo.ba\/index.php\/istaknuto\/item\/267606-pozari-sirom-tk-minirano-podrucje-onemogucilo-gasenje-u-lukavcu\/#article","isPartOf":{"@id":"https:\/\/tuzlainfo.ba\/index.php\/istaknuto\/item\/267606-pozari-sirom-tk-minirano-podrucje-onemogucilo-gasenje-u-lukavcu\/"},"author":{"name":"Tuzla Info","@id":"https:\/\/tuzlainfo.ba\/#\/schema\/person\/46cad4c57790cbc50781edd14870825a"},"headline":"Po\u017eari \u0161irom TK, minirano podru\u010dje onemogu\u0107ilo ga\u0161enje u Lukavcu","datePublished":"2025-04-17T10:04:39+00:00","dateModified":"2025-04-17T07:36:39+00:00","mainEntityOfPage":{"@id":"https:\/\/tuzlainfo.ba\/index.php\/istaknuto\/item\/267606-pozari-sirom-tk-minirano-podrucje-onemogucilo-gasenje-u-lukavcu\/"},"wordCount":244,"publisher":{"@id":"https:\/\/tuzlainfo.ba\/#organization"},"image":{"@id":"https:\/\/tuzlainfo.ba\/index.php\/istaknuto\/item\/267606-pozari-sirom-tk-minirano-podrucje-onemogucilo-gasenje-u-lukavcu\/#primaryimage"},"thumbnailUrl":"https:\/\/tuzlainfo.ba\/wp-content\/uploads\/2024\/08\/1108_pozar_deponija.jpg","keywords":["po\u017eari","tk"],"articleSection":["Istaknuto","Novosti"],"inLanguage":"bs-BA"},{"@type":"WebPage","@id":"https:\/\/tuzlainfo.ba\/index.php\/istaknuto\/item\/267606-pozari-sirom-tk-minirano-podrucje-onemogucilo-gasenje-u-lukavcu\/","url":"https:\/\/tuzlainfo.ba\/index.php\/istaknuto\/item\/267606-pozari-sirom-tk-minirano-podrucje-onemogucilo-gasenje-u-lukavcu\/","name":"Po\u017eari \u0161irom TK, minirano podru\u010dje onemogu\u0107ilo ga\u0161enje u Lukavcu - TuzlaInfo.ba","isPartOf":{"@id":"https:\/\/tuzlainfo.ba\/#website"},"primaryImageOfPage":{"@id":"https:\/\/tuzlainfo.ba\/index.php\/istaknuto\/item\/267606-pozari-sirom-tk-minirano-podrucje-onemogucilo-gasenje-u-lukavcu\/#primaryimage"},"image":{"@id":"https:\/\/tuzlainfo.ba\/index.php\/istaknuto\/item\/267606-pozari-sirom-tk-minirano-podrucje-onemogucilo-gasenje-u-lukavcu\/#primaryimage"},"thumbnailUrl":"https:\/\/tuzlainfo.ba\/wp-content\/uploads\/2024\/08\/1108_pozar_deponija.jpg","datePublished":"2025-04-17T10:04:39+00:00","dateModified":"2025-04-17T07:36:39+00:00","breadcrumb":{"@id":"https:\/\/tuzlainfo.ba\/index.php\/istaknuto\/item\/267606-pozari-sirom-tk-minirano-podrucje-onemogucilo-gasenje-u-lukavcu\/#breadcrumb"},"inLanguage":"bs-BA","potentialAction":[{"@type":"ReadAction","target":["https:\/\/tuzlainfo.ba\/index.php\/istaknuto\/item\/267606-pozari-sirom-tk-minirano-podrucje-onemogucilo-gasenje-u-lukavcu\/"]}]},{"@type":"ImageObject","inLanguage":"bs-BA","@id":"https:\/\/tuzlainfo.ba\/index.php\/istaknuto\/item\/267606-pozari-sirom-tk-minirano-podrucje-onemogucilo-gasenje-u-lukavcu\/#primaryimage","url":"https:\/\/tuzlainfo.ba\/wp-content\/uploads\/2024\/08\/1108_pozar_deponija.jpg","contentUrl":"https:\/\/tuzlainfo.ba\/wp-content\/uploads\/2024\/08\/1108_pozar_deponija.jpg","width":1000,"height":670,"caption":"Foto: Arhiva"},{"@type":"BreadcrumbList","@id":"https:\/\/tuzlainfo.ba\/index.php\/istaknuto\/item\/267606-pozari-sirom-tk-minirano-podrucje-onemogucilo-gasenje-u-lukavcu\/#breadcrumb","itemListElement":[{"@type":"ListItem","position":1,"name":"Home","item":"https:\/\/tuzlainfo.ba\/"},{"@type":"ListItem","position":2,"name":"Po\u017eari \u0161irom TK, minirano podru\u010dje onemogu\u0107ilo ga\u0161enje u Lukavcu"}]},{"@type":"WebSite","@id":"https:\/\/tuzlainfo.ba\/#website","url":"https:\/\/tuzlainfo.ba\/","name":"TuzlaInfo.ba","description":"Tuzla info, gradski informator - Tuzla na dlanu","publisher":{"@id":"https:\/\/tuzlainfo.ba\/#organization"},"potentialAction":[{"@type":"SearchAction","target":{"@type":"EntryPoint","urlTemplate":"https:\/\/tuzlainfo.ba\/?s={search_term_string}"},"query-input":{"@type":"PropertyValueSpecification","valueRequired":true,"valueName":"search_term_string"}}],"inLanguage":"bs-BA"},{"@type":"Organization","@id":"https:\/\/tuzlainfo.ba\/#organization","name":"TuzlaInfo.ba","url":"https:\/\/tuzlainfo.ba\/","logo":{"@type":"ImageObject","inLanguage":"bs-BA","@id":"https:\/\/tuzlainfo.ba\/#\/schema\/logo\/image\/","url":"https:\/\/tuzlainfo.ba\/wp-content\/uploads\/2021\/03\/logo-ver-3-1.png","contentUrl":"https:\/\/tuzlainfo.ba\/wp-content\/uploads\/2021\/03\/logo-ver-3-1.png","width":350,"height":95,"caption":"TuzlaInfo.ba"},"image":{"@id":"https:\/\/tuzlainfo.ba\/#\/schema\/logo\/image\/"},"sameAs":["https:\/\/www.facebook.com\/tuzlainfo.ba\/"]},{"@type":"Person","@id":"https:\/\/tuzlainfo.ba\/#\/schema\/person\/46cad4c57790cbc50781edd14870825a","name":"Tuzla Info","image":{"@type":"ImageObject","inLanguage":"bs-BA","@id":"https:\/\/tuzlainfo.ba\/#\/schema\/person\/image\/","url":"https:\/\/tuzlainfo.ba\/wp-content\/litespeed\/avatar\/b6c453a6c38e3654f2e4416c643fc25c.jpg?ver=1777051911","contentUrl":"https:\/\/tuzlainfo.ba\/wp-content\/litespeed\/avatar\/b6c453a6c38e3654f2e4416c643fc25c.jpg?ver=1777051911","caption":"Tuzla Info"}}]}},"_links":{"self":[{"href":"https:\/\/tuzlainfo.ba\/index.php\/wp-json\/wp\/v2\/posts\/267606"}],"collection":[{"href":"https:\/\/tuzlainfo.ba\/index.php\/wp-json\/wp\/v2\/posts"}],"about":[{"href":"https:\/\/tuzlainfo.ba\/index.php\/wp-json\/wp\/v2\/types\/post"}],"author":[{"embeddable":true,"href":"https:\/\/tuzlainfo.ba\/index.php\/wp-json\/wp\/v2\/users\/4"}],"replies":[{"embeddable":true,"href":"https:\/\/tuzlainfo.ba\/index.php\/wp-json\/wp\/v2\/comments?post=267606"}],"version-history":[{"count":1,"href":"https:\/\/tuzlainfo.ba\/index.php\/wp-json\/wp\/v2\/posts\/267606\/revisions"}],"predecessor-version":[{"id":267607,"href":"https:\/\/tuzlainfo.ba\/index.php\/wp-json\/wp\/v2\/posts\/267606\/revisions\/267607"}],"wp:featuredmedia":[{"embeddable":true,"href":"https:\/\/tuzlainfo.ba\/index.php\/wp-json\/wp\/v2\/media\/246417"}],"wp:attachment":[{"href":"https:\/\/tuzlainfo.ba\/index.php\/wp-json\/wp\/v2\/media?parent=267606"}],"wp:term":[{"taxonomy":"category","embeddable":true,"href":"https:\/\/tuzlainfo.ba\/index.php\/wp-json\/wp\/v2\/categories?post=267606"},{"taxonomy":"post_tag","embeddable":true,"href":"https:\/\/tuzlainfo.ba\/index.php\/wp-json\/wp\/v2\/tags?post=267606"}],"curies":[{"name":"wp","href":"https:\/\/api.w.org\/{rel}","templated":true}]}}