{"id":267584,"date":"2025-04-17T09:02:00","date_gmt":"2025-04-17T07:02:00","guid":{"rendered":"https:\/\/tuzlainfo.ba\/?p=267584"},"modified":"2025-04-17T07:47:29","modified_gmt":"2025-04-17T05:47:29","slug":"proucena-ikrar-dova-iz-muftijstva-tuzlanskog-na-hadz-putuje-406-hadzija","status":"publish","type":"post","link":"https:\/\/tuzlainfo.ba\/index.php\/novosti\/item\/267584-proucena-ikrar-dova-iz-muftijstva-tuzlanskog-na-hadz-putuje-406-hadzija\/","title":{"rendered":"Prou\u010dena ikrar dova: Iz Muftijstva tuzlanskog na had\u017e putuje 406 had\u017eija"},"content":{"rendered":"<p>U prelijepoj atmosferi zajedni\u0161tva, danas je u d\u017eamiji Kralj Abdullah u Tuzli odr\u017eana sve\u010dana ikrar dova za ovogodi\u0161nje had\u017eije sa podru\u010dja Muftijstva tuzlanskog. Pored budu\u0107ih had\u017eija i vodi\u010da, ovom zna\u010dajnom doga\u0111aju prisustvovao je muftija tuzlanski dr. Vahid-ef. Fazlovi\u0107.<\/p>\n<p>Ove godine na had\u017e iz Muftijstva tuzlanskog putuje ukupno 406 had\u017eija, \u0161to predstavlja najve\u0107i broj u posljednjih nekoliko godina. Kada se tome doda i zna\u010dajan broj had\u017eija iz dijaspore koji vode porijeko s podru\u010dja ovog muftijstva, ukupan broj iznosi 465 had\u017eija.<\/p>\n<p>Muftija Fazlovi\u0107 je naglasio zna\u010daj ibadeta had\u017ea kao krune duhovnog puta svakog muslimana. Podsjetio je da Kur'an jasno ukazuje da su ljudi, kao i drugi svjesni svjetovi, stvoreni da upoznaju svog Gospodara i da Mu robuju, da budu u ibadetu.<\/p>\n<p>\u2013 Iza\u0161li smo iz ramazana, uve\u0107ali na\u0161 takvaluk, bogobojaznost, i evo nas sada razmi\u0161ljamo o had\u017eu. Okuplja nas ta uzvi\u0161ena ideja po uzoru na Ibrahima i Ismaila, a.s., po uzoru na mnoge vjerovjesnike, posebno na pe\u010data svih vjerovjesnika Muhammeda, a.s., najbolje generacije koja je \u017eivjela u njegovom vremenu i svih na\u0161ih \u010dasnih prethodnika, na\u0161ih bosanskih predaka. Hvala Bogu da je to jedna lijepa neprekinuta nit \u2013 kazao je muftija Fazlovi\u0107.<\/p>\n<p>U tom duhu, had\u017e je, kako je naglasio, poseban vid ibadeta koji se izvodi u pokornosti i svijesti o veli\u010dini Uzvi\u0161enog Allaha. Had\u017e nije samo fizi\u010dko putovanje, ve\u0107 duboko duhovno uzdizanje. Had\u017e, kao i svaki drugi ibadet, tra\u017ei pripremu i punu odgovornost u njegovom izvr\u0161avanju, kako bi bio primljen kod Allaha, d\u017e.\u0161.<\/p>\n<p>\u2013 Za primljeni had\u017e, koji je upotpunjen, obavljen po propisima i bez grijeha, nagrada je D\u017eennet \u2013 oprost grijeha \u2013 rekao je muftija Fazlovi\u0107, pozvav\u0161i had\u017eije da se duhovno pripreme i potpuno posvete ovom velikom ibadetu.<\/p>\n<p>Podsjetio je i da je cijela Islamska zajednica uklju\u010dena u organizaciju had\u017ea, te da vjernici mogu biti sigurni u uspje\u0161nu realizaciju, kao i prethodnih godina.<\/p>\n<p>\u2013 Nemojte strahovati, ni vi ni va\u0161i najbli\u017ei, veliko je iskustvo Islamske zajednice u organizaciji ovog propisa, na vama je da se okrenete svom duhu, svom srcu, da va\u0161 had\u017e bude potpun i kod Allaha, d\u017e.\u0161., primljen \u2013 naglasio je muftija Fazlovi\u0107.<\/p>\n<p>Zaklju\u010duju\u0107i svoje obra\u0107anje, muftija Fazlovi\u0107 je istakao da duhovna snaga vjere i bogobojaznost, takvaluk, moraju biti osjetni u srcima vjernika, jer upravo oni predstavljaju sr\u017e svakog istinskog ibadeta i put ka Allahovom zadovoljstvu.<\/p>\n<p>Prisutnim had\u017eijama se obratio i hafiz Asmir Imamovi\u0107, koordinator vodi\u010dke slu\u017ebe za podru\u010dje Muftijstva tuzlanskog, koji ih je detaljno upoznao s predstoje\u0107im procedurama i organizacijom puta. Dovu je na kraju prou\u010dio hafiz Ahmed Huskanovi\u0107, glavni imam Med\u017elisa Islamske zajednice Tuzla, a ovaj trenutak ispunjen duhovnim zanosom bio je sna\u017ena uvertira u put koji slijedi had\u017eijama s podru\u010dja Muftijstva tuzlanskog.<\/p>\n","protected":false},"excerpt":{"rendered":"<p>U prelijepoj atmosferi zajedni\u0161tva, danas je u d\u017eamiji Kralj Abdullah u Tuzli odr\u017eana sve\u010dana ikrar&hellip;<\/p>\n","protected":false},"author":2,"featured_media":267585,"comment_status":"closed","ping_status":"closed","sticky":false,"template":"","format":"standard","meta":{"_acf_changed":false,"footnotes":""},"categories":[12],"tags":[4974,1379],"acf":[],"yoast_head":"<!-- This site is optimized with the Yoast SEO plugin v23.5 - https:\/\/yoast.com\/wordpress\/plugins\/seo\/ -->\n<title>Prou\u010dena ikrar dova: Iz Muftijstva tuzlanskog na had\u017e putuje 406 had\u017eija - TuzlaInfo.ba<\/title>\n<meta name=\"robots\" content=\"index, follow, max-snippet:-1, max-image-preview:large, max-video-preview:-1\" \/>\n<link rel=\"canonical\" href=\"https:\/\/tuzlainfo.ba\/index.php\/novosti\/item\/267584-proucena-ikrar-dova-iz-muftijstva-tuzlanskog-na-hadz-putuje-406-hadzija\/\" \/>\n<meta property=\"og:locale\" content=\"bs_BA\" \/>\n<meta property=\"og:type\" content=\"article\" \/>\n<meta property=\"og:title\" content=\"Prou\u010dena ikrar dova: Iz Muftijstva tuzlanskog na had\u017e putuje 406 had\u017eija - TuzlaInfo.ba\" \/>\n<meta property=\"og:description\" content=\"U prelijepoj atmosferi zajedni\u0161tva, danas je u d\u017eamiji Kralj Abdullah u Tuzli odr\u017eana sve\u010dana ikrar&hellip;\" \/>\n<meta property=\"og:url\" content=\"https:\/\/tuzlainfo.ba\/index.php\/novosti\/item\/267584-proucena-ikrar-dova-iz-muftijstva-tuzlanskog-na-hadz-putuje-406-hadzija\/\" \/>\n<meta property=\"og:site_name\" content=\"TuzlaInfo.ba\" \/>\n<meta property=\"article:publisher\" content=\"https:\/\/www.facebook.com\/tuzlainfo.ba\/\" \/>\n<meta property=\"article:published_time\" content=\"2025-04-17T07:02:00+00:00\" \/>\n<meta property=\"article:modified_time\" content=\"2025-04-17T05:47:29+00:00\" \/>\n<meta property=\"og:image\" content=\"https:\/\/tuzlainfo.ba\/wp-content\/uploads\/2025\/04\/1704_ikrar.jpg\" \/>\n\t<meta property=\"og:image:width\" content=\"800\" \/>\n\t<meta property=\"og:image:height\" content=\"533\" \/>\n\t<meta property=\"og:image:type\" content=\"image\/jpeg\" \/>\n<meta name=\"author\" content=\"nedim\" \/>\n<meta name=\"twitter:card\" content=\"summary_large_image\" \/>\n<meta name=\"twitter:label1\" content=\"Written by\" \/>\n\t<meta name=\"twitter:data1\" content=\"nedim\" \/>\n\t<meta name=\"twitter:label2\" content=\"Est. reading time\" \/>\n\t<meta name=\"twitter:data2\" content=\"3 minute\" \/>\n<script type=\"application\/ld+json\" class=\"yoast-schema-graph\">{\"@context\":\"https:\/\/schema.org\",\"@graph\":[{\"@type\":\"Article\",\"@id\":\"https:\/\/tuzlainfo.ba\/index.php\/novosti\/item\/267584-proucena-ikrar-dova-iz-muftijstva-tuzlanskog-na-hadz-putuje-406-hadzija\/#article\",\"isPartOf\":{\"@id\":\"https:\/\/tuzlainfo.ba\/index.php\/novosti\/item\/267584-proucena-ikrar-dova-iz-muftijstva-tuzlanskog-na-hadz-putuje-406-hadzija\/\"},\"author\":{\"name\":\"nedim\",\"@id\":\"https:\/\/tuzlainfo.ba\/#\/schema\/person\/f434e20dc27ea133923aab08451b7f7f\"},\"headline\":\"Prou\u010dena ikrar dova: Iz Muftijstva tuzlanskog na had\u017e putuje 406 had\u017eija\",\"datePublished\":\"2025-04-17T07:02:00+00:00\",\"dateModified\":\"2025-04-17T05:47:29+00:00\",\"mainEntityOfPage\":{\"@id\":\"https:\/\/tuzlainfo.ba\/index.php\/novosti\/item\/267584-proucena-ikrar-dova-iz-muftijstva-tuzlanskog-na-hadz-putuje-406-hadzija\/\"},\"wordCount\":496,\"publisher\":{\"@id\":\"https:\/\/tuzlainfo.ba\/#organization\"},\"image\":{\"@id\":\"https:\/\/tuzlainfo.ba\/index.php\/novosti\/item\/267584-proucena-ikrar-dova-iz-muftijstva-tuzlanskog-na-hadz-putuje-406-hadzija\/#primaryimage\"},\"thumbnailUrl\":\"https:\/\/tuzlainfo.ba\/wp-content\/uploads\/2025\/04\/1704_ikrar.jpg\",\"keywords\":[\"ikrar dova\",\"muftijstvo tuzlansko\"],\"articleSection\":[\"Novosti\"],\"inLanguage\":\"bs-BA\"},{\"@type\":\"WebPage\",\"@id\":\"https:\/\/tuzlainfo.ba\/index.php\/novosti\/item\/267584-proucena-ikrar-dova-iz-muftijstva-tuzlanskog-na-hadz-putuje-406-hadzija\/\",\"url\":\"https:\/\/tuzlainfo.ba\/index.php\/novosti\/item\/267584-proucena-ikrar-dova-iz-muftijstva-tuzlanskog-na-hadz-putuje-406-hadzija\/\",\"name\":\"Prou\u010dena ikrar dova: Iz Muftijstva tuzlanskog na had\u017e putuje 406 had\u017eija - TuzlaInfo.ba\",\"isPartOf\":{\"@id\":\"https:\/\/tuzlainfo.ba\/#website\"},\"primaryImageOfPage\":{\"@id\":\"https:\/\/tuzlainfo.ba\/index.php\/novosti\/item\/267584-proucena-ikrar-dova-iz-muftijstva-tuzlanskog-na-hadz-putuje-406-hadzija\/#primaryimage\"},\"image\":{\"@id\":\"https:\/\/tuzlainfo.ba\/index.php\/novosti\/item\/267584-proucena-ikrar-dova-iz-muftijstva-tuzlanskog-na-hadz-putuje-406-hadzija\/#primaryimage\"},\"thumbnailUrl\":\"https:\/\/tuzlainfo.ba\/wp-content\/uploads\/2025\/04\/1704_ikrar.jpg\",\"datePublished\":\"2025-04-17T07:02:00+00:00\",\"dateModified\":\"2025-04-17T05:47:29+00:00\",\"breadcrumb\":{\"@id\":\"https:\/\/tuzlainfo.ba\/index.php\/novosti\/item\/267584-proucena-ikrar-dova-iz-muftijstva-tuzlanskog-na-hadz-putuje-406-hadzija\/#breadcrumb\"},\"inLanguage\":\"bs-BA\",\"potentialAction\":[{\"@type\":\"ReadAction\",\"target\":[\"https:\/\/tuzlainfo.ba\/index.php\/novosti\/item\/267584-proucena-ikrar-dova-iz-muftijstva-tuzlanskog-na-hadz-putuje-406-hadzija\/\"]}]},{\"@type\":\"ImageObject\",\"inLanguage\":\"bs-BA\",\"@id\":\"https:\/\/tuzlainfo.ba\/index.php\/novosti\/item\/267584-proucena-ikrar-dova-iz-muftijstva-tuzlanskog-na-hadz-putuje-406-hadzija\/#primaryimage\",\"url\":\"https:\/\/tuzlainfo.ba\/wp-content\/uploads\/2025\/04\/1704_ikrar.jpg\",\"contentUrl\":\"https:\/\/tuzlainfo.ba\/wp-content\/uploads\/2025\/04\/1704_ikrar.jpg\",\"width\":800,\"height\":533},{\"@type\":\"BreadcrumbList\",\"@id\":\"https:\/\/tuzlainfo.ba\/index.php\/novosti\/item\/267584-proucena-ikrar-dova-iz-muftijstva-tuzlanskog-na-hadz-putuje-406-hadzija\/#breadcrumb\",\"itemListElement\":[{\"@type\":\"ListItem\",\"position\":1,\"name\":\"Home\",\"item\":\"https:\/\/tuzlainfo.ba\/\"},{\"@type\":\"ListItem\",\"position\":2,\"name\":\"Prou\u010dena ikrar dova: Iz Muftijstva tuzlanskog na had\u017e putuje 406 had\u017eija\"}]},{\"@type\":\"WebSite\",\"@id\":\"https:\/\/tuzlainfo.ba\/#website\",\"url\":\"https:\/\/tuzlainfo.ba\/\",\"name\":\"TuzlaInfo.ba\",\"description\":\"Tuzla info, gradski informator - Tuzla na dlanu\",\"publisher\":{\"@id\":\"https:\/\/tuzlainfo.ba\/#organization\"},\"potentialAction\":[{\"@type\":\"SearchAction\",\"target\":{\"@type\":\"EntryPoint\",\"urlTemplate\":\"https:\/\/tuzlainfo.ba\/?s={search_term_string}\"},\"query-input\":{\"@type\":\"PropertyValueSpecification\",\"valueRequired\":true,\"valueName\":\"search_term_string\"}}],\"inLanguage\":\"bs-BA\"},{\"@type\":\"Organization\",\"@id\":\"https:\/\/tuzlainfo.ba\/#organization\",\"name\":\"TuzlaInfo.ba\",\"url\":\"https:\/\/tuzlainfo.ba\/\",\"logo\":{\"@type\":\"ImageObject\",\"inLanguage\":\"bs-BA\",\"@id\":\"https:\/\/tuzlainfo.ba\/#\/schema\/logo\/image\/\",\"url\":\"https:\/\/tuzlainfo.ba\/wp-content\/uploads\/2021\/03\/logo-ver-3-1.png\",\"contentUrl\":\"https:\/\/tuzlainfo.ba\/wp-content\/uploads\/2021\/03\/logo-ver-3-1.png\",\"width\":350,\"height\":95,\"caption\":\"TuzlaInfo.ba\"},\"image\":{\"@id\":\"https:\/\/tuzlainfo.ba\/#\/schema\/logo\/image\/\"},\"sameAs\":[\"https:\/\/www.facebook.com\/tuzlainfo.ba\/\"]},{\"@type\":\"Person\",\"@id\":\"https:\/\/tuzlainfo.ba\/#\/schema\/person\/f434e20dc27ea133923aab08451b7f7f\",\"name\":\"nedim\",\"image\":{\"@type\":\"ImageObject\",\"inLanguage\":\"bs-BA\",\"@id\":\"https:\/\/tuzlainfo.ba\/#\/schema\/person\/image\/\",\"url\":\"https:\/\/tuzlainfo.ba\/wp-content\/litespeed\/avatar\/aabad687af24844af817603ac1cbdc4f.jpg?ver=1777306975\",\"contentUrl\":\"https:\/\/tuzlainfo.ba\/wp-content\/litespeed\/avatar\/aabad687af24844af817603ac1cbdc4f.jpg?ver=1777306975\",\"caption\":\"nedim\"},\"description\":\"Tuzlainfo.ba pratite na dru\u0161tvenim mre\u017eama: Facebook, Instagram i Youtube. Svoje pri\u010de, upite i fotografije \u0161aljite na na\u0161u e-mail adresu.\"}]}<\/script>\n<!-- \/ Yoast SEO plugin. -->","yoast_head_json":{"title":"Prou\u010dena ikrar dova: Iz Muftijstva tuzlanskog na had\u017e putuje 406 had\u017eija - TuzlaInfo.ba","robots":{"index":"index","follow":"follow","max-snippet":"max-snippet:-1","max-image-preview":"max-image-preview:large","max-video-preview":"max-video-preview:-1"},"canonical":"https:\/\/tuzlainfo.ba\/index.php\/novosti\/item\/267584-proucena-ikrar-dova-iz-muftijstva-tuzlanskog-na-hadz-putuje-406-hadzija\/","og_locale":"bs_BA","og_type":"article","og_title":"Prou\u010dena ikrar dova: Iz Muftijstva tuzlanskog na had\u017e putuje 406 had\u017eija - TuzlaInfo.ba","og_description":"U prelijepoj atmosferi zajedni\u0161tva, danas je u d\u017eamiji Kralj Abdullah u Tuzli odr\u017eana sve\u010dana ikrar&hellip;","og_url":"https:\/\/tuzlainfo.ba\/index.php\/novosti\/item\/267584-proucena-ikrar-dova-iz-muftijstva-tuzlanskog-na-hadz-putuje-406-hadzija\/","og_site_name":"TuzlaInfo.ba","article_publisher":"https:\/\/www.facebook.com\/tuzlainfo.ba\/","article_published_time":"2025-04-17T07:02:00+00:00","article_modified_time":"2025-04-17T05:47:29+00:00","og_image":[{"width":800,"height":533,"url":"https:\/\/tuzlainfo.ba\/wp-content\/uploads\/2025\/04\/1704_ikrar.jpg","type":"image\/jpeg"}],"author":"nedim","twitter_card":"summary_large_image","twitter_misc":{"Written by":"nedim","Est. reading time":"3 minute"},"schema":{"@context":"https:\/\/schema.org","@graph":[{"@type":"Article","@id":"https:\/\/tuzlainfo.ba\/index.php\/novosti\/item\/267584-proucena-ikrar-dova-iz-muftijstva-tuzlanskog-na-hadz-putuje-406-hadzija\/#article","isPartOf":{"@id":"https:\/\/tuzlainfo.ba\/index.php\/novosti\/item\/267584-proucena-ikrar-dova-iz-muftijstva-tuzlanskog-na-hadz-putuje-406-hadzija\/"},"author":{"name":"nedim","@id":"https:\/\/tuzlainfo.ba\/#\/schema\/person\/f434e20dc27ea133923aab08451b7f7f"},"headline":"Prou\u010dena ikrar dova: Iz Muftijstva tuzlanskog na had\u017e putuje 406 had\u017eija","datePublished":"2025-04-17T07:02:00+00:00","dateModified":"2025-04-17T05:47:29+00:00","mainEntityOfPage":{"@id":"https:\/\/tuzlainfo.ba\/index.php\/novosti\/item\/267584-proucena-ikrar-dova-iz-muftijstva-tuzlanskog-na-hadz-putuje-406-hadzija\/"},"wordCount":496,"publisher":{"@id":"https:\/\/tuzlainfo.ba\/#organization"},"image":{"@id":"https:\/\/tuzlainfo.ba\/index.php\/novosti\/item\/267584-proucena-ikrar-dova-iz-muftijstva-tuzlanskog-na-hadz-putuje-406-hadzija\/#primaryimage"},"thumbnailUrl":"https:\/\/tuzlainfo.ba\/wp-content\/uploads\/2025\/04\/1704_ikrar.jpg","keywords":["ikrar dova","muftijstvo tuzlansko"],"articleSection":["Novosti"],"inLanguage":"bs-BA"},{"@type":"WebPage","@id":"https:\/\/tuzlainfo.ba\/index.php\/novosti\/item\/267584-proucena-ikrar-dova-iz-muftijstva-tuzlanskog-na-hadz-putuje-406-hadzija\/","url":"https:\/\/tuzlainfo.ba\/index.php\/novosti\/item\/267584-proucena-ikrar-dova-iz-muftijstva-tuzlanskog-na-hadz-putuje-406-hadzija\/","name":"Prou\u010dena ikrar dova: Iz Muftijstva tuzlanskog na had\u017e putuje 406 had\u017eija - TuzlaInfo.ba","isPartOf":{"@id":"https:\/\/tuzlainfo.ba\/#website"},"primaryImageOfPage":{"@id":"https:\/\/tuzlainfo.ba\/index.php\/novosti\/item\/267584-proucena-ikrar-dova-iz-muftijstva-tuzlanskog-na-hadz-putuje-406-hadzija\/#primaryimage"},"image":{"@id":"https:\/\/tuzlainfo.ba\/index.php\/novosti\/item\/267584-proucena-ikrar-dova-iz-muftijstva-tuzlanskog-na-hadz-putuje-406-hadzija\/#primaryimage"},"thumbnailUrl":"https:\/\/tuzlainfo.ba\/wp-content\/uploads\/2025\/04\/1704_ikrar.jpg","datePublished":"2025-04-17T07:02:00+00:00","dateModified":"2025-04-17T05:47:29+00:00","breadcrumb":{"@id":"https:\/\/tuzlainfo.ba\/index.php\/novosti\/item\/267584-proucena-ikrar-dova-iz-muftijstva-tuzlanskog-na-hadz-putuje-406-hadzija\/#breadcrumb"},"inLanguage":"bs-BA","potentialAction":[{"@type":"ReadAction","target":["https:\/\/tuzlainfo.ba\/index.php\/novosti\/item\/267584-proucena-ikrar-dova-iz-muftijstva-tuzlanskog-na-hadz-putuje-406-hadzija\/"]}]},{"@type":"ImageObject","inLanguage":"bs-BA","@id":"https:\/\/tuzlainfo.ba\/index.php\/novosti\/item\/267584-proucena-ikrar-dova-iz-muftijstva-tuzlanskog-na-hadz-putuje-406-hadzija\/#primaryimage","url":"https:\/\/tuzlainfo.ba\/wp-content\/uploads\/2025\/04\/1704_ikrar.jpg","contentUrl":"https:\/\/tuzlainfo.ba\/wp-content\/uploads\/2025\/04\/1704_ikrar.jpg","width":800,"height":533},{"@type":"BreadcrumbList","@id":"https:\/\/tuzlainfo.ba\/index.php\/novosti\/item\/267584-proucena-ikrar-dova-iz-muftijstva-tuzlanskog-na-hadz-putuje-406-hadzija\/#breadcrumb","itemListElement":[{"@type":"ListItem","position":1,"name":"Home","item":"https:\/\/tuzlainfo.ba\/"},{"@type":"ListItem","position":2,"name":"Prou\u010dena ikrar dova: Iz Muftijstva tuzlanskog na had\u017e putuje 406 had\u017eija"}]},{"@type":"WebSite","@id":"https:\/\/tuzlainfo.ba\/#website","url":"https:\/\/tuzlainfo.ba\/","name":"TuzlaInfo.ba","description":"Tuzla info, gradski informator - Tuzla na dlanu","publisher":{"@id":"https:\/\/tuzlainfo.ba\/#organization"},"potentialAction":[{"@type":"SearchAction","target":{"@type":"EntryPoint","urlTemplate":"https:\/\/tuzlainfo.ba\/?s={search_term_string}"},"query-input":{"@type":"PropertyValueSpecification","valueRequired":true,"valueName":"search_term_string"}}],"inLanguage":"bs-BA"},{"@type":"Organization","@id":"https:\/\/tuzlainfo.ba\/#organization","name":"TuzlaInfo.ba","url":"https:\/\/tuzlainfo.ba\/","logo":{"@type":"ImageObject","inLanguage":"bs-BA","@id":"https:\/\/tuzlainfo.ba\/#\/schema\/logo\/image\/","url":"https:\/\/tuzlainfo.ba\/wp-content\/uploads\/2021\/03\/logo-ver-3-1.png","contentUrl":"https:\/\/tuzlainfo.ba\/wp-content\/uploads\/2021\/03\/logo-ver-3-1.png","width":350,"height":95,"caption":"TuzlaInfo.ba"},"image":{"@id":"https:\/\/tuzlainfo.ba\/#\/schema\/logo\/image\/"},"sameAs":["https:\/\/www.facebook.com\/tuzlainfo.ba\/"]},{"@type":"Person","@id":"https:\/\/tuzlainfo.ba\/#\/schema\/person\/f434e20dc27ea133923aab08451b7f7f","name":"nedim","image":{"@type":"ImageObject","inLanguage":"bs-BA","@id":"https:\/\/tuzlainfo.ba\/#\/schema\/person\/image\/","url":"https:\/\/tuzlainfo.ba\/wp-content\/litespeed\/avatar\/aabad687af24844af817603ac1cbdc4f.jpg?ver=1777306975","contentUrl":"https:\/\/tuzlainfo.ba\/wp-content\/litespeed\/avatar\/aabad687af24844af817603ac1cbdc4f.jpg?ver=1777306975","caption":"nedim"},"description":"Tuzlainfo.ba pratite na dru\u0161tvenim mre\u017eama: Facebook, Instagram i Youtube. Svoje pri\u010de, upite i fotografije \u0161aljite na na\u0161u e-mail adresu."}]}},"_links":{"self":[{"href":"https:\/\/tuzlainfo.ba\/index.php\/wp-json\/wp\/v2\/posts\/267584"}],"collection":[{"href":"https:\/\/tuzlainfo.ba\/index.php\/wp-json\/wp\/v2\/posts"}],"about":[{"href":"https:\/\/tuzlainfo.ba\/index.php\/wp-json\/wp\/v2\/types\/post"}],"author":[{"embeddable":true,"href":"https:\/\/tuzlainfo.ba\/index.php\/wp-json\/wp\/v2\/users\/2"}],"replies":[{"embeddable":true,"href":"https:\/\/tuzlainfo.ba\/index.php\/wp-json\/wp\/v2\/comments?post=267584"}],"version-history":[{"count":1,"href":"https:\/\/tuzlainfo.ba\/index.php\/wp-json\/wp\/v2\/posts\/267584\/revisions"}],"predecessor-version":[{"id":267586,"href":"https:\/\/tuzlainfo.ba\/index.php\/wp-json\/wp\/v2\/posts\/267584\/revisions\/267586"}],"wp:featuredmedia":[{"embeddable":true,"href":"https:\/\/tuzlainfo.ba\/index.php\/wp-json\/wp\/v2\/media\/267585"}],"wp:attachment":[{"href":"https:\/\/tuzlainfo.ba\/index.php\/wp-json\/wp\/v2\/media?parent=267584"}],"wp:term":[{"taxonomy":"category","embeddable":true,"href":"https:\/\/tuzlainfo.ba\/index.php\/wp-json\/wp\/v2\/categories?post=267584"},{"taxonomy":"post_tag","embeddable":true,"href":"https:\/\/tuzlainfo.ba\/index.php\/wp-json\/wp\/v2\/tags?post=267584"}],"curies":[{"name":"wp","href":"https:\/\/api.w.org\/{rel}","templated":true}]}}