{"id":267394,"date":"2025-04-15T10:02:27","date_gmt":"2025-04-15T08:02:27","guid":{"rendered":"https:\/\/tuzlainfo.ba\/?p=267394"},"modified":"2025-04-14T19:40:54","modified_gmt":"2025-04-14T17:40:54","slug":"vlada-tk-znacajana-finasijska-podrska-za-centar-koraci-nade-tuzla","status":"publish","type":"post","link":"https:\/\/tuzlainfo.ba\/index.php\/novosti\/item\/267394-vlada-tk-znacajana-finasijska-podrska-za-centar-koraci-nade-tuzla\/","title":{"rendered":"Vlada TK: Zna\u010dajana finasijska podr\u0161ka za Centar &#8220;Koraci nade&#8221; Tuzla"},"content":{"rendered":"<p>U cilju unaprje\u0111enja kvaliteta \u017eivota djece i mladih sa invaliditetom Vlada TK dala je saglasnost na Odluku Ministarstva za rad, socijalnu politiku i povratak o odobravanju 200.000 KM Centru za djecu sa vi\u0161estrukim smetnjama \u201eKoraci nade\u201c Tuzla za sufinansiranje rada Centra.<\/p>\n<p>Centar na godi\u0161njem nivou obuhvata izme\u0111u 150 i 170 djece i mladih razli\u010ditih stepena i kategorija invaliditeta sa podru\u010dja Tuzlanskog kantona.<\/p>\n<p>Osnovni cilj programa rada Centra je unapre\u0111enje kvalitete \u017eivota djece i mladih sa invaliditetom kroz odr\u017eavanje i razvijanje socijalnih, kognitivnih i fizi\u010dkih funkcija i vje\u0161tina kako bi se u \u0161to ve\u0107em broju i stepenu osposobili za samostalan \u017eivot.<\/p>\n<p>Centar za djecu sa vi\u0161estrukim smetnjama \u201eKoraci nade\u201c Tuzla po\u010deo je sa radom 1994.godine kao Projekat Britanske nevladine organizacije OXFAM. Od 1997.god. do 2005.godine djelovao je kao jedan od projekata Informativnog centra za osobe sa invaliditetom \u201eLotos\u201c, a danas Centar \u201eKoraci nade\u201c djeluje kao Udru\u017eenje gra\u0111ana \u010diji dio aktivnosti finansijski podupire Ministarstvo za rad, socijalnu politiku i povratak TK, a ostala sredstva\u00a0 Centar nastoji obezbijediti putem razli\u010ditih projekata i donacija.<\/p>\n<p>Svojim radom Centar obuhvata izme\u0111u 170 -200 korisnika, hronolo\u0161ke dobi od 0-28 godina, razli\u010ditih stepena i kategorija ometenosti sa cijelog Tuzlanskog kantona. Centar svojim programskim aktivnostima ne obuhvata rad sa djecom u autisti\u010dnom spektru i \u00a0psihi\u010dkim smetnjama. Centar koristi prostor (u vlasni\u0161tvu Grada Tuzla)\u00a0 namjenski izgra\u0111en i opremljen\u00a0 za rad sa djecom i mladima\u00a0 sa invaliditetom.<\/p>\n","protected":false},"excerpt":{"rendered":"<p>U cilju unaprje\u0111enja kvaliteta \u017eivota djece i mladih sa invaliditetom Vlada TK dala je saglasnost na Odluku Ministarstva za rad, socijalnu politiku i povratak o odobravanju 200.000 KM Centru za djecu sa vi\u0161estrukim smetnjama \u201eKoraci nade\u201c Tuzla za sufinansiranje rada Centra. Centar na godi\u0161njem nivou obuhvata izme\u0111u 150 i 170 djece i mladih razli\u010ditih stepena [&hellip;]<\/p>\n","protected":false},"author":2,"featured_media":63733,"comment_status":"closed","ping_status":"closed","sticky":false,"template":"","format":"standard","meta":{"footnotes":""},"categories":[304,12],"tags":[5663,336],"class_list":["post-267394","post","type-post","status-publish","format-standard","has-post-thumbnail","hentry","category-istaknuto","category-novosti","tag-centar-koraci-nade","tag-vlada-tk"],"yoast_head":"<!-- This site is optimized with the Yoast SEO plugin v28.3 - https:\/\/yoast.com\/product\/yoast-seo-wordpress\/ -->\n<title>Vlada TK: Zna\u010dajana finasijska podr\u0161ka za Centar &quot;Koraci nade&quot; Tuzla<\/title>\n<meta name=\"robots\" content=\"index, follow, max-snippet:-1, max-image-preview:large, max-video-preview:-1\" \/>\n<link rel=\"canonical\" href=\"https:\/\/tuzlainfo.ba\/index.php\/novosti\/item\/267394-vlada-tk-znacajana-finasijska-podrska-za-centar-koraci-nade-tuzla\/\" \/>\n<meta property=\"og:locale\" content=\"bs_BA\" \/>\n<meta property=\"og:type\" content=\"article\" \/>\n<meta property=\"og:title\" content=\"Vlada TK: Zna\u010dajana finasijska podr\u0161ka za Centar &quot;Koraci nade&quot; Tuzla\" \/>\n<meta property=\"og:description\" content=\"U cilju unaprje\u0111enja kvaliteta \u017eivota djece i mladih sa invaliditetom Vlada TK dala je saglasnost na Odluku Ministarstva za rad, socijalnu politiku i povratak o odobravanju 200.000 KM Centru za djecu sa vi\u0161estrukim smetnjama \u201eKoraci nade\u201c Tuzla za sufinansiranje rada Centra. Centar na godi\u0161njem nivou obuhvata izme\u0111u 150 i 170 djece i mladih razli\u010ditih stepena [&hellip;]\" \/>\n<meta property=\"og:url\" content=\"https:\/\/tuzlainfo.ba\/index.php\/novosti\/item\/267394-vlada-tk-znacajana-finasijska-podrska-za-centar-koraci-nade-tuzla\/\" \/>\n<meta property=\"og:site_name\" content=\"TuzlaInfo.ba\" \/>\n<meta property=\"article:publisher\" content=\"https:\/\/www.facebook.com\/tuzlainfo.ba\/\" \/>\n<meta property=\"article:published_time\" content=\"2025-04-15T08:02:27+00:00\" \/>\n<meta property=\"og:image\" content=\"https:\/\/tuzlainfo.ba\/wp-content\/uploads\/2018\/08\/sadrzaj_2018_20180801_3108_koraci_nade.jpg\" \/>\n\t<meta property=\"og:image:width\" content=\"770\" \/>\n\t<meta property=\"og:image:height\" content=\"513\" \/>\n\t<meta property=\"og:image:type\" content=\"image\/jpeg\" \/>\n<meta name=\"author\" content=\"nedim\" \/>\n<meta name=\"twitter:card\" content=\"summary_large_image\" \/>\n<meta name=\"twitter:label1\" content=\"Written by\" \/>\n\t<meta name=\"twitter:data1\" content=\"nedim\" \/>\n\t<meta name=\"twitter:label2\" content=\"Est. reading time\" \/>\n\t<meta name=\"twitter:data2\" content=\"2 minute\" \/>\n<script type=\"application\/ld+json\" class=\"yoast-schema-graph\">{\"@context\":\"https:\\\/\\\/schema.org\",\"@graph\":[{\"@type\":\"Article\",\"@id\":\"https:\\\/\\\/tuzlainfo.ba\\\/index.php\\\/novosti\\\/item\\\/267394-vlada-tk-znacajana-finasijska-podrska-za-centar-koraci-nade-tuzla\\\/#article\",\"isPartOf\":{\"@id\":\"https:\\\/\\\/tuzlainfo.ba\\\/index.php\\\/novosti\\\/item\\\/267394-vlada-tk-znacajana-finasijska-podrska-za-centar-koraci-nade-tuzla\\\/\"},\"author\":{\"name\":\"nedim\",\"@id\":\"https:\\\/\\\/tuzlainfo.ba\\\/#\\\/schema\\\/person\\\/f434e20dc27ea133923aab08451b7f7f\"},\"headline\":\"Vlada TK: Zna\u010dajana finasijska podr\u0161ka za Centar &#8220;Koraci nade&#8221; Tuzla\",\"datePublished\":\"2025-04-15T08:02:27+00:00\",\"mainEntityOfPage\":{\"@id\":\"https:\\\/\\\/tuzlainfo.ba\\\/index.php\\\/novosti\\\/item\\\/267394-vlada-tk-znacajana-finasijska-podrska-za-centar-koraci-nade-tuzla\\\/\"},\"wordCount\":257,\"publisher\":{\"@id\":\"https:\\\/\\\/tuzlainfo.ba\\\/#organization\"},\"image\":{\"@id\":\"https:\\\/\\\/tuzlainfo.ba\\\/index.php\\\/novosti\\\/item\\\/267394-vlada-tk-znacajana-finasijska-podrska-za-centar-koraci-nade-tuzla\\\/#primaryimage\"},\"thumbnailUrl\":\"https:\\\/\\\/tuzlainfo.ba\\\/wp-content\\\/uploads\\\/2018\\\/08\\\/sadrzaj_2018_20180801_3108_koraci_nade.jpg\",\"keywords\":[\"centar koraci nade\",\"vlada tk\"],\"articleSection\":[\"Istaknuto\",\"Novosti\"],\"inLanguage\":\"bs-BA\",\"copyrightYear\":\"2025\",\"copyrightHolder\":{\"@id\":\"https:\\\/\\\/tuzlainfo.ba\\\/#organization\"}},{\"@type\":\"WebPage\",\"@id\":\"https:\\\/\\\/tuzlainfo.ba\\\/index.php\\\/novosti\\\/item\\\/267394-vlada-tk-znacajana-finasijska-podrska-za-centar-koraci-nade-tuzla\\\/\",\"url\":\"https:\\\/\\\/tuzlainfo.ba\\\/index.php\\\/novosti\\\/item\\\/267394-vlada-tk-znacajana-finasijska-podrska-za-centar-koraci-nade-tuzla\\\/\",\"name\":\"Vlada TK: Zna\u010dajana finasijska podr\u0161ka za Centar \\\"Koraci nade\\\" Tuzla\",\"isPartOf\":{\"@id\":\"https:\\\/\\\/tuzlainfo.ba\\\/#website\"},\"primaryImageOfPage\":{\"@id\":\"https:\\\/\\\/tuzlainfo.ba\\\/index.php\\\/novosti\\\/item\\\/267394-vlada-tk-znacajana-finasijska-podrska-za-centar-koraci-nade-tuzla\\\/#primaryimage\"},\"image\":{\"@id\":\"https:\\\/\\\/tuzlainfo.ba\\\/index.php\\\/novosti\\\/item\\\/267394-vlada-tk-znacajana-finasijska-podrska-za-centar-koraci-nade-tuzla\\\/#primaryimage\"},\"thumbnailUrl\":\"https:\\\/\\\/tuzlainfo.ba\\\/wp-content\\\/uploads\\\/2018\\\/08\\\/sadrzaj_2018_20180801_3108_koraci_nade.jpg\",\"datePublished\":\"2025-04-15T08:02:27+00:00\",\"breadcrumb\":{\"@id\":\"https:\\\/\\\/tuzlainfo.ba\\\/index.php\\\/novosti\\\/item\\\/267394-vlada-tk-znacajana-finasijska-podrska-za-centar-koraci-nade-tuzla\\\/#breadcrumb\"},\"inLanguage\":\"bs-BA\",\"potentialAction\":[{\"@type\":\"ReadAction\",\"target\":[\"https:\\\/\\\/tuzlainfo.ba\\\/index.php\\\/novosti\\\/item\\\/267394-vlada-tk-znacajana-finasijska-podrska-za-centar-koraci-nade-tuzla\\\/\"]}]},{\"@type\":\"ImageObject\",\"inLanguage\":\"bs-BA\",\"@id\":\"https:\\\/\\\/tuzlainfo.ba\\\/index.php\\\/novosti\\\/item\\\/267394-vlada-tk-znacajana-finasijska-podrska-za-centar-koraci-nade-tuzla\\\/#primaryimage\",\"url\":\"https:\\\/\\\/tuzlainfo.ba\\\/wp-content\\\/uploads\\\/2018\\\/08\\\/sadrzaj_2018_20180801_3108_koraci_nade.jpg\",\"contentUrl\":\"https:\\\/\\\/tuzlainfo.ba\\\/wp-content\\\/uploads\\\/2018\\\/08\\\/sadrzaj_2018_20180801_3108_koraci_nade.jpg\",\"width\":770,\"height\":513,\"caption\":\"Foto: Arhiva\"},{\"@type\":\"BreadcrumbList\",\"@id\":\"https:\\\/\\\/tuzlainfo.ba\\\/index.php\\\/novosti\\\/item\\\/267394-vlada-tk-znacajana-finasijska-podrska-za-centar-koraci-nade-tuzla\\\/#breadcrumb\",\"itemListElement\":[{\"@type\":\"ListItem\",\"position\":1,\"name\":\"Home\",\"item\":\"https:\\\/\\\/tuzlainfo.ba\\\/\"},{\"@type\":\"ListItem\",\"position\":2,\"name\":\"Vlada TK: Zna\u010dajana finasijska podr\u0161ka za Centar &#8220;Koraci nade&#8221; Tuzla\"}]},{\"@type\":\"WebSite\",\"@id\":\"https:\\\/\\\/tuzlainfo.ba\\\/#website\",\"url\":\"https:\\\/\\\/tuzlainfo.ba\\\/\",\"name\":\"TuzlaInfo.ba\",\"description\":\"Tuzla info, gradski informator - Tuzla na dlanu\",\"publisher\":{\"@id\":\"https:\\\/\\\/tuzlainfo.ba\\\/#organization\"},\"potentialAction\":[{\"@type\":\"SearchAction\",\"target\":{\"@type\":\"EntryPoint\",\"urlTemplate\":\"https:\\\/\\\/tuzlainfo.ba\\\/?s={search_term_string}\"},\"query-input\":{\"@type\":\"PropertyValueSpecification\",\"valueRequired\":true,\"valueName\":\"search_term_string\"}}],\"inLanguage\":\"bs-BA\"},{\"@type\":\"Organization\",\"@id\":\"https:\\\/\\\/tuzlainfo.ba\\\/#organization\",\"name\":\"TuzlaInfo.ba\",\"url\":\"https:\\\/\\\/tuzlainfo.ba\\\/\",\"logo\":{\"@type\":\"ImageObject\",\"inLanguage\":\"bs-BA\",\"@id\":\"https:\\\/\\\/tuzlainfo.ba\\\/#\\\/schema\\\/logo\\\/image\\\/\",\"url\":\"https:\\\/\\\/tuzlainfo.ba\\\/wp-content\\\/uploads\\\/2021\\\/03\\\/logo-ver-3-1.png\",\"contentUrl\":\"https:\\\/\\\/tuzlainfo.ba\\\/wp-content\\\/uploads\\\/2021\\\/03\\\/logo-ver-3-1.png\",\"width\":350,\"height\":95,\"caption\":\"TuzlaInfo.ba\"},\"image\":{\"@id\":\"https:\\\/\\\/tuzlainfo.ba\\\/#\\\/schema\\\/logo\\\/image\\\/\"},\"sameAs\":[\"https:\\\/\\\/www.facebook.com\\\/tuzlainfo.ba\\\/\"]},{\"@type\":\"Person\",\"@id\":\"https:\\\/\\\/tuzlainfo.ba\\\/#\\\/schema\\\/person\\\/f434e20dc27ea133923aab08451b7f7f\",\"name\":\"nedim\",\"image\":{\"@type\":\"ImageObject\",\"inLanguage\":\"bs-BA\",\"@id\":\"https:\\\/\\\/secure.gravatar.com\\\/avatar\\\/5b928a2e7e70a54208d2eb6c1edcb75a5350d6ae97d5f0a701203d456823f6f3?s=96&d=mm&r=g\",\"url\":\"https:\\\/\\\/secure.gravatar.com\\\/avatar\\\/5b928a2e7e70a54208d2eb6c1edcb75a5350d6ae97d5f0a701203d456823f6f3?s=96&d=mm&r=g\",\"contentUrl\":\"https:\\\/\\\/secure.gravatar.com\\\/avatar\\\/5b928a2e7e70a54208d2eb6c1edcb75a5350d6ae97d5f0a701203d456823f6f3?s=96&d=mm&r=g\",\"caption\":\"nedim\"},\"description\":\"Tuzlainfo.ba pratite na dru\u0161tvenim mre\u017eama: Facebook, Instagram i Youtube. Svoje pri\u010de, upite i fotografije \u0161aljite na na\u0161u e-mail adresu.\"}]}<\/script>\n<!-- \/ Yoast SEO plugin. -->","yoast_head_json":{"title":"Vlada TK: Zna\u010dajana finasijska podr\u0161ka za Centar \"Koraci nade\" Tuzla","robots":{"index":"index","follow":"follow","max-snippet":"max-snippet:-1","max-image-preview":"max-image-preview:large","max-video-preview":"max-video-preview:-1"},"canonical":"https:\/\/tuzlainfo.ba\/index.php\/novosti\/item\/267394-vlada-tk-znacajana-finasijska-podrska-za-centar-koraci-nade-tuzla\/","og_locale":"bs_BA","og_type":"article","og_title":"Vlada TK: Zna\u010dajana finasijska podr\u0161ka za Centar \"Koraci nade\" Tuzla","og_description":"U cilju unaprje\u0111enja kvaliteta \u017eivota djece i mladih sa invaliditetom Vlada TK dala je saglasnost na Odluku Ministarstva za rad, socijalnu politiku i povratak o odobravanju 200.000 KM Centru za djecu sa vi\u0161estrukim smetnjama \u201eKoraci nade\u201c Tuzla za sufinansiranje rada Centra. Centar na godi\u0161njem nivou obuhvata izme\u0111u 150 i 170 djece i mladih razli\u010ditih stepena [&hellip;]","og_url":"https:\/\/tuzlainfo.ba\/index.php\/novosti\/item\/267394-vlada-tk-znacajana-finasijska-podrska-za-centar-koraci-nade-tuzla\/","og_site_name":"TuzlaInfo.ba","article_publisher":"https:\/\/www.facebook.com\/tuzlainfo.ba\/","article_published_time":"2025-04-15T08:02:27+00:00","og_image":[{"width":770,"height":513,"url":"https:\/\/tuzlainfo.ba\/wp-content\/uploads\/2018\/08\/sadrzaj_2018_20180801_3108_koraci_nade.jpg","type":"image\/jpeg"}],"author":"nedim","twitter_card":"summary_large_image","twitter_misc":{"Written by":"nedim","Est. reading time":"2 minute"},"schema":{"@context":"https:\/\/schema.org","@graph":[{"@type":"Article","@id":"https:\/\/tuzlainfo.ba\/index.php\/novosti\/item\/267394-vlada-tk-znacajana-finasijska-podrska-za-centar-koraci-nade-tuzla\/#article","isPartOf":{"@id":"https:\/\/tuzlainfo.ba\/index.php\/novosti\/item\/267394-vlada-tk-znacajana-finasijska-podrska-za-centar-koraci-nade-tuzla\/"},"author":{"name":"nedim","@id":"https:\/\/tuzlainfo.ba\/#\/schema\/person\/f434e20dc27ea133923aab08451b7f7f"},"headline":"Vlada TK: Zna\u010dajana finasijska podr\u0161ka za Centar &#8220;Koraci nade&#8221; Tuzla","datePublished":"2025-04-15T08:02:27+00:00","mainEntityOfPage":{"@id":"https:\/\/tuzlainfo.ba\/index.php\/novosti\/item\/267394-vlada-tk-znacajana-finasijska-podrska-za-centar-koraci-nade-tuzla\/"},"wordCount":257,"publisher":{"@id":"https:\/\/tuzlainfo.ba\/#organization"},"image":{"@id":"https:\/\/tuzlainfo.ba\/index.php\/novosti\/item\/267394-vlada-tk-znacajana-finasijska-podrska-za-centar-koraci-nade-tuzla\/#primaryimage"},"thumbnailUrl":"https:\/\/tuzlainfo.ba\/wp-content\/uploads\/2018\/08\/sadrzaj_2018_20180801_3108_koraci_nade.jpg","keywords":["centar koraci nade","vlada tk"],"articleSection":["Istaknuto","Novosti"],"inLanguage":"bs-BA","copyrightYear":"2025","copyrightHolder":{"@id":"https:\/\/tuzlainfo.ba\/#organization"}},{"@type":"WebPage","@id":"https:\/\/tuzlainfo.ba\/index.php\/novosti\/item\/267394-vlada-tk-znacajana-finasijska-podrska-za-centar-koraci-nade-tuzla\/","url":"https:\/\/tuzlainfo.ba\/index.php\/novosti\/item\/267394-vlada-tk-znacajana-finasijska-podrska-za-centar-koraci-nade-tuzla\/","name":"Vlada TK: Zna\u010dajana finasijska podr\u0161ka za Centar \"Koraci nade\" Tuzla","isPartOf":{"@id":"https:\/\/tuzlainfo.ba\/#website"},"primaryImageOfPage":{"@id":"https:\/\/tuzlainfo.ba\/index.php\/novosti\/item\/267394-vlada-tk-znacajana-finasijska-podrska-za-centar-koraci-nade-tuzla\/#primaryimage"},"image":{"@id":"https:\/\/tuzlainfo.ba\/index.php\/novosti\/item\/267394-vlada-tk-znacajana-finasijska-podrska-za-centar-koraci-nade-tuzla\/#primaryimage"},"thumbnailUrl":"https:\/\/tuzlainfo.ba\/wp-content\/uploads\/2018\/08\/sadrzaj_2018_20180801_3108_koraci_nade.jpg","datePublished":"2025-04-15T08:02:27+00:00","breadcrumb":{"@id":"https:\/\/tuzlainfo.ba\/index.php\/novosti\/item\/267394-vlada-tk-znacajana-finasijska-podrska-za-centar-koraci-nade-tuzla\/#breadcrumb"},"inLanguage":"bs-BA","potentialAction":[{"@type":"ReadAction","target":["https:\/\/tuzlainfo.ba\/index.php\/novosti\/item\/267394-vlada-tk-znacajana-finasijska-podrska-za-centar-koraci-nade-tuzla\/"]}]},{"@type":"ImageObject","inLanguage":"bs-BA","@id":"https:\/\/tuzlainfo.ba\/index.php\/novosti\/item\/267394-vlada-tk-znacajana-finasijska-podrska-za-centar-koraci-nade-tuzla\/#primaryimage","url":"https:\/\/tuzlainfo.ba\/wp-content\/uploads\/2018\/08\/sadrzaj_2018_20180801_3108_koraci_nade.jpg","contentUrl":"https:\/\/tuzlainfo.ba\/wp-content\/uploads\/2018\/08\/sadrzaj_2018_20180801_3108_koraci_nade.jpg","width":770,"height":513,"caption":"Foto: Arhiva"},{"@type":"BreadcrumbList","@id":"https:\/\/tuzlainfo.ba\/index.php\/novosti\/item\/267394-vlada-tk-znacajana-finasijska-podrska-za-centar-koraci-nade-tuzla\/#breadcrumb","itemListElement":[{"@type":"ListItem","position":1,"name":"Home","item":"https:\/\/tuzlainfo.ba\/"},{"@type":"ListItem","position":2,"name":"Vlada TK: Zna\u010dajana finasijska podr\u0161ka za Centar &#8220;Koraci nade&#8221; Tuzla"}]},{"@type":"WebSite","@id":"https:\/\/tuzlainfo.ba\/#website","url":"https:\/\/tuzlainfo.ba\/","name":"TuzlaInfo.ba","description":"Tuzla info, gradski informator - Tuzla na dlanu","publisher":{"@id":"https:\/\/tuzlainfo.ba\/#organization"},"potentialAction":[{"@type":"SearchAction","target":{"@type":"EntryPoint","urlTemplate":"https:\/\/tuzlainfo.ba\/?s={search_term_string}"},"query-input":{"@type":"PropertyValueSpecification","valueRequired":true,"valueName":"search_term_string"}}],"inLanguage":"bs-BA"},{"@type":"Organization","@id":"https:\/\/tuzlainfo.ba\/#organization","name":"TuzlaInfo.ba","url":"https:\/\/tuzlainfo.ba\/","logo":{"@type":"ImageObject","inLanguage":"bs-BA","@id":"https:\/\/tuzlainfo.ba\/#\/schema\/logo\/image\/","url":"https:\/\/tuzlainfo.ba\/wp-content\/uploads\/2021\/03\/logo-ver-3-1.png","contentUrl":"https:\/\/tuzlainfo.ba\/wp-content\/uploads\/2021\/03\/logo-ver-3-1.png","width":350,"height":95,"caption":"TuzlaInfo.ba"},"image":{"@id":"https:\/\/tuzlainfo.ba\/#\/schema\/logo\/image\/"},"sameAs":["https:\/\/www.facebook.com\/tuzlainfo.ba\/"]},{"@type":"Person","@id":"https:\/\/tuzlainfo.ba\/#\/schema\/person\/f434e20dc27ea133923aab08451b7f7f","name":"nedim","image":{"@type":"ImageObject","inLanguage":"bs-BA","@id":"https:\/\/secure.gravatar.com\/avatar\/5b928a2e7e70a54208d2eb6c1edcb75a5350d6ae97d5f0a701203d456823f6f3?s=96&d=mm&r=g","url":"https:\/\/secure.gravatar.com\/avatar\/5b928a2e7e70a54208d2eb6c1edcb75a5350d6ae97d5f0a701203d456823f6f3?s=96&d=mm&r=g","contentUrl":"https:\/\/secure.gravatar.com\/avatar\/5b928a2e7e70a54208d2eb6c1edcb75a5350d6ae97d5f0a701203d456823f6f3?s=96&d=mm&r=g","caption":"nedim"},"description":"Tuzlainfo.ba pratite na dru\u0161tvenim mre\u017eama: Facebook, Instagram i Youtube. Svoje pri\u010de, upite i fotografije \u0161aljite na na\u0161u e-mail adresu."}]}},"_links":{"self":[{"href":"https:\/\/tuzlainfo.ba\/index.php\/wp-json\/wp\/v2\/posts\/267394","targetHints":{"allow":["GET"]}}],"collection":[{"href":"https:\/\/tuzlainfo.ba\/index.php\/wp-json\/wp\/v2\/posts"}],"about":[{"href":"https:\/\/tuzlainfo.ba\/index.php\/wp-json\/wp\/v2\/types\/post"}],"author":[{"embeddable":true,"href":"https:\/\/tuzlainfo.ba\/index.php\/wp-json\/wp\/v2\/users\/2"}],"replies":[{"embeddable":true,"href":"https:\/\/tuzlainfo.ba\/index.php\/wp-json\/wp\/v2\/comments?post=267394"}],"version-history":[{"count":1,"href":"https:\/\/tuzlainfo.ba\/index.php\/wp-json\/wp\/v2\/posts\/267394\/revisions"}],"predecessor-version":[{"id":267395,"href":"https:\/\/tuzlainfo.ba\/index.php\/wp-json\/wp\/v2\/posts\/267394\/revisions\/267395"}],"wp:featuredmedia":[{"embeddable":true,"href":"https:\/\/tuzlainfo.ba\/index.php\/wp-json\/wp\/v2\/media\/63733"}],"wp:attachment":[{"href":"https:\/\/tuzlainfo.ba\/index.php\/wp-json\/wp\/v2\/media?parent=267394"}],"wp:term":[{"taxonomy":"category","embeddable":true,"href":"https:\/\/tuzlainfo.ba\/index.php\/wp-json\/wp\/v2\/categories?post=267394"},{"taxonomy":"post_tag","embeddable":true,"href":"https:\/\/tuzlainfo.ba\/index.php\/wp-json\/wp\/v2\/tags?post=267394"}],"curies":[{"name":"wp","href":"https:\/\/api.w.org\/{rel}","templated":true}]}}