{"id":267391,"date":"2025-04-14T19:23:30","date_gmt":"2025-04-14T17:23:30","guid":{"rendered":"https:\/\/tuzlainfo.ba\/?p=267391"},"modified":"2025-04-14T19:23:30","modified_gmt":"2025-04-14T17:23:30","slug":"vico-zeljkovic-ostaje-na-celu-nfsbih-izmjene-u-izvrsnom-odboru","status":"publish","type":"post","link":"https:\/\/tuzlainfo.ba\/index.php\/bosna-i-hercegovina\/item\/267391-vico-zeljkovic-ostaje-na-celu-nfsbih-izmjene-u-izvrsnom-odboru\/","title":{"rendered":"Vico Zeljkovi\u0107 ostaje na \u010delu NFSBiH, izmjene u Izvr\u0161nom odboru"},"content":{"rendered":"<p>Vico Zeljkovi\u0107 bit \u0107e predsjednik Nogometnog saveza Bosne i Hercegovine i u naredne \u010detiri godine, odlu\u010dili su danas delegati na izbornoj sjednici Generalne skup\u0161tine Nogometnog saveza BiH odr\u017eane u Neumu.<\/p>\n<p>Sjednici su ispred FIFA-e prisustvovali izvr\u0161ni direktor servisa asocijacija \u010dlanica Tom Gorissen i regionalni koordinator za Europu Marco Ferri. Gosti iz UEFA-e bili su \u010dlan Izvr\u0161nog odbora Marijan Kusti\u0107 i rukovoditelj slu\u017ebe za nacionalne asocijacije Marios Georgiou, priop\u0107eno je iz Nogometnog saveza BiH.<\/p>\n<p>U uvodnim govorima oni su istaknuli da suradnja FIFA-e, UEFA-e i NS-a BiH nikad nije bila na vi\u0161em nivou, pohvalili su ulaganja u infrastrukturu, kao i rezultate koje su postigli &#8220;A&#8221; reprezentacija Bosne i Hercegovine na po\u010detku kvalifikacija za Svjetsko prvenstvo, kao i banjalu\u010dki Borac u Konferencijskoj ligi UEFA-e.<\/p>\n<p>Nagla\u0161eno je da je organizacija dana\u0161nje sjednice bila na veoma visokom nivou, te da su prisustvovala 56 delegata, \u0161to zna\u010di da su sve donesene odluke pravovaljane.<\/p>\n<p>Izabrani su \u010dlanovi Izvr\u0161nog odbora Nogometnog saveza BiH i zamjenski \u010dlanovi Izvr\u0161nog odbora.<\/p>\n<p>\u010clanovi Izvr\u0161nog odbora u naredne \u010detiri godine bit \u0107e: Vico Zeljkovi\u0107, Muris Jaband\u017ei\u0107, Irfan Duri\u0107, Ivo Ivki\u0107, Elmir \u0160e\u0107erbegovi\u0107, Muhidin Ra\u0161\u010di\u0107, Midhet Saraj\u010di\u0107, Ivan Beus, Knezovi\u0107 Dario, Ivan Peri\u0107, Radika Mari\u0107, Milorad O. Lale, Milo\u0161 Brki\u0107 i Goran Velaula.<\/p>\n<div>\n<p class=\"lg:text-[20px] lg:leading-[30px] text-[18px] leading-[26px] leading-normal font-[400]\">Ve\u0107inom su to \u010dlanovi IO koji su bili i u pro\u0161lom mandatu, a \u010detiri nova imena su \u0160e\u0107erbegovi\u0107, Knezovi\u0107, Mari\u0107 i Velaula, koji su zamijenili Azmira Husi\u0107a, Dragana Soldu, Milorada Sofreni\u0107a i \u017darka Laketu. \u010clan IO FSBiH iz Kantona Sarajevo bit \u0107e naknadno izabran, jer u radu Skup\u0161tine nisu u\u010destvovali predstavnici FSKS &#8211; nisu birali i nisu birani, jer u FSKS nisu provedeni izbori.<\/p>\n<\/div>\n<div id=\"oa-360-1744651192476_8b2zlmz3l\" data-dest=\"placeholder\">\n<div id=\"oa-360-1744651192477_2q67wdm8l\">\n<div id=\"oa-360-1744651192477_kp8o7f4e5\">\n<div id=\"oa-360-1744651192477_rw4cqy2k1\">\n<div id=\"oa-360-1744651192570_rpxedmon2\" data-google-query-id=\"CPbCkJmE2IwDFfyLgwcd41AGqQ\"><\/div>\n<\/div>\n<\/div>\n<\/div>\n<\/div>\n","protected":false},"excerpt":{"rendered":"<p>Vico Zeljkovi\u0107 bit \u0107e predsjednik Nogometnog saveza Bosne i Hercegovine i u naredne \u010detiri godine,&hellip;<\/p>\n","protected":false},"author":2,"featured_media":267392,"comment_status":"closed","ping_status":"closed","sticky":false,"template":"","format":"standard","meta":{"_acf_changed":false,"footnotes":""},"categories":[291],"tags":[2530,2531],"acf":[],"yoast_head":"<!-- This site is optimized with the Yoast SEO plugin v23.5 - https:\/\/yoast.com\/wordpress\/plugins\/seo\/ -->\n<title>Vico Zeljkovi\u0107 ostaje na \u010delu NFSBiH, izmjene u Izvr\u0161nom odboru - TuzlaInfo.ba<\/title>\n<meta name=\"robots\" content=\"index, follow, max-snippet:-1, max-image-preview:large, max-video-preview:-1\" \/>\n<link rel=\"canonical\" href=\"https:\/\/tuzlainfo.ba\/index.php\/bosna-i-hercegovina\/item\/267391-vico-zeljkovic-ostaje-na-celu-nfsbih-izmjene-u-izvrsnom-odboru\/\" \/>\n<meta property=\"og:locale\" content=\"bs_BA\" \/>\n<meta property=\"og:type\" content=\"article\" \/>\n<meta property=\"og:title\" content=\"Vico Zeljkovi\u0107 ostaje na \u010delu NFSBiH, izmjene u Izvr\u0161nom odboru - TuzlaInfo.ba\" \/>\n<meta property=\"og:description\" content=\"Vico Zeljkovi\u0107 bit \u0107e predsjednik Nogometnog saveza Bosne i Hercegovine i u naredne \u010detiri godine,&hellip;\" \/>\n<meta property=\"og:url\" content=\"https:\/\/tuzlainfo.ba\/index.php\/bosna-i-hercegovina\/item\/267391-vico-zeljkovic-ostaje-na-celu-nfsbih-izmjene-u-izvrsnom-odboru\/\" \/>\n<meta property=\"og:site_name\" content=\"TuzlaInfo.ba\" \/>\n<meta property=\"article:publisher\" content=\"https:\/\/www.facebook.com\/tuzlainfo.ba\/\" \/>\n<meta property=\"article:published_time\" content=\"2025-04-14T17:23:30+00:00\" \/>\n<meta property=\"og:image\" content=\"https:\/\/tuzlainfo.ba\/wp-content\/uploads\/2025\/04\/1404_vico_zeljkovic.jpg\" \/>\n\t<meta property=\"og:image:width\" content=\"1024\" \/>\n\t<meta property=\"og:image:height\" content=\"683\" \/>\n\t<meta property=\"og:image:type\" content=\"image\/jpeg\" \/>\n<meta name=\"author\" content=\"nedim\" \/>\n<meta name=\"twitter:card\" content=\"summary_large_image\" \/>\n<meta name=\"twitter:label1\" content=\"Written by\" \/>\n\t<meta name=\"twitter:data1\" content=\"nedim\" \/>\n\t<meta name=\"twitter:label2\" content=\"Est. reading time\" \/>\n\t<meta name=\"twitter:data2\" content=\"2 minute\" \/>\n<script type=\"application\/ld+json\" class=\"yoast-schema-graph\">{\"@context\":\"https:\/\/schema.org\",\"@graph\":[{\"@type\":\"Article\",\"@id\":\"https:\/\/tuzlainfo.ba\/index.php\/bosna-i-hercegovina\/item\/267391-vico-zeljkovic-ostaje-na-celu-nfsbih-izmjene-u-izvrsnom-odboru\/#article\",\"isPartOf\":{\"@id\":\"https:\/\/tuzlainfo.ba\/index.php\/bosna-i-hercegovina\/item\/267391-vico-zeljkovic-ostaje-na-celu-nfsbih-izmjene-u-izvrsnom-odboru\/\"},\"author\":{\"name\":\"nedim\",\"@id\":\"https:\/\/tuzlainfo.ba\/#\/schema\/person\/f434e20dc27ea133923aab08451b7f7f\"},\"headline\":\"Vico Zeljkovi\u0107 ostaje na \u010delu NFSBiH, izmjene u Izvr\u0161nom odboru\",\"datePublished\":\"2025-04-14T17:23:30+00:00\",\"dateModified\":\"2025-04-14T17:23:30+00:00\",\"mainEntityOfPage\":{\"@id\":\"https:\/\/tuzlainfo.ba\/index.php\/bosna-i-hercegovina\/item\/267391-vico-zeljkovic-ostaje-na-celu-nfsbih-izmjene-u-izvrsnom-odboru\/\"},\"wordCount\":301,\"publisher\":{\"@id\":\"https:\/\/tuzlainfo.ba\/#organization\"},\"image\":{\"@id\":\"https:\/\/tuzlainfo.ba\/index.php\/bosna-i-hercegovina\/item\/267391-vico-zeljkovic-ostaje-na-celu-nfsbih-izmjene-u-izvrsnom-odboru\/#primaryimage\"},\"thumbnailUrl\":\"https:\/\/tuzlainfo.ba\/wp-content\/uploads\/2025\/04\/1404_vico_zeljkovic.jpg\",\"keywords\":[\"NFSBiH\",\"Vico Zeljkovi\u0107\"],\"articleSection\":[\"Bosna i Hercegovina\"],\"inLanguage\":\"bs-BA\"},{\"@type\":\"WebPage\",\"@id\":\"https:\/\/tuzlainfo.ba\/index.php\/bosna-i-hercegovina\/item\/267391-vico-zeljkovic-ostaje-na-celu-nfsbih-izmjene-u-izvrsnom-odboru\/\",\"url\":\"https:\/\/tuzlainfo.ba\/index.php\/bosna-i-hercegovina\/item\/267391-vico-zeljkovic-ostaje-na-celu-nfsbih-izmjene-u-izvrsnom-odboru\/\",\"name\":\"Vico Zeljkovi\u0107 ostaje na \u010delu NFSBiH, izmjene u Izvr\u0161nom odboru - TuzlaInfo.ba\",\"isPartOf\":{\"@id\":\"https:\/\/tuzlainfo.ba\/#website\"},\"primaryImageOfPage\":{\"@id\":\"https:\/\/tuzlainfo.ba\/index.php\/bosna-i-hercegovina\/item\/267391-vico-zeljkovic-ostaje-na-celu-nfsbih-izmjene-u-izvrsnom-odboru\/#primaryimage\"},\"image\":{\"@id\":\"https:\/\/tuzlainfo.ba\/index.php\/bosna-i-hercegovina\/item\/267391-vico-zeljkovic-ostaje-na-celu-nfsbih-izmjene-u-izvrsnom-odboru\/#primaryimage\"},\"thumbnailUrl\":\"https:\/\/tuzlainfo.ba\/wp-content\/uploads\/2025\/04\/1404_vico_zeljkovic.jpg\",\"datePublished\":\"2025-04-14T17:23:30+00:00\",\"dateModified\":\"2025-04-14T17:23:30+00:00\",\"breadcrumb\":{\"@id\":\"https:\/\/tuzlainfo.ba\/index.php\/bosna-i-hercegovina\/item\/267391-vico-zeljkovic-ostaje-na-celu-nfsbih-izmjene-u-izvrsnom-odboru\/#breadcrumb\"},\"inLanguage\":\"bs-BA\",\"potentialAction\":[{\"@type\":\"ReadAction\",\"target\":[\"https:\/\/tuzlainfo.ba\/index.php\/bosna-i-hercegovina\/item\/267391-vico-zeljkovic-ostaje-na-celu-nfsbih-izmjene-u-izvrsnom-odboru\/\"]}]},{\"@type\":\"ImageObject\",\"inLanguage\":\"bs-BA\",\"@id\":\"https:\/\/tuzlainfo.ba\/index.php\/bosna-i-hercegovina\/item\/267391-vico-zeljkovic-ostaje-na-celu-nfsbih-izmjene-u-izvrsnom-odboru\/#primaryimage\",\"url\":\"https:\/\/tuzlainfo.ba\/wp-content\/uploads\/2025\/04\/1404_vico_zeljkovic.jpg\",\"contentUrl\":\"https:\/\/tuzlainfo.ba\/wp-content\/uploads\/2025\/04\/1404_vico_zeljkovic.jpg\",\"width\":1024,\"height\":683},{\"@type\":\"BreadcrumbList\",\"@id\":\"https:\/\/tuzlainfo.ba\/index.php\/bosna-i-hercegovina\/item\/267391-vico-zeljkovic-ostaje-na-celu-nfsbih-izmjene-u-izvrsnom-odboru\/#breadcrumb\",\"itemListElement\":[{\"@type\":\"ListItem\",\"position\":1,\"name\":\"Home\",\"item\":\"https:\/\/tuzlainfo.ba\/\"},{\"@type\":\"ListItem\",\"position\":2,\"name\":\"Vico Zeljkovi\u0107 ostaje na \u010delu NFSBiH, izmjene u Izvr\u0161nom odboru\"}]},{\"@type\":\"WebSite\",\"@id\":\"https:\/\/tuzlainfo.ba\/#website\",\"url\":\"https:\/\/tuzlainfo.ba\/\",\"name\":\"TuzlaInfo.ba\",\"description\":\"Tuzla info, gradski informator - Tuzla na dlanu\",\"publisher\":{\"@id\":\"https:\/\/tuzlainfo.ba\/#organization\"},\"potentialAction\":[{\"@type\":\"SearchAction\",\"target\":{\"@type\":\"EntryPoint\",\"urlTemplate\":\"https:\/\/tuzlainfo.ba\/?s={search_term_string}\"},\"query-input\":{\"@type\":\"PropertyValueSpecification\",\"valueRequired\":true,\"valueName\":\"search_term_string\"}}],\"inLanguage\":\"bs-BA\"},{\"@type\":\"Organization\",\"@id\":\"https:\/\/tuzlainfo.ba\/#organization\",\"name\":\"TuzlaInfo.ba\",\"url\":\"https:\/\/tuzlainfo.ba\/\",\"logo\":{\"@type\":\"ImageObject\",\"inLanguage\":\"bs-BA\",\"@id\":\"https:\/\/tuzlainfo.ba\/#\/schema\/logo\/image\/\",\"url\":\"https:\/\/tuzlainfo.ba\/wp-content\/uploads\/2021\/03\/logo-ver-3-1.png\",\"contentUrl\":\"https:\/\/tuzlainfo.ba\/wp-content\/uploads\/2021\/03\/logo-ver-3-1.png\",\"width\":350,\"height\":95,\"caption\":\"TuzlaInfo.ba\"},\"image\":{\"@id\":\"https:\/\/tuzlainfo.ba\/#\/schema\/logo\/image\/\"},\"sameAs\":[\"https:\/\/www.facebook.com\/tuzlainfo.ba\/\"]},{\"@type\":\"Person\",\"@id\":\"https:\/\/tuzlainfo.ba\/#\/schema\/person\/f434e20dc27ea133923aab08451b7f7f\",\"name\":\"nedim\",\"image\":{\"@type\":\"ImageObject\",\"inLanguage\":\"bs-BA\",\"@id\":\"https:\/\/tuzlainfo.ba\/#\/schema\/person\/image\/\",\"url\":\"https:\/\/tuzlainfo.ba\/wp-content\/litespeed\/avatar\/aabad687af24844af817603ac1cbdc4f.jpg?ver=1776702173\",\"contentUrl\":\"https:\/\/tuzlainfo.ba\/wp-content\/litespeed\/avatar\/aabad687af24844af817603ac1cbdc4f.jpg?ver=1776702173\",\"caption\":\"nedim\"},\"description\":\"Tuzlainfo.ba pratite na dru\u0161tvenim mre\u017eama: Facebook, Instagram i Youtube. Svoje pri\u010de, upite i fotografije \u0161aljite na na\u0161u e-mail adresu.\"}]}<\/script>\n<!-- \/ Yoast SEO plugin. -->","yoast_head_json":{"title":"Vico Zeljkovi\u0107 ostaje na \u010delu NFSBiH, izmjene u Izvr\u0161nom odboru - TuzlaInfo.ba","robots":{"index":"index","follow":"follow","max-snippet":"max-snippet:-1","max-image-preview":"max-image-preview:large","max-video-preview":"max-video-preview:-1"},"canonical":"https:\/\/tuzlainfo.ba\/index.php\/bosna-i-hercegovina\/item\/267391-vico-zeljkovic-ostaje-na-celu-nfsbih-izmjene-u-izvrsnom-odboru\/","og_locale":"bs_BA","og_type":"article","og_title":"Vico Zeljkovi\u0107 ostaje na \u010delu NFSBiH, izmjene u Izvr\u0161nom odboru - TuzlaInfo.ba","og_description":"Vico Zeljkovi\u0107 bit \u0107e predsjednik Nogometnog saveza Bosne i Hercegovine i u naredne \u010detiri godine,&hellip;","og_url":"https:\/\/tuzlainfo.ba\/index.php\/bosna-i-hercegovina\/item\/267391-vico-zeljkovic-ostaje-na-celu-nfsbih-izmjene-u-izvrsnom-odboru\/","og_site_name":"TuzlaInfo.ba","article_publisher":"https:\/\/www.facebook.com\/tuzlainfo.ba\/","article_published_time":"2025-04-14T17:23:30+00:00","og_image":[{"width":1024,"height":683,"url":"https:\/\/tuzlainfo.ba\/wp-content\/uploads\/2025\/04\/1404_vico_zeljkovic.jpg","type":"image\/jpeg"}],"author":"nedim","twitter_card":"summary_large_image","twitter_misc":{"Written by":"nedim","Est. reading time":"2 minute"},"schema":{"@context":"https:\/\/schema.org","@graph":[{"@type":"Article","@id":"https:\/\/tuzlainfo.ba\/index.php\/bosna-i-hercegovina\/item\/267391-vico-zeljkovic-ostaje-na-celu-nfsbih-izmjene-u-izvrsnom-odboru\/#article","isPartOf":{"@id":"https:\/\/tuzlainfo.ba\/index.php\/bosna-i-hercegovina\/item\/267391-vico-zeljkovic-ostaje-na-celu-nfsbih-izmjene-u-izvrsnom-odboru\/"},"author":{"name":"nedim","@id":"https:\/\/tuzlainfo.ba\/#\/schema\/person\/f434e20dc27ea133923aab08451b7f7f"},"headline":"Vico Zeljkovi\u0107 ostaje na \u010delu NFSBiH, izmjene u Izvr\u0161nom odboru","datePublished":"2025-04-14T17:23:30+00:00","dateModified":"2025-04-14T17:23:30+00:00","mainEntityOfPage":{"@id":"https:\/\/tuzlainfo.ba\/index.php\/bosna-i-hercegovina\/item\/267391-vico-zeljkovic-ostaje-na-celu-nfsbih-izmjene-u-izvrsnom-odboru\/"},"wordCount":301,"publisher":{"@id":"https:\/\/tuzlainfo.ba\/#organization"},"image":{"@id":"https:\/\/tuzlainfo.ba\/index.php\/bosna-i-hercegovina\/item\/267391-vico-zeljkovic-ostaje-na-celu-nfsbih-izmjene-u-izvrsnom-odboru\/#primaryimage"},"thumbnailUrl":"https:\/\/tuzlainfo.ba\/wp-content\/uploads\/2025\/04\/1404_vico_zeljkovic.jpg","keywords":["NFSBiH","Vico Zeljkovi\u0107"],"articleSection":["Bosna i Hercegovina"],"inLanguage":"bs-BA"},{"@type":"WebPage","@id":"https:\/\/tuzlainfo.ba\/index.php\/bosna-i-hercegovina\/item\/267391-vico-zeljkovic-ostaje-na-celu-nfsbih-izmjene-u-izvrsnom-odboru\/","url":"https:\/\/tuzlainfo.ba\/index.php\/bosna-i-hercegovina\/item\/267391-vico-zeljkovic-ostaje-na-celu-nfsbih-izmjene-u-izvrsnom-odboru\/","name":"Vico Zeljkovi\u0107 ostaje na \u010delu NFSBiH, izmjene u Izvr\u0161nom odboru - TuzlaInfo.ba","isPartOf":{"@id":"https:\/\/tuzlainfo.ba\/#website"},"primaryImageOfPage":{"@id":"https:\/\/tuzlainfo.ba\/index.php\/bosna-i-hercegovina\/item\/267391-vico-zeljkovic-ostaje-na-celu-nfsbih-izmjene-u-izvrsnom-odboru\/#primaryimage"},"image":{"@id":"https:\/\/tuzlainfo.ba\/index.php\/bosna-i-hercegovina\/item\/267391-vico-zeljkovic-ostaje-na-celu-nfsbih-izmjene-u-izvrsnom-odboru\/#primaryimage"},"thumbnailUrl":"https:\/\/tuzlainfo.ba\/wp-content\/uploads\/2025\/04\/1404_vico_zeljkovic.jpg","datePublished":"2025-04-14T17:23:30+00:00","dateModified":"2025-04-14T17:23:30+00:00","breadcrumb":{"@id":"https:\/\/tuzlainfo.ba\/index.php\/bosna-i-hercegovina\/item\/267391-vico-zeljkovic-ostaje-na-celu-nfsbih-izmjene-u-izvrsnom-odboru\/#breadcrumb"},"inLanguage":"bs-BA","potentialAction":[{"@type":"ReadAction","target":["https:\/\/tuzlainfo.ba\/index.php\/bosna-i-hercegovina\/item\/267391-vico-zeljkovic-ostaje-na-celu-nfsbih-izmjene-u-izvrsnom-odboru\/"]}]},{"@type":"ImageObject","inLanguage":"bs-BA","@id":"https:\/\/tuzlainfo.ba\/index.php\/bosna-i-hercegovina\/item\/267391-vico-zeljkovic-ostaje-na-celu-nfsbih-izmjene-u-izvrsnom-odboru\/#primaryimage","url":"https:\/\/tuzlainfo.ba\/wp-content\/uploads\/2025\/04\/1404_vico_zeljkovic.jpg","contentUrl":"https:\/\/tuzlainfo.ba\/wp-content\/uploads\/2025\/04\/1404_vico_zeljkovic.jpg","width":1024,"height":683},{"@type":"BreadcrumbList","@id":"https:\/\/tuzlainfo.ba\/index.php\/bosna-i-hercegovina\/item\/267391-vico-zeljkovic-ostaje-na-celu-nfsbih-izmjene-u-izvrsnom-odboru\/#breadcrumb","itemListElement":[{"@type":"ListItem","position":1,"name":"Home","item":"https:\/\/tuzlainfo.ba\/"},{"@type":"ListItem","position":2,"name":"Vico Zeljkovi\u0107 ostaje na \u010delu NFSBiH, izmjene u Izvr\u0161nom odboru"}]},{"@type":"WebSite","@id":"https:\/\/tuzlainfo.ba\/#website","url":"https:\/\/tuzlainfo.ba\/","name":"TuzlaInfo.ba","description":"Tuzla info, gradski informator - Tuzla na dlanu","publisher":{"@id":"https:\/\/tuzlainfo.ba\/#organization"},"potentialAction":[{"@type":"SearchAction","target":{"@type":"EntryPoint","urlTemplate":"https:\/\/tuzlainfo.ba\/?s={search_term_string}"},"query-input":{"@type":"PropertyValueSpecification","valueRequired":true,"valueName":"search_term_string"}}],"inLanguage":"bs-BA"},{"@type":"Organization","@id":"https:\/\/tuzlainfo.ba\/#organization","name":"TuzlaInfo.ba","url":"https:\/\/tuzlainfo.ba\/","logo":{"@type":"ImageObject","inLanguage":"bs-BA","@id":"https:\/\/tuzlainfo.ba\/#\/schema\/logo\/image\/","url":"https:\/\/tuzlainfo.ba\/wp-content\/uploads\/2021\/03\/logo-ver-3-1.png","contentUrl":"https:\/\/tuzlainfo.ba\/wp-content\/uploads\/2021\/03\/logo-ver-3-1.png","width":350,"height":95,"caption":"TuzlaInfo.ba"},"image":{"@id":"https:\/\/tuzlainfo.ba\/#\/schema\/logo\/image\/"},"sameAs":["https:\/\/www.facebook.com\/tuzlainfo.ba\/"]},{"@type":"Person","@id":"https:\/\/tuzlainfo.ba\/#\/schema\/person\/f434e20dc27ea133923aab08451b7f7f","name":"nedim","image":{"@type":"ImageObject","inLanguage":"bs-BA","@id":"https:\/\/tuzlainfo.ba\/#\/schema\/person\/image\/","url":"https:\/\/tuzlainfo.ba\/wp-content\/litespeed\/avatar\/aabad687af24844af817603ac1cbdc4f.jpg?ver=1776702173","contentUrl":"https:\/\/tuzlainfo.ba\/wp-content\/litespeed\/avatar\/aabad687af24844af817603ac1cbdc4f.jpg?ver=1776702173","caption":"nedim"},"description":"Tuzlainfo.ba pratite na dru\u0161tvenim mre\u017eama: Facebook, Instagram i Youtube. Svoje pri\u010de, upite i fotografije \u0161aljite na na\u0161u e-mail adresu."}]}},"_links":{"self":[{"href":"https:\/\/tuzlainfo.ba\/index.php\/wp-json\/wp\/v2\/posts\/267391"}],"collection":[{"href":"https:\/\/tuzlainfo.ba\/index.php\/wp-json\/wp\/v2\/posts"}],"about":[{"href":"https:\/\/tuzlainfo.ba\/index.php\/wp-json\/wp\/v2\/types\/post"}],"author":[{"embeddable":true,"href":"https:\/\/tuzlainfo.ba\/index.php\/wp-json\/wp\/v2\/users\/2"}],"replies":[{"embeddable":true,"href":"https:\/\/tuzlainfo.ba\/index.php\/wp-json\/wp\/v2\/comments?post=267391"}],"version-history":[{"count":1,"href":"https:\/\/tuzlainfo.ba\/index.php\/wp-json\/wp\/v2\/posts\/267391\/revisions"}],"predecessor-version":[{"id":267393,"href":"https:\/\/tuzlainfo.ba\/index.php\/wp-json\/wp\/v2\/posts\/267391\/revisions\/267393"}],"wp:featuredmedia":[{"embeddable":true,"href":"https:\/\/tuzlainfo.ba\/index.php\/wp-json\/wp\/v2\/media\/267392"}],"wp:attachment":[{"href":"https:\/\/tuzlainfo.ba\/index.php\/wp-json\/wp\/v2\/media?parent=267391"}],"wp:term":[{"taxonomy":"category","embeddable":true,"href":"https:\/\/tuzlainfo.ba\/index.php\/wp-json\/wp\/v2\/categories?post=267391"},{"taxonomy":"post_tag","embeddable":true,"href":"https:\/\/tuzlainfo.ba\/index.php\/wp-json\/wp\/v2\/tags?post=267391"}],"curies":[{"name":"wp","href":"https:\/\/api.w.org\/{rel}","templated":true}]}}