{"id":267308,"date":"2025-04-13T17:42:29","date_gmt":"2025-04-13T15:42:29","guid":{"rendered":"https:\/\/tuzlainfo.ba\/?p=267308"},"modified":"2025-04-13T22:00:03","modified_gmt":"2025-04-13T20:00:03","slug":"stizu-vremenske-neprilike-uz-olujni-vjetar-saharski-pijesak-i-novo-zahladjenje","status":"publish","type":"post","link":"https:\/\/tuzlainfo.ba\/index.php\/bosna-i-hercegovina\/item\/267308-stizu-vremenske-neprilike-uz-olujni-vjetar-saharski-pijesak-i-novo-zahladjenje\/","title":{"rendered":"Sti\u017eu vremenske neprilike uz olujni vjetar, saharski pijesak i novo zahla\u0111enje"},"content":{"rendered":"<p>U Bosni i Hercegovini narednih dana se o\u010dekuje nestabilno i iznadprosje\u010dno toplo vrijeme, uz \u010destu pojavu padavina, jakog vjetra i prisustvo saharskog pijeska u zraku.<\/p>\n<p>Najvi\u0161a dnevna temperatura u srijedu bi mogla dosti\u0107i i 28 stepeni, \u0161to je neuobi\u010dajeno za ovo doba godine. Ipak, ve\u0107 krajem sedmice slijedi nova promjena vremena.<\/p>\n<p>U ponedjeljak i utorak preovladavat \u0107e obla\u010dno vrijeme sa slabom ki\u0161om i jakim ju\u017enim vjetrom, \u010diji udari na planinama mogu biti i olujni.<\/p>\n<p>Najizra\u017eeniji vjetar o\u010dekuje se u utorak. Osim padavina, u zraku se nalazi i saharski pijesak, koji uzrokuje tzv. &#8220;prljavu ki\u0161u&#8221;, pa se gra\u0111anima savjetuje oprez prilikom planiranja aktivnosti na otvorenom.<\/p>\n<p>Najpovoljniji vremenski dan u sedmici bit \u0107e srijeda, kada se o\u010dekuje vi\u0161e sun\u010danih intervala i temperature do 28 stepeni. Ipak, ve\u0107 u petak sti\u017ee hladna fronta sa zapada, koja \u0107e donijeti zahla\u0111enje, pljuskove i osjetan pad temperature.<\/p>\n<p>Tokom vikenda se prognozira nastavak nestabilnog vremena, uz svje\u017eije jutarnje i dnevne temperature.<\/p>\n<p>Stru\u010dnjaci napominju da je trenutna temperatura zraka znatno vi\u0161a od vi\u0161egodi\u0161njeg prosjeka za april, a ovakve pojave sve \u010de\u0161\u0107e se povezuju s globalnim klimatskim promjenama. Gra\u0111ani se pozivaju da prate zvani\u010dne izvore i budu spremni na brze vremenske promjene.<\/p>\n","protected":false},"excerpt":{"rendered":"<p>U Bosni i Hercegovini narednih dana se o\u010dekuje nestabilno i iznadprosje\u010dno toplo vrijeme, uz \u010destu&hellip;<\/p>\n","protected":false},"author":2,"featured_media":208398,"comment_status":"closed","ping_status":"closed","sticky":false,"template":"","format":"standard","meta":{"_acf_changed":false,"footnotes":""},"categories":[291,304,306],"tags":[1042],"acf":[],"yoast_head":"<!-- This site is optimized with the Yoast SEO plugin v23.5 - https:\/\/yoast.com\/wordpress\/plugins\/seo\/ -->\n<title>Sti\u017eu vremenske neprilike uz olujni vjetar, saharski pijesak i novo zahla\u0111enje - TuzlaInfo.ba<\/title>\n<meta name=\"robots\" content=\"index, follow, max-snippet:-1, max-image-preview:large, max-video-preview:-1\" \/>\n<link rel=\"canonical\" href=\"https:\/\/tuzlainfo.ba\/index.php\/bosna-i-hercegovina\/item\/267308-stizu-vremenske-neprilike-uz-olujni-vjetar-saharski-pijesak-i-novo-zahladjenje\/\" \/>\n<meta property=\"og:locale\" content=\"bs_BA\" \/>\n<meta property=\"og:type\" content=\"article\" \/>\n<meta property=\"og:title\" content=\"Sti\u017eu vremenske neprilike uz olujni vjetar, saharski pijesak i novo zahla\u0111enje - TuzlaInfo.ba\" \/>\n<meta property=\"og:description\" content=\"U Bosni i Hercegovini narednih dana se o\u010dekuje nestabilno i iznadprosje\u010dno toplo vrijeme, uz \u010destu&hellip;\" \/>\n<meta property=\"og:url\" content=\"https:\/\/tuzlainfo.ba\/index.php\/bosna-i-hercegovina\/item\/267308-stizu-vremenske-neprilike-uz-olujni-vjetar-saharski-pijesak-i-novo-zahladjenje\/\" \/>\n<meta property=\"og:site_name\" content=\"TuzlaInfo.ba\" \/>\n<meta property=\"article:publisher\" content=\"https:\/\/www.facebook.com\/tuzlainfo.ba\/\" \/>\n<meta property=\"article:published_time\" content=\"2025-04-13T15:42:29+00:00\" \/>\n<meta property=\"article:modified_time\" content=\"2025-04-13T20:00:03+00:00\" \/>\n<meta property=\"og:image\" content=\"https:\/\/tuzlainfo.ba\/wp-content\/uploads\/2023\/06\/IMG_6093.jpeg\" \/>\n\t<meta property=\"og:image:width\" content=\"1125\" \/>\n\t<meta property=\"og:image:height\" content=\"630\" \/>\n\t<meta property=\"og:image:type\" content=\"image\/jpeg\" \/>\n<meta name=\"author\" content=\"nedim\" \/>\n<meta name=\"twitter:card\" content=\"summary_large_image\" \/>\n<meta name=\"twitter:label1\" content=\"Written by\" \/>\n\t<meta name=\"twitter:data1\" content=\"nedim\" \/>\n\t<meta name=\"twitter:label2\" content=\"Est. reading time\" \/>\n\t<meta name=\"twitter:data2\" content=\"2 minute\" \/>\n<script type=\"application\/ld+json\" class=\"yoast-schema-graph\">{\"@context\":\"https:\/\/schema.org\",\"@graph\":[{\"@type\":\"Article\",\"@id\":\"https:\/\/tuzlainfo.ba\/index.php\/bosna-i-hercegovina\/item\/267308-stizu-vremenske-neprilike-uz-olujni-vjetar-saharski-pijesak-i-novo-zahladjenje\/#article\",\"isPartOf\":{\"@id\":\"https:\/\/tuzlainfo.ba\/index.php\/bosna-i-hercegovina\/item\/267308-stizu-vremenske-neprilike-uz-olujni-vjetar-saharski-pijesak-i-novo-zahladjenje\/\"},\"author\":{\"name\":\"nedim\",\"@id\":\"https:\/\/tuzlainfo.ba\/#\/schema\/person\/f434e20dc27ea133923aab08451b7f7f\"},\"headline\":\"Sti\u017eu vremenske neprilike uz olujni vjetar, saharski pijesak i novo zahla\u0111enje\",\"datePublished\":\"2025-04-13T15:42:29+00:00\",\"dateModified\":\"2025-04-13T20:00:03+00:00\",\"mainEntityOfPage\":{\"@id\":\"https:\/\/tuzlainfo.ba\/index.php\/bosna-i-hercegovina\/item\/267308-stizu-vremenske-neprilike-uz-olujni-vjetar-saharski-pijesak-i-novo-zahladjenje\/\"},\"wordCount\":229,\"publisher\":{\"@id\":\"https:\/\/tuzlainfo.ba\/#organization\"},\"image\":{\"@id\":\"https:\/\/tuzlainfo.ba\/index.php\/bosna-i-hercegovina\/item\/267308-stizu-vremenske-neprilike-uz-olujni-vjetar-saharski-pijesak-i-novo-zahladjenje\/#primaryimage\"},\"thumbnailUrl\":\"https:\/\/tuzlainfo.ba\/wp-content\/uploads\/2023\/06\/IMG_6093.jpeg\",\"keywords\":[\"prognoza\"],\"articleSection\":[\"Bosna i Hercegovina\",\"Istaknuto\",\"Preporu\u010dujemo\"],\"inLanguage\":\"bs-BA\"},{\"@type\":\"WebPage\",\"@id\":\"https:\/\/tuzlainfo.ba\/index.php\/bosna-i-hercegovina\/item\/267308-stizu-vremenske-neprilike-uz-olujni-vjetar-saharski-pijesak-i-novo-zahladjenje\/\",\"url\":\"https:\/\/tuzlainfo.ba\/index.php\/bosna-i-hercegovina\/item\/267308-stizu-vremenske-neprilike-uz-olujni-vjetar-saharski-pijesak-i-novo-zahladjenje\/\",\"name\":\"Sti\u017eu vremenske neprilike uz olujni vjetar, saharski pijesak i novo zahla\u0111enje - TuzlaInfo.ba\",\"isPartOf\":{\"@id\":\"https:\/\/tuzlainfo.ba\/#website\"},\"primaryImageOfPage\":{\"@id\":\"https:\/\/tuzlainfo.ba\/index.php\/bosna-i-hercegovina\/item\/267308-stizu-vremenske-neprilike-uz-olujni-vjetar-saharski-pijesak-i-novo-zahladjenje\/#primaryimage\"},\"image\":{\"@id\":\"https:\/\/tuzlainfo.ba\/index.php\/bosna-i-hercegovina\/item\/267308-stizu-vremenske-neprilike-uz-olujni-vjetar-saharski-pijesak-i-novo-zahladjenje\/#primaryimage\"},\"thumbnailUrl\":\"https:\/\/tuzlainfo.ba\/wp-content\/uploads\/2023\/06\/IMG_6093.jpeg\",\"datePublished\":\"2025-04-13T15:42:29+00:00\",\"dateModified\":\"2025-04-13T20:00:03+00:00\",\"breadcrumb\":{\"@id\":\"https:\/\/tuzlainfo.ba\/index.php\/bosna-i-hercegovina\/item\/267308-stizu-vremenske-neprilike-uz-olujni-vjetar-saharski-pijesak-i-novo-zahladjenje\/#breadcrumb\"},\"inLanguage\":\"bs-BA\",\"potentialAction\":[{\"@type\":\"ReadAction\",\"target\":[\"https:\/\/tuzlainfo.ba\/index.php\/bosna-i-hercegovina\/item\/267308-stizu-vremenske-neprilike-uz-olujni-vjetar-saharski-pijesak-i-novo-zahladjenje\/\"]}]},{\"@type\":\"ImageObject\",\"inLanguage\":\"bs-BA\",\"@id\":\"https:\/\/tuzlainfo.ba\/index.php\/bosna-i-hercegovina\/item\/267308-stizu-vremenske-neprilike-uz-olujni-vjetar-saharski-pijesak-i-novo-zahladjenje\/#primaryimage\",\"url\":\"https:\/\/tuzlainfo.ba\/wp-content\/uploads\/2023\/06\/IMG_6093.jpeg\",\"contentUrl\":\"https:\/\/tuzlainfo.ba\/wp-content\/uploads\/2023\/06\/IMG_6093.jpeg\",\"width\":1125,\"height\":630},{\"@type\":\"BreadcrumbList\",\"@id\":\"https:\/\/tuzlainfo.ba\/index.php\/bosna-i-hercegovina\/item\/267308-stizu-vremenske-neprilike-uz-olujni-vjetar-saharski-pijesak-i-novo-zahladjenje\/#breadcrumb\",\"itemListElement\":[{\"@type\":\"ListItem\",\"position\":1,\"name\":\"Home\",\"item\":\"https:\/\/tuzlainfo.ba\/\"},{\"@type\":\"ListItem\",\"position\":2,\"name\":\"Sti\u017eu vremenske neprilike uz olujni vjetar, saharski pijesak i novo zahla\u0111enje\"}]},{\"@type\":\"WebSite\",\"@id\":\"https:\/\/tuzlainfo.ba\/#website\",\"url\":\"https:\/\/tuzlainfo.ba\/\",\"name\":\"TuzlaInfo.ba\",\"description\":\"Tuzla info, gradski informator - Tuzla na dlanu\",\"publisher\":{\"@id\":\"https:\/\/tuzlainfo.ba\/#organization\"},\"potentialAction\":[{\"@type\":\"SearchAction\",\"target\":{\"@type\":\"EntryPoint\",\"urlTemplate\":\"https:\/\/tuzlainfo.ba\/?s={search_term_string}\"},\"query-input\":{\"@type\":\"PropertyValueSpecification\",\"valueRequired\":true,\"valueName\":\"search_term_string\"}}],\"inLanguage\":\"bs-BA\"},{\"@type\":\"Organization\",\"@id\":\"https:\/\/tuzlainfo.ba\/#organization\",\"name\":\"TuzlaInfo.ba\",\"url\":\"https:\/\/tuzlainfo.ba\/\",\"logo\":{\"@type\":\"ImageObject\",\"inLanguage\":\"bs-BA\",\"@id\":\"https:\/\/tuzlainfo.ba\/#\/schema\/logo\/image\/\",\"url\":\"https:\/\/tuzlainfo.ba\/wp-content\/uploads\/2021\/03\/logo-ver-3-1.png\",\"contentUrl\":\"https:\/\/tuzlainfo.ba\/wp-content\/uploads\/2021\/03\/logo-ver-3-1.png\",\"width\":350,\"height\":95,\"caption\":\"TuzlaInfo.ba\"},\"image\":{\"@id\":\"https:\/\/tuzlainfo.ba\/#\/schema\/logo\/image\/\"},\"sameAs\":[\"https:\/\/www.facebook.com\/tuzlainfo.ba\/\"]},{\"@type\":\"Person\",\"@id\":\"https:\/\/tuzlainfo.ba\/#\/schema\/person\/f434e20dc27ea133923aab08451b7f7f\",\"name\":\"nedim\",\"image\":{\"@type\":\"ImageObject\",\"inLanguage\":\"bs-BA\",\"@id\":\"https:\/\/tuzlainfo.ba\/#\/schema\/person\/image\/\",\"url\":\"https:\/\/tuzlainfo.ba\/wp-content\/litespeed\/avatar\/aabad687af24844af817603ac1cbdc4f.jpg?ver=1776702173\",\"contentUrl\":\"https:\/\/tuzlainfo.ba\/wp-content\/litespeed\/avatar\/aabad687af24844af817603ac1cbdc4f.jpg?ver=1776702173\",\"caption\":\"nedim\"},\"description\":\"Tuzlainfo.ba pratite na dru\u0161tvenim mre\u017eama: Facebook, Instagram i Youtube. Svoje pri\u010de, upite i fotografije \u0161aljite na na\u0161u e-mail adresu.\"}]}<\/script>\n<!-- \/ Yoast SEO plugin. -->","yoast_head_json":{"title":"Sti\u017eu vremenske neprilike uz olujni vjetar, saharski pijesak i novo zahla\u0111enje - TuzlaInfo.ba","robots":{"index":"index","follow":"follow","max-snippet":"max-snippet:-1","max-image-preview":"max-image-preview:large","max-video-preview":"max-video-preview:-1"},"canonical":"https:\/\/tuzlainfo.ba\/index.php\/bosna-i-hercegovina\/item\/267308-stizu-vremenske-neprilike-uz-olujni-vjetar-saharski-pijesak-i-novo-zahladjenje\/","og_locale":"bs_BA","og_type":"article","og_title":"Sti\u017eu vremenske neprilike uz olujni vjetar, saharski pijesak i novo zahla\u0111enje - TuzlaInfo.ba","og_description":"U Bosni i Hercegovini narednih dana se o\u010dekuje nestabilno i iznadprosje\u010dno toplo vrijeme, uz \u010destu&hellip;","og_url":"https:\/\/tuzlainfo.ba\/index.php\/bosna-i-hercegovina\/item\/267308-stizu-vremenske-neprilike-uz-olujni-vjetar-saharski-pijesak-i-novo-zahladjenje\/","og_site_name":"TuzlaInfo.ba","article_publisher":"https:\/\/www.facebook.com\/tuzlainfo.ba\/","article_published_time":"2025-04-13T15:42:29+00:00","article_modified_time":"2025-04-13T20:00:03+00:00","og_image":[{"width":1125,"height":630,"url":"https:\/\/tuzlainfo.ba\/wp-content\/uploads\/2023\/06\/IMG_6093.jpeg","type":"image\/jpeg"}],"author":"nedim","twitter_card":"summary_large_image","twitter_misc":{"Written by":"nedim","Est. reading time":"2 minute"},"schema":{"@context":"https:\/\/schema.org","@graph":[{"@type":"Article","@id":"https:\/\/tuzlainfo.ba\/index.php\/bosna-i-hercegovina\/item\/267308-stizu-vremenske-neprilike-uz-olujni-vjetar-saharski-pijesak-i-novo-zahladjenje\/#article","isPartOf":{"@id":"https:\/\/tuzlainfo.ba\/index.php\/bosna-i-hercegovina\/item\/267308-stizu-vremenske-neprilike-uz-olujni-vjetar-saharski-pijesak-i-novo-zahladjenje\/"},"author":{"name":"nedim","@id":"https:\/\/tuzlainfo.ba\/#\/schema\/person\/f434e20dc27ea133923aab08451b7f7f"},"headline":"Sti\u017eu vremenske neprilike uz olujni vjetar, saharski pijesak i novo zahla\u0111enje","datePublished":"2025-04-13T15:42:29+00:00","dateModified":"2025-04-13T20:00:03+00:00","mainEntityOfPage":{"@id":"https:\/\/tuzlainfo.ba\/index.php\/bosna-i-hercegovina\/item\/267308-stizu-vremenske-neprilike-uz-olujni-vjetar-saharski-pijesak-i-novo-zahladjenje\/"},"wordCount":229,"publisher":{"@id":"https:\/\/tuzlainfo.ba\/#organization"},"image":{"@id":"https:\/\/tuzlainfo.ba\/index.php\/bosna-i-hercegovina\/item\/267308-stizu-vremenske-neprilike-uz-olujni-vjetar-saharski-pijesak-i-novo-zahladjenje\/#primaryimage"},"thumbnailUrl":"https:\/\/tuzlainfo.ba\/wp-content\/uploads\/2023\/06\/IMG_6093.jpeg","keywords":["prognoza"],"articleSection":["Bosna i Hercegovina","Istaknuto","Preporu\u010dujemo"],"inLanguage":"bs-BA"},{"@type":"WebPage","@id":"https:\/\/tuzlainfo.ba\/index.php\/bosna-i-hercegovina\/item\/267308-stizu-vremenske-neprilike-uz-olujni-vjetar-saharski-pijesak-i-novo-zahladjenje\/","url":"https:\/\/tuzlainfo.ba\/index.php\/bosna-i-hercegovina\/item\/267308-stizu-vremenske-neprilike-uz-olujni-vjetar-saharski-pijesak-i-novo-zahladjenje\/","name":"Sti\u017eu vremenske neprilike uz olujni vjetar, saharski pijesak i novo zahla\u0111enje - TuzlaInfo.ba","isPartOf":{"@id":"https:\/\/tuzlainfo.ba\/#website"},"primaryImageOfPage":{"@id":"https:\/\/tuzlainfo.ba\/index.php\/bosna-i-hercegovina\/item\/267308-stizu-vremenske-neprilike-uz-olujni-vjetar-saharski-pijesak-i-novo-zahladjenje\/#primaryimage"},"image":{"@id":"https:\/\/tuzlainfo.ba\/index.php\/bosna-i-hercegovina\/item\/267308-stizu-vremenske-neprilike-uz-olujni-vjetar-saharski-pijesak-i-novo-zahladjenje\/#primaryimage"},"thumbnailUrl":"https:\/\/tuzlainfo.ba\/wp-content\/uploads\/2023\/06\/IMG_6093.jpeg","datePublished":"2025-04-13T15:42:29+00:00","dateModified":"2025-04-13T20:00:03+00:00","breadcrumb":{"@id":"https:\/\/tuzlainfo.ba\/index.php\/bosna-i-hercegovina\/item\/267308-stizu-vremenske-neprilike-uz-olujni-vjetar-saharski-pijesak-i-novo-zahladjenje\/#breadcrumb"},"inLanguage":"bs-BA","potentialAction":[{"@type":"ReadAction","target":["https:\/\/tuzlainfo.ba\/index.php\/bosna-i-hercegovina\/item\/267308-stizu-vremenske-neprilike-uz-olujni-vjetar-saharski-pijesak-i-novo-zahladjenje\/"]}]},{"@type":"ImageObject","inLanguage":"bs-BA","@id":"https:\/\/tuzlainfo.ba\/index.php\/bosna-i-hercegovina\/item\/267308-stizu-vremenske-neprilike-uz-olujni-vjetar-saharski-pijesak-i-novo-zahladjenje\/#primaryimage","url":"https:\/\/tuzlainfo.ba\/wp-content\/uploads\/2023\/06\/IMG_6093.jpeg","contentUrl":"https:\/\/tuzlainfo.ba\/wp-content\/uploads\/2023\/06\/IMG_6093.jpeg","width":1125,"height":630},{"@type":"BreadcrumbList","@id":"https:\/\/tuzlainfo.ba\/index.php\/bosna-i-hercegovina\/item\/267308-stizu-vremenske-neprilike-uz-olujni-vjetar-saharski-pijesak-i-novo-zahladjenje\/#breadcrumb","itemListElement":[{"@type":"ListItem","position":1,"name":"Home","item":"https:\/\/tuzlainfo.ba\/"},{"@type":"ListItem","position":2,"name":"Sti\u017eu vremenske neprilike uz olujni vjetar, saharski pijesak i novo zahla\u0111enje"}]},{"@type":"WebSite","@id":"https:\/\/tuzlainfo.ba\/#website","url":"https:\/\/tuzlainfo.ba\/","name":"TuzlaInfo.ba","description":"Tuzla info, gradski informator - Tuzla na dlanu","publisher":{"@id":"https:\/\/tuzlainfo.ba\/#organization"},"potentialAction":[{"@type":"SearchAction","target":{"@type":"EntryPoint","urlTemplate":"https:\/\/tuzlainfo.ba\/?s={search_term_string}"},"query-input":{"@type":"PropertyValueSpecification","valueRequired":true,"valueName":"search_term_string"}}],"inLanguage":"bs-BA"},{"@type":"Organization","@id":"https:\/\/tuzlainfo.ba\/#organization","name":"TuzlaInfo.ba","url":"https:\/\/tuzlainfo.ba\/","logo":{"@type":"ImageObject","inLanguage":"bs-BA","@id":"https:\/\/tuzlainfo.ba\/#\/schema\/logo\/image\/","url":"https:\/\/tuzlainfo.ba\/wp-content\/uploads\/2021\/03\/logo-ver-3-1.png","contentUrl":"https:\/\/tuzlainfo.ba\/wp-content\/uploads\/2021\/03\/logo-ver-3-1.png","width":350,"height":95,"caption":"TuzlaInfo.ba"},"image":{"@id":"https:\/\/tuzlainfo.ba\/#\/schema\/logo\/image\/"},"sameAs":["https:\/\/www.facebook.com\/tuzlainfo.ba\/"]},{"@type":"Person","@id":"https:\/\/tuzlainfo.ba\/#\/schema\/person\/f434e20dc27ea133923aab08451b7f7f","name":"nedim","image":{"@type":"ImageObject","inLanguage":"bs-BA","@id":"https:\/\/tuzlainfo.ba\/#\/schema\/person\/image\/","url":"https:\/\/tuzlainfo.ba\/wp-content\/litespeed\/avatar\/aabad687af24844af817603ac1cbdc4f.jpg?ver=1776702173","contentUrl":"https:\/\/tuzlainfo.ba\/wp-content\/litespeed\/avatar\/aabad687af24844af817603ac1cbdc4f.jpg?ver=1776702173","caption":"nedim"},"description":"Tuzlainfo.ba pratite na dru\u0161tvenim mre\u017eama: Facebook, Instagram i Youtube. Svoje pri\u010de, upite i fotografije \u0161aljite na na\u0161u e-mail adresu."}]}},"_links":{"self":[{"href":"https:\/\/tuzlainfo.ba\/index.php\/wp-json\/wp\/v2\/posts\/267308"}],"collection":[{"href":"https:\/\/tuzlainfo.ba\/index.php\/wp-json\/wp\/v2\/posts"}],"about":[{"href":"https:\/\/tuzlainfo.ba\/index.php\/wp-json\/wp\/v2\/types\/post"}],"author":[{"embeddable":true,"href":"https:\/\/tuzlainfo.ba\/index.php\/wp-json\/wp\/v2\/users\/2"}],"replies":[{"embeddable":true,"href":"https:\/\/tuzlainfo.ba\/index.php\/wp-json\/wp\/v2\/comments?post=267308"}],"version-history":[{"count":2,"href":"https:\/\/tuzlainfo.ba\/index.php\/wp-json\/wp\/v2\/posts\/267308\/revisions"}],"predecessor-version":[{"id":267310,"href":"https:\/\/tuzlainfo.ba\/index.php\/wp-json\/wp\/v2\/posts\/267308\/revisions\/267310"}],"wp:featuredmedia":[{"embeddable":true,"href":"https:\/\/tuzlainfo.ba\/index.php\/wp-json\/wp\/v2\/media\/208398"}],"wp:attachment":[{"href":"https:\/\/tuzlainfo.ba\/index.php\/wp-json\/wp\/v2\/media?parent=267308"}],"wp:term":[{"taxonomy":"category","embeddable":true,"href":"https:\/\/tuzlainfo.ba\/index.php\/wp-json\/wp\/v2\/categories?post=267308"},{"taxonomy":"post_tag","embeddable":true,"href":"https:\/\/tuzlainfo.ba\/index.php\/wp-json\/wp\/v2\/tags?post=267308"}],"curies":[{"name":"wp","href":"https:\/\/api.w.org\/{rel}","templated":true}]}}