{"id":266898,"date":"2025-04-07T21:44:14","date_gmt":"2025-04-07T19:44:14","guid":{"rendered":"https:\/\/tuzlainfo.ba\/?p=266898"},"modified":"2025-04-07T21:44:14","modified_gmt":"2025-04-07T19:44:14","slug":"plenkovic-nakon-sastanka-sa-covicem-hrvatska-nece-uvoditi-sankcije-dodiku","status":"publish","type":"post","link":"https:\/\/tuzlainfo.ba\/index.php\/bosna-i-hercegovina\/item\/266898-plenkovic-nakon-sastanka-sa-covicem-hrvatska-nece-uvoditi-sankcije-dodiku\/","title":{"rendered":"Plenkovi\u0107 nakon sastanka sa \u010covi\u0107em: &#8220;Hrvatska ne\u0107e uvoditi sankcije Dodiku&#8221;"},"content":{"rendered":"<div class=\"flex items-start \">\n<p id=\"excerpt\" class=\"md:mt-0 xl:mt-0 mb-0 font-sans font-semibold text-lg lg:text-xl leading-6 md:leading-7\"><span class=\"lead pt-0\">Hrvatski premijer Andrej Plenkovi\u0107 boravio je danas u Mostaru, gdje se uo\u010di otvaranja Mostarskog sajma sastao s predsjednikom HDZ-a BiH Draganom \u010covi\u0107em te drugim du\u017enosnicima te stranke, uklju\u010duju\u0107i predsjedavaju\u0107u Vije\u0107a ministara Borjanu Kri\u0161to.<\/span><\/p>\n<p class=\"md:mt-0 xl:mt-0 mb-0 font-sans font-semibold text-lg lg:text-xl leading-6 md:leading-7\">U izjavi za medije, Plenkovi\u0107 je naglasio va\u017enost kontinuiranog dijaloga izme\u0111u HDZ-a Hrvatske i HDZ-a BiH te ponovio podr\u0161ku hrvatskog naroda u Bosni i Hercegovini.<\/p>\n<\/div>\n<div id=\"text\" class=\"break-words mt-3 text-lg lg:text-xl space-y-4 mb-3 leading-6 md:leading-8 dark:text-gray-200\">\n<p>&#8220;Zaista je bilo lijepo danas, u o\u010di otvaranja Mostarskog sajma, nastaviti strukturirani dijalog izme\u0111u HDZ-a BiH i HDZ-a Hrvatske. To je vi\u0161egodi\u0161nja saradnja koju intenziviramo posljednjih 12\u201313 godina na na\u010din koji je bitno promijenio polo\u017eaj Hrvata u BiH&#8221;, izjavio je Plenkovi\u0107, zahvaliv\u0161i \u010covi\u0107u i doma\u0107inima na gostoprimstvu.<\/p>\n<p>Plenkovi\u0107 je istakao kako Hrvatska podr\u017eava BiH kao dr\u017eavu, ali s posebnim fokusom na polo\u017eaj Hrvata kao jednog od tri konstitutivna naroda. Osvrnuo se na tri klju\u010dna podru\u010dja kroz koja Hrvatska nastoji pomo\u0107i Hrvatima u BiH: obrazovanje, kulturu i zdravstvo.<\/p>\n<p>&#8220;Podr\u0161ka Sveu\u010dili\u0161tu u Mostaru, projekt Hrvatskog narodnog kazali\u0161ta u Mostaru te KBC Mostar \u2013 to su tri temeljna stupa na kojima gradimo na\u0161u suradnju&#8221;, kazao je Plenkovi\u0107.<\/p>\n<p>Tako\u0111er je naveo da je trgovinska razmjena izme\u0111u Hrvatske i BiH prema\u0161ila 4 milijarde eura, isti\u010du\u0107i da je Hrvatska prvi vanjskotrgovinski partner BiH.<\/p>\n<p><b>&#8220;Sankcije nisu rje\u0161enje&#8221;<\/b><\/p>\n<p>Na pitanje o mogu\u0107nosti uvo\u0111enja sankcija lideru SNSD-a Miloradu Dodiku, Plenkovi\u0107 je kategori\u010dno odbacio tu opciju kada je rije\u010d o hrvatskoj poziciji.<\/p>\n<p>&#8220;Hrvatska ne\u0107e uvoditi sankcije Dodiku. Mi nismo u istoj poziciji kao druge zemlje koje nisu susjedi. Banja Luka je od Zagreba udaljena sat i pol vo\u017enje. Zato \u017eelimo slati umiruju\u0107e poruke, poticati dijalog i vra\u0107ati politi\u010dke aktere u BiH u ustavne okvire&#8221;, rekao je Plenkovi\u0107, dodaju\u0107i da ne vjeruje da \u0107e na niovu Evropske unije do\u0107i do konsenzusa o sankcijama.<\/p>\n<p>Prema njegovim rije\u010dima, sankcije bi samo dodatno destabilizirale politi\u010dku situaciju u BiH i usporile njen evropski put, \u0161to nije u interesu gra\u0111ana BiH niti same Hrvatske.<\/p>\n<p>Plenkovi\u0107 je naglasio zabrinutost zbog trenutne politi\u010dke krize u BiH, navode\u0107i da je rije\u010d o jednoj od najozbiljnijih situacija od kraja rata.<\/p>\n<p>&#8220;Smatramo da je kriza ozbiljna i da svi politi\u010dki akteri moraju pokazati odgovornost, vratiti se u ustavne okvire i smanjiti tenzije. Svi poku\u0161aji secesionizma i separatizma, posevbno iz redova politi\u010dkih predstavnika Republike Srpske, su lo\u0161i i \u0161tetni za funkcionalnost i opstanak BiH&#8221;, poru\u010dio je hrvatski premijer.<\/p>\n<p>Dodao je da Hrvatska, kao susjed sa juga, zapada i sjevera, ima najve\u0107i interes za stabilnu i funkcionalnu BiH, te da \u0107e nastaviti djelovati kao partner u evropskom putu zemlje.<\/p>\n<p>Plenkovi\u0107 je podsjetio da je li\u010dno inicirao raspravu o situaciji u BiH na nivou Europskog vije\u0107a, nagla\u0161avaju\u0107i da Bosna i Hercegovina zaslu\u017euje pa\u017enju evropskih lidera, a ne da bude skrajnuta u sjeni globalnih kriza poput Ukrajine, Bliskog istoka ili trgovinskih odnosa SAD-a i Kine.<\/p>\n<p>&#8220;BiH zaslu\u017euje adekvatno vrijeme i pa\u017enju svih evropskih lidera. Mi koji poznajemo situaciju ovdje, sada smo manjina me\u0111u evropskim liderima. Novi lideri nemaju predznanja o situaciji u BiH, i te\u0161ko im je na brzinu donijeti ozbiljne odluke. Zato tra\u017eimo da se ovom pitanju pristupi s vi\u0161e pa\u017enje&#8221;, rekao je Plenkovi\u0107.<\/p>\n<p>Najavio je i dolazak biv\u0161e estonske premijerke Kaje Kallas, koja sada obna\u0161a funkciju visoke predstavnice EU za vanjsku i sigurnosnu politiku, \u0161to vidi kao znak poja\u010danog interesa Unije za stanje u BiH.<\/p>\n<p><b>Legitimna zastupljenost kao klju\u010d<\/b><\/p>\n<p>Pitanje izborne reforme i legitimne zastupljenosti hrvatskog naroda, prema Plenkovi\u0107u, ostaje klju\u010dni preduslov za stabilno funkcioniranje BiH.<\/p>\n<p>&#8220;Povjerenje u BiH izme\u0111u tri naroda mo\u017ee postojati samo ako se ono preto\u010di u po\u0161tovanje, a po\u0161tovanje se o\u010dituje na izborima \u2013 izborima stvarnih predstavnika svakog konstitutivnog naroda. Recept koji se \u010detiri puta ponovio, a koji frustrira Hrvate u BiH, nije dobar&#8221;, naglasio je.<\/p>\n<p>Ponovno je istaknuo da se Hrvatska sna\u017eno zala\u017ee za ubrzanje evropskog puta BiH, pozivaju\u0107i sve politi\u010dke aktere da kroz kompromis ili konsenzus usvoje klju\u010dne zakone koji bi otvorili prostor za prvu me\u0111uvladinu konferenciju i formalno otvaranje pregovora s EU.<\/p>\n<p>&#8220;\u010cestitke svima koji rade na ovom putu \u2013 gospo\u0111i Kri\u0161to, gospodinu \u010covi\u0107u i svima ostalima koji poku\u0161avaju osigurati stabilnost i reforme. To je jedini na\u010din da se BiH pribli\u017ei EU i ostvari napredak koji \u0107e donijeti dobrobit svim njenim gra\u0111anima&#8221;, zaklju\u010dio je Plenkovi\u0107 u Mostaru, pi\u0161e Klix.ba.<\/p>\n<\/div>\n","protected":false},"excerpt":{"rendered":"<p>Hrvatski premijer Andrej Plenkovi\u0107 boravio je danas u Mostaru, gdje se uo\u010di otvaranja Mostarskog sajma&hellip;<\/p>\n","protected":false},"author":2,"featured_media":266899,"comment_status":"closed","ping_status":"closed","sticky":false,"template":"","format":"standard","meta":{"_acf_changed":false,"footnotes":""},"categories":[291],"tags":[2626,436],"acf":[],"yoast_head":"<!-- This site is optimized with the Yoast SEO plugin v23.5 - https:\/\/yoast.com\/wordpress\/plugins\/seo\/ -->\n<title>Plenkovi\u0107 nakon sastanka sa \u010covi\u0107em: &quot;Hrvatska ne\u0107e uvoditi sankcije Dodiku&quot; - TuzlaInfo.ba<\/title>\n<meta name=\"robots\" content=\"index, follow, max-snippet:-1, max-image-preview:large, max-video-preview:-1\" \/>\n<link rel=\"canonical\" href=\"https:\/\/tuzlainfo.ba\/index.php\/bosna-i-hercegovina\/item\/266898-plenkovic-nakon-sastanka-sa-covicem-hrvatska-nece-uvoditi-sankcije-dodiku\/\" \/>\n<meta property=\"og:locale\" content=\"bs_BA\" \/>\n<meta property=\"og:type\" content=\"article\" \/>\n<meta property=\"og:title\" content=\"Plenkovi\u0107 nakon sastanka sa \u010covi\u0107em: &quot;Hrvatska ne\u0107e uvoditi sankcije Dodiku&quot; - TuzlaInfo.ba\" \/>\n<meta property=\"og:description\" content=\"Hrvatski premijer Andrej Plenkovi\u0107 boravio je danas u Mostaru, gdje se uo\u010di otvaranja Mostarskog sajma&hellip;\" \/>\n<meta property=\"og:url\" content=\"https:\/\/tuzlainfo.ba\/index.php\/bosna-i-hercegovina\/item\/266898-plenkovic-nakon-sastanka-sa-covicem-hrvatska-nece-uvoditi-sankcije-dodiku\/\" \/>\n<meta property=\"og:site_name\" content=\"TuzlaInfo.ba\" \/>\n<meta property=\"article:publisher\" content=\"https:\/\/www.facebook.com\/tuzlainfo.ba\/\" \/>\n<meta property=\"article:published_time\" content=\"2025-04-07T19:44:14+00:00\" \/>\n<meta property=\"og:image\" content=\"https:\/\/tuzlainfo.ba\/wp-content\/uploads\/2025\/04\/0704_covic_plenkovic.jpg\" \/>\n\t<meta property=\"og:image:width\" content=\"800\" \/>\n\t<meta property=\"og:image:height\" content=\"533\" \/>\n\t<meta property=\"og:image:type\" content=\"image\/jpeg\" \/>\n<meta name=\"author\" content=\"nedim\" \/>\n<meta name=\"twitter:card\" content=\"summary_large_image\" \/>\n<meta name=\"twitter:label1\" content=\"Written by\" \/>\n\t<meta name=\"twitter:data1\" content=\"nedim\" \/>\n\t<meta name=\"twitter:label2\" content=\"Est. reading time\" \/>\n\t<meta name=\"twitter:data2\" content=\"4 minute\" \/>\n<script type=\"application\/ld+json\" class=\"yoast-schema-graph\">{\"@context\":\"https:\/\/schema.org\",\"@graph\":[{\"@type\":\"Article\",\"@id\":\"https:\/\/tuzlainfo.ba\/index.php\/bosna-i-hercegovina\/item\/266898-plenkovic-nakon-sastanka-sa-covicem-hrvatska-nece-uvoditi-sankcije-dodiku\/#article\",\"isPartOf\":{\"@id\":\"https:\/\/tuzlainfo.ba\/index.php\/bosna-i-hercegovina\/item\/266898-plenkovic-nakon-sastanka-sa-covicem-hrvatska-nece-uvoditi-sankcije-dodiku\/\"},\"author\":{\"name\":\"nedim\",\"@id\":\"https:\/\/tuzlainfo.ba\/#\/schema\/person\/f434e20dc27ea133923aab08451b7f7f\"},\"headline\":\"Plenkovi\u0107 nakon sastanka sa \u010covi\u0107em: &#8220;Hrvatska ne\u0107e uvoditi sankcije Dodiku&#8221;\",\"datePublished\":\"2025-04-07T19:44:14+00:00\",\"dateModified\":\"2025-04-07T19:44:14+00:00\",\"mainEntityOfPage\":{\"@id\":\"https:\/\/tuzlainfo.ba\/index.php\/bosna-i-hercegovina\/item\/266898-plenkovic-nakon-sastanka-sa-covicem-hrvatska-nece-uvoditi-sankcije-dodiku\/\"},\"wordCount\":786,\"publisher\":{\"@id\":\"https:\/\/tuzlainfo.ba\/#organization\"},\"image\":{\"@id\":\"https:\/\/tuzlainfo.ba\/index.php\/bosna-i-hercegovina\/item\/266898-plenkovic-nakon-sastanka-sa-covicem-hrvatska-nece-uvoditi-sankcije-dodiku\/#primaryimage\"},\"thumbnailUrl\":\"https:\/\/tuzlainfo.ba\/wp-content\/uploads\/2025\/04\/0704_covic_plenkovic.jpg\",\"keywords\":[\"Andrej Plenkovi\u0107\",\"dragan \u010dovi\u0107\"],\"articleSection\":[\"Bosna i Hercegovina\"],\"inLanguage\":\"bs-BA\"},{\"@type\":\"WebPage\",\"@id\":\"https:\/\/tuzlainfo.ba\/index.php\/bosna-i-hercegovina\/item\/266898-plenkovic-nakon-sastanka-sa-covicem-hrvatska-nece-uvoditi-sankcije-dodiku\/\",\"url\":\"https:\/\/tuzlainfo.ba\/index.php\/bosna-i-hercegovina\/item\/266898-plenkovic-nakon-sastanka-sa-covicem-hrvatska-nece-uvoditi-sankcije-dodiku\/\",\"name\":\"Plenkovi\u0107 nakon sastanka sa \u010covi\u0107em: \\\"Hrvatska ne\u0107e uvoditi sankcije Dodiku\\\" - TuzlaInfo.ba\",\"isPartOf\":{\"@id\":\"https:\/\/tuzlainfo.ba\/#website\"},\"primaryImageOfPage\":{\"@id\":\"https:\/\/tuzlainfo.ba\/index.php\/bosna-i-hercegovina\/item\/266898-plenkovic-nakon-sastanka-sa-covicem-hrvatska-nece-uvoditi-sankcije-dodiku\/#primaryimage\"},\"image\":{\"@id\":\"https:\/\/tuzlainfo.ba\/index.php\/bosna-i-hercegovina\/item\/266898-plenkovic-nakon-sastanka-sa-covicem-hrvatska-nece-uvoditi-sankcije-dodiku\/#primaryimage\"},\"thumbnailUrl\":\"https:\/\/tuzlainfo.ba\/wp-content\/uploads\/2025\/04\/0704_covic_plenkovic.jpg\",\"datePublished\":\"2025-04-07T19:44:14+00:00\",\"dateModified\":\"2025-04-07T19:44:14+00:00\",\"breadcrumb\":{\"@id\":\"https:\/\/tuzlainfo.ba\/index.php\/bosna-i-hercegovina\/item\/266898-plenkovic-nakon-sastanka-sa-covicem-hrvatska-nece-uvoditi-sankcije-dodiku\/#breadcrumb\"},\"inLanguage\":\"bs-BA\",\"potentialAction\":[{\"@type\":\"ReadAction\",\"target\":[\"https:\/\/tuzlainfo.ba\/index.php\/bosna-i-hercegovina\/item\/266898-plenkovic-nakon-sastanka-sa-covicem-hrvatska-nece-uvoditi-sankcije-dodiku\/\"]}]},{\"@type\":\"ImageObject\",\"inLanguage\":\"bs-BA\",\"@id\":\"https:\/\/tuzlainfo.ba\/index.php\/bosna-i-hercegovina\/item\/266898-plenkovic-nakon-sastanka-sa-covicem-hrvatska-nece-uvoditi-sankcije-dodiku\/#primaryimage\",\"url\":\"https:\/\/tuzlainfo.ba\/wp-content\/uploads\/2025\/04\/0704_covic_plenkovic.jpg\",\"contentUrl\":\"https:\/\/tuzlainfo.ba\/wp-content\/uploads\/2025\/04\/0704_covic_plenkovic.jpg\",\"width\":800,\"height\":533},{\"@type\":\"BreadcrumbList\",\"@id\":\"https:\/\/tuzlainfo.ba\/index.php\/bosna-i-hercegovina\/item\/266898-plenkovic-nakon-sastanka-sa-covicem-hrvatska-nece-uvoditi-sankcije-dodiku\/#breadcrumb\",\"itemListElement\":[{\"@type\":\"ListItem\",\"position\":1,\"name\":\"Home\",\"item\":\"https:\/\/tuzlainfo.ba\/\"},{\"@type\":\"ListItem\",\"position\":2,\"name\":\"Plenkovi\u0107 nakon sastanka sa \u010covi\u0107em: &#8220;Hrvatska ne\u0107e uvoditi sankcije Dodiku&#8221;\"}]},{\"@type\":\"WebSite\",\"@id\":\"https:\/\/tuzlainfo.ba\/#website\",\"url\":\"https:\/\/tuzlainfo.ba\/\",\"name\":\"TuzlaInfo.ba\",\"description\":\"Tuzla info, gradski informator - Tuzla na dlanu\",\"publisher\":{\"@id\":\"https:\/\/tuzlainfo.ba\/#organization\"},\"potentialAction\":[{\"@type\":\"SearchAction\",\"target\":{\"@type\":\"EntryPoint\",\"urlTemplate\":\"https:\/\/tuzlainfo.ba\/?s={search_term_string}\"},\"query-input\":{\"@type\":\"PropertyValueSpecification\",\"valueRequired\":true,\"valueName\":\"search_term_string\"}}],\"inLanguage\":\"bs-BA\"},{\"@type\":\"Organization\",\"@id\":\"https:\/\/tuzlainfo.ba\/#organization\",\"name\":\"TuzlaInfo.ba\",\"url\":\"https:\/\/tuzlainfo.ba\/\",\"logo\":{\"@type\":\"ImageObject\",\"inLanguage\":\"bs-BA\",\"@id\":\"https:\/\/tuzlainfo.ba\/#\/schema\/logo\/image\/\",\"url\":\"https:\/\/tuzlainfo.ba\/wp-content\/uploads\/2021\/03\/logo-ver-3-1.png\",\"contentUrl\":\"https:\/\/tuzlainfo.ba\/wp-content\/uploads\/2021\/03\/logo-ver-3-1.png\",\"width\":350,\"height\":95,\"caption\":\"TuzlaInfo.ba\"},\"image\":{\"@id\":\"https:\/\/tuzlainfo.ba\/#\/schema\/logo\/image\/\"},\"sameAs\":[\"https:\/\/www.facebook.com\/tuzlainfo.ba\/\"]},{\"@type\":\"Person\",\"@id\":\"https:\/\/tuzlainfo.ba\/#\/schema\/person\/f434e20dc27ea133923aab08451b7f7f\",\"name\":\"nedim\",\"image\":{\"@type\":\"ImageObject\",\"inLanguage\":\"bs-BA\",\"@id\":\"https:\/\/tuzlainfo.ba\/#\/schema\/person\/image\/\",\"url\":\"https:\/\/tuzlainfo.ba\/wp-content\/litespeed\/avatar\/aabad687af24844af817603ac1cbdc4f.jpg?ver=1777306975\",\"contentUrl\":\"https:\/\/tuzlainfo.ba\/wp-content\/litespeed\/avatar\/aabad687af24844af817603ac1cbdc4f.jpg?ver=1777306975\",\"caption\":\"nedim\"},\"description\":\"Tuzlainfo.ba pratite na dru\u0161tvenim mre\u017eama: Facebook, Instagram i Youtube. Svoje pri\u010de, upite i fotografije \u0161aljite na na\u0161u e-mail adresu.\"}]}<\/script>\n<!-- \/ Yoast SEO plugin. -->","yoast_head_json":{"title":"Plenkovi\u0107 nakon sastanka sa \u010covi\u0107em: \"Hrvatska ne\u0107e uvoditi sankcije Dodiku\" - TuzlaInfo.ba","robots":{"index":"index","follow":"follow","max-snippet":"max-snippet:-1","max-image-preview":"max-image-preview:large","max-video-preview":"max-video-preview:-1"},"canonical":"https:\/\/tuzlainfo.ba\/index.php\/bosna-i-hercegovina\/item\/266898-plenkovic-nakon-sastanka-sa-covicem-hrvatska-nece-uvoditi-sankcije-dodiku\/","og_locale":"bs_BA","og_type":"article","og_title":"Plenkovi\u0107 nakon sastanka sa \u010covi\u0107em: \"Hrvatska ne\u0107e uvoditi sankcije Dodiku\" - TuzlaInfo.ba","og_description":"Hrvatski premijer Andrej Plenkovi\u0107 boravio je danas u Mostaru, gdje se uo\u010di otvaranja Mostarskog sajma&hellip;","og_url":"https:\/\/tuzlainfo.ba\/index.php\/bosna-i-hercegovina\/item\/266898-plenkovic-nakon-sastanka-sa-covicem-hrvatska-nece-uvoditi-sankcije-dodiku\/","og_site_name":"TuzlaInfo.ba","article_publisher":"https:\/\/www.facebook.com\/tuzlainfo.ba\/","article_published_time":"2025-04-07T19:44:14+00:00","og_image":[{"width":800,"height":533,"url":"https:\/\/tuzlainfo.ba\/wp-content\/uploads\/2025\/04\/0704_covic_plenkovic.jpg","type":"image\/jpeg"}],"author":"nedim","twitter_card":"summary_large_image","twitter_misc":{"Written by":"nedim","Est. reading time":"4 minute"},"schema":{"@context":"https:\/\/schema.org","@graph":[{"@type":"Article","@id":"https:\/\/tuzlainfo.ba\/index.php\/bosna-i-hercegovina\/item\/266898-plenkovic-nakon-sastanka-sa-covicem-hrvatska-nece-uvoditi-sankcije-dodiku\/#article","isPartOf":{"@id":"https:\/\/tuzlainfo.ba\/index.php\/bosna-i-hercegovina\/item\/266898-plenkovic-nakon-sastanka-sa-covicem-hrvatska-nece-uvoditi-sankcije-dodiku\/"},"author":{"name":"nedim","@id":"https:\/\/tuzlainfo.ba\/#\/schema\/person\/f434e20dc27ea133923aab08451b7f7f"},"headline":"Plenkovi\u0107 nakon sastanka sa \u010covi\u0107em: &#8220;Hrvatska ne\u0107e uvoditi sankcije Dodiku&#8221;","datePublished":"2025-04-07T19:44:14+00:00","dateModified":"2025-04-07T19:44:14+00:00","mainEntityOfPage":{"@id":"https:\/\/tuzlainfo.ba\/index.php\/bosna-i-hercegovina\/item\/266898-plenkovic-nakon-sastanka-sa-covicem-hrvatska-nece-uvoditi-sankcije-dodiku\/"},"wordCount":786,"publisher":{"@id":"https:\/\/tuzlainfo.ba\/#organization"},"image":{"@id":"https:\/\/tuzlainfo.ba\/index.php\/bosna-i-hercegovina\/item\/266898-plenkovic-nakon-sastanka-sa-covicem-hrvatska-nece-uvoditi-sankcije-dodiku\/#primaryimage"},"thumbnailUrl":"https:\/\/tuzlainfo.ba\/wp-content\/uploads\/2025\/04\/0704_covic_plenkovic.jpg","keywords":["Andrej Plenkovi\u0107","dragan \u010dovi\u0107"],"articleSection":["Bosna i Hercegovina"],"inLanguage":"bs-BA"},{"@type":"WebPage","@id":"https:\/\/tuzlainfo.ba\/index.php\/bosna-i-hercegovina\/item\/266898-plenkovic-nakon-sastanka-sa-covicem-hrvatska-nece-uvoditi-sankcije-dodiku\/","url":"https:\/\/tuzlainfo.ba\/index.php\/bosna-i-hercegovina\/item\/266898-plenkovic-nakon-sastanka-sa-covicem-hrvatska-nece-uvoditi-sankcije-dodiku\/","name":"Plenkovi\u0107 nakon sastanka sa \u010covi\u0107em: \"Hrvatska ne\u0107e uvoditi sankcije Dodiku\" - TuzlaInfo.ba","isPartOf":{"@id":"https:\/\/tuzlainfo.ba\/#website"},"primaryImageOfPage":{"@id":"https:\/\/tuzlainfo.ba\/index.php\/bosna-i-hercegovina\/item\/266898-plenkovic-nakon-sastanka-sa-covicem-hrvatska-nece-uvoditi-sankcije-dodiku\/#primaryimage"},"image":{"@id":"https:\/\/tuzlainfo.ba\/index.php\/bosna-i-hercegovina\/item\/266898-plenkovic-nakon-sastanka-sa-covicem-hrvatska-nece-uvoditi-sankcije-dodiku\/#primaryimage"},"thumbnailUrl":"https:\/\/tuzlainfo.ba\/wp-content\/uploads\/2025\/04\/0704_covic_plenkovic.jpg","datePublished":"2025-04-07T19:44:14+00:00","dateModified":"2025-04-07T19:44:14+00:00","breadcrumb":{"@id":"https:\/\/tuzlainfo.ba\/index.php\/bosna-i-hercegovina\/item\/266898-plenkovic-nakon-sastanka-sa-covicem-hrvatska-nece-uvoditi-sankcije-dodiku\/#breadcrumb"},"inLanguage":"bs-BA","potentialAction":[{"@type":"ReadAction","target":["https:\/\/tuzlainfo.ba\/index.php\/bosna-i-hercegovina\/item\/266898-plenkovic-nakon-sastanka-sa-covicem-hrvatska-nece-uvoditi-sankcije-dodiku\/"]}]},{"@type":"ImageObject","inLanguage":"bs-BA","@id":"https:\/\/tuzlainfo.ba\/index.php\/bosna-i-hercegovina\/item\/266898-plenkovic-nakon-sastanka-sa-covicem-hrvatska-nece-uvoditi-sankcije-dodiku\/#primaryimage","url":"https:\/\/tuzlainfo.ba\/wp-content\/uploads\/2025\/04\/0704_covic_plenkovic.jpg","contentUrl":"https:\/\/tuzlainfo.ba\/wp-content\/uploads\/2025\/04\/0704_covic_plenkovic.jpg","width":800,"height":533},{"@type":"BreadcrumbList","@id":"https:\/\/tuzlainfo.ba\/index.php\/bosna-i-hercegovina\/item\/266898-plenkovic-nakon-sastanka-sa-covicem-hrvatska-nece-uvoditi-sankcije-dodiku\/#breadcrumb","itemListElement":[{"@type":"ListItem","position":1,"name":"Home","item":"https:\/\/tuzlainfo.ba\/"},{"@type":"ListItem","position":2,"name":"Plenkovi\u0107 nakon sastanka sa \u010covi\u0107em: &#8220;Hrvatska ne\u0107e uvoditi sankcije Dodiku&#8221;"}]},{"@type":"WebSite","@id":"https:\/\/tuzlainfo.ba\/#website","url":"https:\/\/tuzlainfo.ba\/","name":"TuzlaInfo.ba","description":"Tuzla info, gradski informator - Tuzla na dlanu","publisher":{"@id":"https:\/\/tuzlainfo.ba\/#organization"},"potentialAction":[{"@type":"SearchAction","target":{"@type":"EntryPoint","urlTemplate":"https:\/\/tuzlainfo.ba\/?s={search_term_string}"},"query-input":{"@type":"PropertyValueSpecification","valueRequired":true,"valueName":"search_term_string"}}],"inLanguage":"bs-BA"},{"@type":"Organization","@id":"https:\/\/tuzlainfo.ba\/#organization","name":"TuzlaInfo.ba","url":"https:\/\/tuzlainfo.ba\/","logo":{"@type":"ImageObject","inLanguage":"bs-BA","@id":"https:\/\/tuzlainfo.ba\/#\/schema\/logo\/image\/","url":"https:\/\/tuzlainfo.ba\/wp-content\/uploads\/2021\/03\/logo-ver-3-1.png","contentUrl":"https:\/\/tuzlainfo.ba\/wp-content\/uploads\/2021\/03\/logo-ver-3-1.png","width":350,"height":95,"caption":"TuzlaInfo.ba"},"image":{"@id":"https:\/\/tuzlainfo.ba\/#\/schema\/logo\/image\/"},"sameAs":["https:\/\/www.facebook.com\/tuzlainfo.ba\/"]},{"@type":"Person","@id":"https:\/\/tuzlainfo.ba\/#\/schema\/person\/f434e20dc27ea133923aab08451b7f7f","name":"nedim","image":{"@type":"ImageObject","inLanguage":"bs-BA","@id":"https:\/\/tuzlainfo.ba\/#\/schema\/person\/image\/","url":"https:\/\/tuzlainfo.ba\/wp-content\/litespeed\/avatar\/aabad687af24844af817603ac1cbdc4f.jpg?ver=1777306975","contentUrl":"https:\/\/tuzlainfo.ba\/wp-content\/litespeed\/avatar\/aabad687af24844af817603ac1cbdc4f.jpg?ver=1777306975","caption":"nedim"},"description":"Tuzlainfo.ba pratite na dru\u0161tvenim mre\u017eama: Facebook, Instagram i Youtube. Svoje pri\u010de, upite i fotografije \u0161aljite na na\u0161u e-mail adresu."}]}},"_links":{"self":[{"href":"https:\/\/tuzlainfo.ba\/index.php\/wp-json\/wp\/v2\/posts\/266898"}],"collection":[{"href":"https:\/\/tuzlainfo.ba\/index.php\/wp-json\/wp\/v2\/posts"}],"about":[{"href":"https:\/\/tuzlainfo.ba\/index.php\/wp-json\/wp\/v2\/types\/post"}],"author":[{"embeddable":true,"href":"https:\/\/tuzlainfo.ba\/index.php\/wp-json\/wp\/v2\/users\/2"}],"replies":[{"embeddable":true,"href":"https:\/\/tuzlainfo.ba\/index.php\/wp-json\/wp\/v2\/comments?post=266898"}],"version-history":[{"count":1,"href":"https:\/\/tuzlainfo.ba\/index.php\/wp-json\/wp\/v2\/posts\/266898\/revisions"}],"predecessor-version":[{"id":266900,"href":"https:\/\/tuzlainfo.ba\/index.php\/wp-json\/wp\/v2\/posts\/266898\/revisions\/266900"}],"wp:featuredmedia":[{"embeddable":true,"href":"https:\/\/tuzlainfo.ba\/index.php\/wp-json\/wp\/v2\/media\/266899"}],"wp:attachment":[{"href":"https:\/\/tuzlainfo.ba\/index.php\/wp-json\/wp\/v2\/media?parent=266898"}],"wp:term":[{"taxonomy":"category","embeddable":true,"href":"https:\/\/tuzlainfo.ba\/index.php\/wp-json\/wp\/v2\/categories?post=266898"},{"taxonomy":"post_tag","embeddable":true,"href":"https:\/\/tuzlainfo.ba\/index.php\/wp-json\/wp\/v2\/tags?post=266898"}],"curies":[{"name":"wp","href":"https:\/\/api.w.org\/{rel}","templated":true}]}}