{"id":266585,"date":"2025-04-03T14:45:39","date_gmt":"2025-04-03T12:45:39","guid":{"rendered":"https:\/\/tuzlainfo.ba\/?p=266585"},"modified":"2025-04-04T07:34:20","modified_gmt":"2025-04-04T05:34:20","slug":"suspendovani-policajci-iz-kalesije-zbog-propusta-u-slucaju-ubijene-inele","status":"publish","type":"post","link":"https:\/\/tuzlainfo.ba\/index.php\/istaknuto\/item\/266585-suspendovani-policajci-iz-kalesije-zbog-propusta-u-slucaju-ubijene-inele\/","title":{"rendered":"Suspendovani policajci iz Kalesije zbog propusta u slu\u010daju ubijene Inele"},"content":{"rendered":"<p class=\"\" data-start=\"15\" data-end=\"251\">Dvojica policijskih slu\u017ebenika iz Kalesije suspendovana su zbog propusta u obavljanju slu\u017ebene du\u017enosti.<\/p>\n<p class=\"\" data-start=\"15\" data-end=\"251\">Istraga je pokrenuta nakon \u0161to nisu reagovali na prijavu Inele Selimovi\u0107, koja je nekoliko dana kasnije ubijena zajedno sa sinom.<\/p>\n<p class=\"\" data-start=\"253\" data-end=\"492\">Tu\u017eila\u0161tvo Tuzlanskog kantona istra\u017euje ih zbog sumnje u nesavjestan rad u slu\u017ebi. Unutra\u0161nja kontrola MUP-a TK formirala je predmet i inicirala krivi\u010dnu istragu. Suspenzija mo\u017ee trajati do okon\u010danja disciplinskog ili krivi\u010dnog postupka.<\/p>\n","protected":false},"excerpt":{"rendered":"<p>Dvojica policijskih slu\u017ebenika iz Kalesije suspendovana su zbog propusta u obavljanju slu\u017ebene du\u017enosti. Istraga je&hellip;<\/p>\n","protected":false},"author":4,"featured_media":265617,"comment_status":"closed","ping_status":"closed","sticky":false,"template":"","format":"standard","meta":{"_acf_changed":false,"footnotes":""},"categories":[304,12,306],"tags":[11887,424,12049],"acf":[],"yoast_head":"<!-- This site is optimized with the Yoast SEO plugin v23.5 - https:\/\/yoast.com\/wordpress\/plugins\/seo\/ -->\n<title>Suspendovani policajci iz Kalesije zbog propusta u slu\u010daju ubijene Inele - TuzlaInfo.ba<\/title>\n<meta name=\"robots\" content=\"index, follow, max-snippet:-1, max-image-preview:large, max-video-preview:-1\" \/>\n<link rel=\"canonical\" href=\"https:\/\/tuzlainfo.ba\/index.php\/novosti\/item\/266585-suspendovani-policajci-iz-kalesije-zbog-propusta-u-slucaju-ubijene-inele\/\" \/>\n<meta property=\"og:locale\" content=\"bs_BA\" \/>\n<meta property=\"og:type\" content=\"article\" \/>\n<meta property=\"og:title\" content=\"Suspendovani policajci iz Kalesije zbog propusta u slu\u010daju ubijene Inele - TuzlaInfo.ba\" \/>\n<meta property=\"og:description\" content=\"Dvojica policijskih slu\u017ebenika iz Kalesije suspendovana su zbog propusta u obavljanju slu\u017ebene du\u017enosti. Istraga je&hellip;\" \/>\n<meta property=\"og:url\" content=\"https:\/\/tuzlainfo.ba\/index.php\/novosti\/item\/266585-suspendovani-policajci-iz-kalesije-zbog-propusta-u-slucaju-ubijene-inele\/\" \/>\n<meta property=\"og:site_name\" content=\"TuzlaInfo.ba\" \/>\n<meta property=\"article:publisher\" content=\"https:\/\/www.facebook.com\/tuzlainfo.ba\/\" \/>\n<meta property=\"article:published_time\" content=\"2025-04-03T12:45:39+00:00\" \/>\n<meta property=\"article:modified_time\" content=\"2025-04-04T05:34:20+00:00\" \/>\n<meta property=\"og:image\" content=\"https:\/\/tuzlainfo.ba\/wp-content\/uploads\/2025\/03\/2103_policija-2.jpg\" \/>\n\t<meta property=\"og:image:width\" content=\"1200\" \/>\n\t<meta property=\"og:image:height\" content=\"858\" \/>\n\t<meta property=\"og:image:type\" content=\"image\/jpeg\" \/>\n<meta name=\"author\" content=\"Tuzla Info\" \/>\n<meta name=\"twitter:card\" content=\"summary_large_image\" \/>\n<meta name=\"twitter:label1\" content=\"Written by\" \/>\n\t<meta name=\"twitter:data1\" content=\"Tuzla Info\" \/>\n\t<meta name=\"twitter:label2\" content=\"Est. reading time\" \/>\n\t<meta name=\"twitter:data2\" content=\"1 minuta\" \/>\n<script type=\"application\/ld+json\" class=\"yoast-schema-graph\">{\"@context\":\"https:\/\/schema.org\",\"@graph\":[{\"@type\":\"Article\",\"@id\":\"https:\/\/tuzlainfo.ba\/index.php\/novosti\/item\/266585-suspendovani-policajci-iz-kalesije-zbog-propusta-u-slucaju-ubijene-inele\/#article\",\"isPartOf\":{\"@id\":\"https:\/\/tuzlainfo.ba\/index.php\/novosti\/item\/266585-suspendovani-policajci-iz-kalesije-zbog-propusta-u-slucaju-ubijene-inele\/\"},\"author\":{\"name\":\"Tuzla Info\",\"@id\":\"https:\/\/tuzlainfo.ba\/#\/schema\/person\/46cad4c57790cbc50781edd14870825a\"},\"headline\":\"Suspendovani policajci iz Kalesije zbog propusta u slu\u010daju ubijene Inele\",\"datePublished\":\"2025-04-03T12:45:39+00:00\",\"dateModified\":\"2025-04-04T05:34:20+00:00\",\"mainEntityOfPage\":{\"@id\":\"https:\/\/tuzlainfo.ba\/index.php\/novosti\/item\/266585-suspendovani-policajci-iz-kalesije-zbog-propusta-u-slucaju-ubijene-inele\/\"},\"wordCount\":88,\"publisher\":{\"@id\":\"https:\/\/tuzlainfo.ba\/#organization\"},\"image\":{\"@id\":\"https:\/\/tuzlainfo.ba\/index.php\/novosti\/item\/266585-suspendovani-policajci-iz-kalesije-zbog-propusta-u-slucaju-ubijene-inele\/#primaryimage\"},\"thumbnailUrl\":\"https:\/\/tuzlainfo.ba\/wp-content\/uploads\/2025\/03\/2103_policija-2.jpg\",\"keywords\":[\"inela selimovic\",\"policija\",\"suspenzija\"],\"articleSection\":[\"Istaknuto\",\"Novosti\",\"Preporu\u010dujemo\"],\"inLanguage\":\"bs-BA\"},{\"@type\":\"WebPage\",\"@id\":\"https:\/\/tuzlainfo.ba\/index.php\/novosti\/item\/266585-suspendovani-policajci-iz-kalesije-zbog-propusta-u-slucaju-ubijene-inele\/\",\"url\":\"https:\/\/tuzlainfo.ba\/index.php\/novosti\/item\/266585-suspendovani-policajci-iz-kalesije-zbog-propusta-u-slucaju-ubijene-inele\/\",\"name\":\"Suspendovani policajci iz Kalesije zbog propusta u slu\u010daju ubijene Inele - TuzlaInfo.ba\",\"isPartOf\":{\"@id\":\"https:\/\/tuzlainfo.ba\/#website\"},\"primaryImageOfPage\":{\"@id\":\"https:\/\/tuzlainfo.ba\/index.php\/novosti\/item\/266585-suspendovani-policajci-iz-kalesije-zbog-propusta-u-slucaju-ubijene-inele\/#primaryimage\"},\"image\":{\"@id\":\"https:\/\/tuzlainfo.ba\/index.php\/novosti\/item\/266585-suspendovani-policajci-iz-kalesije-zbog-propusta-u-slucaju-ubijene-inele\/#primaryimage\"},\"thumbnailUrl\":\"https:\/\/tuzlainfo.ba\/wp-content\/uploads\/2025\/03\/2103_policija-2.jpg\",\"datePublished\":\"2025-04-03T12:45:39+00:00\",\"dateModified\":\"2025-04-04T05:34:20+00:00\",\"breadcrumb\":{\"@id\":\"https:\/\/tuzlainfo.ba\/index.php\/novosti\/item\/266585-suspendovani-policajci-iz-kalesije-zbog-propusta-u-slucaju-ubijene-inele\/#breadcrumb\"},\"inLanguage\":\"bs-BA\",\"potentialAction\":[{\"@type\":\"ReadAction\",\"target\":[\"https:\/\/tuzlainfo.ba\/index.php\/novosti\/item\/266585-suspendovani-policajci-iz-kalesije-zbog-propusta-u-slucaju-ubijene-inele\/\"]}]},{\"@type\":\"ImageObject\",\"inLanguage\":\"bs-BA\",\"@id\":\"https:\/\/tuzlainfo.ba\/index.php\/novosti\/item\/266585-suspendovani-policajci-iz-kalesije-zbog-propusta-u-slucaju-ubijene-inele\/#primaryimage\",\"url\":\"https:\/\/tuzlainfo.ba\/wp-content\/uploads\/2025\/03\/2103_policija-2.jpg\",\"contentUrl\":\"https:\/\/tuzlainfo.ba\/wp-content\/uploads\/2025\/03\/2103_policija-2.jpg\",\"width\":1200,\"height\":858},{\"@type\":\"BreadcrumbList\",\"@id\":\"https:\/\/tuzlainfo.ba\/index.php\/novosti\/item\/266585-suspendovani-policajci-iz-kalesije-zbog-propusta-u-slucaju-ubijene-inele\/#breadcrumb\",\"itemListElement\":[{\"@type\":\"ListItem\",\"position\":1,\"name\":\"Home\",\"item\":\"https:\/\/tuzlainfo.ba\/\"},{\"@type\":\"ListItem\",\"position\":2,\"name\":\"Suspendovani policajci iz Kalesije zbog propusta u slu\u010daju ubijene Inele\"}]},{\"@type\":\"WebSite\",\"@id\":\"https:\/\/tuzlainfo.ba\/#website\",\"url\":\"https:\/\/tuzlainfo.ba\/\",\"name\":\"TuzlaInfo.ba\",\"description\":\"Tuzla info, gradski informator - Tuzla na dlanu\",\"publisher\":{\"@id\":\"https:\/\/tuzlainfo.ba\/#organization\"},\"potentialAction\":[{\"@type\":\"SearchAction\",\"target\":{\"@type\":\"EntryPoint\",\"urlTemplate\":\"https:\/\/tuzlainfo.ba\/?s={search_term_string}\"},\"query-input\":{\"@type\":\"PropertyValueSpecification\",\"valueRequired\":true,\"valueName\":\"search_term_string\"}}],\"inLanguage\":\"bs-BA\"},{\"@type\":\"Organization\",\"@id\":\"https:\/\/tuzlainfo.ba\/#organization\",\"name\":\"TuzlaInfo.ba\",\"url\":\"https:\/\/tuzlainfo.ba\/\",\"logo\":{\"@type\":\"ImageObject\",\"inLanguage\":\"bs-BA\",\"@id\":\"https:\/\/tuzlainfo.ba\/#\/schema\/logo\/image\/\",\"url\":\"https:\/\/tuzlainfo.ba\/wp-content\/uploads\/2021\/03\/logo-ver-3-1.png\",\"contentUrl\":\"https:\/\/tuzlainfo.ba\/wp-content\/uploads\/2021\/03\/logo-ver-3-1.png\",\"width\":350,\"height\":95,\"caption\":\"TuzlaInfo.ba\"},\"image\":{\"@id\":\"https:\/\/tuzlainfo.ba\/#\/schema\/logo\/image\/\"},\"sameAs\":[\"https:\/\/www.facebook.com\/tuzlainfo.ba\/\"]},{\"@type\":\"Person\",\"@id\":\"https:\/\/tuzlainfo.ba\/#\/schema\/person\/46cad4c57790cbc50781edd14870825a\",\"name\":\"Tuzla Info\",\"image\":{\"@type\":\"ImageObject\",\"inLanguage\":\"bs-BA\",\"@id\":\"https:\/\/tuzlainfo.ba\/#\/schema\/person\/image\/\",\"url\":\"https:\/\/tuzlainfo.ba\/wp-content\/litespeed\/avatar\/b6c453a6c38e3654f2e4416c643fc25c.jpg?ver=1777051911\",\"contentUrl\":\"https:\/\/tuzlainfo.ba\/wp-content\/litespeed\/avatar\/b6c453a6c38e3654f2e4416c643fc25c.jpg?ver=1777051911\",\"caption\":\"Tuzla Info\"}}]}<\/script>\n<!-- \/ Yoast SEO plugin. -->","yoast_head_json":{"title":"Suspendovani policajci iz Kalesije zbog propusta u slu\u010daju ubijene Inele - TuzlaInfo.ba","robots":{"index":"index","follow":"follow","max-snippet":"max-snippet:-1","max-image-preview":"max-image-preview:large","max-video-preview":"max-video-preview:-1"},"canonical":"https:\/\/tuzlainfo.ba\/index.php\/novosti\/item\/266585-suspendovani-policajci-iz-kalesije-zbog-propusta-u-slucaju-ubijene-inele\/","og_locale":"bs_BA","og_type":"article","og_title":"Suspendovani policajci iz Kalesije zbog propusta u slu\u010daju ubijene Inele - TuzlaInfo.ba","og_description":"Dvojica policijskih slu\u017ebenika iz Kalesije suspendovana su zbog propusta u obavljanju slu\u017ebene du\u017enosti. Istraga je&hellip;","og_url":"https:\/\/tuzlainfo.ba\/index.php\/novosti\/item\/266585-suspendovani-policajci-iz-kalesije-zbog-propusta-u-slucaju-ubijene-inele\/","og_site_name":"TuzlaInfo.ba","article_publisher":"https:\/\/www.facebook.com\/tuzlainfo.ba\/","article_published_time":"2025-04-03T12:45:39+00:00","article_modified_time":"2025-04-04T05:34:20+00:00","og_image":[{"width":1200,"height":858,"url":"https:\/\/tuzlainfo.ba\/wp-content\/uploads\/2025\/03\/2103_policija-2.jpg","type":"image\/jpeg"}],"author":"Tuzla Info","twitter_card":"summary_large_image","twitter_misc":{"Written by":"Tuzla Info","Est. reading time":"1 minuta"},"schema":{"@context":"https:\/\/schema.org","@graph":[{"@type":"Article","@id":"https:\/\/tuzlainfo.ba\/index.php\/novosti\/item\/266585-suspendovani-policajci-iz-kalesije-zbog-propusta-u-slucaju-ubijene-inele\/#article","isPartOf":{"@id":"https:\/\/tuzlainfo.ba\/index.php\/novosti\/item\/266585-suspendovani-policajci-iz-kalesije-zbog-propusta-u-slucaju-ubijene-inele\/"},"author":{"name":"Tuzla Info","@id":"https:\/\/tuzlainfo.ba\/#\/schema\/person\/46cad4c57790cbc50781edd14870825a"},"headline":"Suspendovani policajci iz Kalesije zbog propusta u slu\u010daju ubijene Inele","datePublished":"2025-04-03T12:45:39+00:00","dateModified":"2025-04-04T05:34:20+00:00","mainEntityOfPage":{"@id":"https:\/\/tuzlainfo.ba\/index.php\/novosti\/item\/266585-suspendovani-policajci-iz-kalesije-zbog-propusta-u-slucaju-ubijene-inele\/"},"wordCount":88,"publisher":{"@id":"https:\/\/tuzlainfo.ba\/#organization"},"image":{"@id":"https:\/\/tuzlainfo.ba\/index.php\/novosti\/item\/266585-suspendovani-policajci-iz-kalesije-zbog-propusta-u-slucaju-ubijene-inele\/#primaryimage"},"thumbnailUrl":"https:\/\/tuzlainfo.ba\/wp-content\/uploads\/2025\/03\/2103_policija-2.jpg","keywords":["inela selimovic","policija","suspenzija"],"articleSection":["Istaknuto","Novosti","Preporu\u010dujemo"],"inLanguage":"bs-BA"},{"@type":"WebPage","@id":"https:\/\/tuzlainfo.ba\/index.php\/novosti\/item\/266585-suspendovani-policajci-iz-kalesije-zbog-propusta-u-slucaju-ubijene-inele\/","url":"https:\/\/tuzlainfo.ba\/index.php\/novosti\/item\/266585-suspendovani-policajci-iz-kalesije-zbog-propusta-u-slucaju-ubijene-inele\/","name":"Suspendovani policajci iz Kalesije zbog propusta u slu\u010daju ubijene Inele - TuzlaInfo.ba","isPartOf":{"@id":"https:\/\/tuzlainfo.ba\/#website"},"primaryImageOfPage":{"@id":"https:\/\/tuzlainfo.ba\/index.php\/novosti\/item\/266585-suspendovani-policajci-iz-kalesije-zbog-propusta-u-slucaju-ubijene-inele\/#primaryimage"},"image":{"@id":"https:\/\/tuzlainfo.ba\/index.php\/novosti\/item\/266585-suspendovani-policajci-iz-kalesije-zbog-propusta-u-slucaju-ubijene-inele\/#primaryimage"},"thumbnailUrl":"https:\/\/tuzlainfo.ba\/wp-content\/uploads\/2025\/03\/2103_policija-2.jpg","datePublished":"2025-04-03T12:45:39+00:00","dateModified":"2025-04-04T05:34:20+00:00","breadcrumb":{"@id":"https:\/\/tuzlainfo.ba\/index.php\/novosti\/item\/266585-suspendovani-policajci-iz-kalesije-zbog-propusta-u-slucaju-ubijene-inele\/#breadcrumb"},"inLanguage":"bs-BA","potentialAction":[{"@type":"ReadAction","target":["https:\/\/tuzlainfo.ba\/index.php\/novosti\/item\/266585-suspendovani-policajci-iz-kalesije-zbog-propusta-u-slucaju-ubijene-inele\/"]}]},{"@type":"ImageObject","inLanguage":"bs-BA","@id":"https:\/\/tuzlainfo.ba\/index.php\/novosti\/item\/266585-suspendovani-policajci-iz-kalesije-zbog-propusta-u-slucaju-ubijene-inele\/#primaryimage","url":"https:\/\/tuzlainfo.ba\/wp-content\/uploads\/2025\/03\/2103_policija-2.jpg","contentUrl":"https:\/\/tuzlainfo.ba\/wp-content\/uploads\/2025\/03\/2103_policija-2.jpg","width":1200,"height":858},{"@type":"BreadcrumbList","@id":"https:\/\/tuzlainfo.ba\/index.php\/novosti\/item\/266585-suspendovani-policajci-iz-kalesije-zbog-propusta-u-slucaju-ubijene-inele\/#breadcrumb","itemListElement":[{"@type":"ListItem","position":1,"name":"Home","item":"https:\/\/tuzlainfo.ba\/"},{"@type":"ListItem","position":2,"name":"Suspendovani policajci iz Kalesije zbog propusta u slu\u010daju ubijene Inele"}]},{"@type":"WebSite","@id":"https:\/\/tuzlainfo.ba\/#website","url":"https:\/\/tuzlainfo.ba\/","name":"TuzlaInfo.ba","description":"Tuzla info, gradski informator - Tuzla na dlanu","publisher":{"@id":"https:\/\/tuzlainfo.ba\/#organization"},"potentialAction":[{"@type":"SearchAction","target":{"@type":"EntryPoint","urlTemplate":"https:\/\/tuzlainfo.ba\/?s={search_term_string}"},"query-input":{"@type":"PropertyValueSpecification","valueRequired":true,"valueName":"search_term_string"}}],"inLanguage":"bs-BA"},{"@type":"Organization","@id":"https:\/\/tuzlainfo.ba\/#organization","name":"TuzlaInfo.ba","url":"https:\/\/tuzlainfo.ba\/","logo":{"@type":"ImageObject","inLanguage":"bs-BA","@id":"https:\/\/tuzlainfo.ba\/#\/schema\/logo\/image\/","url":"https:\/\/tuzlainfo.ba\/wp-content\/uploads\/2021\/03\/logo-ver-3-1.png","contentUrl":"https:\/\/tuzlainfo.ba\/wp-content\/uploads\/2021\/03\/logo-ver-3-1.png","width":350,"height":95,"caption":"TuzlaInfo.ba"},"image":{"@id":"https:\/\/tuzlainfo.ba\/#\/schema\/logo\/image\/"},"sameAs":["https:\/\/www.facebook.com\/tuzlainfo.ba\/"]},{"@type":"Person","@id":"https:\/\/tuzlainfo.ba\/#\/schema\/person\/46cad4c57790cbc50781edd14870825a","name":"Tuzla Info","image":{"@type":"ImageObject","inLanguage":"bs-BA","@id":"https:\/\/tuzlainfo.ba\/#\/schema\/person\/image\/","url":"https:\/\/tuzlainfo.ba\/wp-content\/litespeed\/avatar\/b6c453a6c38e3654f2e4416c643fc25c.jpg?ver=1777051911","contentUrl":"https:\/\/tuzlainfo.ba\/wp-content\/litespeed\/avatar\/b6c453a6c38e3654f2e4416c643fc25c.jpg?ver=1777051911","caption":"Tuzla Info"}}]}},"_links":{"self":[{"href":"https:\/\/tuzlainfo.ba\/index.php\/wp-json\/wp\/v2\/posts\/266585"}],"collection":[{"href":"https:\/\/tuzlainfo.ba\/index.php\/wp-json\/wp\/v2\/posts"}],"about":[{"href":"https:\/\/tuzlainfo.ba\/index.php\/wp-json\/wp\/v2\/types\/post"}],"author":[{"embeddable":true,"href":"https:\/\/tuzlainfo.ba\/index.php\/wp-json\/wp\/v2\/users\/4"}],"replies":[{"embeddable":true,"href":"https:\/\/tuzlainfo.ba\/index.php\/wp-json\/wp\/v2\/comments?post=266585"}],"version-history":[{"count":1,"href":"https:\/\/tuzlainfo.ba\/index.php\/wp-json\/wp\/v2\/posts\/266585\/revisions"}],"predecessor-version":[{"id":266586,"href":"https:\/\/tuzlainfo.ba\/index.php\/wp-json\/wp\/v2\/posts\/266585\/revisions\/266586"}],"wp:featuredmedia":[{"embeddable":true,"href":"https:\/\/tuzlainfo.ba\/index.php\/wp-json\/wp\/v2\/media\/265617"}],"wp:attachment":[{"href":"https:\/\/tuzlainfo.ba\/index.php\/wp-json\/wp\/v2\/media?parent=266585"}],"wp:term":[{"taxonomy":"category","embeddable":true,"href":"https:\/\/tuzlainfo.ba\/index.php\/wp-json\/wp\/v2\/categories?post=266585"},{"taxonomy":"post_tag","embeddable":true,"href":"https:\/\/tuzlainfo.ba\/index.php\/wp-json\/wp\/v2\/tags?post=266585"}],"curies":[{"name":"wp","href":"https:\/\/api.w.org\/{rel}","templated":true}]}}