{"id":266067,"date":"2025-03-27T16:24:06","date_gmt":"2025-03-27T15:24:06","guid":{"rendered":"https:\/\/tuzlainfo.ba\/?p=266067"},"modified":"2025-03-27T16:24:06","modified_gmt":"2025-03-27T15:24:06","slug":"srbija-uputila-protestnu-notu-interpolu-zbog-zahtjeva-za-potjernice-protiv-dodika-i-stevandica","status":"publish","type":"post","link":"https:\/\/tuzlainfo.ba\/index.php\/clanci\/sa-svih-strana\/item\/266067-srbija-uputila-protestnu-notu-interpolu-zbog-zahtjeva-za-potjernice-protiv-dodika-i-stevandica\/","title":{"rendered":"Srbija uputila protestnu notu Interpolu zbog zahtjeva za potjernice protiv Dodika i Stevandi\u0107a"},"content":{"rendered":"<p>Sud Bosne i Hercegovine potvrdio je da je prihvatio prijedlog Tu\u017eila\u0161tva BiH o raspisivanju me\u0111unarodne potjernice za Miloradom Dodikom i Nenadom Stevandi\u0107em, koji se terete za krivi\u010dno djelo \u201enapad na ustavni poredak\u201c.<\/p>\n<p>Ministar unutra\u0161njih poslova Srbije u tehni\u010dkom mandatu Ivica Da\u010di\u0107 izjavio je da potjernice jo\u0161 nisu pro\u0161le kontrolu Generalnog sekretarijata Interpola u pogledu ispunjenosti uslova za objavljivanje, te da trenutno ne predstavljaju osnov za postupanje.<\/p>\n<p>Da\u010di\u0107 je naveo da je Interpol Beograd uputio protestnu notu Generalnom sekretarijatu Interpola, uz tvrdnju da je zahtjev za raspisivanje potjernica u suprotnosti s \u010dlanom 3 Statuta Interpola, koji zabranjuje djelovanje u politi\u010dkim, vojnim, vjerskim ili rasnim pitanjima.<\/p>\n<p>Generalni sekretarijat Interpola potvrdio je prijem protesta i najavio njegovo razmatranje. Da\u010di\u0107 je istakao da \u0107e Srbija nastaviti da \u0161titi prava svojih dr\u017eavljana i insistirati na po\u0161tivanju me\u0111unarodnih normi.<\/p>\n","protected":false},"excerpt":{"rendered":"<p>Sud Bosne i Hercegovine potvrdio je da je prihvatio prijedlog Tu\u017eila\u0161tva BiH o raspisivanju me\u0111unarodne&hellip;<\/p>\n","protected":false},"author":2,"featured_media":244350,"comment_status":"closed","ping_status":"closed","sticky":false,"template":"","format":"standard","meta":{"_acf_changed":false,"footnotes":""},"categories":[16],"tags":[368,309],"acf":[],"yoast_head":"<!-- This site is optimized with the Yoast SEO plugin v23.5 - https:\/\/yoast.com\/wordpress\/plugins\/seo\/ -->\n<title>Srbija uputila protestnu notu Interpolu zbog zahtjeva za potjernice protiv Dodika i Stevandi\u0107a - TuzlaInfo.ba<\/title>\n<meta name=\"robots\" content=\"index, follow, max-snippet:-1, max-image-preview:large, max-video-preview:-1\" \/>\n<link rel=\"canonical\" href=\"https:\/\/tuzlainfo.ba\/index.php\/clanci\/sa-svih-strana\/item\/266067-srbija-uputila-protestnu-notu-interpolu-zbog-zahtjeva-za-potjernice-protiv-dodika-i-stevandica\/\" \/>\n<meta property=\"og:locale\" content=\"bs_BA\" \/>\n<meta property=\"og:type\" content=\"article\" \/>\n<meta property=\"og:title\" content=\"Srbija uputila protestnu notu Interpolu zbog zahtjeva za potjernice protiv Dodika i Stevandi\u0107a - TuzlaInfo.ba\" \/>\n<meta property=\"og:description\" content=\"Sud Bosne i Hercegovine potvrdio je da je prihvatio prijedlog Tu\u017eila\u0161tva BiH o raspisivanju me\u0111unarodne&hellip;\" \/>\n<meta property=\"og:url\" content=\"https:\/\/tuzlainfo.ba\/index.php\/clanci\/sa-svih-strana\/item\/266067-srbija-uputila-protestnu-notu-interpolu-zbog-zahtjeva-za-potjernice-protiv-dodika-i-stevandica\/\" \/>\n<meta property=\"og:site_name\" content=\"TuzlaInfo.ba\" \/>\n<meta property=\"article:publisher\" content=\"https:\/\/www.facebook.com\/tuzlainfo.ba\/\" \/>\n<meta property=\"article:published_time\" content=\"2025-03-27T15:24:06+00:00\" \/>\n<meta property=\"og:image\" content=\"https:\/\/tuzlainfo.ba\/wp-content\/uploads\/2024\/07\/1807_ivica_dacic.jpg\" \/>\n\t<meta property=\"og:image:width\" content=\"908\" \/>\n\t<meta property=\"og:image:height\" content=\"586\" \/>\n\t<meta property=\"og:image:type\" content=\"image\/jpeg\" \/>\n<meta name=\"author\" content=\"nedim\" \/>\n<meta name=\"twitter:card\" content=\"summary_large_image\" \/>\n<meta name=\"twitter:label1\" content=\"Written by\" \/>\n\t<meta name=\"twitter:data1\" content=\"nedim\" \/>\n\t<meta name=\"twitter:label2\" content=\"Est. reading time\" \/>\n\t<meta name=\"twitter:data2\" content=\"1 minuta\" \/>\n<script type=\"application\/ld+json\" class=\"yoast-schema-graph\">{\"@context\":\"https:\/\/schema.org\",\"@graph\":[{\"@type\":\"Article\",\"@id\":\"https:\/\/tuzlainfo.ba\/index.php\/clanci\/sa-svih-strana\/item\/266067-srbija-uputila-protestnu-notu-interpolu-zbog-zahtjeva-za-potjernice-protiv-dodika-i-stevandica\/#article\",\"isPartOf\":{\"@id\":\"https:\/\/tuzlainfo.ba\/index.php\/clanci\/sa-svih-strana\/item\/266067-srbija-uputila-protestnu-notu-interpolu-zbog-zahtjeva-za-potjernice-protiv-dodika-i-stevandica\/\"},\"author\":{\"name\":\"nedim\",\"@id\":\"https:\/\/tuzlainfo.ba\/#\/schema\/person\/f434e20dc27ea133923aab08451b7f7f\"},\"headline\":\"Srbija uputila protestnu notu Interpolu zbog zahtjeva za potjernice protiv Dodika i Stevandi\u0107a\",\"datePublished\":\"2025-03-27T15:24:06+00:00\",\"dateModified\":\"2025-03-27T15:24:06+00:00\",\"mainEntityOfPage\":{\"@id\":\"https:\/\/tuzlainfo.ba\/index.php\/clanci\/sa-svih-strana\/item\/266067-srbija-uputila-protestnu-notu-interpolu-zbog-zahtjeva-za-potjernice-protiv-dodika-i-stevandica\/\"},\"wordCount\":161,\"publisher\":{\"@id\":\"https:\/\/tuzlainfo.ba\/#organization\"},\"image\":{\"@id\":\"https:\/\/tuzlainfo.ba\/index.php\/clanci\/sa-svih-strana\/item\/266067-srbija-uputila-protestnu-notu-interpolu-zbog-zahtjeva-za-potjernice-protiv-dodika-i-stevandica\/#primaryimage\"},\"thumbnailUrl\":\"https:\/\/tuzlainfo.ba\/wp-content\/uploads\/2024\/07\/1807_ivica_dacic.jpg\",\"keywords\":[\"ivica da\u010di\u0107\",\"srbija\"],\"articleSection\":[\"Sa svih strana\"],\"inLanguage\":\"bs-BA\"},{\"@type\":\"WebPage\",\"@id\":\"https:\/\/tuzlainfo.ba\/index.php\/clanci\/sa-svih-strana\/item\/266067-srbija-uputila-protestnu-notu-interpolu-zbog-zahtjeva-za-potjernice-protiv-dodika-i-stevandica\/\",\"url\":\"https:\/\/tuzlainfo.ba\/index.php\/clanci\/sa-svih-strana\/item\/266067-srbija-uputila-protestnu-notu-interpolu-zbog-zahtjeva-za-potjernice-protiv-dodika-i-stevandica\/\",\"name\":\"Srbija uputila protestnu notu Interpolu zbog zahtjeva za potjernice protiv Dodika i Stevandi\u0107a - TuzlaInfo.ba\",\"isPartOf\":{\"@id\":\"https:\/\/tuzlainfo.ba\/#website\"},\"primaryImageOfPage\":{\"@id\":\"https:\/\/tuzlainfo.ba\/index.php\/clanci\/sa-svih-strana\/item\/266067-srbija-uputila-protestnu-notu-interpolu-zbog-zahtjeva-za-potjernice-protiv-dodika-i-stevandica\/#primaryimage\"},\"image\":{\"@id\":\"https:\/\/tuzlainfo.ba\/index.php\/clanci\/sa-svih-strana\/item\/266067-srbija-uputila-protestnu-notu-interpolu-zbog-zahtjeva-za-potjernice-protiv-dodika-i-stevandica\/#primaryimage\"},\"thumbnailUrl\":\"https:\/\/tuzlainfo.ba\/wp-content\/uploads\/2024\/07\/1807_ivica_dacic.jpg\",\"datePublished\":\"2025-03-27T15:24:06+00:00\",\"dateModified\":\"2025-03-27T15:24:06+00:00\",\"breadcrumb\":{\"@id\":\"https:\/\/tuzlainfo.ba\/index.php\/clanci\/sa-svih-strana\/item\/266067-srbija-uputila-protestnu-notu-interpolu-zbog-zahtjeva-za-potjernice-protiv-dodika-i-stevandica\/#breadcrumb\"},\"inLanguage\":\"bs-BA\",\"potentialAction\":[{\"@type\":\"ReadAction\",\"target\":[\"https:\/\/tuzlainfo.ba\/index.php\/clanci\/sa-svih-strana\/item\/266067-srbija-uputila-protestnu-notu-interpolu-zbog-zahtjeva-za-potjernice-protiv-dodika-i-stevandica\/\"]}]},{\"@type\":\"ImageObject\",\"inLanguage\":\"bs-BA\",\"@id\":\"https:\/\/tuzlainfo.ba\/index.php\/clanci\/sa-svih-strana\/item\/266067-srbija-uputila-protestnu-notu-interpolu-zbog-zahtjeva-za-potjernice-protiv-dodika-i-stevandica\/#primaryimage\",\"url\":\"https:\/\/tuzlainfo.ba\/wp-content\/uploads\/2024\/07\/1807_ivica_dacic.jpg\",\"contentUrl\":\"https:\/\/tuzlainfo.ba\/wp-content\/uploads\/2024\/07\/1807_ivica_dacic.jpg\",\"width\":908,\"height\":586},{\"@type\":\"BreadcrumbList\",\"@id\":\"https:\/\/tuzlainfo.ba\/index.php\/clanci\/sa-svih-strana\/item\/266067-srbija-uputila-protestnu-notu-interpolu-zbog-zahtjeva-za-potjernice-protiv-dodika-i-stevandica\/#breadcrumb\",\"itemListElement\":[{\"@type\":\"ListItem\",\"position\":1,\"name\":\"Home\",\"item\":\"https:\/\/tuzlainfo.ba\/\"},{\"@type\":\"ListItem\",\"position\":2,\"name\":\"Srbija uputila protestnu notu Interpolu zbog zahtjeva za potjernice protiv Dodika i Stevandi\u0107a\"}]},{\"@type\":\"WebSite\",\"@id\":\"https:\/\/tuzlainfo.ba\/#website\",\"url\":\"https:\/\/tuzlainfo.ba\/\",\"name\":\"TuzlaInfo.ba\",\"description\":\"Tuzla info, gradski informator - Tuzla na dlanu\",\"publisher\":{\"@id\":\"https:\/\/tuzlainfo.ba\/#organization\"},\"potentialAction\":[{\"@type\":\"SearchAction\",\"target\":{\"@type\":\"EntryPoint\",\"urlTemplate\":\"https:\/\/tuzlainfo.ba\/?s={search_term_string}\"},\"query-input\":{\"@type\":\"PropertyValueSpecification\",\"valueRequired\":true,\"valueName\":\"search_term_string\"}}],\"inLanguage\":\"bs-BA\"},{\"@type\":\"Organization\",\"@id\":\"https:\/\/tuzlainfo.ba\/#organization\",\"name\":\"TuzlaInfo.ba\",\"url\":\"https:\/\/tuzlainfo.ba\/\",\"logo\":{\"@type\":\"ImageObject\",\"inLanguage\":\"bs-BA\",\"@id\":\"https:\/\/tuzlainfo.ba\/#\/schema\/logo\/image\/\",\"url\":\"https:\/\/tuzlainfo.ba\/wp-content\/uploads\/2021\/03\/logo-ver-3-1.png\",\"contentUrl\":\"https:\/\/tuzlainfo.ba\/wp-content\/uploads\/2021\/03\/logo-ver-3-1.png\",\"width\":350,\"height\":95,\"caption\":\"TuzlaInfo.ba\"},\"image\":{\"@id\":\"https:\/\/tuzlainfo.ba\/#\/schema\/logo\/image\/\"},\"sameAs\":[\"https:\/\/www.facebook.com\/tuzlainfo.ba\/\"]},{\"@type\":\"Person\",\"@id\":\"https:\/\/tuzlainfo.ba\/#\/schema\/person\/f434e20dc27ea133923aab08451b7f7f\",\"name\":\"nedim\",\"image\":{\"@type\":\"ImageObject\",\"inLanguage\":\"bs-BA\",\"@id\":\"https:\/\/tuzlainfo.ba\/#\/schema\/person\/image\/\",\"url\":\"https:\/\/tuzlainfo.ba\/wp-content\/litespeed\/avatar\/aabad687af24844af817603ac1cbdc4f.jpg?ver=1776702173\",\"contentUrl\":\"https:\/\/tuzlainfo.ba\/wp-content\/litespeed\/avatar\/aabad687af24844af817603ac1cbdc4f.jpg?ver=1776702173\",\"caption\":\"nedim\"},\"description\":\"Tuzlainfo.ba pratite na dru\u0161tvenim mre\u017eama: Facebook, Instagram i Youtube. Svoje pri\u010de, upite i fotografije \u0161aljite na na\u0161u e-mail adresu.\"}]}<\/script>\n<!-- \/ Yoast SEO plugin. -->","yoast_head_json":{"title":"Srbija uputila protestnu notu Interpolu zbog zahtjeva za potjernice protiv Dodika i Stevandi\u0107a - TuzlaInfo.ba","robots":{"index":"index","follow":"follow","max-snippet":"max-snippet:-1","max-image-preview":"max-image-preview:large","max-video-preview":"max-video-preview:-1"},"canonical":"https:\/\/tuzlainfo.ba\/index.php\/clanci\/sa-svih-strana\/item\/266067-srbija-uputila-protestnu-notu-interpolu-zbog-zahtjeva-za-potjernice-protiv-dodika-i-stevandica\/","og_locale":"bs_BA","og_type":"article","og_title":"Srbija uputila protestnu notu Interpolu zbog zahtjeva za potjernice protiv Dodika i Stevandi\u0107a - TuzlaInfo.ba","og_description":"Sud Bosne i Hercegovine potvrdio je da je prihvatio prijedlog Tu\u017eila\u0161tva BiH o raspisivanju me\u0111unarodne&hellip;","og_url":"https:\/\/tuzlainfo.ba\/index.php\/clanci\/sa-svih-strana\/item\/266067-srbija-uputila-protestnu-notu-interpolu-zbog-zahtjeva-za-potjernice-protiv-dodika-i-stevandica\/","og_site_name":"TuzlaInfo.ba","article_publisher":"https:\/\/www.facebook.com\/tuzlainfo.ba\/","article_published_time":"2025-03-27T15:24:06+00:00","og_image":[{"width":908,"height":586,"url":"https:\/\/tuzlainfo.ba\/wp-content\/uploads\/2024\/07\/1807_ivica_dacic.jpg","type":"image\/jpeg"}],"author":"nedim","twitter_card":"summary_large_image","twitter_misc":{"Written by":"nedim","Est. reading time":"1 minuta"},"schema":{"@context":"https:\/\/schema.org","@graph":[{"@type":"Article","@id":"https:\/\/tuzlainfo.ba\/index.php\/clanci\/sa-svih-strana\/item\/266067-srbija-uputila-protestnu-notu-interpolu-zbog-zahtjeva-za-potjernice-protiv-dodika-i-stevandica\/#article","isPartOf":{"@id":"https:\/\/tuzlainfo.ba\/index.php\/clanci\/sa-svih-strana\/item\/266067-srbija-uputila-protestnu-notu-interpolu-zbog-zahtjeva-za-potjernice-protiv-dodika-i-stevandica\/"},"author":{"name":"nedim","@id":"https:\/\/tuzlainfo.ba\/#\/schema\/person\/f434e20dc27ea133923aab08451b7f7f"},"headline":"Srbija uputila protestnu notu Interpolu zbog zahtjeva za potjernice protiv Dodika i Stevandi\u0107a","datePublished":"2025-03-27T15:24:06+00:00","dateModified":"2025-03-27T15:24:06+00:00","mainEntityOfPage":{"@id":"https:\/\/tuzlainfo.ba\/index.php\/clanci\/sa-svih-strana\/item\/266067-srbija-uputila-protestnu-notu-interpolu-zbog-zahtjeva-za-potjernice-protiv-dodika-i-stevandica\/"},"wordCount":161,"publisher":{"@id":"https:\/\/tuzlainfo.ba\/#organization"},"image":{"@id":"https:\/\/tuzlainfo.ba\/index.php\/clanci\/sa-svih-strana\/item\/266067-srbija-uputila-protestnu-notu-interpolu-zbog-zahtjeva-za-potjernice-protiv-dodika-i-stevandica\/#primaryimage"},"thumbnailUrl":"https:\/\/tuzlainfo.ba\/wp-content\/uploads\/2024\/07\/1807_ivica_dacic.jpg","keywords":["ivica da\u010di\u0107","srbija"],"articleSection":["Sa svih strana"],"inLanguage":"bs-BA"},{"@type":"WebPage","@id":"https:\/\/tuzlainfo.ba\/index.php\/clanci\/sa-svih-strana\/item\/266067-srbija-uputila-protestnu-notu-interpolu-zbog-zahtjeva-za-potjernice-protiv-dodika-i-stevandica\/","url":"https:\/\/tuzlainfo.ba\/index.php\/clanci\/sa-svih-strana\/item\/266067-srbija-uputila-protestnu-notu-interpolu-zbog-zahtjeva-za-potjernice-protiv-dodika-i-stevandica\/","name":"Srbija uputila protestnu notu Interpolu zbog zahtjeva za potjernice protiv Dodika i Stevandi\u0107a - TuzlaInfo.ba","isPartOf":{"@id":"https:\/\/tuzlainfo.ba\/#website"},"primaryImageOfPage":{"@id":"https:\/\/tuzlainfo.ba\/index.php\/clanci\/sa-svih-strana\/item\/266067-srbija-uputila-protestnu-notu-interpolu-zbog-zahtjeva-za-potjernice-protiv-dodika-i-stevandica\/#primaryimage"},"image":{"@id":"https:\/\/tuzlainfo.ba\/index.php\/clanci\/sa-svih-strana\/item\/266067-srbija-uputila-protestnu-notu-interpolu-zbog-zahtjeva-za-potjernice-protiv-dodika-i-stevandica\/#primaryimage"},"thumbnailUrl":"https:\/\/tuzlainfo.ba\/wp-content\/uploads\/2024\/07\/1807_ivica_dacic.jpg","datePublished":"2025-03-27T15:24:06+00:00","dateModified":"2025-03-27T15:24:06+00:00","breadcrumb":{"@id":"https:\/\/tuzlainfo.ba\/index.php\/clanci\/sa-svih-strana\/item\/266067-srbija-uputila-protestnu-notu-interpolu-zbog-zahtjeva-za-potjernice-protiv-dodika-i-stevandica\/#breadcrumb"},"inLanguage":"bs-BA","potentialAction":[{"@type":"ReadAction","target":["https:\/\/tuzlainfo.ba\/index.php\/clanci\/sa-svih-strana\/item\/266067-srbija-uputila-protestnu-notu-interpolu-zbog-zahtjeva-za-potjernice-protiv-dodika-i-stevandica\/"]}]},{"@type":"ImageObject","inLanguage":"bs-BA","@id":"https:\/\/tuzlainfo.ba\/index.php\/clanci\/sa-svih-strana\/item\/266067-srbija-uputila-protestnu-notu-interpolu-zbog-zahtjeva-za-potjernice-protiv-dodika-i-stevandica\/#primaryimage","url":"https:\/\/tuzlainfo.ba\/wp-content\/uploads\/2024\/07\/1807_ivica_dacic.jpg","contentUrl":"https:\/\/tuzlainfo.ba\/wp-content\/uploads\/2024\/07\/1807_ivica_dacic.jpg","width":908,"height":586},{"@type":"BreadcrumbList","@id":"https:\/\/tuzlainfo.ba\/index.php\/clanci\/sa-svih-strana\/item\/266067-srbija-uputila-protestnu-notu-interpolu-zbog-zahtjeva-za-potjernice-protiv-dodika-i-stevandica\/#breadcrumb","itemListElement":[{"@type":"ListItem","position":1,"name":"Home","item":"https:\/\/tuzlainfo.ba\/"},{"@type":"ListItem","position":2,"name":"Srbija uputila protestnu notu Interpolu zbog zahtjeva za potjernice protiv Dodika i Stevandi\u0107a"}]},{"@type":"WebSite","@id":"https:\/\/tuzlainfo.ba\/#website","url":"https:\/\/tuzlainfo.ba\/","name":"TuzlaInfo.ba","description":"Tuzla info, gradski informator - Tuzla na dlanu","publisher":{"@id":"https:\/\/tuzlainfo.ba\/#organization"},"potentialAction":[{"@type":"SearchAction","target":{"@type":"EntryPoint","urlTemplate":"https:\/\/tuzlainfo.ba\/?s={search_term_string}"},"query-input":{"@type":"PropertyValueSpecification","valueRequired":true,"valueName":"search_term_string"}}],"inLanguage":"bs-BA"},{"@type":"Organization","@id":"https:\/\/tuzlainfo.ba\/#organization","name":"TuzlaInfo.ba","url":"https:\/\/tuzlainfo.ba\/","logo":{"@type":"ImageObject","inLanguage":"bs-BA","@id":"https:\/\/tuzlainfo.ba\/#\/schema\/logo\/image\/","url":"https:\/\/tuzlainfo.ba\/wp-content\/uploads\/2021\/03\/logo-ver-3-1.png","contentUrl":"https:\/\/tuzlainfo.ba\/wp-content\/uploads\/2021\/03\/logo-ver-3-1.png","width":350,"height":95,"caption":"TuzlaInfo.ba"},"image":{"@id":"https:\/\/tuzlainfo.ba\/#\/schema\/logo\/image\/"},"sameAs":["https:\/\/www.facebook.com\/tuzlainfo.ba\/"]},{"@type":"Person","@id":"https:\/\/tuzlainfo.ba\/#\/schema\/person\/f434e20dc27ea133923aab08451b7f7f","name":"nedim","image":{"@type":"ImageObject","inLanguage":"bs-BA","@id":"https:\/\/tuzlainfo.ba\/#\/schema\/person\/image\/","url":"https:\/\/tuzlainfo.ba\/wp-content\/litespeed\/avatar\/aabad687af24844af817603ac1cbdc4f.jpg?ver=1776702173","contentUrl":"https:\/\/tuzlainfo.ba\/wp-content\/litespeed\/avatar\/aabad687af24844af817603ac1cbdc4f.jpg?ver=1776702173","caption":"nedim"},"description":"Tuzlainfo.ba pratite na dru\u0161tvenim mre\u017eama: Facebook, Instagram i Youtube. Svoje pri\u010de, upite i fotografije \u0161aljite na na\u0161u e-mail adresu."}]}},"_links":{"self":[{"href":"https:\/\/tuzlainfo.ba\/index.php\/wp-json\/wp\/v2\/posts\/266067"}],"collection":[{"href":"https:\/\/tuzlainfo.ba\/index.php\/wp-json\/wp\/v2\/posts"}],"about":[{"href":"https:\/\/tuzlainfo.ba\/index.php\/wp-json\/wp\/v2\/types\/post"}],"author":[{"embeddable":true,"href":"https:\/\/tuzlainfo.ba\/index.php\/wp-json\/wp\/v2\/users\/2"}],"replies":[{"embeddable":true,"href":"https:\/\/tuzlainfo.ba\/index.php\/wp-json\/wp\/v2\/comments?post=266067"}],"version-history":[{"count":1,"href":"https:\/\/tuzlainfo.ba\/index.php\/wp-json\/wp\/v2\/posts\/266067\/revisions"}],"predecessor-version":[{"id":266068,"href":"https:\/\/tuzlainfo.ba\/index.php\/wp-json\/wp\/v2\/posts\/266067\/revisions\/266068"}],"wp:featuredmedia":[{"embeddable":true,"href":"https:\/\/tuzlainfo.ba\/index.php\/wp-json\/wp\/v2\/media\/244350"}],"wp:attachment":[{"href":"https:\/\/tuzlainfo.ba\/index.php\/wp-json\/wp\/v2\/media?parent=266067"}],"wp:term":[{"taxonomy":"category","embeddable":true,"href":"https:\/\/tuzlainfo.ba\/index.php\/wp-json\/wp\/v2\/categories?post=266067"},{"taxonomy":"post_tag","embeddable":true,"href":"https:\/\/tuzlainfo.ba\/index.php\/wp-json\/wp\/v2\/tags?post=266067"}],"curies":[{"name":"wp","href":"https:\/\/api.w.org\/{rel}","templated":true}]}}