{"id":266011,"date":"2025-03-27T10:00:12","date_gmt":"2025-03-27T09:00:12","guid":{"rendered":"https:\/\/tuzlainfo.ba\/?p=266011"},"modified":"2025-03-27T09:42:10","modified_gmt":"2025-03-27T08:42:10","slug":"danas-sjednica-gv-tuzle-na-dnevnom-redu-javni-prijevoz-imenovanja-u-nadzorne-odbore","status":"publish","type":"post","link":"https:\/\/tuzlainfo.ba\/index.php\/novosti\/item\/266011-danas-sjednica-gv-tuzle-na-dnevnom-redu-javni-prijevoz-imenovanja-u-nadzorne-odbore\/","title":{"rendered":"Danas sjednica GV Tuzle: Na dnevnom redu javni prijevoz, imenovanja u nadzorne odbore&#8230;"},"content":{"rendered":"<p>Gradsko vije\u0107e Tuzle odr\u017eat \u0107e svoju petu redovnu sjednicu u \u010detvrtak, 27. marta, s po\u010detkom u 10 sati u sali za sjednice Gradskog vije\u0107a.<\/p>\n<p>Na dnevnom redu na\u0107i \u0107e se 21 ta\u010dka, me\u0111u kojima su izmjene i dopune Bud\u017eeta Grada Tuzle za 2025. godinu, pitanja vezana za javni linijski prijevoz putnika, komunalne djelatnosti, urbanisti\u010dke odluke, kao i r<a href=\"https:\/\/tuzlainfo.ba\/index.php\/novosti\/item\/265753-iznos-ce-iznenaditi-mnoge-kolika-je-prosjecna-gradjevinska-cijena-stanova-u-tuzli\/\"><span style=\"text-decoration: underline;\"><strong>azmatranje prosje\u010dne gra\u0111evinske cijene stambenog prostora u prethodnoj godini<\/strong><\/span><\/a>.<\/p>\n<p>Vije\u0107nici \u0107e se baviti i kadrovskim pitanjima, uklju\u010duju\u0107i <a href=\"https:\/\/tuzlainfo.ba\/index.php\/novosti\/item\/265508-tuzla-poznata-imena-novih-clanova-nadzornih-odbora-vise-gradskih-preduzeca\/\"><span style=\"text-decoration: underline;\"><strong>imenovanja \u010dlanova nadzornih odbora u nekoliko javnih preduze\u0107<\/strong><\/span><\/a>a, kao i dodjelom poslovnih prostora u zakup.<\/p>\n<p>Razmatrat \u0107e se i program odr\u017eavanja i izgradnje skloni\u0161ta, godi\u0161nji plan njihovog odr\u017eavanja, kao i davanje saglasnosti javnim ustanovama i preduze\u0107ima za prijem novih zaposlenika.<\/p>\n<p>Posebna pa\u017enja bit \u0107e posve\u0107ena ekolo\u0161kim i dru\u0161tvenim temama, me\u0111u kojima je i pitanje za\u0161tite Tuzle od potencijalne ekolo\u0161ke prijetnje s Majevice usljed planirane eksploatacije litijuma.<\/p>\n<p>Tako\u0111er, vije\u0107nici \u0107e raspravljati o programu obilje\u017eavanja 30. godi\u0161njice ratnog zlo\u010dina na Kapiji, potpisivanju Rezolucije o borbi protiv govora mr\u017enje, kao i usvajanju zaklju\u010daka o o\u010duvanju mira i spre\u010davanju sukoba.<strong>\/Tuzlainfo.ba\/<\/strong><\/p>\n<p>&nbsp;<\/p>\n","protected":false},"excerpt":{"rendered":"<p>Gradsko vije\u0107e Tuzle odr\u017eat \u0107e svoju petu redovnu sjednicu u \u010detvrtak, 27. marta, s po\u010detkom&hellip;<\/p>\n","protected":false},"author":2,"featured_media":258348,"comment_status":"closed","ping_status":"closed","sticky":false,"template":"","format":"standard","meta":{"_acf_changed":false,"footnotes":""},"categories":[304,12],"tags":[858,12029],"acf":[],"yoast_head":"<!-- This site is optimized with the Yoast SEO plugin v23.5 - https:\/\/yoast.com\/wordpress\/plugins\/seo\/ -->\n<title>Danas sjednica GV Tuzle: Na dnevnom redu javni prijevoz, imenovanja u nadzorne odbore... - TuzlaInfo.ba<\/title>\n<meta name=\"robots\" content=\"index, follow, max-snippet:-1, max-image-preview:large, max-video-preview:-1\" \/>\n<link rel=\"canonical\" href=\"https:\/\/tuzlainfo.ba\/index.php\/novosti\/item\/266011-danas-sjednica-gv-tuzle-na-dnevnom-redu-javni-prijevoz-imenovanja-u-nadzorne-odbore\/\" \/>\n<meta property=\"og:locale\" content=\"bs_BA\" \/>\n<meta property=\"og:type\" content=\"article\" \/>\n<meta property=\"og:title\" content=\"Danas sjednica GV Tuzle: Na dnevnom redu javni prijevoz, imenovanja u nadzorne odbore... - TuzlaInfo.ba\" \/>\n<meta property=\"og:description\" content=\"Gradsko vije\u0107e Tuzle odr\u017eat \u0107e svoju petu redovnu sjednicu u \u010detvrtak, 27. marta, s po\u010detkom&hellip;\" \/>\n<meta property=\"og:url\" content=\"https:\/\/tuzlainfo.ba\/index.php\/novosti\/item\/266011-danas-sjednica-gv-tuzle-na-dnevnom-redu-javni-prijevoz-imenovanja-u-nadzorne-odbore\/\" \/>\n<meta property=\"og:site_name\" content=\"TuzlaInfo.ba\" \/>\n<meta property=\"article:publisher\" content=\"https:\/\/www.facebook.com\/tuzlainfo.ba\/\" \/>\n<meta property=\"article:published_time\" content=\"2025-03-27T09:00:12+00:00\" \/>\n<meta property=\"article:modified_time\" content=\"2025-03-27T08:42:10+00:00\" \/>\n<meta property=\"og:image\" content=\"https:\/\/tuzlainfo.ba\/wp-content\/uploads\/2024\/12\/1912_gradsko-vijece-tuzla-scaled-e1738221487977.jpg\" \/>\n\t<meta property=\"og:image:width\" content=\"1000\" \/>\n\t<meta property=\"og:image:height\" content=\"667\" \/>\n\t<meta property=\"og:image:type\" content=\"image\/jpeg\" \/>\n<meta name=\"author\" content=\"nedim\" \/>\n<meta name=\"twitter:card\" content=\"summary_large_image\" \/>\n<meta name=\"twitter:label1\" content=\"Written by\" \/>\n\t<meta name=\"twitter:data1\" content=\"nedim\" \/>\n\t<meta name=\"twitter:label2\" content=\"Est. reading time\" \/>\n\t<meta name=\"twitter:data2\" content=\"2 minute\" \/>\n<script type=\"application\/ld+json\" class=\"yoast-schema-graph\">{\"@context\":\"https:\/\/schema.org\",\"@graph\":[{\"@type\":\"Article\",\"@id\":\"https:\/\/tuzlainfo.ba\/index.php\/novosti\/item\/266011-danas-sjednica-gv-tuzle-na-dnevnom-redu-javni-prijevoz-imenovanja-u-nadzorne-odbore\/#article\",\"isPartOf\":{\"@id\":\"https:\/\/tuzlainfo.ba\/index.php\/novosti\/item\/266011-danas-sjednica-gv-tuzle-na-dnevnom-redu-javni-prijevoz-imenovanja-u-nadzorne-odbore\/\"},\"author\":{\"name\":\"nedim\",\"@id\":\"https:\/\/tuzlainfo.ba\/#\/schema\/person\/f434e20dc27ea133923aab08451b7f7f\"},\"headline\":\"Danas sjednica GV Tuzle: Na dnevnom redu javni prijevoz, imenovanja u nadzorne odbore&#8230;\",\"datePublished\":\"2025-03-27T09:00:12+00:00\",\"dateModified\":\"2025-03-27T08:42:10+00:00\",\"mainEntityOfPage\":{\"@id\":\"https:\/\/tuzlainfo.ba\/index.php\/novosti\/item\/266011-danas-sjednica-gv-tuzle-na-dnevnom-redu-javni-prijevoz-imenovanja-u-nadzorne-odbore\/\"},\"wordCount\":218,\"publisher\":{\"@id\":\"https:\/\/tuzlainfo.ba\/#organization\"},\"image\":{\"@id\":\"https:\/\/tuzlainfo.ba\/index.php\/novosti\/item\/266011-danas-sjednica-gv-tuzle-na-dnevnom-redu-javni-prijevoz-imenovanja-u-nadzorne-odbore\/#primaryimage\"},\"thumbnailUrl\":\"https:\/\/tuzlainfo.ba\/wp-content\/uploads\/2024\/12\/1912_gradsko-vijece-tuzla-scaled-e1738221487977.jpg\",\"keywords\":[\"gradsko vije\u0107e tuzla\",\"sjednica gradskog vije\u0107a\"],\"articleSection\":[\"Istaknuto\",\"Novosti\"],\"inLanguage\":\"bs-BA\"},{\"@type\":\"WebPage\",\"@id\":\"https:\/\/tuzlainfo.ba\/index.php\/novosti\/item\/266011-danas-sjednica-gv-tuzle-na-dnevnom-redu-javni-prijevoz-imenovanja-u-nadzorne-odbore\/\",\"url\":\"https:\/\/tuzlainfo.ba\/index.php\/novosti\/item\/266011-danas-sjednica-gv-tuzle-na-dnevnom-redu-javni-prijevoz-imenovanja-u-nadzorne-odbore\/\",\"name\":\"Danas sjednica GV Tuzle: Na dnevnom redu javni prijevoz, imenovanja u nadzorne odbore... - TuzlaInfo.ba\",\"isPartOf\":{\"@id\":\"https:\/\/tuzlainfo.ba\/#website\"},\"primaryImageOfPage\":{\"@id\":\"https:\/\/tuzlainfo.ba\/index.php\/novosti\/item\/266011-danas-sjednica-gv-tuzle-na-dnevnom-redu-javni-prijevoz-imenovanja-u-nadzorne-odbore\/#primaryimage\"},\"image\":{\"@id\":\"https:\/\/tuzlainfo.ba\/index.php\/novosti\/item\/266011-danas-sjednica-gv-tuzle-na-dnevnom-redu-javni-prijevoz-imenovanja-u-nadzorne-odbore\/#primaryimage\"},\"thumbnailUrl\":\"https:\/\/tuzlainfo.ba\/wp-content\/uploads\/2024\/12\/1912_gradsko-vijece-tuzla-scaled-e1738221487977.jpg\",\"datePublished\":\"2025-03-27T09:00:12+00:00\",\"dateModified\":\"2025-03-27T08:42:10+00:00\",\"breadcrumb\":{\"@id\":\"https:\/\/tuzlainfo.ba\/index.php\/novosti\/item\/266011-danas-sjednica-gv-tuzle-na-dnevnom-redu-javni-prijevoz-imenovanja-u-nadzorne-odbore\/#breadcrumb\"},\"inLanguage\":\"bs-BA\",\"potentialAction\":[{\"@type\":\"ReadAction\",\"target\":[\"https:\/\/tuzlainfo.ba\/index.php\/novosti\/item\/266011-danas-sjednica-gv-tuzle-na-dnevnom-redu-javni-prijevoz-imenovanja-u-nadzorne-odbore\/\"]}]},{\"@type\":\"ImageObject\",\"inLanguage\":\"bs-BA\",\"@id\":\"https:\/\/tuzlainfo.ba\/index.php\/novosti\/item\/266011-danas-sjednica-gv-tuzle-na-dnevnom-redu-javni-prijevoz-imenovanja-u-nadzorne-odbore\/#primaryimage\",\"url\":\"https:\/\/tuzlainfo.ba\/wp-content\/uploads\/2024\/12\/1912_gradsko-vijece-tuzla-scaled-e1738221487977.jpg\",\"contentUrl\":\"https:\/\/tuzlainfo.ba\/wp-content\/uploads\/2024\/12\/1912_gradsko-vijece-tuzla-scaled-e1738221487977.jpg\",\"width\":1000,\"height\":667},{\"@type\":\"BreadcrumbList\",\"@id\":\"https:\/\/tuzlainfo.ba\/index.php\/novosti\/item\/266011-danas-sjednica-gv-tuzle-na-dnevnom-redu-javni-prijevoz-imenovanja-u-nadzorne-odbore\/#breadcrumb\",\"itemListElement\":[{\"@type\":\"ListItem\",\"position\":1,\"name\":\"Home\",\"item\":\"https:\/\/tuzlainfo.ba\/\"},{\"@type\":\"ListItem\",\"position\":2,\"name\":\"Danas sjednica GV Tuzle: Na dnevnom redu javni prijevoz, imenovanja u nadzorne odbore&#8230;\"}]},{\"@type\":\"WebSite\",\"@id\":\"https:\/\/tuzlainfo.ba\/#website\",\"url\":\"https:\/\/tuzlainfo.ba\/\",\"name\":\"TuzlaInfo.ba\",\"description\":\"Tuzla info, gradski informator - Tuzla na dlanu\",\"publisher\":{\"@id\":\"https:\/\/tuzlainfo.ba\/#organization\"},\"potentialAction\":[{\"@type\":\"SearchAction\",\"target\":{\"@type\":\"EntryPoint\",\"urlTemplate\":\"https:\/\/tuzlainfo.ba\/?s={search_term_string}\"},\"query-input\":{\"@type\":\"PropertyValueSpecification\",\"valueRequired\":true,\"valueName\":\"search_term_string\"}}],\"inLanguage\":\"bs-BA\"},{\"@type\":\"Organization\",\"@id\":\"https:\/\/tuzlainfo.ba\/#organization\",\"name\":\"TuzlaInfo.ba\",\"url\":\"https:\/\/tuzlainfo.ba\/\",\"logo\":{\"@type\":\"ImageObject\",\"inLanguage\":\"bs-BA\",\"@id\":\"https:\/\/tuzlainfo.ba\/#\/schema\/logo\/image\/\",\"url\":\"https:\/\/tuzlainfo.ba\/wp-content\/uploads\/2021\/03\/logo-ver-3-1.png\",\"contentUrl\":\"https:\/\/tuzlainfo.ba\/wp-content\/uploads\/2021\/03\/logo-ver-3-1.png\",\"width\":350,\"height\":95,\"caption\":\"TuzlaInfo.ba\"},\"image\":{\"@id\":\"https:\/\/tuzlainfo.ba\/#\/schema\/logo\/image\/\"},\"sameAs\":[\"https:\/\/www.facebook.com\/tuzlainfo.ba\/\"]},{\"@type\":\"Person\",\"@id\":\"https:\/\/tuzlainfo.ba\/#\/schema\/person\/f434e20dc27ea133923aab08451b7f7f\",\"name\":\"nedim\",\"image\":{\"@type\":\"ImageObject\",\"inLanguage\":\"bs-BA\",\"@id\":\"https:\/\/tuzlainfo.ba\/#\/schema\/person\/image\/\",\"url\":\"https:\/\/tuzlainfo.ba\/wp-content\/litespeed\/avatar\/aabad687af24844af817603ac1cbdc4f.jpg?ver=1777306975\",\"contentUrl\":\"https:\/\/tuzlainfo.ba\/wp-content\/litespeed\/avatar\/aabad687af24844af817603ac1cbdc4f.jpg?ver=1777306975\",\"caption\":\"nedim\"},\"description\":\"Tuzlainfo.ba pratite na dru\u0161tvenim mre\u017eama: Facebook, Instagram i Youtube. Svoje pri\u010de, upite i fotografije \u0161aljite na na\u0161u e-mail adresu.\"}]}<\/script>\n<!-- \/ Yoast SEO plugin. -->","yoast_head_json":{"title":"Danas sjednica GV Tuzle: Na dnevnom redu javni prijevoz, imenovanja u nadzorne odbore... - TuzlaInfo.ba","robots":{"index":"index","follow":"follow","max-snippet":"max-snippet:-1","max-image-preview":"max-image-preview:large","max-video-preview":"max-video-preview:-1"},"canonical":"https:\/\/tuzlainfo.ba\/index.php\/novosti\/item\/266011-danas-sjednica-gv-tuzle-na-dnevnom-redu-javni-prijevoz-imenovanja-u-nadzorne-odbore\/","og_locale":"bs_BA","og_type":"article","og_title":"Danas sjednica GV Tuzle: Na dnevnom redu javni prijevoz, imenovanja u nadzorne odbore... - TuzlaInfo.ba","og_description":"Gradsko vije\u0107e Tuzle odr\u017eat \u0107e svoju petu redovnu sjednicu u \u010detvrtak, 27. marta, s po\u010detkom&hellip;","og_url":"https:\/\/tuzlainfo.ba\/index.php\/novosti\/item\/266011-danas-sjednica-gv-tuzle-na-dnevnom-redu-javni-prijevoz-imenovanja-u-nadzorne-odbore\/","og_site_name":"TuzlaInfo.ba","article_publisher":"https:\/\/www.facebook.com\/tuzlainfo.ba\/","article_published_time":"2025-03-27T09:00:12+00:00","article_modified_time":"2025-03-27T08:42:10+00:00","og_image":[{"width":1000,"height":667,"url":"https:\/\/tuzlainfo.ba\/wp-content\/uploads\/2024\/12\/1912_gradsko-vijece-tuzla-scaled-e1738221487977.jpg","type":"image\/jpeg"}],"author":"nedim","twitter_card":"summary_large_image","twitter_misc":{"Written by":"nedim","Est. reading time":"2 minute"},"schema":{"@context":"https:\/\/schema.org","@graph":[{"@type":"Article","@id":"https:\/\/tuzlainfo.ba\/index.php\/novosti\/item\/266011-danas-sjednica-gv-tuzle-na-dnevnom-redu-javni-prijevoz-imenovanja-u-nadzorne-odbore\/#article","isPartOf":{"@id":"https:\/\/tuzlainfo.ba\/index.php\/novosti\/item\/266011-danas-sjednica-gv-tuzle-na-dnevnom-redu-javni-prijevoz-imenovanja-u-nadzorne-odbore\/"},"author":{"name":"nedim","@id":"https:\/\/tuzlainfo.ba\/#\/schema\/person\/f434e20dc27ea133923aab08451b7f7f"},"headline":"Danas sjednica GV Tuzle: Na dnevnom redu javni prijevoz, imenovanja u nadzorne odbore&#8230;","datePublished":"2025-03-27T09:00:12+00:00","dateModified":"2025-03-27T08:42:10+00:00","mainEntityOfPage":{"@id":"https:\/\/tuzlainfo.ba\/index.php\/novosti\/item\/266011-danas-sjednica-gv-tuzle-na-dnevnom-redu-javni-prijevoz-imenovanja-u-nadzorne-odbore\/"},"wordCount":218,"publisher":{"@id":"https:\/\/tuzlainfo.ba\/#organization"},"image":{"@id":"https:\/\/tuzlainfo.ba\/index.php\/novosti\/item\/266011-danas-sjednica-gv-tuzle-na-dnevnom-redu-javni-prijevoz-imenovanja-u-nadzorne-odbore\/#primaryimage"},"thumbnailUrl":"https:\/\/tuzlainfo.ba\/wp-content\/uploads\/2024\/12\/1912_gradsko-vijece-tuzla-scaled-e1738221487977.jpg","keywords":["gradsko vije\u0107e tuzla","sjednica gradskog vije\u0107a"],"articleSection":["Istaknuto","Novosti"],"inLanguage":"bs-BA"},{"@type":"WebPage","@id":"https:\/\/tuzlainfo.ba\/index.php\/novosti\/item\/266011-danas-sjednica-gv-tuzle-na-dnevnom-redu-javni-prijevoz-imenovanja-u-nadzorne-odbore\/","url":"https:\/\/tuzlainfo.ba\/index.php\/novosti\/item\/266011-danas-sjednica-gv-tuzle-na-dnevnom-redu-javni-prijevoz-imenovanja-u-nadzorne-odbore\/","name":"Danas sjednica GV Tuzle: Na dnevnom redu javni prijevoz, imenovanja u nadzorne odbore... - TuzlaInfo.ba","isPartOf":{"@id":"https:\/\/tuzlainfo.ba\/#website"},"primaryImageOfPage":{"@id":"https:\/\/tuzlainfo.ba\/index.php\/novosti\/item\/266011-danas-sjednica-gv-tuzle-na-dnevnom-redu-javni-prijevoz-imenovanja-u-nadzorne-odbore\/#primaryimage"},"image":{"@id":"https:\/\/tuzlainfo.ba\/index.php\/novosti\/item\/266011-danas-sjednica-gv-tuzle-na-dnevnom-redu-javni-prijevoz-imenovanja-u-nadzorne-odbore\/#primaryimage"},"thumbnailUrl":"https:\/\/tuzlainfo.ba\/wp-content\/uploads\/2024\/12\/1912_gradsko-vijece-tuzla-scaled-e1738221487977.jpg","datePublished":"2025-03-27T09:00:12+00:00","dateModified":"2025-03-27T08:42:10+00:00","breadcrumb":{"@id":"https:\/\/tuzlainfo.ba\/index.php\/novosti\/item\/266011-danas-sjednica-gv-tuzle-na-dnevnom-redu-javni-prijevoz-imenovanja-u-nadzorne-odbore\/#breadcrumb"},"inLanguage":"bs-BA","potentialAction":[{"@type":"ReadAction","target":["https:\/\/tuzlainfo.ba\/index.php\/novosti\/item\/266011-danas-sjednica-gv-tuzle-na-dnevnom-redu-javni-prijevoz-imenovanja-u-nadzorne-odbore\/"]}]},{"@type":"ImageObject","inLanguage":"bs-BA","@id":"https:\/\/tuzlainfo.ba\/index.php\/novosti\/item\/266011-danas-sjednica-gv-tuzle-na-dnevnom-redu-javni-prijevoz-imenovanja-u-nadzorne-odbore\/#primaryimage","url":"https:\/\/tuzlainfo.ba\/wp-content\/uploads\/2024\/12\/1912_gradsko-vijece-tuzla-scaled-e1738221487977.jpg","contentUrl":"https:\/\/tuzlainfo.ba\/wp-content\/uploads\/2024\/12\/1912_gradsko-vijece-tuzla-scaled-e1738221487977.jpg","width":1000,"height":667},{"@type":"BreadcrumbList","@id":"https:\/\/tuzlainfo.ba\/index.php\/novosti\/item\/266011-danas-sjednica-gv-tuzle-na-dnevnom-redu-javni-prijevoz-imenovanja-u-nadzorne-odbore\/#breadcrumb","itemListElement":[{"@type":"ListItem","position":1,"name":"Home","item":"https:\/\/tuzlainfo.ba\/"},{"@type":"ListItem","position":2,"name":"Danas sjednica GV Tuzle: Na dnevnom redu javni prijevoz, imenovanja u nadzorne odbore&#8230;"}]},{"@type":"WebSite","@id":"https:\/\/tuzlainfo.ba\/#website","url":"https:\/\/tuzlainfo.ba\/","name":"TuzlaInfo.ba","description":"Tuzla info, gradski informator - Tuzla na dlanu","publisher":{"@id":"https:\/\/tuzlainfo.ba\/#organization"},"potentialAction":[{"@type":"SearchAction","target":{"@type":"EntryPoint","urlTemplate":"https:\/\/tuzlainfo.ba\/?s={search_term_string}"},"query-input":{"@type":"PropertyValueSpecification","valueRequired":true,"valueName":"search_term_string"}}],"inLanguage":"bs-BA"},{"@type":"Organization","@id":"https:\/\/tuzlainfo.ba\/#organization","name":"TuzlaInfo.ba","url":"https:\/\/tuzlainfo.ba\/","logo":{"@type":"ImageObject","inLanguage":"bs-BA","@id":"https:\/\/tuzlainfo.ba\/#\/schema\/logo\/image\/","url":"https:\/\/tuzlainfo.ba\/wp-content\/uploads\/2021\/03\/logo-ver-3-1.png","contentUrl":"https:\/\/tuzlainfo.ba\/wp-content\/uploads\/2021\/03\/logo-ver-3-1.png","width":350,"height":95,"caption":"TuzlaInfo.ba"},"image":{"@id":"https:\/\/tuzlainfo.ba\/#\/schema\/logo\/image\/"},"sameAs":["https:\/\/www.facebook.com\/tuzlainfo.ba\/"]},{"@type":"Person","@id":"https:\/\/tuzlainfo.ba\/#\/schema\/person\/f434e20dc27ea133923aab08451b7f7f","name":"nedim","image":{"@type":"ImageObject","inLanguage":"bs-BA","@id":"https:\/\/tuzlainfo.ba\/#\/schema\/person\/image\/","url":"https:\/\/tuzlainfo.ba\/wp-content\/litespeed\/avatar\/aabad687af24844af817603ac1cbdc4f.jpg?ver=1777306975","contentUrl":"https:\/\/tuzlainfo.ba\/wp-content\/litespeed\/avatar\/aabad687af24844af817603ac1cbdc4f.jpg?ver=1777306975","caption":"nedim"},"description":"Tuzlainfo.ba pratite na dru\u0161tvenim mre\u017eama: Facebook, Instagram i Youtube. Svoje pri\u010de, upite i fotografije \u0161aljite na na\u0161u e-mail adresu."}]}},"_links":{"self":[{"href":"https:\/\/tuzlainfo.ba\/index.php\/wp-json\/wp\/v2\/posts\/266011"}],"collection":[{"href":"https:\/\/tuzlainfo.ba\/index.php\/wp-json\/wp\/v2\/posts"}],"about":[{"href":"https:\/\/tuzlainfo.ba\/index.php\/wp-json\/wp\/v2\/types\/post"}],"author":[{"embeddable":true,"href":"https:\/\/tuzlainfo.ba\/index.php\/wp-json\/wp\/v2\/users\/2"}],"replies":[{"embeddable":true,"href":"https:\/\/tuzlainfo.ba\/index.php\/wp-json\/wp\/v2\/comments?post=266011"}],"version-history":[{"count":1,"href":"https:\/\/tuzlainfo.ba\/index.php\/wp-json\/wp\/v2\/posts\/266011\/revisions"}],"predecessor-version":[{"id":266012,"href":"https:\/\/tuzlainfo.ba\/index.php\/wp-json\/wp\/v2\/posts\/266011\/revisions\/266012"}],"wp:featuredmedia":[{"embeddable":true,"href":"https:\/\/tuzlainfo.ba\/index.php\/wp-json\/wp\/v2\/media\/258348"}],"wp:attachment":[{"href":"https:\/\/tuzlainfo.ba\/index.php\/wp-json\/wp\/v2\/media?parent=266011"}],"wp:term":[{"taxonomy":"category","embeddable":true,"href":"https:\/\/tuzlainfo.ba\/index.php\/wp-json\/wp\/v2\/categories?post=266011"},{"taxonomy":"post_tag","embeddable":true,"href":"https:\/\/tuzlainfo.ba\/index.php\/wp-json\/wp\/v2\/tags?post=266011"}],"curies":[{"name":"wp","href":"https:\/\/api.w.org\/{rel}","templated":true}]}}