{"id":265946,"date":"2025-03-26T13:33:13","date_gmt":"2025-03-26T12:33:13","guid":{"rendered":"https:\/\/tuzlainfo.ba\/?p=265946"},"modified":"2025-03-26T13:33:13","modified_gmt":"2025-03-26T12:33:13","slug":"u-toku-istraga-inela-selimovic-prijavljivala-nasilje-policija-nije-reagovala","status":"publish","type":"post","link":"https:\/\/tuzlainfo.ba\/index.php\/istaknuto\/item\/265946-u-toku-istraga-inela-selimovic-prijavljivala-nasilje-policija-nije-reagovala\/","title":{"rendered":"U toku istraga: Inela Selimovi\u0107 prijavljivala nasilje, policija nije reagovala"},"content":{"rendered":"<p>Kantonalno tu\u017eila\u0161tvo Tuzlanskog kantona je formiralo predmet i otvorilo istragu protiv dva policijska slu\u017ebenika PU Kalesija, S.V i M.N, zbog postojanja osnova sumnje da su po\u010dinili krivi\u010dno djelo nesavjestan rad u slu\u017ebi, tako \u0161to su po telefonskoj prijavi I.S iz Kalesije, koja je 30. januara 2025. godine prijavila svog supruga Emira Selimovi\u0107a za nasilje u porodici, postupali suprotno odredbama Zakona o policijskim slu\u017ebenicima TK, Zakona o za\u0161titi od nasilja u porodici FBiH i Pravilnika o unutra\u0161njoj organizaciji MUP-a TK.<\/p>\n<p>Jedinici za profesionalne standarde Uprave policije MUP-a TK (unutra\u0161nja kontrola) su u martu 2025. godine prijavljeni propusti u postupanju policijskih slu\u017ebenika po prijavi I.S za nasilje u porodici.<\/p>\n<p>Unutra\u0161nja kontrola i direktor Uprave policije su odmah poduzeli mjere i radnje iz svoje nadle\u017enosti, te o prijavi obavijestili Tu\u017eila\u0161tvo i inicirali pokretanje krivi\u010dne istrage.<\/p>\n<p>Postupaju\u0107i tu\u017eilac i istra\u017eiteji Sektora kriminalisti\u010dke policije MUP-a TK su poduzeli niz istra\u017enih radnji u cilju utvr\u0111ivanja okolnosti vezanih za prijavljene propuste i nepostupanje po prijavi za nasilje u porodici policijskih slu\u017ebenika PU Kalesija.<\/p>\n<p>Nakon obavljenih provjera i poduzetih istra\u017enih radnji Sektor kriminalisti\u010dke policije MUP-a TK je Tu\u017eila\u0161tvu dostavio izvje\u0161taj o po\u010dinjenom krivi\u010dnom djelu protiv policijskih slu\u017ebenika.<\/p>\n<p>Istraga je u zavr\u0161noj fazi, te \u0107e se u skorije vrijeme donijeti tu\u017eila\u010dka odluka.<\/p>\n","protected":false},"excerpt":{"rendered":"<p>Kantonalno tu\u017eila\u0161tvo Tuzlanskog kantona je formiralo predmet i otvorilo istragu protiv dva policijska slu\u017ebenika PU&hellip;<\/p>\n","protected":false},"author":4,"featured_media":83750,"comment_status":"closed","ping_status":"closed","sticky":false,"template":"","format":"standard","meta":{"_acf_changed":false,"footnotes":""},"categories":[304,12],"tags":[11887],"acf":[],"yoast_head":"<!-- This site is optimized with the Yoast SEO plugin v23.5 - https:\/\/yoast.com\/wordpress\/plugins\/seo\/ -->\n<title>U toku istraga: Inela Selimovi\u0107 prijavljivala nasilje, policija nije reagovala - TuzlaInfo.ba<\/title>\n<meta name=\"robots\" content=\"index, follow, max-snippet:-1, max-image-preview:large, max-video-preview:-1\" \/>\n<link rel=\"canonical\" href=\"https:\/\/tuzlainfo.ba\/index.php\/istaknuto\/item\/265946-u-toku-istraga-inela-selimovic-prijavljivala-nasilje-policija-nije-reagovala\/\" \/>\n<meta property=\"og:locale\" content=\"bs_BA\" \/>\n<meta property=\"og:type\" content=\"article\" \/>\n<meta property=\"og:title\" content=\"U toku istraga: Inela Selimovi\u0107 prijavljivala nasilje, policija nije reagovala - TuzlaInfo.ba\" \/>\n<meta property=\"og:description\" content=\"Kantonalno tu\u017eila\u0161tvo Tuzlanskog kantona je formiralo predmet i otvorilo istragu protiv dva policijska slu\u017ebenika PU&hellip;\" \/>\n<meta property=\"og:url\" content=\"https:\/\/tuzlainfo.ba\/index.php\/istaknuto\/item\/265946-u-toku-istraga-inela-selimovic-prijavljivala-nasilje-policija-nije-reagovala\/\" \/>\n<meta property=\"og:site_name\" content=\"TuzlaInfo.ba\" \/>\n<meta property=\"article:publisher\" content=\"https:\/\/www.facebook.com\/tuzlainfo.ba\/\" \/>\n<meta property=\"article:published_time\" content=\"2025-03-26T12:33:13+00:00\" \/>\n<meta property=\"og:image\" content=\"https:\/\/tuzlainfo.ba\/wp-content\/uploads\/2020\/10\/sadrzaj_2020_20200101_01012020_tuzilastvo.jpg\" \/>\n\t<meta property=\"og:image:width\" content=\"770\" \/>\n\t<meta property=\"og:image:height\" content=\"428\" \/>\n\t<meta property=\"og:image:type\" content=\"image\/jpeg\" \/>\n<meta name=\"author\" content=\"Tuzla Info\" \/>\n<meta name=\"twitter:card\" content=\"summary_large_image\" \/>\n<meta name=\"twitter:label1\" content=\"Written by\" \/>\n\t<meta name=\"twitter:data1\" content=\"Tuzla Info\" \/>\n\t<meta name=\"twitter:label2\" content=\"Est. reading time\" \/>\n\t<meta name=\"twitter:data2\" content=\"2 minute\" \/>\n<script type=\"application\/ld+json\" class=\"yoast-schema-graph\">{\"@context\":\"https:\/\/schema.org\",\"@graph\":[{\"@type\":\"Article\",\"@id\":\"https:\/\/tuzlainfo.ba\/index.php\/istaknuto\/item\/265946-u-toku-istraga-inela-selimovic-prijavljivala-nasilje-policija-nije-reagovala\/#article\",\"isPartOf\":{\"@id\":\"https:\/\/tuzlainfo.ba\/index.php\/istaknuto\/item\/265946-u-toku-istraga-inela-selimovic-prijavljivala-nasilje-policija-nije-reagovala\/\"},\"author\":{\"name\":\"Tuzla Info\",\"@id\":\"https:\/\/tuzlainfo.ba\/#\/schema\/person\/46cad4c57790cbc50781edd14870825a\"},\"headline\":\"U toku istraga: Inela Selimovi\u0107 prijavljivala nasilje, policija nije reagovala\",\"datePublished\":\"2025-03-26T12:33:13+00:00\",\"dateModified\":\"2025-03-26T12:33:13+00:00\",\"mainEntityOfPage\":{\"@id\":\"https:\/\/tuzlainfo.ba\/index.php\/istaknuto\/item\/265946-u-toku-istraga-inela-selimovic-prijavljivala-nasilje-policija-nije-reagovala\/\"},\"wordCount\":249,\"publisher\":{\"@id\":\"https:\/\/tuzlainfo.ba\/#organization\"},\"image\":{\"@id\":\"https:\/\/tuzlainfo.ba\/index.php\/istaknuto\/item\/265946-u-toku-istraga-inela-selimovic-prijavljivala-nasilje-policija-nije-reagovala\/#primaryimage\"},\"thumbnailUrl\":\"https:\/\/tuzlainfo.ba\/wp-content\/uploads\/2020\/10\/sadrzaj_2020_20200101_01012020_tuzilastvo.jpg\",\"keywords\":[\"inela selimovic\"],\"articleSection\":[\"Istaknuto\",\"Novosti\"],\"inLanguage\":\"bs-BA\"},{\"@type\":\"WebPage\",\"@id\":\"https:\/\/tuzlainfo.ba\/index.php\/istaknuto\/item\/265946-u-toku-istraga-inela-selimovic-prijavljivala-nasilje-policija-nije-reagovala\/\",\"url\":\"https:\/\/tuzlainfo.ba\/index.php\/istaknuto\/item\/265946-u-toku-istraga-inela-selimovic-prijavljivala-nasilje-policija-nije-reagovala\/\",\"name\":\"U toku istraga: Inela Selimovi\u0107 prijavljivala nasilje, policija nije reagovala - TuzlaInfo.ba\",\"isPartOf\":{\"@id\":\"https:\/\/tuzlainfo.ba\/#website\"},\"primaryImageOfPage\":{\"@id\":\"https:\/\/tuzlainfo.ba\/index.php\/istaknuto\/item\/265946-u-toku-istraga-inela-selimovic-prijavljivala-nasilje-policija-nije-reagovala\/#primaryimage\"},\"image\":{\"@id\":\"https:\/\/tuzlainfo.ba\/index.php\/istaknuto\/item\/265946-u-toku-istraga-inela-selimovic-prijavljivala-nasilje-policija-nije-reagovala\/#primaryimage\"},\"thumbnailUrl\":\"https:\/\/tuzlainfo.ba\/wp-content\/uploads\/2020\/10\/sadrzaj_2020_20200101_01012020_tuzilastvo.jpg\",\"datePublished\":\"2025-03-26T12:33:13+00:00\",\"dateModified\":\"2025-03-26T12:33:13+00:00\",\"breadcrumb\":{\"@id\":\"https:\/\/tuzlainfo.ba\/index.php\/istaknuto\/item\/265946-u-toku-istraga-inela-selimovic-prijavljivala-nasilje-policija-nije-reagovala\/#breadcrumb\"},\"inLanguage\":\"bs-BA\",\"potentialAction\":[{\"@type\":\"ReadAction\",\"target\":[\"https:\/\/tuzlainfo.ba\/index.php\/istaknuto\/item\/265946-u-toku-istraga-inela-selimovic-prijavljivala-nasilje-policija-nije-reagovala\/\"]}]},{\"@type\":\"ImageObject\",\"inLanguage\":\"bs-BA\",\"@id\":\"https:\/\/tuzlainfo.ba\/index.php\/istaknuto\/item\/265946-u-toku-istraga-inela-selimovic-prijavljivala-nasilje-policija-nije-reagovala\/#primaryimage\",\"url\":\"https:\/\/tuzlainfo.ba\/wp-content\/uploads\/2020\/10\/sadrzaj_2020_20200101_01012020_tuzilastvo.jpg\",\"contentUrl\":\"https:\/\/tuzlainfo.ba\/wp-content\/uploads\/2020\/10\/sadrzaj_2020_20200101_01012020_tuzilastvo.jpg\",\"width\":770,\"height\":428,\"caption\":\"01012020 tuzilastvo\"},{\"@type\":\"BreadcrumbList\",\"@id\":\"https:\/\/tuzlainfo.ba\/index.php\/istaknuto\/item\/265946-u-toku-istraga-inela-selimovic-prijavljivala-nasilje-policija-nije-reagovala\/#breadcrumb\",\"itemListElement\":[{\"@type\":\"ListItem\",\"position\":1,\"name\":\"Home\",\"item\":\"https:\/\/tuzlainfo.ba\/\"},{\"@type\":\"ListItem\",\"position\":2,\"name\":\"U toku istraga: Inela Selimovi\u0107 prijavljivala nasilje, policija nije reagovala\"}]},{\"@type\":\"WebSite\",\"@id\":\"https:\/\/tuzlainfo.ba\/#website\",\"url\":\"https:\/\/tuzlainfo.ba\/\",\"name\":\"TuzlaInfo.ba\",\"description\":\"Tuzla info, gradski informator - Tuzla na dlanu\",\"publisher\":{\"@id\":\"https:\/\/tuzlainfo.ba\/#organization\"},\"potentialAction\":[{\"@type\":\"SearchAction\",\"target\":{\"@type\":\"EntryPoint\",\"urlTemplate\":\"https:\/\/tuzlainfo.ba\/?s={search_term_string}\"},\"query-input\":{\"@type\":\"PropertyValueSpecification\",\"valueRequired\":true,\"valueName\":\"search_term_string\"}}],\"inLanguage\":\"bs-BA\"},{\"@type\":\"Organization\",\"@id\":\"https:\/\/tuzlainfo.ba\/#organization\",\"name\":\"TuzlaInfo.ba\",\"url\":\"https:\/\/tuzlainfo.ba\/\",\"logo\":{\"@type\":\"ImageObject\",\"inLanguage\":\"bs-BA\",\"@id\":\"https:\/\/tuzlainfo.ba\/#\/schema\/logo\/image\/\",\"url\":\"https:\/\/tuzlainfo.ba\/wp-content\/uploads\/2021\/03\/logo-ver-3-1.png\",\"contentUrl\":\"https:\/\/tuzlainfo.ba\/wp-content\/uploads\/2021\/03\/logo-ver-3-1.png\",\"width\":350,\"height\":95,\"caption\":\"TuzlaInfo.ba\"},\"image\":{\"@id\":\"https:\/\/tuzlainfo.ba\/#\/schema\/logo\/image\/\"},\"sameAs\":[\"https:\/\/www.facebook.com\/tuzlainfo.ba\/\"]},{\"@type\":\"Person\",\"@id\":\"https:\/\/tuzlainfo.ba\/#\/schema\/person\/46cad4c57790cbc50781edd14870825a\",\"name\":\"Tuzla Info\",\"image\":{\"@type\":\"ImageObject\",\"inLanguage\":\"bs-BA\",\"@id\":\"https:\/\/tuzlainfo.ba\/#\/schema\/person\/image\/\",\"url\":\"https:\/\/tuzlainfo.ba\/wp-content\/litespeed\/avatar\/b6c453a6c38e3654f2e4416c643fc25c.jpg?ver=1777051911\",\"contentUrl\":\"https:\/\/tuzlainfo.ba\/wp-content\/litespeed\/avatar\/b6c453a6c38e3654f2e4416c643fc25c.jpg?ver=1777051911\",\"caption\":\"Tuzla Info\"}}]}<\/script>\n<!-- \/ Yoast SEO plugin. -->","yoast_head_json":{"title":"U toku istraga: Inela Selimovi\u0107 prijavljivala nasilje, policija nije reagovala - TuzlaInfo.ba","robots":{"index":"index","follow":"follow","max-snippet":"max-snippet:-1","max-image-preview":"max-image-preview:large","max-video-preview":"max-video-preview:-1"},"canonical":"https:\/\/tuzlainfo.ba\/index.php\/istaknuto\/item\/265946-u-toku-istraga-inela-selimovic-prijavljivala-nasilje-policija-nije-reagovala\/","og_locale":"bs_BA","og_type":"article","og_title":"U toku istraga: Inela Selimovi\u0107 prijavljivala nasilje, policija nije reagovala - TuzlaInfo.ba","og_description":"Kantonalno tu\u017eila\u0161tvo Tuzlanskog kantona je formiralo predmet i otvorilo istragu protiv dva policijska slu\u017ebenika PU&hellip;","og_url":"https:\/\/tuzlainfo.ba\/index.php\/istaknuto\/item\/265946-u-toku-istraga-inela-selimovic-prijavljivala-nasilje-policija-nije-reagovala\/","og_site_name":"TuzlaInfo.ba","article_publisher":"https:\/\/www.facebook.com\/tuzlainfo.ba\/","article_published_time":"2025-03-26T12:33:13+00:00","og_image":[{"width":770,"height":428,"url":"https:\/\/tuzlainfo.ba\/wp-content\/uploads\/2020\/10\/sadrzaj_2020_20200101_01012020_tuzilastvo.jpg","type":"image\/jpeg"}],"author":"Tuzla Info","twitter_card":"summary_large_image","twitter_misc":{"Written by":"Tuzla Info","Est. reading time":"2 minute"},"schema":{"@context":"https:\/\/schema.org","@graph":[{"@type":"Article","@id":"https:\/\/tuzlainfo.ba\/index.php\/istaknuto\/item\/265946-u-toku-istraga-inela-selimovic-prijavljivala-nasilje-policija-nije-reagovala\/#article","isPartOf":{"@id":"https:\/\/tuzlainfo.ba\/index.php\/istaknuto\/item\/265946-u-toku-istraga-inela-selimovic-prijavljivala-nasilje-policija-nije-reagovala\/"},"author":{"name":"Tuzla Info","@id":"https:\/\/tuzlainfo.ba\/#\/schema\/person\/46cad4c57790cbc50781edd14870825a"},"headline":"U toku istraga: Inela Selimovi\u0107 prijavljivala nasilje, policija nije reagovala","datePublished":"2025-03-26T12:33:13+00:00","dateModified":"2025-03-26T12:33:13+00:00","mainEntityOfPage":{"@id":"https:\/\/tuzlainfo.ba\/index.php\/istaknuto\/item\/265946-u-toku-istraga-inela-selimovic-prijavljivala-nasilje-policija-nije-reagovala\/"},"wordCount":249,"publisher":{"@id":"https:\/\/tuzlainfo.ba\/#organization"},"image":{"@id":"https:\/\/tuzlainfo.ba\/index.php\/istaknuto\/item\/265946-u-toku-istraga-inela-selimovic-prijavljivala-nasilje-policija-nije-reagovala\/#primaryimage"},"thumbnailUrl":"https:\/\/tuzlainfo.ba\/wp-content\/uploads\/2020\/10\/sadrzaj_2020_20200101_01012020_tuzilastvo.jpg","keywords":["inela selimovic"],"articleSection":["Istaknuto","Novosti"],"inLanguage":"bs-BA"},{"@type":"WebPage","@id":"https:\/\/tuzlainfo.ba\/index.php\/istaknuto\/item\/265946-u-toku-istraga-inela-selimovic-prijavljivala-nasilje-policija-nije-reagovala\/","url":"https:\/\/tuzlainfo.ba\/index.php\/istaknuto\/item\/265946-u-toku-istraga-inela-selimovic-prijavljivala-nasilje-policija-nije-reagovala\/","name":"U toku istraga: Inela Selimovi\u0107 prijavljivala nasilje, policija nije reagovala - TuzlaInfo.ba","isPartOf":{"@id":"https:\/\/tuzlainfo.ba\/#website"},"primaryImageOfPage":{"@id":"https:\/\/tuzlainfo.ba\/index.php\/istaknuto\/item\/265946-u-toku-istraga-inela-selimovic-prijavljivala-nasilje-policija-nije-reagovala\/#primaryimage"},"image":{"@id":"https:\/\/tuzlainfo.ba\/index.php\/istaknuto\/item\/265946-u-toku-istraga-inela-selimovic-prijavljivala-nasilje-policija-nije-reagovala\/#primaryimage"},"thumbnailUrl":"https:\/\/tuzlainfo.ba\/wp-content\/uploads\/2020\/10\/sadrzaj_2020_20200101_01012020_tuzilastvo.jpg","datePublished":"2025-03-26T12:33:13+00:00","dateModified":"2025-03-26T12:33:13+00:00","breadcrumb":{"@id":"https:\/\/tuzlainfo.ba\/index.php\/istaknuto\/item\/265946-u-toku-istraga-inela-selimovic-prijavljivala-nasilje-policija-nije-reagovala\/#breadcrumb"},"inLanguage":"bs-BA","potentialAction":[{"@type":"ReadAction","target":["https:\/\/tuzlainfo.ba\/index.php\/istaknuto\/item\/265946-u-toku-istraga-inela-selimovic-prijavljivala-nasilje-policija-nije-reagovala\/"]}]},{"@type":"ImageObject","inLanguage":"bs-BA","@id":"https:\/\/tuzlainfo.ba\/index.php\/istaknuto\/item\/265946-u-toku-istraga-inela-selimovic-prijavljivala-nasilje-policija-nije-reagovala\/#primaryimage","url":"https:\/\/tuzlainfo.ba\/wp-content\/uploads\/2020\/10\/sadrzaj_2020_20200101_01012020_tuzilastvo.jpg","contentUrl":"https:\/\/tuzlainfo.ba\/wp-content\/uploads\/2020\/10\/sadrzaj_2020_20200101_01012020_tuzilastvo.jpg","width":770,"height":428,"caption":"01012020 tuzilastvo"},{"@type":"BreadcrumbList","@id":"https:\/\/tuzlainfo.ba\/index.php\/istaknuto\/item\/265946-u-toku-istraga-inela-selimovic-prijavljivala-nasilje-policija-nije-reagovala\/#breadcrumb","itemListElement":[{"@type":"ListItem","position":1,"name":"Home","item":"https:\/\/tuzlainfo.ba\/"},{"@type":"ListItem","position":2,"name":"U toku istraga: Inela Selimovi\u0107 prijavljivala nasilje, policija nije reagovala"}]},{"@type":"WebSite","@id":"https:\/\/tuzlainfo.ba\/#website","url":"https:\/\/tuzlainfo.ba\/","name":"TuzlaInfo.ba","description":"Tuzla info, gradski informator - Tuzla na dlanu","publisher":{"@id":"https:\/\/tuzlainfo.ba\/#organization"},"potentialAction":[{"@type":"SearchAction","target":{"@type":"EntryPoint","urlTemplate":"https:\/\/tuzlainfo.ba\/?s={search_term_string}"},"query-input":{"@type":"PropertyValueSpecification","valueRequired":true,"valueName":"search_term_string"}}],"inLanguage":"bs-BA"},{"@type":"Organization","@id":"https:\/\/tuzlainfo.ba\/#organization","name":"TuzlaInfo.ba","url":"https:\/\/tuzlainfo.ba\/","logo":{"@type":"ImageObject","inLanguage":"bs-BA","@id":"https:\/\/tuzlainfo.ba\/#\/schema\/logo\/image\/","url":"https:\/\/tuzlainfo.ba\/wp-content\/uploads\/2021\/03\/logo-ver-3-1.png","contentUrl":"https:\/\/tuzlainfo.ba\/wp-content\/uploads\/2021\/03\/logo-ver-3-1.png","width":350,"height":95,"caption":"TuzlaInfo.ba"},"image":{"@id":"https:\/\/tuzlainfo.ba\/#\/schema\/logo\/image\/"},"sameAs":["https:\/\/www.facebook.com\/tuzlainfo.ba\/"]},{"@type":"Person","@id":"https:\/\/tuzlainfo.ba\/#\/schema\/person\/46cad4c57790cbc50781edd14870825a","name":"Tuzla Info","image":{"@type":"ImageObject","inLanguage":"bs-BA","@id":"https:\/\/tuzlainfo.ba\/#\/schema\/person\/image\/","url":"https:\/\/tuzlainfo.ba\/wp-content\/litespeed\/avatar\/b6c453a6c38e3654f2e4416c643fc25c.jpg?ver=1777051911","contentUrl":"https:\/\/tuzlainfo.ba\/wp-content\/litespeed\/avatar\/b6c453a6c38e3654f2e4416c643fc25c.jpg?ver=1777051911","caption":"Tuzla Info"}}]}},"_links":{"self":[{"href":"https:\/\/tuzlainfo.ba\/index.php\/wp-json\/wp\/v2\/posts\/265946"}],"collection":[{"href":"https:\/\/tuzlainfo.ba\/index.php\/wp-json\/wp\/v2\/posts"}],"about":[{"href":"https:\/\/tuzlainfo.ba\/index.php\/wp-json\/wp\/v2\/types\/post"}],"author":[{"embeddable":true,"href":"https:\/\/tuzlainfo.ba\/index.php\/wp-json\/wp\/v2\/users\/4"}],"replies":[{"embeddable":true,"href":"https:\/\/tuzlainfo.ba\/index.php\/wp-json\/wp\/v2\/comments?post=265946"}],"version-history":[{"count":1,"href":"https:\/\/tuzlainfo.ba\/index.php\/wp-json\/wp\/v2\/posts\/265946\/revisions"}],"predecessor-version":[{"id":265947,"href":"https:\/\/tuzlainfo.ba\/index.php\/wp-json\/wp\/v2\/posts\/265946\/revisions\/265947"}],"wp:featuredmedia":[{"embeddable":true,"href":"https:\/\/tuzlainfo.ba\/index.php\/wp-json\/wp\/v2\/media\/83750"}],"wp:attachment":[{"href":"https:\/\/tuzlainfo.ba\/index.php\/wp-json\/wp\/v2\/media?parent=265946"}],"wp:term":[{"taxonomy":"category","embeddable":true,"href":"https:\/\/tuzlainfo.ba\/index.php\/wp-json\/wp\/v2\/categories?post=265946"},{"taxonomy":"post_tag","embeddable":true,"href":"https:\/\/tuzlainfo.ba\/index.php\/wp-json\/wp\/v2\/tags?post=265946"}],"curies":[{"name":"wp","href":"https:\/\/api.w.org\/{rel}","templated":true}]}}