{"id":265464,"date":"2025-03-19T15:09:08","date_gmt":"2025-03-19T14:09:08","guid":{"rendered":"https:\/\/tuzlainfo.ba\/?p=265464"},"modified":"2025-03-19T14:01:35","modified_gmt":"2025-03-19T13:01:35","slug":"zasto-zene-u-bih-jos-uvijek-nemaju-pravo-na-pratnju-tokom-poroda","status":"publish","type":"post","link":"https:\/\/tuzlainfo.ba\/index.php\/bosna-i-hercegovina\/item\/265464-zasto-zene-u-bih-jos-uvijek-nemaju-pravo-na-pratnju-tokom-poroda\/","title":{"rendered":"Za\u0161to \u017eene u BiH jo\u0161 uvijek nemaju pravo na pratnju tokom poroda?"},"content":{"rendered":"<p>U Bosni i Hercegovini, \u017eene i dalje nemaju pravo na pratnju osobe po svom izboru tokom cijelog trajanja poroda &#8211; naveli su iz Udru\u017eenja Baby steps.<\/p>\n<p>Napominju da je u ve\u0107ini evropskih zemalja i zemalja regiona pratnja na porodu standardna praksa.<\/p>\n<p>&#8211; Svjetska zdravstvena organizacija i kompletna medicinska struka jasno preporu\u010duju prisustvo pratnje zbog dokazanih benefita \u2013 smanjenja stresa kod porodilja, manjeg broja medicinskih intervencija i boljeg toka poroda &#8211; isti\u010du u saop\u0107enju za javnost iz tog udru\u017eenja.<\/p>\n<p>Navode kako pratnja ne zahtijeva nikakva dodatna ulaganja \u2013 ne trebaju posebni apartmani, skupi infrastrukturni zahvati niti slo\u017eeni uslovi.<\/p>\n<p>&#8211; Sve \u0161to je potrebno jeste volja bolnica da \u017eenama omogu\u0107e ono \u0161to im pripada. Ovo vi\u0161e nije samo pitanje zdravstvenog sistema \u2013 ovo je pitanje osnovnih ljudskih prava, dostojanstva i sigurnosti svake \u017eene koja ra\u0111a. Ako pratnja predstavlja svjetski standard, vrijeme je da BiH prestane zaostajati &#8211; poru\u010duju iz Udru\u017eenja\u00a0Baby steps.<\/p>\n","protected":false},"excerpt":{"rendered":"<p>U Bosni i Hercegovini, \u017eene i dalje nemaju pravo na pratnju osobe po svom izboru&hellip;<\/p>\n","protected":false},"author":4,"featured_media":153875,"comment_status":"closed","ping_status":"closed","sticky":false,"template":"","format":"standard","meta":{"_acf_changed":false,"footnotes":""},"categories":[291],"tags":[1948,7306,7470],"acf":[],"yoast_head":"<!-- This site is optimized with the Yoast SEO plugin v23.5 - https:\/\/yoast.com\/wordpress\/plugins\/seo\/ -->\n<title>Za\u0161to \u017eene u BiH jo\u0161 uvijek nemaju pravo na pratnju tokom poroda? - TuzlaInfo.ba<\/title>\n<meta name=\"robots\" content=\"index, follow, max-snippet:-1, max-image-preview:large, max-video-preview:-1\" \/>\n<link rel=\"canonical\" href=\"https:\/\/tuzlainfo.ba\/index.php\/bosna-i-hercegovina\/item\/265464-zasto-zene-u-bih-jos-uvijek-nemaju-pravo-na-pratnju-tokom-poroda\/\" \/>\n<meta property=\"og:locale\" content=\"bs_BA\" \/>\n<meta property=\"og:type\" content=\"article\" \/>\n<meta property=\"og:title\" content=\"Za\u0161to \u017eene u BiH jo\u0161 uvijek nemaju pravo na pratnju tokom poroda? - TuzlaInfo.ba\" \/>\n<meta property=\"og:description\" content=\"U Bosni i Hercegovini, \u017eene i dalje nemaju pravo na pratnju osobe po svom izboru&hellip;\" \/>\n<meta property=\"og:url\" content=\"https:\/\/tuzlainfo.ba\/index.php\/bosna-i-hercegovina\/item\/265464-zasto-zene-u-bih-jos-uvijek-nemaju-pravo-na-pratnju-tokom-poroda\/\" \/>\n<meta property=\"og:site_name\" content=\"TuzlaInfo.ba\" \/>\n<meta property=\"article:publisher\" content=\"https:\/\/www.facebook.com\/tuzlainfo.ba\/\" \/>\n<meta property=\"article:published_time\" content=\"2025-03-19T14:09:08+00:00\" \/>\n<meta property=\"article:modified_time\" content=\"2025-03-19T13:01:35+00:00\" \/>\n<meta property=\"og:image\" content=\"https:\/\/tuzlainfo.ba\/wp-content\/uploads\/2021\/11\/0911_beba-ruka-i-majka.jpg\" \/>\n\t<meta property=\"og:image:width\" content=\"900\" \/>\n\t<meta property=\"og:image:height\" content=\"599\" \/>\n\t<meta property=\"og:image:type\" content=\"image\/jpeg\" \/>\n<meta name=\"author\" content=\"Tuzla Info\" \/>\n<meta name=\"twitter:card\" content=\"summary_large_image\" \/>\n<meta name=\"twitter:label1\" content=\"Written by\" \/>\n\t<meta name=\"twitter:data1\" content=\"Tuzla Info\" \/>\n\t<meta name=\"twitter:label2\" content=\"Est. reading time\" \/>\n\t<meta name=\"twitter:data2\" content=\"1 minuta\" \/>\n<script type=\"application\/ld+json\" class=\"yoast-schema-graph\">{\"@context\":\"https:\/\/schema.org\",\"@graph\":[{\"@type\":\"Article\",\"@id\":\"https:\/\/tuzlainfo.ba\/index.php\/bosna-i-hercegovina\/item\/265464-zasto-zene-u-bih-jos-uvijek-nemaju-pravo-na-pratnju-tokom-poroda\/#article\",\"isPartOf\":{\"@id\":\"https:\/\/tuzlainfo.ba\/index.php\/bosna-i-hercegovina\/item\/265464-zasto-zene-u-bih-jos-uvijek-nemaju-pravo-na-pratnju-tokom-poroda\/\"},\"author\":{\"name\":\"Tuzla Info\",\"@id\":\"https:\/\/tuzlainfo.ba\/#\/schema\/person\/46cad4c57790cbc50781edd14870825a\"},\"headline\":\"Za\u0161to \u017eene u BiH jo\u0161 uvijek nemaju pravo na pratnju tokom poroda?\",\"datePublished\":\"2025-03-19T14:09:08+00:00\",\"dateModified\":\"2025-03-19T13:01:35+00:00\",\"mainEntityOfPage\":{\"@id\":\"https:\/\/tuzlainfo.ba\/index.php\/bosna-i-hercegovina\/item\/265464-zasto-zene-u-bih-jos-uvijek-nemaju-pravo-na-pratnju-tokom-poroda\/\"},\"wordCount\":172,\"publisher\":{\"@id\":\"https:\/\/tuzlainfo.ba\/#organization\"},\"image\":{\"@id\":\"https:\/\/tuzlainfo.ba\/index.php\/bosna-i-hercegovina\/item\/265464-zasto-zene-u-bih-jos-uvijek-nemaju-pravo-na-pratnju-tokom-poroda\/#primaryimage\"},\"thumbnailUrl\":\"https:\/\/tuzlainfo.ba\/wp-content\/uploads\/2021\/11\/0911_beba-ruka-i-majka.jpg\",\"keywords\":[\"baby steps\",\"porod\",\"pratnja\"],\"articleSection\":[\"Bosna i Hercegovina\"],\"inLanguage\":\"bs-BA\"},{\"@type\":\"WebPage\",\"@id\":\"https:\/\/tuzlainfo.ba\/index.php\/bosna-i-hercegovina\/item\/265464-zasto-zene-u-bih-jos-uvijek-nemaju-pravo-na-pratnju-tokom-poroda\/\",\"url\":\"https:\/\/tuzlainfo.ba\/index.php\/bosna-i-hercegovina\/item\/265464-zasto-zene-u-bih-jos-uvijek-nemaju-pravo-na-pratnju-tokom-poroda\/\",\"name\":\"Za\u0161to \u017eene u BiH jo\u0161 uvijek nemaju pravo na pratnju tokom poroda? - TuzlaInfo.ba\",\"isPartOf\":{\"@id\":\"https:\/\/tuzlainfo.ba\/#website\"},\"primaryImageOfPage\":{\"@id\":\"https:\/\/tuzlainfo.ba\/index.php\/bosna-i-hercegovina\/item\/265464-zasto-zene-u-bih-jos-uvijek-nemaju-pravo-na-pratnju-tokom-poroda\/#primaryimage\"},\"image\":{\"@id\":\"https:\/\/tuzlainfo.ba\/index.php\/bosna-i-hercegovina\/item\/265464-zasto-zene-u-bih-jos-uvijek-nemaju-pravo-na-pratnju-tokom-poroda\/#primaryimage\"},\"thumbnailUrl\":\"https:\/\/tuzlainfo.ba\/wp-content\/uploads\/2021\/11\/0911_beba-ruka-i-majka.jpg\",\"datePublished\":\"2025-03-19T14:09:08+00:00\",\"dateModified\":\"2025-03-19T13:01:35+00:00\",\"breadcrumb\":{\"@id\":\"https:\/\/tuzlainfo.ba\/index.php\/bosna-i-hercegovina\/item\/265464-zasto-zene-u-bih-jos-uvijek-nemaju-pravo-na-pratnju-tokom-poroda\/#breadcrumb\"},\"inLanguage\":\"bs-BA\",\"potentialAction\":[{\"@type\":\"ReadAction\",\"target\":[\"https:\/\/tuzlainfo.ba\/index.php\/bosna-i-hercegovina\/item\/265464-zasto-zene-u-bih-jos-uvijek-nemaju-pravo-na-pratnju-tokom-poroda\/\"]}]},{\"@type\":\"ImageObject\",\"inLanguage\":\"bs-BA\",\"@id\":\"https:\/\/tuzlainfo.ba\/index.php\/bosna-i-hercegovina\/item\/265464-zasto-zene-u-bih-jos-uvijek-nemaju-pravo-na-pratnju-tokom-poroda\/#primaryimage\",\"url\":\"https:\/\/tuzlainfo.ba\/wp-content\/uploads\/2021\/11\/0911_beba-ruka-i-majka.jpg\",\"contentUrl\":\"https:\/\/tuzlainfo.ba\/wp-content\/uploads\/2021\/11\/0911_beba-ruka-i-majka.jpg\",\"width\":900,\"height\":599},{\"@type\":\"BreadcrumbList\",\"@id\":\"https:\/\/tuzlainfo.ba\/index.php\/bosna-i-hercegovina\/item\/265464-zasto-zene-u-bih-jos-uvijek-nemaju-pravo-na-pratnju-tokom-poroda\/#breadcrumb\",\"itemListElement\":[{\"@type\":\"ListItem\",\"position\":1,\"name\":\"Home\",\"item\":\"https:\/\/tuzlainfo.ba\/\"},{\"@type\":\"ListItem\",\"position\":2,\"name\":\"Za\u0161to \u017eene u BiH jo\u0161 uvijek nemaju pravo na pratnju tokom poroda?\"}]},{\"@type\":\"WebSite\",\"@id\":\"https:\/\/tuzlainfo.ba\/#website\",\"url\":\"https:\/\/tuzlainfo.ba\/\",\"name\":\"TuzlaInfo.ba\",\"description\":\"Tuzla info, gradski informator - Tuzla na dlanu\",\"publisher\":{\"@id\":\"https:\/\/tuzlainfo.ba\/#organization\"},\"potentialAction\":[{\"@type\":\"SearchAction\",\"target\":{\"@type\":\"EntryPoint\",\"urlTemplate\":\"https:\/\/tuzlainfo.ba\/?s={search_term_string}\"},\"query-input\":{\"@type\":\"PropertyValueSpecification\",\"valueRequired\":true,\"valueName\":\"search_term_string\"}}],\"inLanguage\":\"bs-BA\"},{\"@type\":\"Organization\",\"@id\":\"https:\/\/tuzlainfo.ba\/#organization\",\"name\":\"TuzlaInfo.ba\",\"url\":\"https:\/\/tuzlainfo.ba\/\",\"logo\":{\"@type\":\"ImageObject\",\"inLanguage\":\"bs-BA\",\"@id\":\"https:\/\/tuzlainfo.ba\/#\/schema\/logo\/image\/\",\"url\":\"https:\/\/tuzlainfo.ba\/wp-content\/uploads\/2021\/03\/logo-ver-3-1.png\",\"contentUrl\":\"https:\/\/tuzlainfo.ba\/wp-content\/uploads\/2021\/03\/logo-ver-3-1.png\",\"width\":350,\"height\":95,\"caption\":\"TuzlaInfo.ba\"},\"image\":{\"@id\":\"https:\/\/tuzlainfo.ba\/#\/schema\/logo\/image\/\"},\"sameAs\":[\"https:\/\/www.facebook.com\/tuzlainfo.ba\/\"]},{\"@type\":\"Person\",\"@id\":\"https:\/\/tuzlainfo.ba\/#\/schema\/person\/46cad4c57790cbc50781edd14870825a\",\"name\":\"Tuzla Info\",\"image\":{\"@type\":\"ImageObject\",\"inLanguage\":\"bs-BA\",\"@id\":\"https:\/\/tuzlainfo.ba\/#\/schema\/person\/image\/\",\"url\":\"https:\/\/tuzlainfo.ba\/wp-content\/litespeed\/avatar\/b6c453a6c38e3654f2e4416c643fc25c.jpg?ver=1777051911\",\"contentUrl\":\"https:\/\/tuzlainfo.ba\/wp-content\/litespeed\/avatar\/b6c453a6c38e3654f2e4416c643fc25c.jpg?ver=1777051911\",\"caption\":\"Tuzla Info\"}}]}<\/script>\n<!-- \/ Yoast SEO plugin. -->","yoast_head_json":{"title":"Za\u0161to \u017eene u BiH jo\u0161 uvijek nemaju pravo na pratnju tokom poroda? - TuzlaInfo.ba","robots":{"index":"index","follow":"follow","max-snippet":"max-snippet:-1","max-image-preview":"max-image-preview:large","max-video-preview":"max-video-preview:-1"},"canonical":"https:\/\/tuzlainfo.ba\/index.php\/bosna-i-hercegovina\/item\/265464-zasto-zene-u-bih-jos-uvijek-nemaju-pravo-na-pratnju-tokom-poroda\/","og_locale":"bs_BA","og_type":"article","og_title":"Za\u0161to \u017eene u BiH jo\u0161 uvijek nemaju pravo na pratnju tokom poroda? - TuzlaInfo.ba","og_description":"U Bosni i Hercegovini, \u017eene i dalje nemaju pravo na pratnju osobe po svom izboru&hellip;","og_url":"https:\/\/tuzlainfo.ba\/index.php\/bosna-i-hercegovina\/item\/265464-zasto-zene-u-bih-jos-uvijek-nemaju-pravo-na-pratnju-tokom-poroda\/","og_site_name":"TuzlaInfo.ba","article_publisher":"https:\/\/www.facebook.com\/tuzlainfo.ba\/","article_published_time":"2025-03-19T14:09:08+00:00","article_modified_time":"2025-03-19T13:01:35+00:00","og_image":[{"width":900,"height":599,"url":"https:\/\/tuzlainfo.ba\/wp-content\/uploads\/2021\/11\/0911_beba-ruka-i-majka.jpg","type":"image\/jpeg"}],"author":"Tuzla Info","twitter_card":"summary_large_image","twitter_misc":{"Written by":"Tuzla Info","Est. reading time":"1 minuta"},"schema":{"@context":"https:\/\/schema.org","@graph":[{"@type":"Article","@id":"https:\/\/tuzlainfo.ba\/index.php\/bosna-i-hercegovina\/item\/265464-zasto-zene-u-bih-jos-uvijek-nemaju-pravo-na-pratnju-tokom-poroda\/#article","isPartOf":{"@id":"https:\/\/tuzlainfo.ba\/index.php\/bosna-i-hercegovina\/item\/265464-zasto-zene-u-bih-jos-uvijek-nemaju-pravo-na-pratnju-tokom-poroda\/"},"author":{"name":"Tuzla Info","@id":"https:\/\/tuzlainfo.ba\/#\/schema\/person\/46cad4c57790cbc50781edd14870825a"},"headline":"Za\u0161to \u017eene u BiH jo\u0161 uvijek nemaju pravo na pratnju tokom poroda?","datePublished":"2025-03-19T14:09:08+00:00","dateModified":"2025-03-19T13:01:35+00:00","mainEntityOfPage":{"@id":"https:\/\/tuzlainfo.ba\/index.php\/bosna-i-hercegovina\/item\/265464-zasto-zene-u-bih-jos-uvijek-nemaju-pravo-na-pratnju-tokom-poroda\/"},"wordCount":172,"publisher":{"@id":"https:\/\/tuzlainfo.ba\/#organization"},"image":{"@id":"https:\/\/tuzlainfo.ba\/index.php\/bosna-i-hercegovina\/item\/265464-zasto-zene-u-bih-jos-uvijek-nemaju-pravo-na-pratnju-tokom-poroda\/#primaryimage"},"thumbnailUrl":"https:\/\/tuzlainfo.ba\/wp-content\/uploads\/2021\/11\/0911_beba-ruka-i-majka.jpg","keywords":["baby steps","porod","pratnja"],"articleSection":["Bosna i Hercegovina"],"inLanguage":"bs-BA"},{"@type":"WebPage","@id":"https:\/\/tuzlainfo.ba\/index.php\/bosna-i-hercegovina\/item\/265464-zasto-zene-u-bih-jos-uvijek-nemaju-pravo-na-pratnju-tokom-poroda\/","url":"https:\/\/tuzlainfo.ba\/index.php\/bosna-i-hercegovina\/item\/265464-zasto-zene-u-bih-jos-uvijek-nemaju-pravo-na-pratnju-tokom-poroda\/","name":"Za\u0161to \u017eene u BiH jo\u0161 uvijek nemaju pravo na pratnju tokom poroda? - TuzlaInfo.ba","isPartOf":{"@id":"https:\/\/tuzlainfo.ba\/#website"},"primaryImageOfPage":{"@id":"https:\/\/tuzlainfo.ba\/index.php\/bosna-i-hercegovina\/item\/265464-zasto-zene-u-bih-jos-uvijek-nemaju-pravo-na-pratnju-tokom-poroda\/#primaryimage"},"image":{"@id":"https:\/\/tuzlainfo.ba\/index.php\/bosna-i-hercegovina\/item\/265464-zasto-zene-u-bih-jos-uvijek-nemaju-pravo-na-pratnju-tokom-poroda\/#primaryimage"},"thumbnailUrl":"https:\/\/tuzlainfo.ba\/wp-content\/uploads\/2021\/11\/0911_beba-ruka-i-majka.jpg","datePublished":"2025-03-19T14:09:08+00:00","dateModified":"2025-03-19T13:01:35+00:00","breadcrumb":{"@id":"https:\/\/tuzlainfo.ba\/index.php\/bosna-i-hercegovina\/item\/265464-zasto-zene-u-bih-jos-uvijek-nemaju-pravo-na-pratnju-tokom-poroda\/#breadcrumb"},"inLanguage":"bs-BA","potentialAction":[{"@type":"ReadAction","target":["https:\/\/tuzlainfo.ba\/index.php\/bosna-i-hercegovina\/item\/265464-zasto-zene-u-bih-jos-uvijek-nemaju-pravo-na-pratnju-tokom-poroda\/"]}]},{"@type":"ImageObject","inLanguage":"bs-BA","@id":"https:\/\/tuzlainfo.ba\/index.php\/bosna-i-hercegovina\/item\/265464-zasto-zene-u-bih-jos-uvijek-nemaju-pravo-na-pratnju-tokom-poroda\/#primaryimage","url":"https:\/\/tuzlainfo.ba\/wp-content\/uploads\/2021\/11\/0911_beba-ruka-i-majka.jpg","contentUrl":"https:\/\/tuzlainfo.ba\/wp-content\/uploads\/2021\/11\/0911_beba-ruka-i-majka.jpg","width":900,"height":599},{"@type":"BreadcrumbList","@id":"https:\/\/tuzlainfo.ba\/index.php\/bosna-i-hercegovina\/item\/265464-zasto-zene-u-bih-jos-uvijek-nemaju-pravo-na-pratnju-tokom-poroda\/#breadcrumb","itemListElement":[{"@type":"ListItem","position":1,"name":"Home","item":"https:\/\/tuzlainfo.ba\/"},{"@type":"ListItem","position":2,"name":"Za\u0161to \u017eene u BiH jo\u0161 uvijek nemaju pravo na pratnju tokom poroda?"}]},{"@type":"WebSite","@id":"https:\/\/tuzlainfo.ba\/#website","url":"https:\/\/tuzlainfo.ba\/","name":"TuzlaInfo.ba","description":"Tuzla info, gradski informator - Tuzla na dlanu","publisher":{"@id":"https:\/\/tuzlainfo.ba\/#organization"},"potentialAction":[{"@type":"SearchAction","target":{"@type":"EntryPoint","urlTemplate":"https:\/\/tuzlainfo.ba\/?s={search_term_string}"},"query-input":{"@type":"PropertyValueSpecification","valueRequired":true,"valueName":"search_term_string"}}],"inLanguage":"bs-BA"},{"@type":"Organization","@id":"https:\/\/tuzlainfo.ba\/#organization","name":"TuzlaInfo.ba","url":"https:\/\/tuzlainfo.ba\/","logo":{"@type":"ImageObject","inLanguage":"bs-BA","@id":"https:\/\/tuzlainfo.ba\/#\/schema\/logo\/image\/","url":"https:\/\/tuzlainfo.ba\/wp-content\/uploads\/2021\/03\/logo-ver-3-1.png","contentUrl":"https:\/\/tuzlainfo.ba\/wp-content\/uploads\/2021\/03\/logo-ver-3-1.png","width":350,"height":95,"caption":"TuzlaInfo.ba"},"image":{"@id":"https:\/\/tuzlainfo.ba\/#\/schema\/logo\/image\/"},"sameAs":["https:\/\/www.facebook.com\/tuzlainfo.ba\/"]},{"@type":"Person","@id":"https:\/\/tuzlainfo.ba\/#\/schema\/person\/46cad4c57790cbc50781edd14870825a","name":"Tuzla Info","image":{"@type":"ImageObject","inLanguage":"bs-BA","@id":"https:\/\/tuzlainfo.ba\/#\/schema\/person\/image\/","url":"https:\/\/tuzlainfo.ba\/wp-content\/litespeed\/avatar\/b6c453a6c38e3654f2e4416c643fc25c.jpg?ver=1777051911","contentUrl":"https:\/\/tuzlainfo.ba\/wp-content\/litespeed\/avatar\/b6c453a6c38e3654f2e4416c643fc25c.jpg?ver=1777051911","caption":"Tuzla Info"}}]}},"_links":{"self":[{"href":"https:\/\/tuzlainfo.ba\/index.php\/wp-json\/wp\/v2\/posts\/265464"}],"collection":[{"href":"https:\/\/tuzlainfo.ba\/index.php\/wp-json\/wp\/v2\/posts"}],"about":[{"href":"https:\/\/tuzlainfo.ba\/index.php\/wp-json\/wp\/v2\/types\/post"}],"author":[{"embeddable":true,"href":"https:\/\/tuzlainfo.ba\/index.php\/wp-json\/wp\/v2\/users\/4"}],"replies":[{"embeddable":true,"href":"https:\/\/tuzlainfo.ba\/index.php\/wp-json\/wp\/v2\/comments?post=265464"}],"version-history":[{"count":1,"href":"https:\/\/tuzlainfo.ba\/index.php\/wp-json\/wp\/v2\/posts\/265464\/revisions"}],"predecessor-version":[{"id":265466,"href":"https:\/\/tuzlainfo.ba\/index.php\/wp-json\/wp\/v2\/posts\/265464\/revisions\/265466"}],"wp:featuredmedia":[{"embeddable":true,"href":"https:\/\/tuzlainfo.ba\/index.php\/wp-json\/wp\/v2\/media\/153875"}],"wp:attachment":[{"href":"https:\/\/tuzlainfo.ba\/index.php\/wp-json\/wp\/v2\/media?parent=265464"}],"wp:term":[{"taxonomy":"category","embeddable":true,"href":"https:\/\/tuzlainfo.ba\/index.php\/wp-json\/wp\/v2\/categories?post=265464"},{"taxonomy":"post_tag","embeddable":true,"href":"https:\/\/tuzlainfo.ba\/index.php\/wp-json\/wp\/v2\/tags?post=265464"}],"curies":[{"name":"wp","href":"https:\/\/api.w.org\/{rel}","templated":true}]}}