{"id":265457,"date":"2025-03-19T13:41:41","date_gmt":"2025-03-19T12:41:41","guid":{"rendered":"https:\/\/tuzlainfo.ba\/?p=265457"},"modified":"2025-03-19T13:41:41","modified_gmt":"2025-03-19T12:41:41","slug":"video-u-lazi-su-kratke-noge-zvucni-top-je-bio-montiran-na-vozilo-beogradske-zandarmerije","status":"publish","type":"post","link":"https:\/\/tuzlainfo.ba\/index.php\/clanci\/sa-svih-strana\/item\/265457-video-u-lazi-su-kratke-noge-zvucni-top-je-bio-montiran-na-vozilo-beogradske-zandarmerije\/","title":{"rendered":"VIDEO \/ U la\u017ei su kratke noge: Zvu\u010dni top je bio montiran na vozilo beogradske \u017eandarmerije?"},"content":{"rendered":"<p>Fotografije od 15. marta iz Beograda otkrivaju da je na vozilu beogradske \u017eandarmerije bio montiran ure\u0111aj koji izgledom asocira na zvu\u010dni top za koji vlast na \u010delu s Aleksandrom Vu\u010di\u0107em tvrdi da nije kori\u0161ten tokom incidenta koji se dogodio i koji je zabilje\u017een videosnimcima.<\/p>\n<p>Potpredsjednica Stranke slobode i pravde Marinika Tepi\u0107 objavila je fotografiju uz tvrdnje da se na njoj nalazi zvu\u010dni top kori\u0161ten tokom protesta 15. marta u Beogradu.<\/p>\n<p>Na fotografiji se vidi policijska brigada na bo\u010dnoj strani Skup\u0161tine Srbije i policijsko vozilo, a na njegovoj haubi ne\u0161to \u0161to bi mogao biti ure\u0111aj za proizvodnju zvu\u010dnih talasa.<\/p>\n<p>Stranka slobode i pravde ranije danas najavila je da \u0107e na konferenciji za medije objaviti dokaze o tome kako je MUP Srbije preko SDPR-a kupio zvu\u010dno oru\u017eje koje je zabranjeno u Srbiji.<\/p>\n<p>Portal Nova.rs objavio je snimak vozila \u017dandarmerije na kojem je montirana naprava poput one koja se nalazila na istom vozilu pored Skup\u0161tine Srbije na dan protesta u Beogradu. Snimak je, navodno, nastao prilikom testiranja ure\u0111aja, za koji se vjeruje da je zvu\u010dno oru\u017eje.<\/p>\n<p>Identi\u010dan ure\u0111aj, na automobilu \u017dandarmerije s istim registarskim oznakama\u00a0<strong>P 014-495<\/strong>\u00a0kao \u0161to ie imalo vozilo pored Skup\u0161tine, snimljeno je najvjerovatnije tokom testiranja ili probe ovog ure\u0111aja na nepoznatoj lokaciji.<\/p>\n<p>Na snimku do kog je do\u0161ao portal\u00a0<a href=\"https:\/\/nova.rs\/vesti\/hronika\/testiranje-sistema-lrad-pred-protest-u-beogradu\/\" target=\"_blank\" rel=\"noopener\">Nova.rs<\/a>\u00a0vidi se d\u017eip \u017dandarmerije i ure\u0111aj koji li\u010di na veliki zvu\u010dnik, a na snimku se \u010duju rije\u010di upozorenja:<\/p>\n<p><strong>\u201cUpozoravamo sve gra\u0111ane da odmah prestanu sa naru\u0161avanjem javnog reda i mira. U protivnom \u0107e policija biti prinu\u0111ena da upotrijebi sredstva prinude\u201d.<\/strong><\/p>\n<blockquote class=\"twitter-tweet\" data-media-max-width=\"560\">\n<p dir=\"ltr\" lang=\"und\">Evo ekskluzivno i snimak topa i gde se nalazio!<\/p>\n<p>U la\u017ei su kratke noge, a duga robija! <a href=\"https:\/\/t.co\/sqpgJEde7m\">pic.twitter.com\/sqpgJEde7m<\/a><\/p>\n<p>\u2014 Miran Poga\u010dar (@MiranPogacar) <a href=\"https:\/\/twitter.com\/MiranPogacar\/status\/1902310681988255912?ref_src=twsrc%5Etfw\">March 19, 2025<\/a><\/p><\/blockquote>\n<p><script async src=\"https:\/\/platform.twitter.com\/widgets.js\" charset=\"utf-8\"><\/script><\/p>\n<p>Podsjetimo, tokom 15 minuta ti\u0161ine na protestu u Beogradu nastala je panika nakon \u0161to je vi\u0161e gra\u0111ana po\u010delo da tr\u010di. Sumnja se na upotrebu zvu\u010dnog oru\u017eja. MUP i vlast demantuju, a eksperti su utvrdili buku kakvu proizvodi &#8220;Vortex Ring Gun&#8221; ili &#8220;Vortex Cannon&#8221;.<\/p>\n<p>Ministar unutra\u0161njih poslova Srbije Ivica Da\u010di\u0107 prvobitno je kazao da MUP ne posjeduje zvu\u010dni top, ali je ju\u010der ipak otkrio da policija posjeduje soni\u010dno oru\u017eje ili kolokvijalno nazvano &#8220;zvu\u010dni top&#8221;, tj. da su ti sistemi koji su kupljeni 2021. godine u vlasni\u0161tvu MUP-a.<\/p>\n<p>&#8220;Ti sistemi stoje u na\u0161im magacinima u kutijama. Oni jesu u vlasni\u0161tvu Ministarstva unutra\u0161njih poslova, ali nisu uba\u010deni u upotrebu, niti su montirani na bilo koje na\u0161e vozilo ili sistem&#8221;, rekao je Da\u010di\u0107.<\/p>\n<p>Upitan zbog \u010dega je onda izjavio da MUP ne posjeduje zvu\u010dni top niti bilo koja druga sli\u010dna zvu\u010dna oru\u017eja, Da\u010di\u0107 ka\u017ee da je u pitanju nespretna izjava.<\/p>\n<p>&#8220;To je nespretna izjava. Pod time se mislilo da MUP nije uvrstio ovo sredstvo u svoj arsenal sredstava prinude&#8221;, naveo je Da\u010di\u0107.<\/p>\n","protected":false},"excerpt":{"rendered":"<p>Fotografije od 15. marta iz Beograda otkrivaju da je na vozilu beogradske \u017eandarmerije bio montiran&hellip;<\/p>\n","protected":false},"author":2,"featured_media":265458,"comment_status":"closed","ping_status":"closed","sticky":false,"template":"","format":"standard","meta":{"_acf_changed":false,"footnotes":""},"categories":[16],"tags":[320,309],"acf":[],"yoast_head":"<!-- This site is optimized with the Yoast SEO plugin v23.5 - https:\/\/yoast.com\/wordpress\/plugins\/seo\/ -->\n<title>VIDEO \/ U la\u017ei su kratke noge: Zvu\u010dni top je bio montiran na vozilo beogradske \u017eandarmerije? - TuzlaInfo.ba<\/title>\n<meta name=\"robots\" content=\"index, follow, max-snippet:-1, max-image-preview:large, max-video-preview:-1\" \/>\n<link rel=\"canonical\" href=\"https:\/\/tuzlainfo.ba\/index.php\/clanci\/sa-svih-strana\/item\/265457-video-u-lazi-su-kratke-noge-zvucni-top-je-bio-montiran-na-vozilo-beogradske-zandarmerije\/\" \/>\n<meta property=\"og:locale\" content=\"bs_BA\" \/>\n<meta property=\"og:type\" content=\"article\" \/>\n<meta property=\"og:title\" content=\"VIDEO \/ U la\u017ei su kratke noge: Zvu\u010dni top je bio montiran na vozilo beogradske \u017eandarmerije? - TuzlaInfo.ba\" \/>\n<meta property=\"og:description\" content=\"Fotografije od 15. marta iz Beograda otkrivaju da je na vozilu beogradske \u017eandarmerije bio montiran&hellip;\" \/>\n<meta property=\"og:url\" content=\"https:\/\/tuzlainfo.ba\/index.php\/clanci\/sa-svih-strana\/item\/265457-video-u-lazi-su-kratke-noge-zvucni-top-je-bio-montiran-na-vozilo-beogradske-zandarmerije\/\" \/>\n<meta property=\"og:site_name\" content=\"TuzlaInfo.ba\" \/>\n<meta property=\"article:publisher\" content=\"https:\/\/www.facebook.com\/tuzlainfo.ba\/\" \/>\n<meta property=\"article:published_time\" content=\"2025-03-19T12:41:41+00:00\" \/>\n<meta property=\"og:image\" content=\"https:\/\/tuzlainfo.ba\/wp-content\/uploads\/2025\/03\/1903_udar.jpg\" \/>\n\t<meta property=\"og:image:width\" content=\"800\" \/>\n\t<meta property=\"og:image:height\" content=\"533\" \/>\n\t<meta property=\"og:image:type\" content=\"image\/jpeg\" \/>\n<meta name=\"author\" content=\"nedim\" \/>\n<meta name=\"twitter:card\" content=\"summary_large_image\" \/>\n<meta name=\"twitter:label1\" content=\"Written by\" \/>\n\t<meta name=\"twitter:data1\" content=\"nedim\" \/>\n\t<meta name=\"twitter:label2\" content=\"Est. reading time\" \/>\n\t<meta name=\"twitter:data2\" content=\"3 minute\" \/>\n<script type=\"application\/ld+json\" class=\"yoast-schema-graph\">{\"@context\":\"https:\/\/schema.org\",\"@graph\":[{\"@type\":\"Article\",\"@id\":\"https:\/\/tuzlainfo.ba\/index.php\/clanci\/sa-svih-strana\/item\/265457-video-u-lazi-su-kratke-noge-zvucni-top-je-bio-montiran-na-vozilo-beogradske-zandarmerije\/#article\",\"isPartOf\":{\"@id\":\"https:\/\/tuzlainfo.ba\/index.php\/clanci\/sa-svih-strana\/item\/265457-video-u-lazi-su-kratke-noge-zvucni-top-je-bio-montiran-na-vozilo-beogradske-zandarmerije\/\"},\"author\":{\"name\":\"nedim\",\"@id\":\"https:\/\/tuzlainfo.ba\/#\/schema\/person\/f434e20dc27ea133923aab08451b7f7f\"},\"headline\":\"VIDEO \/ U la\u017ei su kratke noge: Zvu\u010dni top je bio montiran na vozilo beogradske \u017eandarmerije?\",\"datePublished\":\"2025-03-19T12:41:41+00:00\",\"dateModified\":\"2025-03-19T12:41:41+00:00\",\"mainEntityOfPage\":{\"@id\":\"https:\/\/tuzlainfo.ba\/index.php\/clanci\/sa-svih-strana\/item\/265457-video-u-lazi-su-kratke-noge-zvucni-top-je-bio-montiran-na-vozilo-beogradske-zandarmerije\/\"},\"wordCount\":522,\"publisher\":{\"@id\":\"https:\/\/tuzlainfo.ba\/#organization\"},\"image\":{\"@id\":\"https:\/\/tuzlainfo.ba\/index.php\/clanci\/sa-svih-strana\/item\/265457-video-u-lazi-su-kratke-noge-zvucni-top-je-bio-montiran-na-vozilo-beogradske-zandarmerije\/#primaryimage\"},\"thumbnailUrl\":\"https:\/\/tuzlainfo.ba\/wp-content\/uploads\/2025\/03\/1903_udar.jpg\",\"keywords\":[\"protesti\",\"srbija\"],\"articleSection\":[\"Sa svih strana\"],\"inLanguage\":\"bs-BA\"},{\"@type\":\"WebPage\",\"@id\":\"https:\/\/tuzlainfo.ba\/index.php\/clanci\/sa-svih-strana\/item\/265457-video-u-lazi-su-kratke-noge-zvucni-top-je-bio-montiran-na-vozilo-beogradske-zandarmerije\/\",\"url\":\"https:\/\/tuzlainfo.ba\/index.php\/clanci\/sa-svih-strana\/item\/265457-video-u-lazi-su-kratke-noge-zvucni-top-je-bio-montiran-na-vozilo-beogradske-zandarmerije\/\",\"name\":\"VIDEO \/ U la\u017ei su kratke noge: Zvu\u010dni top je bio montiran na vozilo beogradske \u017eandarmerije? - TuzlaInfo.ba\",\"isPartOf\":{\"@id\":\"https:\/\/tuzlainfo.ba\/#website\"},\"primaryImageOfPage\":{\"@id\":\"https:\/\/tuzlainfo.ba\/index.php\/clanci\/sa-svih-strana\/item\/265457-video-u-lazi-su-kratke-noge-zvucni-top-je-bio-montiran-na-vozilo-beogradske-zandarmerije\/#primaryimage\"},\"image\":{\"@id\":\"https:\/\/tuzlainfo.ba\/index.php\/clanci\/sa-svih-strana\/item\/265457-video-u-lazi-su-kratke-noge-zvucni-top-je-bio-montiran-na-vozilo-beogradske-zandarmerije\/#primaryimage\"},\"thumbnailUrl\":\"https:\/\/tuzlainfo.ba\/wp-content\/uploads\/2025\/03\/1903_udar.jpg\",\"datePublished\":\"2025-03-19T12:41:41+00:00\",\"dateModified\":\"2025-03-19T12:41:41+00:00\",\"breadcrumb\":{\"@id\":\"https:\/\/tuzlainfo.ba\/index.php\/clanci\/sa-svih-strana\/item\/265457-video-u-lazi-su-kratke-noge-zvucni-top-je-bio-montiran-na-vozilo-beogradske-zandarmerije\/#breadcrumb\"},\"inLanguage\":\"bs-BA\",\"potentialAction\":[{\"@type\":\"ReadAction\",\"target\":[\"https:\/\/tuzlainfo.ba\/index.php\/clanci\/sa-svih-strana\/item\/265457-video-u-lazi-su-kratke-noge-zvucni-top-je-bio-montiran-na-vozilo-beogradske-zandarmerije\/\"]}]},{\"@type\":\"ImageObject\",\"inLanguage\":\"bs-BA\",\"@id\":\"https:\/\/tuzlainfo.ba\/index.php\/clanci\/sa-svih-strana\/item\/265457-video-u-lazi-su-kratke-noge-zvucni-top-je-bio-montiran-na-vozilo-beogradske-zandarmerije\/#primaryimage\",\"url\":\"https:\/\/tuzlainfo.ba\/wp-content\/uploads\/2025\/03\/1903_udar.jpg\",\"contentUrl\":\"https:\/\/tuzlainfo.ba\/wp-content\/uploads\/2025\/03\/1903_udar.jpg\",\"width\":800,\"height\":533,\"caption\":\"Foto: Nova.rs\"},{\"@type\":\"BreadcrumbList\",\"@id\":\"https:\/\/tuzlainfo.ba\/index.php\/clanci\/sa-svih-strana\/item\/265457-video-u-lazi-su-kratke-noge-zvucni-top-je-bio-montiran-na-vozilo-beogradske-zandarmerije\/#breadcrumb\",\"itemListElement\":[{\"@type\":\"ListItem\",\"position\":1,\"name\":\"Home\",\"item\":\"https:\/\/tuzlainfo.ba\/\"},{\"@type\":\"ListItem\",\"position\":2,\"name\":\"VIDEO \/ U la\u017ei su kratke noge: Zvu\u010dni top je bio montiran na vozilo beogradske \u017eandarmerije?\"}]},{\"@type\":\"WebSite\",\"@id\":\"https:\/\/tuzlainfo.ba\/#website\",\"url\":\"https:\/\/tuzlainfo.ba\/\",\"name\":\"TuzlaInfo.ba\",\"description\":\"Tuzla info, gradski informator - Tuzla na dlanu\",\"publisher\":{\"@id\":\"https:\/\/tuzlainfo.ba\/#organization\"},\"potentialAction\":[{\"@type\":\"SearchAction\",\"target\":{\"@type\":\"EntryPoint\",\"urlTemplate\":\"https:\/\/tuzlainfo.ba\/?s={search_term_string}\"},\"query-input\":{\"@type\":\"PropertyValueSpecification\",\"valueRequired\":true,\"valueName\":\"search_term_string\"}}],\"inLanguage\":\"bs-BA\"},{\"@type\":\"Organization\",\"@id\":\"https:\/\/tuzlainfo.ba\/#organization\",\"name\":\"TuzlaInfo.ba\",\"url\":\"https:\/\/tuzlainfo.ba\/\",\"logo\":{\"@type\":\"ImageObject\",\"inLanguage\":\"bs-BA\",\"@id\":\"https:\/\/tuzlainfo.ba\/#\/schema\/logo\/image\/\",\"url\":\"https:\/\/tuzlainfo.ba\/wp-content\/uploads\/2021\/03\/logo-ver-3-1.png\",\"contentUrl\":\"https:\/\/tuzlainfo.ba\/wp-content\/uploads\/2021\/03\/logo-ver-3-1.png\",\"width\":350,\"height\":95,\"caption\":\"TuzlaInfo.ba\"},\"image\":{\"@id\":\"https:\/\/tuzlainfo.ba\/#\/schema\/logo\/image\/\"},\"sameAs\":[\"https:\/\/www.facebook.com\/tuzlainfo.ba\/\"]},{\"@type\":\"Person\",\"@id\":\"https:\/\/tuzlainfo.ba\/#\/schema\/person\/f434e20dc27ea133923aab08451b7f7f\",\"name\":\"nedim\",\"image\":{\"@type\":\"ImageObject\",\"inLanguage\":\"bs-BA\",\"@id\":\"https:\/\/tuzlainfo.ba\/#\/schema\/person\/image\/\",\"url\":\"https:\/\/tuzlainfo.ba\/wp-content\/litespeed\/avatar\/aabad687af24844af817603ac1cbdc4f.jpg?ver=1776702173\",\"contentUrl\":\"https:\/\/tuzlainfo.ba\/wp-content\/litespeed\/avatar\/aabad687af24844af817603ac1cbdc4f.jpg?ver=1776702173\",\"caption\":\"nedim\"},\"description\":\"Tuzlainfo.ba pratite na dru\u0161tvenim mre\u017eama: Facebook, Instagram i Youtube. Svoje pri\u010de, upite i fotografije \u0161aljite na na\u0161u e-mail adresu.\"}]}<\/script>\n<!-- \/ Yoast SEO plugin. -->","yoast_head_json":{"title":"VIDEO \/ U la\u017ei su kratke noge: Zvu\u010dni top je bio montiran na vozilo beogradske \u017eandarmerije? - TuzlaInfo.ba","robots":{"index":"index","follow":"follow","max-snippet":"max-snippet:-1","max-image-preview":"max-image-preview:large","max-video-preview":"max-video-preview:-1"},"canonical":"https:\/\/tuzlainfo.ba\/index.php\/clanci\/sa-svih-strana\/item\/265457-video-u-lazi-su-kratke-noge-zvucni-top-je-bio-montiran-na-vozilo-beogradske-zandarmerije\/","og_locale":"bs_BA","og_type":"article","og_title":"VIDEO \/ U la\u017ei su kratke noge: Zvu\u010dni top je bio montiran na vozilo beogradske \u017eandarmerije? - TuzlaInfo.ba","og_description":"Fotografije od 15. marta iz Beograda otkrivaju da je na vozilu beogradske \u017eandarmerije bio montiran&hellip;","og_url":"https:\/\/tuzlainfo.ba\/index.php\/clanci\/sa-svih-strana\/item\/265457-video-u-lazi-su-kratke-noge-zvucni-top-je-bio-montiran-na-vozilo-beogradske-zandarmerije\/","og_site_name":"TuzlaInfo.ba","article_publisher":"https:\/\/www.facebook.com\/tuzlainfo.ba\/","article_published_time":"2025-03-19T12:41:41+00:00","og_image":[{"width":800,"height":533,"url":"https:\/\/tuzlainfo.ba\/wp-content\/uploads\/2025\/03\/1903_udar.jpg","type":"image\/jpeg"}],"author":"nedim","twitter_card":"summary_large_image","twitter_misc":{"Written by":"nedim","Est. reading time":"3 minute"},"schema":{"@context":"https:\/\/schema.org","@graph":[{"@type":"Article","@id":"https:\/\/tuzlainfo.ba\/index.php\/clanci\/sa-svih-strana\/item\/265457-video-u-lazi-su-kratke-noge-zvucni-top-je-bio-montiran-na-vozilo-beogradske-zandarmerije\/#article","isPartOf":{"@id":"https:\/\/tuzlainfo.ba\/index.php\/clanci\/sa-svih-strana\/item\/265457-video-u-lazi-su-kratke-noge-zvucni-top-je-bio-montiran-na-vozilo-beogradske-zandarmerije\/"},"author":{"name":"nedim","@id":"https:\/\/tuzlainfo.ba\/#\/schema\/person\/f434e20dc27ea133923aab08451b7f7f"},"headline":"VIDEO \/ U la\u017ei su kratke noge: Zvu\u010dni top je bio montiran na vozilo beogradske \u017eandarmerije?","datePublished":"2025-03-19T12:41:41+00:00","dateModified":"2025-03-19T12:41:41+00:00","mainEntityOfPage":{"@id":"https:\/\/tuzlainfo.ba\/index.php\/clanci\/sa-svih-strana\/item\/265457-video-u-lazi-su-kratke-noge-zvucni-top-je-bio-montiran-na-vozilo-beogradske-zandarmerije\/"},"wordCount":522,"publisher":{"@id":"https:\/\/tuzlainfo.ba\/#organization"},"image":{"@id":"https:\/\/tuzlainfo.ba\/index.php\/clanci\/sa-svih-strana\/item\/265457-video-u-lazi-su-kratke-noge-zvucni-top-je-bio-montiran-na-vozilo-beogradske-zandarmerije\/#primaryimage"},"thumbnailUrl":"https:\/\/tuzlainfo.ba\/wp-content\/uploads\/2025\/03\/1903_udar.jpg","keywords":["protesti","srbija"],"articleSection":["Sa svih strana"],"inLanguage":"bs-BA"},{"@type":"WebPage","@id":"https:\/\/tuzlainfo.ba\/index.php\/clanci\/sa-svih-strana\/item\/265457-video-u-lazi-su-kratke-noge-zvucni-top-je-bio-montiran-na-vozilo-beogradske-zandarmerije\/","url":"https:\/\/tuzlainfo.ba\/index.php\/clanci\/sa-svih-strana\/item\/265457-video-u-lazi-su-kratke-noge-zvucni-top-je-bio-montiran-na-vozilo-beogradske-zandarmerije\/","name":"VIDEO \/ U la\u017ei su kratke noge: Zvu\u010dni top je bio montiran na vozilo beogradske \u017eandarmerije? - TuzlaInfo.ba","isPartOf":{"@id":"https:\/\/tuzlainfo.ba\/#website"},"primaryImageOfPage":{"@id":"https:\/\/tuzlainfo.ba\/index.php\/clanci\/sa-svih-strana\/item\/265457-video-u-lazi-su-kratke-noge-zvucni-top-je-bio-montiran-na-vozilo-beogradske-zandarmerije\/#primaryimage"},"image":{"@id":"https:\/\/tuzlainfo.ba\/index.php\/clanci\/sa-svih-strana\/item\/265457-video-u-lazi-su-kratke-noge-zvucni-top-je-bio-montiran-na-vozilo-beogradske-zandarmerije\/#primaryimage"},"thumbnailUrl":"https:\/\/tuzlainfo.ba\/wp-content\/uploads\/2025\/03\/1903_udar.jpg","datePublished":"2025-03-19T12:41:41+00:00","dateModified":"2025-03-19T12:41:41+00:00","breadcrumb":{"@id":"https:\/\/tuzlainfo.ba\/index.php\/clanci\/sa-svih-strana\/item\/265457-video-u-lazi-su-kratke-noge-zvucni-top-je-bio-montiran-na-vozilo-beogradske-zandarmerije\/#breadcrumb"},"inLanguage":"bs-BA","potentialAction":[{"@type":"ReadAction","target":["https:\/\/tuzlainfo.ba\/index.php\/clanci\/sa-svih-strana\/item\/265457-video-u-lazi-su-kratke-noge-zvucni-top-je-bio-montiran-na-vozilo-beogradske-zandarmerije\/"]}]},{"@type":"ImageObject","inLanguage":"bs-BA","@id":"https:\/\/tuzlainfo.ba\/index.php\/clanci\/sa-svih-strana\/item\/265457-video-u-lazi-su-kratke-noge-zvucni-top-je-bio-montiran-na-vozilo-beogradske-zandarmerije\/#primaryimage","url":"https:\/\/tuzlainfo.ba\/wp-content\/uploads\/2025\/03\/1903_udar.jpg","contentUrl":"https:\/\/tuzlainfo.ba\/wp-content\/uploads\/2025\/03\/1903_udar.jpg","width":800,"height":533,"caption":"Foto: Nova.rs"},{"@type":"BreadcrumbList","@id":"https:\/\/tuzlainfo.ba\/index.php\/clanci\/sa-svih-strana\/item\/265457-video-u-lazi-su-kratke-noge-zvucni-top-je-bio-montiran-na-vozilo-beogradske-zandarmerije\/#breadcrumb","itemListElement":[{"@type":"ListItem","position":1,"name":"Home","item":"https:\/\/tuzlainfo.ba\/"},{"@type":"ListItem","position":2,"name":"VIDEO \/ U la\u017ei su kratke noge: Zvu\u010dni top je bio montiran na vozilo beogradske \u017eandarmerije?"}]},{"@type":"WebSite","@id":"https:\/\/tuzlainfo.ba\/#website","url":"https:\/\/tuzlainfo.ba\/","name":"TuzlaInfo.ba","description":"Tuzla info, gradski informator - Tuzla na dlanu","publisher":{"@id":"https:\/\/tuzlainfo.ba\/#organization"},"potentialAction":[{"@type":"SearchAction","target":{"@type":"EntryPoint","urlTemplate":"https:\/\/tuzlainfo.ba\/?s={search_term_string}"},"query-input":{"@type":"PropertyValueSpecification","valueRequired":true,"valueName":"search_term_string"}}],"inLanguage":"bs-BA"},{"@type":"Organization","@id":"https:\/\/tuzlainfo.ba\/#organization","name":"TuzlaInfo.ba","url":"https:\/\/tuzlainfo.ba\/","logo":{"@type":"ImageObject","inLanguage":"bs-BA","@id":"https:\/\/tuzlainfo.ba\/#\/schema\/logo\/image\/","url":"https:\/\/tuzlainfo.ba\/wp-content\/uploads\/2021\/03\/logo-ver-3-1.png","contentUrl":"https:\/\/tuzlainfo.ba\/wp-content\/uploads\/2021\/03\/logo-ver-3-1.png","width":350,"height":95,"caption":"TuzlaInfo.ba"},"image":{"@id":"https:\/\/tuzlainfo.ba\/#\/schema\/logo\/image\/"},"sameAs":["https:\/\/www.facebook.com\/tuzlainfo.ba\/"]},{"@type":"Person","@id":"https:\/\/tuzlainfo.ba\/#\/schema\/person\/f434e20dc27ea133923aab08451b7f7f","name":"nedim","image":{"@type":"ImageObject","inLanguage":"bs-BA","@id":"https:\/\/tuzlainfo.ba\/#\/schema\/person\/image\/","url":"https:\/\/tuzlainfo.ba\/wp-content\/litespeed\/avatar\/aabad687af24844af817603ac1cbdc4f.jpg?ver=1776702173","contentUrl":"https:\/\/tuzlainfo.ba\/wp-content\/litespeed\/avatar\/aabad687af24844af817603ac1cbdc4f.jpg?ver=1776702173","caption":"nedim"},"description":"Tuzlainfo.ba pratite na dru\u0161tvenim mre\u017eama: Facebook, Instagram i Youtube. Svoje pri\u010de, upite i fotografije \u0161aljite na na\u0161u e-mail adresu."}]}},"_links":{"self":[{"href":"https:\/\/tuzlainfo.ba\/index.php\/wp-json\/wp\/v2\/posts\/265457"}],"collection":[{"href":"https:\/\/tuzlainfo.ba\/index.php\/wp-json\/wp\/v2\/posts"}],"about":[{"href":"https:\/\/tuzlainfo.ba\/index.php\/wp-json\/wp\/v2\/types\/post"}],"author":[{"embeddable":true,"href":"https:\/\/tuzlainfo.ba\/index.php\/wp-json\/wp\/v2\/users\/2"}],"replies":[{"embeddable":true,"href":"https:\/\/tuzlainfo.ba\/index.php\/wp-json\/wp\/v2\/comments?post=265457"}],"version-history":[{"count":1,"href":"https:\/\/tuzlainfo.ba\/index.php\/wp-json\/wp\/v2\/posts\/265457\/revisions"}],"predecessor-version":[{"id":265459,"href":"https:\/\/tuzlainfo.ba\/index.php\/wp-json\/wp\/v2\/posts\/265457\/revisions\/265459"}],"wp:featuredmedia":[{"embeddable":true,"href":"https:\/\/tuzlainfo.ba\/index.php\/wp-json\/wp\/v2\/media\/265458"}],"wp:attachment":[{"href":"https:\/\/tuzlainfo.ba\/index.php\/wp-json\/wp\/v2\/media?parent=265457"}],"wp:term":[{"taxonomy":"category","embeddable":true,"href":"https:\/\/tuzlainfo.ba\/index.php\/wp-json\/wp\/v2\/categories?post=265457"},{"taxonomy":"post_tag","embeddable":true,"href":"https:\/\/tuzlainfo.ba\/index.php\/wp-json\/wp\/v2\/tags?post=265457"}],"curies":[{"name":"wp","href":"https:\/\/api.w.org\/{rel}","templated":true}]}}