{"id":265386,"date":"2025-03-18T13:11:40","date_gmt":"2025-03-18T12:11:40","guid":{"rendered":"https:\/\/tuzlainfo.ba\/?p=265386"},"modified":"2025-03-18T13:11:40","modified_gmt":"2025-03-18T12:11:40","slug":"upucena-inicijativa-za-imenovanje-nebojse-vukanovica-za-ministra-sigurnosti-bih","status":"publish","type":"post","link":"https:\/\/tuzlainfo.ba\/index.php\/bosna-i-hercegovina\/item\/265386-upucena-inicijativa-za-imenovanje-nebojse-vukanovica-za-ministra-sigurnosti-bih\/","title":{"rendered":"Upu\u0107ena inicijativa za imenovanje Neboj\u0161e Vukanovi\u0107a za ministra sigurnosti BiH"},"content":{"rendered":"<p>Grupa zastupnika iz Predstavni\u010dkog doma Parlamentarne skup\u0161tine Bosne i Hercegovine uputila je inicijativu predsjedavaju\u0107oj Vije\u0107a ministara Borjani Kri\u0161to za imenovanje Neboj\u0161e Vukanovi\u0107a za ministra sigurnosti BiH.<\/p>\n<div class=\"videoInread\">\n<p><a href=\"https:\/\/n1info.ba\/vijesti\/upucena-inicijativa-za-imenovanje-nebojse-vukanovica-za-ministra-sigurnosti-bih\/\"><span style=\"text-decoration: underline;\"><strong>N1<\/strong><\/span><\/a> je imao uvid u navedeni dokument, a istu informaciju je potvrdio i Sa\u0161a Magazinovi\u0107, zastupnik Predstavni\u010dkog doma PS BiH navode\u0107i da je on zajedno sa kolegama potpisao akt prema predsjedavaju\u0107oj Vije\u0107a ministara Borjani Kri\u0161to kojim zvani\u010dno predla\u017eu da imenuje Neboj\u0161u Vukanovi\u0107a za ministra sigurnosti.<\/p>\n<p>\u201cPred njom je propisani rok od 8 dana. O\u010digledno da je gosp. Selak na vrijeme prepoznao da su se poigrali njegovim imenom i kandidaturom za koju ne postoji podr\u0161ka, te je istu povukao. Vukanovi\u0107 ima parlamentarnu podr\u0161ku da bude imenovan. O\u010dekujemo da HDZ poka\u017ee da razumije ozbiljnost trenutka, te da brzo odreaguje kako bi Vije\u0107e ministara BiH bilo kompletirano, a ministarstvo sigurnosti dobilo ministra. Politi\u010dka i sigurnosna situacija u zemlji ne dozvoljava odugovla\u010denje procesa\u201d, naveo je Magazinovi\u0107.<\/p>\n<p>Navedenu Inicijativu su potpisati Mira Peki\u0107, Sa\u0161a Magazinovi\u0107, Jasmin Emri\u0107, Sabina \u0106udi\u0107 i Nihad Omerovi\u0107, a rije\u010d je o \u0161efovima klubova u Predstavni\u010dkom domu.<\/p>\n<p>Va\u017eno je ista\u0107i i to da kada ga i ako predlo\u017ei Vije\u0107e ministara BiH, Vukanovi\u0107 jo\u0161 mora biti potvr\u0111en u Predstavni\u010dkom domu PS BiH kao ministar sigurnosti BiH. Tako\u0111er, novi ministar ne\u0107e biti predmet rasprave na dr\u017eavnom Domu naroda.<\/p>\n<p>Danas ranije je Kri\u0161to poslala dopis u kojem je nadle\u017enu Komisiju obavijestila da se Goran Selak povukao iz daljnje procedure imenovanja za ministra sigurnosti BiH, a na koju ga je poziciju ona predlo\u017eila. Zbog toga je otkazana dana\u0161nja hitna sjednica Predstavni\u010dkog doma PSBiH koja je trebala biti odr\u017eana za potvrdu njegovog imenovanja.<\/p>\n<p>Ina\u010de je ranije bilo poznato da Selak ne\u0107e imati podr\u0161ku Predstavni\u010dkog doma PSBiH \u0161to su potvrdili brojni zastupnici, a isto tako su potvrdili i to da ve\u0107ina njih podr\u017eava Vukanovi\u0107a za ministra sigurnosti BiH.<\/p>\n<p>Podsje\u0107anja radi, nakon \u0161to je upra\u017enjeno mjesto ministra sigurnosti BiH zbog hap\u0161enja Nenada Ne\u0161i\u0107a tu funkciju je dosad obavljao i do imenovanja novog ministra obavljat \u0107e Ivica Bo\u0161njak, zamjenik ministra sigurnosti BiH, pi\u0161e N1.<\/p>\n<\/div>\n","protected":false},"excerpt":{"rendered":"<p>Grupa zastupnika iz Predstavni\u010dkog doma Parlamentarne skup\u0161tine Bosne i Hercegovine uputila je inicijativu predsjedavaju\u0107oj Vije\u0107a&hellip;<\/p>\n","protected":false},"author":2,"featured_media":190989,"comment_status":"closed","ping_status":"closed","sticky":false,"template":"","format":"standard","meta":{"_acf_changed":false,"footnotes":""},"categories":[291],"tags":[1341],"acf":[],"yoast_head":"<!-- This site is optimized with the Yoast SEO plugin v23.5 - https:\/\/yoast.com\/wordpress\/plugins\/seo\/ -->\n<title>Upu\u0107ena inicijativa za imenovanje Neboj\u0161e Vukanovi\u0107a za ministra sigurnosti BiH - TuzlaInfo.ba<\/title>\n<meta name=\"robots\" content=\"index, follow, max-snippet:-1, max-image-preview:large, max-video-preview:-1\" \/>\n<link rel=\"canonical\" href=\"https:\/\/tuzlainfo.ba\/index.php\/bosna-i-hercegovina\/item\/265386-upucena-inicijativa-za-imenovanje-nebojse-vukanovica-za-ministra-sigurnosti-bih\/\" \/>\n<meta property=\"og:locale\" content=\"bs_BA\" \/>\n<meta property=\"og:type\" content=\"article\" \/>\n<meta property=\"og:title\" content=\"Upu\u0107ena inicijativa za imenovanje Neboj\u0161e Vukanovi\u0107a za ministra sigurnosti BiH - TuzlaInfo.ba\" \/>\n<meta property=\"og:description\" content=\"Grupa zastupnika iz Predstavni\u010dkog doma Parlamentarne skup\u0161tine Bosne i Hercegovine uputila je inicijativu predsjedavaju\u0107oj Vije\u0107a&hellip;\" \/>\n<meta property=\"og:url\" content=\"https:\/\/tuzlainfo.ba\/index.php\/bosna-i-hercegovina\/item\/265386-upucena-inicijativa-za-imenovanje-nebojse-vukanovica-za-ministra-sigurnosti-bih\/\" \/>\n<meta property=\"og:site_name\" content=\"TuzlaInfo.ba\" \/>\n<meta property=\"article:publisher\" content=\"https:\/\/www.facebook.com\/tuzlainfo.ba\/\" \/>\n<meta property=\"article:published_time\" content=\"2025-03-18T12:11:40+00:00\" \/>\n<meta property=\"og:image\" content=\"https:\/\/tuzlainfo.ba\/wp-content\/uploads\/2022\/12\/0112_nebojsa_vukanovic.jpg\" \/>\n\t<meta property=\"og:image:width\" content=\"770\" \/>\n\t<meta property=\"og:image:height\" content=\"513\" \/>\n\t<meta property=\"og:image:type\" content=\"image\/jpeg\" \/>\n<meta name=\"author\" content=\"nedim\" \/>\n<meta name=\"twitter:card\" content=\"summary_large_image\" \/>\n<meta name=\"twitter:label1\" content=\"Written by\" \/>\n\t<meta name=\"twitter:data1\" content=\"nedim\" \/>\n\t<meta name=\"twitter:label2\" content=\"Est. reading time\" \/>\n\t<meta name=\"twitter:data2\" content=\"3 minute\" \/>\n<script type=\"application\/ld+json\" class=\"yoast-schema-graph\">{\"@context\":\"https:\/\/schema.org\",\"@graph\":[{\"@type\":\"Article\",\"@id\":\"https:\/\/tuzlainfo.ba\/index.php\/bosna-i-hercegovina\/item\/265386-upucena-inicijativa-za-imenovanje-nebojse-vukanovica-za-ministra-sigurnosti-bih\/#article\",\"isPartOf\":{\"@id\":\"https:\/\/tuzlainfo.ba\/index.php\/bosna-i-hercegovina\/item\/265386-upucena-inicijativa-za-imenovanje-nebojse-vukanovica-za-ministra-sigurnosti-bih\/\"},\"author\":{\"name\":\"nedim\",\"@id\":\"https:\/\/tuzlainfo.ba\/#\/schema\/person\/f434e20dc27ea133923aab08451b7f7f\"},\"headline\":\"Upu\u0107ena inicijativa za imenovanje Neboj\u0161e Vukanovi\u0107a za ministra sigurnosti BiH\",\"datePublished\":\"2025-03-18T12:11:40+00:00\",\"dateModified\":\"2025-03-18T12:11:40+00:00\",\"mainEntityOfPage\":{\"@id\":\"https:\/\/tuzlainfo.ba\/index.php\/bosna-i-hercegovina\/item\/265386-upucena-inicijativa-za-imenovanje-nebojse-vukanovica-za-ministra-sigurnosti-bih\/\"},\"wordCount\":399,\"publisher\":{\"@id\":\"https:\/\/tuzlainfo.ba\/#organization\"},\"image\":{\"@id\":\"https:\/\/tuzlainfo.ba\/index.php\/bosna-i-hercegovina\/item\/265386-upucena-inicijativa-za-imenovanje-nebojse-vukanovica-za-ministra-sigurnosti-bih\/#primaryimage\"},\"thumbnailUrl\":\"https:\/\/tuzlainfo.ba\/wp-content\/uploads\/2022\/12\/0112_nebojsa_vukanovic.jpg\",\"keywords\":[\"neboj\u0161a Vukanovi\u0107\"],\"articleSection\":[\"Bosna i Hercegovina\"],\"inLanguage\":\"bs-BA\"},{\"@type\":\"WebPage\",\"@id\":\"https:\/\/tuzlainfo.ba\/index.php\/bosna-i-hercegovina\/item\/265386-upucena-inicijativa-za-imenovanje-nebojse-vukanovica-za-ministra-sigurnosti-bih\/\",\"url\":\"https:\/\/tuzlainfo.ba\/index.php\/bosna-i-hercegovina\/item\/265386-upucena-inicijativa-za-imenovanje-nebojse-vukanovica-za-ministra-sigurnosti-bih\/\",\"name\":\"Upu\u0107ena inicijativa za imenovanje Neboj\u0161e Vukanovi\u0107a za ministra sigurnosti BiH - TuzlaInfo.ba\",\"isPartOf\":{\"@id\":\"https:\/\/tuzlainfo.ba\/#website\"},\"primaryImageOfPage\":{\"@id\":\"https:\/\/tuzlainfo.ba\/index.php\/bosna-i-hercegovina\/item\/265386-upucena-inicijativa-za-imenovanje-nebojse-vukanovica-za-ministra-sigurnosti-bih\/#primaryimage\"},\"image\":{\"@id\":\"https:\/\/tuzlainfo.ba\/index.php\/bosna-i-hercegovina\/item\/265386-upucena-inicijativa-za-imenovanje-nebojse-vukanovica-za-ministra-sigurnosti-bih\/#primaryimage\"},\"thumbnailUrl\":\"https:\/\/tuzlainfo.ba\/wp-content\/uploads\/2022\/12\/0112_nebojsa_vukanovic.jpg\",\"datePublished\":\"2025-03-18T12:11:40+00:00\",\"dateModified\":\"2025-03-18T12:11:40+00:00\",\"breadcrumb\":{\"@id\":\"https:\/\/tuzlainfo.ba\/index.php\/bosna-i-hercegovina\/item\/265386-upucena-inicijativa-za-imenovanje-nebojse-vukanovica-za-ministra-sigurnosti-bih\/#breadcrumb\"},\"inLanguage\":\"bs-BA\",\"potentialAction\":[{\"@type\":\"ReadAction\",\"target\":[\"https:\/\/tuzlainfo.ba\/index.php\/bosna-i-hercegovina\/item\/265386-upucena-inicijativa-za-imenovanje-nebojse-vukanovica-za-ministra-sigurnosti-bih\/\"]}]},{\"@type\":\"ImageObject\",\"inLanguage\":\"bs-BA\",\"@id\":\"https:\/\/tuzlainfo.ba\/index.php\/bosna-i-hercegovina\/item\/265386-upucena-inicijativa-za-imenovanje-nebojse-vukanovica-za-ministra-sigurnosti-bih\/#primaryimage\",\"url\":\"https:\/\/tuzlainfo.ba\/wp-content\/uploads\/2022\/12\/0112_nebojsa_vukanovic.jpg\",\"contentUrl\":\"https:\/\/tuzlainfo.ba\/wp-content\/uploads\/2022\/12\/0112_nebojsa_vukanovic.jpg\",\"width\":770,\"height\":513},{\"@type\":\"BreadcrumbList\",\"@id\":\"https:\/\/tuzlainfo.ba\/index.php\/bosna-i-hercegovina\/item\/265386-upucena-inicijativa-za-imenovanje-nebojse-vukanovica-za-ministra-sigurnosti-bih\/#breadcrumb\",\"itemListElement\":[{\"@type\":\"ListItem\",\"position\":1,\"name\":\"Home\",\"item\":\"https:\/\/tuzlainfo.ba\/\"},{\"@type\":\"ListItem\",\"position\":2,\"name\":\"Upu\u0107ena inicijativa za imenovanje Neboj\u0161e Vukanovi\u0107a za ministra sigurnosti BiH\"}]},{\"@type\":\"WebSite\",\"@id\":\"https:\/\/tuzlainfo.ba\/#website\",\"url\":\"https:\/\/tuzlainfo.ba\/\",\"name\":\"TuzlaInfo.ba\",\"description\":\"Tuzla info, gradski informator - Tuzla na dlanu\",\"publisher\":{\"@id\":\"https:\/\/tuzlainfo.ba\/#organization\"},\"potentialAction\":[{\"@type\":\"SearchAction\",\"target\":{\"@type\":\"EntryPoint\",\"urlTemplate\":\"https:\/\/tuzlainfo.ba\/?s={search_term_string}\"},\"query-input\":{\"@type\":\"PropertyValueSpecification\",\"valueRequired\":true,\"valueName\":\"search_term_string\"}}],\"inLanguage\":\"bs-BA\"},{\"@type\":\"Organization\",\"@id\":\"https:\/\/tuzlainfo.ba\/#organization\",\"name\":\"TuzlaInfo.ba\",\"url\":\"https:\/\/tuzlainfo.ba\/\",\"logo\":{\"@type\":\"ImageObject\",\"inLanguage\":\"bs-BA\",\"@id\":\"https:\/\/tuzlainfo.ba\/#\/schema\/logo\/image\/\",\"url\":\"https:\/\/tuzlainfo.ba\/wp-content\/uploads\/2021\/03\/logo-ver-3-1.png\",\"contentUrl\":\"https:\/\/tuzlainfo.ba\/wp-content\/uploads\/2021\/03\/logo-ver-3-1.png\",\"width\":350,\"height\":95,\"caption\":\"TuzlaInfo.ba\"},\"image\":{\"@id\":\"https:\/\/tuzlainfo.ba\/#\/schema\/logo\/image\/\"},\"sameAs\":[\"https:\/\/www.facebook.com\/tuzlainfo.ba\/\"]},{\"@type\":\"Person\",\"@id\":\"https:\/\/tuzlainfo.ba\/#\/schema\/person\/f434e20dc27ea133923aab08451b7f7f\",\"name\":\"nedim\",\"image\":{\"@type\":\"ImageObject\",\"inLanguage\":\"bs-BA\",\"@id\":\"https:\/\/tuzlainfo.ba\/#\/schema\/person\/image\/\",\"url\":\"https:\/\/tuzlainfo.ba\/wp-content\/litespeed\/avatar\/aabad687af24844af817603ac1cbdc4f.jpg?ver=1777306975\",\"contentUrl\":\"https:\/\/tuzlainfo.ba\/wp-content\/litespeed\/avatar\/aabad687af24844af817603ac1cbdc4f.jpg?ver=1777306975\",\"caption\":\"nedim\"},\"description\":\"Tuzlainfo.ba pratite na dru\u0161tvenim mre\u017eama: Facebook, Instagram i Youtube. Svoje pri\u010de, upite i fotografije \u0161aljite na na\u0161u e-mail adresu.\"}]}<\/script>\n<!-- \/ Yoast SEO plugin. -->","yoast_head_json":{"title":"Upu\u0107ena inicijativa za imenovanje Neboj\u0161e Vukanovi\u0107a za ministra sigurnosti BiH - TuzlaInfo.ba","robots":{"index":"index","follow":"follow","max-snippet":"max-snippet:-1","max-image-preview":"max-image-preview:large","max-video-preview":"max-video-preview:-1"},"canonical":"https:\/\/tuzlainfo.ba\/index.php\/bosna-i-hercegovina\/item\/265386-upucena-inicijativa-za-imenovanje-nebojse-vukanovica-za-ministra-sigurnosti-bih\/","og_locale":"bs_BA","og_type":"article","og_title":"Upu\u0107ena inicijativa za imenovanje Neboj\u0161e Vukanovi\u0107a za ministra sigurnosti BiH - TuzlaInfo.ba","og_description":"Grupa zastupnika iz Predstavni\u010dkog doma Parlamentarne skup\u0161tine Bosne i Hercegovine uputila je inicijativu predsjedavaju\u0107oj Vije\u0107a&hellip;","og_url":"https:\/\/tuzlainfo.ba\/index.php\/bosna-i-hercegovina\/item\/265386-upucena-inicijativa-za-imenovanje-nebojse-vukanovica-za-ministra-sigurnosti-bih\/","og_site_name":"TuzlaInfo.ba","article_publisher":"https:\/\/www.facebook.com\/tuzlainfo.ba\/","article_published_time":"2025-03-18T12:11:40+00:00","og_image":[{"width":770,"height":513,"url":"https:\/\/tuzlainfo.ba\/wp-content\/uploads\/2022\/12\/0112_nebojsa_vukanovic.jpg","type":"image\/jpeg"}],"author":"nedim","twitter_card":"summary_large_image","twitter_misc":{"Written by":"nedim","Est. reading time":"3 minute"},"schema":{"@context":"https:\/\/schema.org","@graph":[{"@type":"Article","@id":"https:\/\/tuzlainfo.ba\/index.php\/bosna-i-hercegovina\/item\/265386-upucena-inicijativa-za-imenovanje-nebojse-vukanovica-za-ministra-sigurnosti-bih\/#article","isPartOf":{"@id":"https:\/\/tuzlainfo.ba\/index.php\/bosna-i-hercegovina\/item\/265386-upucena-inicijativa-za-imenovanje-nebojse-vukanovica-za-ministra-sigurnosti-bih\/"},"author":{"name":"nedim","@id":"https:\/\/tuzlainfo.ba\/#\/schema\/person\/f434e20dc27ea133923aab08451b7f7f"},"headline":"Upu\u0107ena inicijativa za imenovanje Neboj\u0161e Vukanovi\u0107a za ministra sigurnosti BiH","datePublished":"2025-03-18T12:11:40+00:00","dateModified":"2025-03-18T12:11:40+00:00","mainEntityOfPage":{"@id":"https:\/\/tuzlainfo.ba\/index.php\/bosna-i-hercegovina\/item\/265386-upucena-inicijativa-za-imenovanje-nebojse-vukanovica-za-ministra-sigurnosti-bih\/"},"wordCount":399,"publisher":{"@id":"https:\/\/tuzlainfo.ba\/#organization"},"image":{"@id":"https:\/\/tuzlainfo.ba\/index.php\/bosna-i-hercegovina\/item\/265386-upucena-inicijativa-za-imenovanje-nebojse-vukanovica-za-ministra-sigurnosti-bih\/#primaryimage"},"thumbnailUrl":"https:\/\/tuzlainfo.ba\/wp-content\/uploads\/2022\/12\/0112_nebojsa_vukanovic.jpg","keywords":["neboj\u0161a Vukanovi\u0107"],"articleSection":["Bosna i Hercegovina"],"inLanguage":"bs-BA"},{"@type":"WebPage","@id":"https:\/\/tuzlainfo.ba\/index.php\/bosna-i-hercegovina\/item\/265386-upucena-inicijativa-za-imenovanje-nebojse-vukanovica-za-ministra-sigurnosti-bih\/","url":"https:\/\/tuzlainfo.ba\/index.php\/bosna-i-hercegovina\/item\/265386-upucena-inicijativa-za-imenovanje-nebojse-vukanovica-za-ministra-sigurnosti-bih\/","name":"Upu\u0107ena inicijativa za imenovanje Neboj\u0161e Vukanovi\u0107a za ministra sigurnosti BiH - TuzlaInfo.ba","isPartOf":{"@id":"https:\/\/tuzlainfo.ba\/#website"},"primaryImageOfPage":{"@id":"https:\/\/tuzlainfo.ba\/index.php\/bosna-i-hercegovina\/item\/265386-upucena-inicijativa-za-imenovanje-nebojse-vukanovica-za-ministra-sigurnosti-bih\/#primaryimage"},"image":{"@id":"https:\/\/tuzlainfo.ba\/index.php\/bosna-i-hercegovina\/item\/265386-upucena-inicijativa-za-imenovanje-nebojse-vukanovica-za-ministra-sigurnosti-bih\/#primaryimage"},"thumbnailUrl":"https:\/\/tuzlainfo.ba\/wp-content\/uploads\/2022\/12\/0112_nebojsa_vukanovic.jpg","datePublished":"2025-03-18T12:11:40+00:00","dateModified":"2025-03-18T12:11:40+00:00","breadcrumb":{"@id":"https:\/\/tuzlainfo.ba\/index.php\/bosna-i-hercegovina\/item\/265386-upucena-inicijativa-za-imenovanje-nebojse-vukanovica-za-ministra-sigurnosti-bih\/#breadcrumb"},"inLanguage":"bs-BA","potentialAction":[{"@type":"ReadAction","target":["https:\/\/tuzlainfo.ba\/index.php\/bosna-i-hercegovina\/item\/265386-upucena-inicijativa-za-imenovanje-nebojse-vukanovica-za-ministra-sigurnosti-bih\/"]}]},{"@type":"ImageObject","inLanguage":"bs-BA","@id":"https:\/\/tuzlainfo.ba\/index.php\/bosna-i-hercegovina\/item\/265386-upucena-inicijativa-za-imenovanje-nebojse-vukanovica-za-ministra-sigurnosti-bih\/#primaryimage","url":"https:\/\/tuzlainfo.ba\/wp-content\/uploads\/2022\/12\/0112_nebojsa_vukanovic.jpg","contentUrl":"https:\/\/tuzlainfo.ba\/wp-content\/uploads\/2022\/12\/0112_nebojsa_vukanovic.jpg","width":770,"height":513},{"@type":"BreadcrumbList","@id":"https:\/\/tuzlainfo.ba\/index.php\/bosna-i-hercegovina\/item\/265386-upucena-inicijativa-za-imenovanje-nebojse-vukanovica-za-ministra-sigurnosti-bih\/#breadcrumb","itemListElement":[{"@type":"ListItem","position":1,"name":"Home","item":"https:\/\/tuzlainfo.ba\/"},{"@type":"ListItem","position":2,"name":"Upu\u0107ena inicijativa za imenovanje Neboj\u0161e Vukanovi\u0107a za ministra sigurnosti BiH"}]},{"@type":"WebSite","@id":"https:\/\/tuzlainfo.ba\/#website","url":"https:\/\/tuzlainfo.ba\/","name":"TuzlaInfo.ba","description":"Tuzla info, gradski informator - Tuzla na dlanu","publisher":{"@id":"https:\/\/tuzlainfo.ba\/#organization"},"potentialAction":[{"@type":"SearchAction","target":{"@type":"EntryPoint","urlTemplate":"https:\/\/tuzlainfo.ba\/?s={search_term_string}"},"query-input":{"@type":"PropertyValueSpecification","valueRequired":true,"valueName":"search_term_string"}}],"inLanguage":"bs-BA"},{"@type":"Organization","@id":"https:\/\/tuzlainfo.ba\/#organization","name":"TuzlaInfo.ba","url":"https:\/\/tuzlainfo.ba\/","logo":{"@type":"ImageObject","inLanguage":"bs-BA","@id":"https:\/\/tuzlainfo.ba\/#\/schema\/logo\/image\/","url":"https:\/\/tuzlainfo.ba\/wp-content\/uploads\/2021\/03\/logo-ver-3-1.png","contentUrl":"https:\/\/tuzlainfo.ba\/wp-content\/uploads\/2021\/03\/logo-ver-3-1.png","width":350,"height":95,"caption":"TuzlaInfo.ba"},"image":{"@id":"https:\/\/tuzlainfo.ba\/#\/schema\/logo\/image\/"},"sameAs":["https:\/\/www.facebook.com\/tuzlainfo.ba\/"]},{"@type":"Person","@id":"https:\/\/tuzlainfo.ba\/#\/schema\/person\/f434e20dc27ea133923aab08451b7f7f","name":"nedim","image":{"@type":"ImageObject","inLanguage":"bs-BA","@id":"https:\/\/tuzlainfo.ba\/#\/schema\/person\/image\/","url":"https:\/\/tuzlainfo.ba\/wp-content\/litespeed\/avatar\/aabad687af24844af817603ac1cbdc4f.jpg?ver=1777306975","contentUrl":"https:\/\/tuzlainfo.ba\/wp-content\/litespeed\/avatar\/aabad687af24844af817603ac1cbdc4f.jpg?ver=1777306975","caption":"nedim"},"description":"Tuzlainfo.ba pratite na dru\u0161tvenim mre\u017eama: Facebook, Instagram i Youtube. Svoje pri\u010de, upite i fotografije \u0161aljite na na\u0161u e-mail adresu."}]}},"_links":{"self":[{"href":"https:\/\/tuzlainfo.ba\/index.php\/wp-json\/wp\/v2\/posts\/265386"}],"collection":[{"href":"https:\/\/tuzlainfo.ba\/index.php\/wp-json\/wp\/v2\/posts"}],"about":[{"href":"https:\/\/tuzlainfo.ba\/index.php\/wp-json\/wp\/v2\/types\/post"}],"author":[{"embeddable":true,"href":"https:\/\/tuzlainfo.ba\/index.php\/wp-json\/wp\/v2\/users\/2"}],"replies":[{"embeddable":true,"href":"https:\/\/tuzlainfo.ba\/index.php\/wp-json\/wp\/v2\/comments?post=265386"}],"version-history":[{"count":1,"href":"https:\/\/tuzlainfo.ba\/index.php\/wp-json\/wp\/v2\/posts\/265386\/revisions"}],"predecessor-version":[{"id":265387,"href":"https:\/\/tuzlainfo.ba\/index.php\/wp-json\/wp\/v2\/posts\/265386\/revisions\/265387"}],"wp:featuredmedia":[{"embeddable":true,"href":"https:\/\/tuzlainfo.ba\/index.php\/wp-json\/wp\/v2\/media\/190989"}],"wp:attachment":[{"href":"https:\/\/tuzlainfo.ba\/index.php\/wp-json\/wp\/v2\/media?parent=265386"}],"wp:term":[{"taxonomy":"category","embeddable":true,"href":"https:\/\/tuzlainfo.ba\/index.php\/wp-json\/wp\/v2\/categories?post=265386"},{"taxonomy":"post_tag","embeddable":true,"href":"https:\/\/tuzlainfo.ba\/index.php\/wp-json\/wp\/v2\/tags?post=265386"}],"curies":[{"name":"wp","href":"https:\/\/api.w.org\/{rel}","templated":true}]}}