{"id":265195,"date":"2025-03-16T18:05:28","date_gmt":"2025-03-16T17:05:28","guid":{"rendered":"https:\/\/tuzlainfo.ba\/?p=265195"},"modified":"2025-03-16T10:07:58","modified_gmt":"2025-03-16T09:07:58","slug":"koliko-je-u-prosloj-godini-zaradilo-najvece-osiguranje-u-bih","status":"publish","type":"post","link":"https:\/\/tuzlainfo.ba\/index.php\/bosna-i-hercegovina\/item\/265195-koliko-je-u-prosloj-godini-zaradilo-najvece-osiguranje-u-bih\/","title":{"rendered":"Koliko je u pro\u0161loj godini zaradilo najve\u0107e osiguranje u BiH?"},"content":{"rendered":"<p>Kompanija je pro\u0161le godine zna\u010dajno pove\u0107ala ukupne prihode i neto dobit<\/p>\n<p><strong>ASA Central osiguranje<\/strong>, kao trenutno najve\u0107e osiguranje u Bosni i Hercegovini, imalo je lani zara\u0111enu premiju od 96,8 miliona KM, u odnosu na 80,2 miliona godinu ranije, pi\u0161e<a href=\"https:\/\/www.biznisinfo.ba\/koliko-novca-je-lani-zaradilo-najvece-osiguranje-u-bih\/\">\u00a0<strong>BiznisInfo.ba.<\/strong><\/a><\/p>\n<p>Ukupna dobit, odnosno \u010dista zarada, porasla je na 5,87 miliona maraka (godinu ranije bila 4,78 miliona KM).<\/p>\n<p>Zara\u010dunata bruto premija je porasla sa 108,1 na 125,9 miliona maraka.<\/p>\n<p>Ukupni prihodi su bili 108,5 miliona KM (godinu ranije 91,8 miliona KM)\u00a0 a ukupni rashodi 101,9 miliona (godinu ranije 86,5 miliona KM)<\/p>\n","protected":false},"excerpt":{"rendered":"<p>Kompanija je pro\u0161le godine zna\u010dajno pove\u0107ala ukupne prihode i neto dobit ASA Central osiguranje, kao&hellip;<\/p>\n","protected":false},"author":4,"featured_media":82968,"comment_status":"closed","ping_status":"closed","sticky":false,"template":"","format":"standard","meta":{"_acf_changed":false,"footnotes":""},"categories":[291,304],"tags":[11993],"acf":[],"yoast_head":"<!-- This site is optimized with the Yoast SEO plugin v23.5 - https:\/\/yoast.com\/wordpress\/plugins\/seo\/ -->\n<title>Koliko je u pro\u0161loj godini zaradilo najve\u0107e osiguranje u BiH? - TuzlaInfo.ba<\/title>\n<meta name=\"robots\" content=\"index, follow, max-snippet:-1, max-image-preview:large, max-video-preview:-1\" \/>\n<link rel=\"canonical\" href=\"https:\/\/tuzlainfo.ba\/index.php\/bosna-i-hercegovina\/item\/265195-koliko-je-u-prosloj-godini-zaradilo-najvece-osiguranje-u-bih\/\" \/>\n<meta property=\"og:locale\" content=\"bs_BA\" \/>\n<meta property=\"og:type\" content=\"article\" \/>\n<meta property=\"og:title\" content=\"Koliko je u pro\u0161loj godini zaradilo najve\u0107e osiguranje u BiH? - TuzlaInfo.ba\" \/>\n<meta property=\"og:description\" content=\"Kompanija je pro\u0161le godine zna\u010dajno pove\u0107ala ukupne prihode i neto dobit ASA Central osiguranje, kao&hellip;\" \/>\n<meta property=\"og:url\" content=\"https:\/\/tuzlainfo.ba\/index.php\/bosna-i-hercegovina\/item\/265195-koliko-je-u-prosloj-godini-zaradilo-najvece-osiguranje-u-bih\/\" \/>\n<meta property=\"og:site_name\" content=\"TuzlaInfo.ba\" \/>\n<meta property=\"article:publisher\" content=\"https:\/\/www.facebook.com\/tuzlainfo.ba\/\" \/>\n<meta property=\"article:published_time\" content=\"2025-03-16T17:05:28+00:00\" \/>\n<meta property=\"article:modified_time\" content=\"2025-03-16T09:07:58+00:00\" \/>\n<meta property=\"og:image\" content=\"https:\/\/tuzlainfo.ba\/wp-content\/uploads\/2020\/09\/sadrzaj_2020_20200901_2809_racuni.jpg\" \/>\n\t<meta property=\"og:image:width\" content=\"770\" \/>\n\t<meta property=\"og:image:height\" content=\"474\" \/>\n\t<meta property=\"og:image:type\" content=\"image\/jpeg\" \/>\n<meta name=\"author\" content=\"Tuzla Info\" \/>\n<meta name=\"twitter:card\" content=\"summary_large_image\" \/>\n<meta name=\"twitter:label1\" content=\"Written by\" \/>\n\t<meta name=\"twitter:data1\" content=\"Tuzla Info\" \/>\n\t<meta name=\"twitter:label2\" content=\"Est. reading time\" \/>\n\t<meta name=\"twitter:data2\" content=\"1 minuta\" \/>\n<script type=\"application\/ld+json\" class=\"yoast-schema-graph\">{\"@context\":\"https:\/\/schema.org\",\"@graph\":[{\"@type\":\"Article\",\"@id\":\"https:\/\/tuzlainfo.ba\/index.php\/bosna-i-hercegovina\/item\/265195-koliko-je-u-prosloj-godini-zaradilo-najvece-osiguranje-u-bih\/#article\",\"isPartOf\":{\"@id\":\"https:\/\/tuzlainfo.ba\/index.php\/bosna-i-hercegovina\/item\/265195-koliko-je-u-prosloj-godini-zaradilo-najvece-osiguranje-u-bih\/\"},\"author\":{\"name\":\"Tuzla Info\",\"@id\":\"https:\/\/tuzlainfo.ba\/#\/schema\/person\/46cad4c57790cbc50781edd14870825a\"},\"headline\":\"Koliko je u pro\u0161loj godini zaradilo najve\u0107e osiguranje u BiH?\",\"datePublished\":\"2025-03-16T17:05:28+00:00\",\"dateModified\":\"2025-03-16T09:07:58+00:00\",\"mainEntityOfPage\":{\"@id\":\"https:\/\/tuzlainfo.ba\/index.php\/bosna-i-hercegovina\/item\/265195-koliko-je-u-prosloj-godini-zaradilo-najvece-osiguranje-u-bih\/\"},\"wordCount\":100,\"publisher\":{\"@id\":\"https:\/\/tuzlainfo.ba\/#organization\"},\"image\":{\"@id\":\"https:\/\/tuzlainfo.ba\/index.php\/bosna-i-hercegovina\/item\/265195-koliko-je-u-prosloj-godini-zaradilo-najvece-osiguranje-u-bih\/#primaryimage\"},\"thumbnailUrl\":\"https:\/\/tuzlainfo.ba\/wp-content\/uploads\/2020\/09\/sadrzaj_2020_20200901_2809_racuni.jpg\",\"keywords\":[\"asa osiguranje\"],\"articleSection\":[\"Bosna i Hercegovina\",\"Istaknuto\"],\"inLanguage\":\"bs-BA\"},{\"@type\":\"WebPage\",\"@id\":\"https:\/\/tuzlainfo.ba\/index.php\/bosna-i-hercegovina\/item\/265195-koliko-je-u-prosloj-godini-zaradilo-najvece-osiguranje-u-bih\/\",\"url\":\"https:\/\/tuzlainfo.ba\/index.php\/bosna-i-hercegovina\/item\/265195-koliko-je-u-prosloj-godini-zaradilo-najvece-osiguranje-u-bih\/\",\"name\":\"Koliko je u pro\u0161loj godini zaradilo najve\u0107e osiguranje u BiH? - TuzlaInfo.ba\",\"isPartOf\":{\"@id\":\"https:\/\/tuzlainfo.ba\/#website\"},\"primaryImageOfPage\":{\"@id\":\"https:\/\/tuzlainfo.ba\/index.php\/bosna-i-hercegovina\/item\/265195-koliko-je-u-prosloj-godini-zaradilo-najvece-osiguranje-u-bih\/#primaryimage\"},\"image\":{\"@id\":\"https:\/\/tuzlainfo.ba\/index.php\/bosna-i-hercegovina\/item\/265195-koliko-je-u-prosloj-godini-zaradilo-najvece-osiguranje-u-bih\/#primaryimage\"},\"thumbnailUrl\":\"https:\/\/tuzlainfo.ba\/wp-content\/uploads\/2020\/09\/sadrzaj_2020_20200901_2809_racuni.jpg\",\"datePublished\":\"2025-03-16T17:05:28+00:00\",\"dateModified\":\"2025-03-16T09:07:58+00:00\",\"breadcrumb\":{\"@id\":\"https:\/\/tuzlainfo.ba\/index.php\/bosna-i-hercegovina\/item\/265195-koliko-je-u-prosloj-godini-zaradilo-najvece-osiguranje-u-bih\/#breadcrumb\"},\"inLanguage\":\"bs-BA\",\"potentialAction\":[{\"@type\":\"ReadAction\",\"target\":[\"https:\/\/tuzlainfo.ba\/index.php\/bosna-i-hercegovina\/item\/265195-koliko-je-u-prosloj-godini-zaradilo-najvece-osiguranje-u-bih\/\"]}]},{\"@type\":\"ImageObject\",\"inLanguage\":\"bs-BA\",\"@id\":\"https:\/\/tuzlainfo.ba\/index.php\/bosna-i-hercegovina\/item\/265195-koliko-je-u-prosloj-godini-zaradilo-najvece-osiguranje-u-bih\/#primaryimage\",\"url\":\"https:\/\/tuzlainfo.ba\/wp-content\/uploads\/2020\/09\/sadrzaj_2020_20200901_2809_racuni.jpg\",\"contentUrl\":\"https:\/\/tuzlainfo.ba\/wp-content\/uploads\/2020\/09\/sadrzaj_2020_20200901_2809_racuni.jpg\",\"width\":770,\"height\":474,\"caption\":\"2809 racuni\"},{\"@type\":\"BreadcrumbList\",\"@id\":\"https:\/\/tuzlainfo.ba\/index.php\/bosna-i-hercegovina\/item\/265195-koliko-je-u-prosloj-godini-zaradilo-najvece-osiguranje-u-bih\/#breadcrumb\",\"itemListElement\":[{\"@type\":\"ListItem\",\"position\":1,\"name\":\"Home\",\"item\":\"https:\/\/tuzlainfo.ba\/\"},{\"@type\":\"ListItem\",\"position\":2,\"name\":\"Koliko je u pro\u0161loj godini zaradilo najve\u0107e osiguranje u BiH?\"}]},{\"@type\":\"WebSite\",\"@id\":\"https:\/\/tuzlainfo.ba\/#website\",\"url\":\"https:\/\/tuzlainfo.ba\/\",\"name\":\"TuzlaInfo.ba\",\"description\":\"Tuzla info, gradski informator - Tuzla na dlanu\",\"publisher\":{\"@id\":\"https:\/\/tuzlainfo.ba\/#organization\"},\"potentialAction\":[{\"@type\":\"SearchAction\",\"target\":{\"@type\":\"EntryPoint\",\"urlTemplate\":\"https:\/\/tuzlainfo.ba\/?s={search_term_string}\"},\"query-input\":{\"@type\":\"PropertyValueSpecification\",\"valueRequired\":true,\"valueName\":\"search_term_string\"}}],\"inLanguage\":\"bs-BA\"},{\"@type\":\"Organization\",\"@id\":\"https:\/\/tuzlainfo.ba\/#organization\",\"name\":\"TuzlaInfo.ba\",\"url\":\"https:\/\/tuzlainfo.ba\/\",\"logo\":{\"@type\":\"ImageObject\",\"inLanguage\":\"bs-BA\",\"@id\":\"https:\/\/tuzlainfo.ba\/#\/schema\/logo\/image\/\",\"url\":\"https:\/\/tuzlainfo.ba\/wp-content\/uploads\/2021\/03\/logo-ver-3-1.png\",\"contentUrl\":\"https:\/\/tuzlainfo.ba\/wp-content\/uploads\/2021\/03\/logo-ver-3-1.png\",\"width\":350,\"height\":95,\"caption\":\"TuzlaInfo.ba\"},\"image\":{\"@id\":\"https:\/\/tuzlainfo.ba\/#\/schema\/logo\/image\/\"},\"sameAs\":[\"https:\/\/www.facebook.com\/tuzlainfo.ba\/\"]},{\"@type\":\"Person\",\"@id\":\"https:\/\/tuzlainfo.ba\/#\/schema\/person\/46cad4c57790cbc50781edd14870825a\",\"name\":\"Tuzla Info\",\"image\":{\"@type\":\"ImageObject\",\"inLanguage\":\"bs-BA\",\"@id\":\"https:\/\/tuzlainfo.ba\/#\/schema\/person\/image\/\",\"url\":\"https:\/\/tuzlainfo.ba\/wp-content\/litespeed\/avatar\/b6c453a6c38e3654f2e4416c643fc25c.jpg?ver=1777656712\",\"contentUrl\":\"https:\/\/tuzlainfo.ba\/wp-content\/litespeed\/avatar\/b6c453a6c38e3654f2e4416c643fc25c.jpg?ver=1777656712\",\"caption\":\"Tuzla Info\"}}]}<\/script>\n<!-- \/ Yoast SEO plugin. -->","yoast_head_json":{"title":"Koliko je u pro\u0161loj godini zaradilo najve\u0107e osiguranje u BiH? - TuzlaInfo.ba","robots":{"index":"index","follow":"follow","max-snippet":"max-snippet:-1","max-image-preview":"max-image-preview:large","max-video-preview":"max-video-preview:-1"},"canonical":"https:\/\/tuzlainfo.ba\/index.php\/bosna-i-hercegovina\/item\/265195-koliko-je-u-prosloj-godini-zaradilo-najvece-osiguranje-u-bih\/","og_locale":"bs_BA","og_type":"article","og_title":"Koliko je u pro\u0161loj godini zaradilo najve\u0107e osiguranje u BiH? - TuzlaInfo.ba","og_description":"Kompanija je pro\u0161le godine zna\u010dajno pove\u0107ala ukupne prihode i neto dobit ASA Central osiguranje, kao&hellip;","og_url":"https:\/\/tuzlainfo.ba\/index.php\/bosna-i-hercegovina\/item\/265195-koliko-je-u-prosloj-godini-zaradilo-najvece-osiguranje-u-bih\/","og_site_name":"TuzlaInfo.ba","article_publisher":"https:\/\/www.facebook.com\/tuzlainfo.ba\/","article_published_time":"2025-03-16T17:05:28+00:00","article_modified_time":"2025-03-16T09:07:58+00:00","og_image":[{"width":770,"height":474,"url":"https:\/\/tuzlainfo.ba\/wp-content\/uploads\/2020\/09\/sadrzaj_2020_20200901_2809_racuni.jpg","type":"image\/jpeg"}],"author":"Tuzla Info","twitter_card":"summary_large_image","twitter_misc":{"Written by":"Tuzla Info","Est. reading time":"1 minuta"},"schema":{"@context":"https:\/\/schema.org","@graph":[{"@type":"Article","@id":"https:\/\/tuzlainfo.ba\/index.php\/bosna-i-hercegovina\/item\/265195-koliko-je-u-prosloj-godini-zaradilo-najvece-osiguranje-u-bih\/#article","isPartOf":{"@id":"https:\/\/tuzlainfo.ba\/index.php\/bosna-i-hercegovina\/item\/265195-koliko-je-u-prosloj-godini-zaradilo-najvece-osiguranje-u-bih\/"},"author":{"name":"Tuzla Info","@id":"https:\/\/tuzlainfo.ba\/#\/schema\/person\/46cad4c57790cbc50781edd14870825a"},"headline":"Koliko je u pro\u0161loj godini zaradilo najve\u0107e osiguranje u BiH?","datePublished":"2025-03-16T17:05:28+00:00","dateModified":"2025-03-16T09:07:58+00:00","mainEntityOfPage":{"@id":"https:\/\/tuzlainfo.ba\/index.php\/bosna-i-hercegovina\/item\/265195-koliko-je-u-prosloj-godini-zaradilo-najvece-osiguranje-u-bih\/"},"wordCount":100,"publisher":{"@id":"https:\/\/tuzlainfo.ba\/#organization"},"image":{"@id":"https:\/\/tuzlainfo.ba\/index.php\/bosna-i-hercegovina\/item\/265195-koliko-je-u-prosloj-godini-zaradilo-najvece-osiguranje-u-bih\/#primaryimage"},"thumbnailUrl":"https:\/\/tuzlainfo.ba\/wp-content\/uploads\/2020\/09\/sadrzaj_2020_20200901_2809_racuni.jpg","keywords":["asa osiguranje"],"articleSection":["Bosna i Hercegovina","Istaknuto"],"inLanguage":"bs-BA"},{"@type":"WebPage","@id":"https:\/\/tuzlainfo.ba\/index.php\/bosna-i-hercegovina\/item\/265195-koliko-je-u-prosloj-godini-zaradilo-najvece-osiguranje-u-bih\/","url":"https:\/\/tuzlainfo.ba\/index.php\/bosna-i-hercegovina\/item\/265195-koliko-je-u-prosloj-godini-zaradilo-najvece-osiguranje-u-bih\/","name":"Koliko je u pro\u0161loj godini zaradilo najve\u0107e osiguranje u BiH? - TuzlaInfo.ba","isPartOf":{"@id":"https:\/\/tuzlainfo.ba\/#website"},"primaryImageOfPage":{"@id":"https:\/\/tuzlainfo.ba\/index.php\/bosna-i-hercegovina\/item\/265195-koliko-je-u-prosloj-godini-zaradilo-najvece-osiguranje-u-bih\/#primaryimage"},"image":{"@id":"https:\/\/tuzlainfo.ba\/index.php\/bosna-i-hercegovina\/item\/265195-koliko-je-u-prosloj-godini-zaradilo-najvece-osiguranje-u-bih\/#primaryimage"},"thumbnailUrl":"https:\/\/tuzlainfo.ba\/wp-content\/uploads\/2020\/09\/sadrzaj_2020_20200901_2809_racuni.jpg","datePublished":"2025-03-16T17:05:28+00:00","dateModified":"2025-03-16T09:07:58+00:00","breadcrumb":{"@id":"https:\/\/tuzlainfo.ba\/index.php\/bosna-i-hercegovina\/item\/265195-koliko-je-u-prosloj-godini-zaradilo-najvece-osiguranje-u-bih\/#breadcrumb"},"inLanguage":"bs-BA","potentialAction":[{"@type":"ReadAction","target":["https:\/\/tuzlainfo.ba\/index.php\/bosna-i-hercegovina\/item\/265195-koliko-je-u-prosloj-godini-zaradilo-najvece-osiguranje-u-bih\/"]}]},{"@type":"ImageObject","inLanguage":"bs-BA","@id":"https:\/\/tuzlainfo.ba\/index.php\/bosna-i-hercegovina\/item\/265195-koliko-je-u-prosloj-godini-zaradilo-najvece-osiguranje-u-bih\/#primaryimage","url":"https:\/\/tuzlainfo.ba\/wp-content\/uploads\/2020\/09\/sadrzaj_2020_20200901_2809_racuni.jpg","contentUrl":"https:\/\/tuzlainfo.ba\/wp-content\/uploads\/2020\/09\/sadrzaj_2020_20200901_2809_racuni.jpg","width":770,"height":474,"caption":"2809 racuni"},{"@type":"BreadcrumbList","@id":"https:\/\/tuzlainfo.ba\/index.php\/bosna-i-hercegovina\/item\/265195-koliko-je-u-prosloj-godini-zaradilo-najvece-osiguranje-u-bih\/#breadcrumb","itemListElement":[{"@type":"ListItem","position":1,"name":"Home","item":"https:\/\/tuzlainfo.ba\/"},{"@type":"ListItem","position":2,"name":"Koliko je u pro\u0161loj godini zaradilo najve\u0107e osiguranje u BiH?"}]},{"@type":"WebSite","@id":"https:\/\/tuzlainfo.ba\/#website","url":"https:\/\/tuzlainfo.ba\/","name":"TuzlaInfo.ba","description":"Tuzla info, gradski informator - Tuzla na dlanu","publisher":{"@id":"https:\/\/tuzlainfo.ba\/#organization"},"potentialAction":[{"@type":"SearchAction","target":{"@type":"EntryPoint","urlTemplate":"https:\/\/tuzlainfo.ba\/?s={search_term_string}"},"query-input":{"@type":"PropertyValueSpecification","valueRequired":true,"valueName":"search_term_string"}}],"inLanguage":"bs-BA"},{"@type":"Organization","@id":"https:\/\/tuzlainfo.ba\/#organization","name":"TuzlaInfo.ba","url":"https:\/\/tuzlainfo.ba\/","logo":{"@type":"ImageObject","inLanguage":"bs-BA","@id":"https:\/\/tuzlainfo.ba\/#\/schema\/logo\/image\/","url":"https:\/\/tuzlainfo.ba\/wp-content\/uploads\/2021\/03\/logo-ver-3-1.png","contentUrl":"https:\/\/tuzlainfo.ba\/wp-content\/uploads\/2021\/03\/logo-ver-3-1.png","width":350,"height":95,"caption":"TuzlaInfo.ba"},"image":{"@id":"https:\/\/tuzlainfo.ba\/#\/schema\/logo\/image\/"},"sameAs":["https:\/\/www.facebook.com\/tuzlainfo.ba\/"]},{"@type":"Person","@id":"https:\/\/tuzlainfo.ba\/#\/schema\/person\/46cad4c57790cbc50781edd14870825a","name":"Tuzla Info","image":{"@type":"ImageObject","inLanguage":"bs-BA","@id":"https:\/\/tuzlainfo.ba\/#\/schema\/person\/image\/","url":"https:\/\/tuzlainfo.ba\/wp-content\/litespeed\/avatar\/b6c453a6c38e3654f2e4416c643fc25c.jpg?ver=1777656712","contentUrl":"https:\/\/tuzlainfo.ba\/wp-content\/litespeed\/avatar\/b6c453a6c38e3654f2e4416c643fc25c.jpg?ver=1777656712","caption":"Tuzla Info"}}]}},"_links":{"self":[{"href":"https:\/\/tuzlainfo.ba\/index.php\/wp-json\/wp\/v2\/posts\/265195"}],"collection":[{"href":"https:\/\/tuzlainfo.ba\/index.php\/wp-json\/wp\/v2\/posts"}],"about":[{"href":"https:\/\/tuzlainfo.ba\/index.php\/wp-json\/wp\/v2\/types\/post"}],"author":[{"embeddable":true,"href":"https:\/\/tuzlainfo.ba\/index.php\/wp-json\/wp\/v2\/users\/4"}],"replies":[{"embeddable":true,"href":"https:\/\/tuzlainfo.ba\/index.php\/wp-json\/wp\/v2\/comments?post=265195"}],"version-history":[{"count":1,"href":"https:\/\/tuzlainfo.ba\/index.php\/wp-json\/wp\/v2\/posts\/265195\/revisions"}],"predecessor-version":[{"id":265196,"href":"https:\/\/tuzlainfo.ba\/index.php\/wp-json\/wp\/v2\/posts\/265195\/revisions\/265196"}],"wp:featuredmedia":[{"embeddable":true,"href":"https:\/\/tuzlainfo.ba\/index.php\/wp-json\/wp\/v2\/media\/82968"}],"wp:attachment":[{"href":"https:\/\/tuzlainfo.ba\/index.php\/wp-json\/wp\/v2\/media?parent=265195"}],"wp:term":[{"taxonomy":"category","embeddable":true,"href":"https:\/\/tuzlainfo.ba\/index.php\/wp-json\/wp\/v2\/categories?post=265195"},{"taxonomy":"post_tag","embeddable":true,"href":"https:\/\/tuzlainfo.ba\/index.php\/wp-json\/wp\/v2\/tags?post=265195"}],"curies":[{"name":"wp","href":"https:\/\/api.w.org\/{rel}","templated":true}]}}